{"id":3287,"date":"2015-05-29T00:00:00","date_gmt":"2015-05-29T16:17:07","guid":{"rendered":"http:\/\/psol50.org.br\/arquivo\/2015\/05\/29\/por-iniciativa-do-psol-partidos-vao-ao-stf-contra-financiamento-empresarial\/"},"modified":"2015-05-29T00:00:00","modified_gmt":"2015-05-29T16:17:07","slug":"por-iniciativa-do-psol-partidos-vao-ao-stf-contra-financiamento-empresarial","status":"publish","type":"post","link":"https:\/\/psol50.org.br\/por-iniciativa-do-psol-partidos-vao-ao-stf-contra-financiamento-empresarial\/","title":{"rendered":"Por iniciativa do PSOL, partidos v\u00e3o ao STF contra financiamento empresarial"},"content":{"rendered":"<p style=\"text-align: justify;\">\n\t<span style=\"font-family:arial,helvetica,sans-serif;\"><span style=\"font-size: 12px;\">Deputados do PSOL, PT, PCdoB, PPS, PSB e PROS v\u00e3o recorrer ao Supremo Tribunal Federal (STF) para anular a vota\u00e7\u00e3o que mant\u00e9m o financiamento privado de partidos.<\/p>\n<p>\t\u201cH\u00e1 problemas de m\u00e9todo da vota\u00e7\u00e3o, al\u00e9m do m\u00e9rito da quest\u00e3o\u201d, afirma o l\u00edder do PSOL, deputado Chico Alencar.<\/p>\n<p>\tCerca de 60 deputados assinaram procura\u00e7\u00e3o para dar entrada ao mandato de seguran\u00e7a para anular a vota\u00e7\u00e3o em que foram aprovadas as doa\u00e7\u00f5es de empresas para partidos pol\u00edticos, na \u00faltima quarta-feira (27). Na ter\u00e7a (26), o financiamento empresarial j\u00e1 havia sido rejeitado no plen\u00e1rio.<\/p>\n<p>\t<strong>Atua\u00e7\u00e3o do PSOL<\/strong><br \/>\n\tA iniciativa de dar entrada com o mandato de seguran\u00e7a no STF partiu do pr\u00f3prio PSOL. O deputado Jean Wyllys explica que ontem (28), um dia depois da famigerada manobra de Eduardo Cunha (PMDB-RJ), presidente da C\u00e2mara, o professor Cl\u00e1udio Pereira de Souza Neto, secret\u00e1rio-geral da OAB, <a href=\"http:\/\/jeanwyllys1.enviodecampanhas.net\/registra_clique.php?id=H%7C744386%7C214824%7C72588&amp;url=http%3A%2F%2Fgoo.gl%2Fehh9SQ\" target=\"_blank\" rel=\"noopener\">publicou um artigo desmembrando e explicando cada uma das ilegalidades cometidas na vota\u00e7\u00e3o do dia anterior na tal &#8220;emenda aglutinativa&#8221;<\/a>. O professor tamb\u00e9m explicou que essas ilegalidades dariam lastro \u00e0 contesta\u00e7\u00e3o daquela vota\u00e7\u00e3o via mandado de seguran\u00e7a no STF, um rem\u00e9dio constitucional para garantir que direitos inquestion\u00e1veis n\u00e3o sejam violados.<\/p>\n<p>\tTamb\u00e9m inconformado, um dos membros do mandato de Jean Wyllys, Lucas Mour\u00e3o, segundos depois de ler o referido artigo, entrou em contato com o professor Cl\u00e1udio Neto e colocou todo o PSOL \u00e0 disposi\u00e7\u00e3o para assinar o mandado de seguran\u00e7a e intensificar a luta contra o financiamento empresarial de partidos.<\/p>\n<p>\tO professor topou imediatamente e pediu a ajuda da bancada do partido para articular o recolhimento de assinaturas de outros parlamentares que tamb\u00e9m se insurgem contra o golpe do presidente da C\u00e2mara. \u201cEntre muitas liga\u00e7\u00f5es, articula\u00e7\u00e3o, correria e conversas no Plen\u00e1rio e fora dele, 63 deputados, de 6 partidos diferentes, assinaram a procura\u00e7\u00e3o para enfrentar essa batalha\u201d, informa o deputado do PSOL-RJ.<\/span><\/span><\/p>\n<p>&nbsp;<br \/>\n&nbsp;<\/p>\n","protected":false},"excerpt":{"rendered":"<p>Deputados do PSOL, PT, PCdoB, PPS, PSB e PROS v\u00e3o recorrer ao Supremo Tribunal Federal (STF) para anular a vota\u00e7\u00e3o que mant\u00e9m o financiamento privado de partidos. \u201cH\u00e1 problemas de m\u00e9todo da vota\u00e7\u00e3o, al\u00e9m do m\u00e9rito da quest\u00e3o\u201d, afirma o l\u00edder do PSOL, deputado Chico Alencar. Cerca de 60 deputados assinaram procura\u00e7\u00e3o para dar entrada [&hellip;]<\/p>\n","protected":false},"author":2,"featured_media":0,"comment_status":"open","ping_status":"open","sticky":false,"template":"","format":"standard","meta":{"_acf_changed":false,"footnotes":""},"categories":[6],"tags":[22],"class_list":{"0":"post-3287","1":"post","2":"type-post","3":"status-publish","4":"format-standard","6":"category-noticias","7":"tag-psol"},"acf":[],"yoast_head":"<!-- This site is optimized with the Yoast SEO plugin v26.5 - https:\/\/yoast.com\/wordpress\/plugins\/seo\/ -->\n<title>Por iniciativa do PSOL, partidos v\u00e3o ao STF contra financiamento empresarial - PSOL 50<\/title>\n<meta name=\"robots\" content=\"index, follow, max-snippet:-1, max-image-preview:large, max-video-preview:-1\" \/>\n<link rel=\"canonical\" href=\"https:\/\/psol50.org.br\/por-iniciativa-do-psol-partidos-vao-ao-stf-contra-financiamento-empresarial\/\" \/>\n<meta property=\"og:locale\" content=\"pt_BR\" \/>\n<meta property=\"og:type\" content=\"article\" \/>\n<meta property=\"og:title\" content=\"Por iniciativa do PSOL, partidos v\u00e3o ao STF contra financiamento empresarial - PSOL 50\" \/>\n<meta property=\"og:description\" content=\"Deputados do PSOL, PT, PCdoB, PPS, PSB e PROS v\u00e3o recorrer ao Supremo Tribunal Federal (STF) para anular a vota\u00e7\u00e3o que mant\u00e9m o financiamento privado de partidos. \u201cH\u00e1 problemas de m\u00e9todo da vota\u00e7\u00e3o, al\u00e9m do m\u00e9rito da quest\u00e3o\u201d, afirma o l\u00edder do PSOL, deputado Chico Alencar. Cerca de 60 deputados assinaram procura\u00e7\u00e3o para dar entrada [&hellip;]\" \/>\n<meta property=\"og:url\" content=\"https:\/\/psol50.org.br\/por-iniciativa-do-psol-partidos-vao-ao-stf-contra-financiamento-empresarial\/\" \/>\n<meta property=\"og:site_name\" content=\"PSOL 50\" \/>\n<meta property=\"article:publisher\" content=\"https:\/\/www.facebook.com\/psol50\" \/>\n<meta property=\"article:published_time\" content=\"2015-05-29T16:17:07+00:00\" \/>\n<meta property=\"og:image\" content=\"https:\/\/psol50.org.br\/inc\/uploads\/2018\/07\/capa.png\" \/>\n\t<meta property=\"og:image:width\" content=\"1350\" \/>\n\t<meta property=\"og:image:height\" content=\"900\" \/>\n\t<meta property=\"og:image:type\" content=\"image\/png\" \/>\n<meta name=\"author\" content=\"Comunica\u00e7\u00e3o PSOL\" \/>\n<meta name=\"twitter:card\" content=\"summary_large_image\" \/>\n<meta name=\"twitter:creator\" content=\"@psol50\" \/>\n<meta name=\"twitter:site\" content=\"@psol50\" \/>\n<meta name=\"twitter:label1\" content=\"Escrito por\" \/>\n\t<meta name=\"twitter:data1\" content=\"Comunica\u00e7\u00e3o PSOL\" \/>\n\t<meta name=\"twitter:label2\" content=\"Est. tempo de leitura\" \/>\n\t<meta name=\"twitter:data2\" content=\"2 minutos\" \/>\n<script type=\"application\/ld+json\" class=\"yoast-schema-graph\">{\"@context\":\"https:\/\/schema.org\",\"@graph\":[{\"@type\":\"Article\",\"@id\":\"https:\/\/psol50.org.br\/por-iniciativa-do-psol-partidos-vao-ao-stf-contra-financiamento-empresarial\/#article\",\"isPartOf\":{\"@id\":\"https:\/\/psol50.org.br\/por-iniciativa-do-psol-partidos-vao-ao-stf-contra-financiamento-empresarial\/\"},\"author\":{\"name\":\"Comunica\u00e7\u00e3o PSOL\",\"@id\":\"https:\/\/psol50.org.br\/#\/schema\/person\/475dfa57d0b815993c714c2e96491fcd\"},\"headline\":\"Por iniciativa do PSOL, partidos v\u00e3o ao STF contra financiamento empresarial\",\"datePublished\":\"2015-05-29T16:17:07+00:00\",\"mainEntityOfPage\":{\"@id\":\"https:\/\/psol50.org.br\/por-iniciativa-do-psol-partidos-vao-ao-stf-contra-financiamento-empresarial\/\"},\"wordCount\":349,\"commentCount\":0,\"publisher\":{\"@id\":\"https:\/\/psol50.org.br\/#organization\"},\"keywords\":[\"PSOL\"],\"articleSection\":[\"Not\u00edcias\"],\"inLanguage\":\"pt-BR\",\"potentialAction\":[{\"@type\":\"CommentAction\",\"name\":\"Comment\",\"target\":[\"https:\/\/psol50.org.br\/por-iniciativa-do-psol-partidos-vao-ao-stf-contra-financiamento-empresarial\/#respond\"]}]},{\"@type\":\"WebPage\",\"@id\":\"https:\/\/psol50.org.br\/por-iniciativa-do-psol-partidos-vao-ao-stf-contra-financiamento-empresarial\/\",\"url\":\"https:\/\/psol50.org.br\/por-iniciativa-do-psol-partidos-vao-ao-stf-contra-financiamento-empresarial\/\",\"name\":\"Por iniciativa do PSOL, partidos v\u00e3o ao STF contra financiamento empresarial - PSOL 50\",\"isPartOf\":{\"@id\":\"https:\/\/psol50.org.br\/#website\"},\"datePublished\":\"2015-05-29T16:17:07+00:00\",\"breadcrumb\":{\"@id\":\"https:\/\/psol50.org.br\/por-iniciativa-do-psol-partidos-vao-ao-stf-contra-financiamento-empresarial\/#breadcrumb\"},\"inLanguage\":\"pt-BR\",\"potentialAction\":[{\"@type\":\"ReadAction\",\"target\":[\"https:\/\/psol50.org.br\/por-iniciativa-do-psol-partidos-vao-ao-stf-contra-financiamento-empresarial\/\"]}]},{\"@type\":\"BreadcrumbList\",\"@id\":\"https:\/\/psol50.org.br\/por-iniciativa-do-psol-partidos-vao-ao-stf-contra-financiamento-empresarial\/#breadcrumb\",\"itemListElement\":[{\"@type\":\"ListItem\",\"position\":1,\"name\":\"In\u00edcio\",\"item\":\"https:\/\/psol50.org.br\/\"},{\"@type\":\"ListItem\",\"position\":2,\"name\":\"Por iniciativa do PSOL, partidos v\u00e3o ao STF contra financiamento empresarial\"}]},{\"@type\":\"WebSite\",\"@id\":\"https:\/\/psol50.org.br\/#website\",\"url\":\"https:\/\/psol50.org.br\/\",\"name\":\"PSOL 50\",\"description\":\"Site oficial do Partido Socialismo e Liberdade\",\"publisher\":{\"@id\":\"https:\/\/psol50.org.br\/#organization\"},\"alternateName\":\"PSOL50\",\"potentialAction\":[{\"@type\":\"SearchAction\",\"target\":{\"@type\":\"EntryPoint\",\"urlTemplate\":\"https:\/\/psol50.org.br\/?s={search_term_string}\"},\"query-input\":{\"@type\":\"PropertyValueSpecification\",\"valueRequired\":true,\"valueName\":\"search_term_string\"}}],\"inLanguage\":\"pt-BR\"},{\"@type\":\"Organization\",\"@id\":\"https:\/\/psol50.org.br\/#organization\",\"name\":\"PSOL 50\",\"alternateName\":\"PSOL 50\",\"url\":\"https:\/\/psol50.org.br\/\",\"logo\":{\"@type\":\"ImageObject\",\"inLanguage\":\"pt-BR\",\"@id\":\"https:\/\/psol50.org.br\/#\/schema\/logo\/image\/\",\"url\":\"https:\/\/psol50.org.br\/inc\/uploads\/2018\/07\/capa.png\",\"contentUrl\":\"https:\/\/psol50.org.br\/inc\/uploads\/2018\/07\/capa.png\",\"width\":1350,\"height\":900,\"caption\":\"PSOL 50\"},\"image\":{\"@id\":\"https:\/\/psol50.org.br\/#\/schema\/logo\/image\/\"},\"sameAs\":[\"https:\/\/www.facebook.com\/psol50\",\"https:\/\/x.com\/psol50\",\"https:\/\/www.instagram.com\/psol50\/\",\"https:\/\/www.youtube.com\/channel\/UC7SnJS5o1os7a6CaiNabzcg\"]},{\"@type\":\"Person\",\"@id\":\"https:\/\/psol50.org.br\/#\/schema\/person\/475dfa57d0b815993c714c2e96491fcd\",\"name\":\"Comunica\u00e7\u00e3o PSOL\",\"image\":{\"@type\":\"ImageObject\",\"inLanguage\":\"pt-BR\",\"@id\":\"https:\/\/psol50.org.br\/#\/schema\/person\/image\/\",\"url\":\"https:\/\/secure.gravatar.com\/avatar\/b34fc4f4e468a4e51785917065a3db57b841f5c95dba6ad8c73aaf8f66f8f9bf?s=96&d=mm&r=g\",\"contentUrl\":\"https:\/\/secure.gravatar.com\/avatar\/b34fc4f4e468a4e51785917065a3db57b841f5c95dba6ad8c73aaf8f66f8f9bf?s=96&d=mm&r=g\",\"caption\":\"Comunica\u00e7\u00e3o PSOL\"}}]}<\/script>\n<!-- \/ Yoast SEO plugin. -->","yoast_head_json":{"title":"Por iniciativa do PSOL, partidos v\u00e3o ao STF contra financiamento empresarial - PSOL 50","robots":{"index":"index","follow":"follow","max-snippet":"max-snippet:-1","max-image-preview":"max-image-preview:large","max-video-preview":"max-video-preview:-1"},"canonical":"https:\/\/psol50.org.br\/por-iniciativa-do-psol-partidos-vao-ao-stf-contra-financiamento-empresarial\/","og_locale":"pt_BR","og_type":"article","og_title":"Por iniciativa do PSOL, partidos v\u00e3o ao STF contra financiamento empresarial - PSOL 50","og_description":"Deputados do PSOL, PT, PCdoB, PPS, PSB e PROS v\u00e3o recorrer ao Supremo Tribunal Federal (STF) para anular a vota\u00e7\u00e3o que mant\u00e9m o financiamento privado de partidos. \u201cH\u00e1 problemas de m\u00e9todo da vota\u00e7\u00e3o, al\u00e9m do m\u00e9rito da quest\u00e3o\u201d, afirma o l\u00edder do PSOL, deputado Chico Alencar. Cerca de 60 deputados assinaram procura\u00e7\u00e3o para dar entrada [&hellip;]","og_url":"https:\/\/psol50.org.br\/por-iniciativa-do-psol-partidos-vao-ao-stf-contra-financiamento-empresarial\/","og_site_name":"PSOL 50","article_publisher":"https:\/\/www.facebook.com\/psol50","article_published_time":"2015-05-29T16:17:07+00:00","og_image":[{"width":1350,"height":900,"url":"https:\/\/psol50.org.br\/inc\/uploads\/2018\/07\/capa.png","type":"image\/png"}],"author":"Comunica\u00e7\u00e3o PSOL","twitter_card":"summary_large_image","twitter_creator":"@psol50","twitter_site":"@psol50","twitter_misc":{"Escrito por":"Comunica\u00e7\u00e3o PSOL","Est. tempo de leitura":"2 minutos"},"schema":{"@context":"https:\/\/schema.org","@graph":[{"@type":"Article","@id":"https:\/\/psol50.org.br\/por-iniciativa-do-psol-partidos-vao-ao-stf-contra-financiamento-empresarial\/#article","isPartOf":{"@id":"https:\/\/psol50.org.br\/por-iniciativa-do-psol-partidos-vao-ao-stf-contra-financiamento-empresarial\/"},"author":{"name":"Comunica\u00e7\u00e3o PSOL","@id":"https:\/\/psol50.org.br\/#\/schema\/person\/475dfa57d0b815993c714c2e96491fcd"},"headline":"Por iniciativa do PSOL, partidos v\u00e3o ao STF contra financiamento empresarial","datePublished":"2015-05-29T16:17:07+00:00","mainEntityOfPage":{"@id":"https:\/\/psol50.org.br\/por-iniciativa-do-psol-partidos-vao-ao-stf-contra-financiamento-empresarial\/"},"wordCount":349,"commentCount":0,"publisher":{"@id":"https:\/\/psol50.org.br\/#organization"},"keywords":["PSOL"],"articleSection":["Not\u00edcias"],"inLanguage":"pt-BR","potentialAction":[{"@type":"CommentAction","name":"Comment","target":["https:\/\/psol50.org.br\/por-iniciativa-do-psol-partidos-vao-ao-stf-contra-financiamento-empresarial\/#respond"]}]},{"@type":"WebPage","@id":"https:\/\/psol50.org.br\/por-iniciativa-do-psol-partidos-vao-ao-stf-contra-financiamento-empresarial\/","url":"https:\/\/psol50.org.br\/por-iniciativa-do-psol-partidos-vao-ao-stf-contra-financiamento-empresarial\/","name":"Por iniciativa do PSOL, partidos v\u00e3o ao STF contra financiamento empresarial - PSOL 50","isPartOf":{"@id":"https:\/\/psol50.org.br\/#website"},"datePublished":"2015-05-29T16:17:07+00:00","breadcrumb":{"@id":"https:\/\/psol50.org.br\/por-iniciativa-do-psol-partidos-vao-ao-stf-contra-financiamento-empresarial\/#breadcrumb"},"inLanguage":"pt-BR","potentialAction":[{"@type":"ReadAction","target":["https:\/\/psol50.org.br\/por-iniciativa-do-psol-partidos-vao-ao-stf-contra-financiamento-empresarial\/"]}]},{"@type":"BreadcrumbList","@id":"https:\/\/psol50.org.br\/por-iniciativa-do-psol-partidos-vao-ao-stf-contra-financiamento-empresarial\/#breadcrumb","itemListElement":[{"@type":"ListItem","position":1,"name":"In\u00edcio","item":"https:\/\/psol50.org.br\/"},{"@type":"ListItem","position":2,"name":"Por iniciativa do PSOL, partidos v\u00e3o ao STF contra financiamento empresarial"}]},{"@type":"WebSite","@id":"https:\/\/psol50.org.br\/#website","url":"https:\/\/psol50.org.br\/","name":"PSOL 50","description":"Site oficial do Partido Socialismo e Liberdade","publisher":{"@id":"https:\/\/psol50.org.br\/#organization"},"alternateName":"PSOL50","potentialAction":[{"@type":"SearchAction","target":{"@type":"EntryPoint","urlTemplate":"https:\/\/psol50.org.br\/?s={search_term_string}"},"query-input":{"@type":"PropertyValueSpecification","valueRequired":true,"valueName":"search_term_string"}}],"inLanguage":"pt-BR"},{"@type":"Organization","@id":"https:\/\/psol50.org.br\/#organization","name":"PSOL 50","alternateName":"PSOL 50","url":"https:\/\/psol50.org.br\/","logo":{"@type":"ImageObject","inLanguage":"pt-BR","@id":"https:\/\/psol50.org.br\/#\/schema\/logo\/image\/","url":"https:\/\/psol50.org.br\/inc\/uploads\/2018\/07\/capa.png","contentUrl":"https:\/\/psol50.org.br\/inc\/uploads\/2018\/07\/capa.png","width":1350,"height":900,"caption":"PSOL 50"},"image":{"@id":"https:\/\/psol50.org.br\/#\/schema\/logo\/image\/"},"sameAs":["https:\/\/www.facebook.com\/psol50","https:\/\/x.com\/psol50","https:\/\/www.instagram.com\/psol50\/","https:\/\/www.youtube.com\/channel\/UC7SnJS5o1os7a6CaiNabzcg"]},{"@type":"Person","@id":"https:\/\/psol50.org.br\/#\/schema\/person\/475dfa57d0b815993c714c2e96491fcd","name":"Comunica\u00e7\u00e3o PSOL","image":{"@type":"ImageObject","inLanguage":"pt-BR","@id":"https:\/\/psol50.org.br\/#\/schema\/person\/image\/","url":"https:\/\/secure.gravatar.com\/avatar\/b34fc4f4e468a4e51785917065a3db57b841f5c95dba6ad8c73aaf8f66f8f9bf?s=96&d=mm&r=g","contentUrl":"https:\/\/secure.gravatar.com\/avatar\/b34fc4f4e468a4e51785917065a3db57b841f5c95dba6ad8c73aaf8f66f8f9bf?s=96&d=mm&r=g","caption":"Comunica\u00e7\u00e3o PSOL"}}]}},"_links":{"self":[{"href":"https:\/\/psol50.org.br\/rest\/wp\/v2\/posts\/3287","targetHints":{"allow":["GET"]}}],"collection":[{"href":"https:\/\/psol50.org.br\/rest\/wp\/v2\/posts"}],"about":[{"href":"https:\/\/psol50.org.br\/rest\/wp\/v2\/types\/post"}],"author":[{"embeddable":true,"href":"https:\/\/psol50.org.br\/rest\/wp\/v2\/users\/2"}],"replies":[{"embeddable":true,"href":"https:\/\/psol50.org.br\/rest\/wp\/v2\/comments?post=3287"}],"version-history":[{"count":0,"href":"https:\/\/psol50.org.br\/rest\/wp\/v2\/posts\/3287\/revisions"}],"wp:attachment":[{"href":"https:\/\/psol50.org.br\/rest\/wp\/v2\/media?parent=3287"}],"wp:term":[{"taxonomy":"category","embeddable":true,"href":"https:\/\/psol50.org.br\/rest\/wp\/v2\/categories?post=3287"},{"taxonomy":"post_tag","embeddable":true,"href":"https:\/\/psol50.org.br\/rest\/wp\/v2\/tags?post=3287"}],"curies":[{"name":"wp","href":"https:\/\/api.w.org\/{rel}","templated":true}]}}