{"id":3292,"date":"2015-06-03T00:00:00","date_gmt":"2015-06-03T18:11:56","guid":{"rendered":"http:\/\/psol50.org.br\/arquivo\/2015\/06\/03\/segundo-estudo-prisao-de-negros-foi-uma-vez-e-meia-maior-que-a-de-brancos-em-2012\/"},"modified":"2015-06-03T00:00:00","modified_gmt":"2015-06-03T18:11:56","slug":"segundo-estudo-prisao-de-negros-foi-uma-vez-e-meia-maior-que-a-de-brancos-em-2012","status":"publish","type":"post","link":"https:\/\/psol50.org.br\/segundo-estudo-prisao-de-negros-foi-uma-vez-e-meia-maior-que-a-de-brancos-em-2012\/","title":{"rendered":"Segundo estudo, pris\u00e3o de negros foi uma vez e meia maior que a de brancos em 2012"},"content":{"rendered":"<p style=\"text-align: justify;\">\n\t<span style=\"font-family:arial,helvetica,sans-serif;\"><span style=\"font-size: 12px;\">Em 2012, negros foram presos uma vez e meia a mais do que brancos. Naquele ano, para cada grupo de 100 mil habitantes brancos havia 191 brancos encarcerados, enquanto que para cada grupo de 100 mil habitantes negros havia 292 presos.<\/p>\n<p>\tOs dados est\u00e3o no estudo <em>Mapa do Encarceramento: os Jovens do Brasil<\/em>, divulgado hoje (3) pela Secretaria-Geral da Presid\u00eancia da Rep\u00fablica. O levantamento foi feito pela pesquisadora Jacqueline Sinhoretto com base nos dados Sistema Integrado de Informa\u00e7\u00f5es Penitenci\u00e1rias (InfoPen), do Minist\u00e9rio da Justi\u00e7a.<\/p>\n<p>\t\u201cO perfil da popula\u00e7\u00e3o carcer\u00e1ria deixa evidente que a seletividade penal recai sobre segmentos espec\u00edficos (jovens e negros), privilegiando delitos econ\u00f4micos de pequena monta. A faixa et\u00e1ria que mais foi presa \u00e9 a de 18 a 24 anos\u201d, aponta o estudo.<\/p>\n<p>\tA varia\u00e7\u00e3o da taxa de encarceramento de negros no pa\u00eds foi de 32% entre 2007 e 2012. J\u00e1 a varia\u00e7\u00e3o do encarceramento de brancos foi de 26% no mesmo per\u00edodo. O estado do Acre foi o que apresentou maior aumento de presidi\u00e1rios negros, 175%. Enquanto no Amap\u00e1, houve redu\u00e7\u00e3o de 23%.<\/p>\n<p>\tOs estados com as maiores taxas de presos negros sobre a popula\u00e7\u00e3o, em 2012, s\u00e3o, respectivamente, S\u00e3o Paulo, Mato Grosso do Sul, Santa Catarina, Esp\u00edrito Santo e Acre, de acordo com o estudo.<\/p>\n<p>\tA popula\u00e7\u00e3o prisional no Brasil \u00e9 predominantemente jovem \u2013 at\u00e9 29 anos \u2013, embora a porcentagem de n\u00e3o jovens \u2013 maiores de 30 anos \u2013 encarcerados tenha crescido nos \u00faltimos anos. Em 2005, 96.288 presos tinham menos de 29 anos (61%) e 61.954 tinham mais de 30 anos (39%). Passados sete anos, em 2012, 266.356 presos tinham at\u00e9 29 anos (54,8%) e 214.037 mais de 30 anos (44%).<\/p>\n<p>\tAlagoas e Esp\u00edrito Santo tiveram crescimento de 132% da taxa de popula\u00e7\u00e3o encarcerada jovem entre 2005 e 2012, enquanto na Para\u00edba e em Roraima houve redu\u00e7\u00e3o de 11%.<\/p>\n<p>\tLeia mais sobre o estuado: <a href=\"http:\/\/agenciabrasil.ebc.com.br\/geral\/noticia\/2015-06\/negros-foram-presos-15-vezes-mais-que-brancos-em-2012-embargo-4a-feira\">Popula\u00e7\u00e3o carcer\u00e1ria do Brasil cresce 74% em sete anos<\/a><\/span><\/span><\/p>\n<p>&nbsp;<\/p>\n","protected":false},"excerpt":{"rendered":"<p>Em 2012, negros foram presos uma vez e meia a mais do que brancos. Naquele ano, para cada grupo de 100 mil habitantes brancos havia 191 brancos encarcerados, enquanto que para cada grupo de 100 mil habitantes negros havia 292 presos. Os dados est\u00e3o no estudo Mapa do Encarceramento: os Jovens do Brasil, divulgado hoje [&hellip;]<\/p>\n","protected":false},"author":2,"featured_media":0,"comment_status":"open","ping_status":"open","sticky":false,"template":"","format":"standard","meta":{"_acf_changed":false,"footnotes":""},"categories":[6],"tags":[],"class_list":{"0":"post-3292","1":"post","2":"type-post","3":"status-publish","4":"format-standard","6":"category-noticias"},"acf":[],"yoast_head":"<!-- This site is optimized with the Yoast SEO plugin v26.5 - https:\/\/yoast.com\/wordpress\/plugins\/seo\/ -->\n<title>Segundo estudo, pris\u00e3o de negros foi uma vez e meia maior que a de brancos em 2012 - PSOL 50<\/title>\n<meta name=\"robots\" content=\"index, follow, max-snippet:-1, max-image-preview:large, max-video-preview:-1\" \/>\n<link rel=\"canonical\" href=\"https:\/\/psol50.org.br\/segundo-estudo-prisao-de-negros-foi-uma-vez-e-meia-maior-que-a-de-brancos-em-2012\/\" \/>\n<meta property=\"og:locale\" content=\"pt_BR\" \/>\n<meta property=\"og:type\" content=\"article\" \/>\n<meta property=\"og:title\" content=\"Segundo estudo, pris\u00e3o de negros foi uma vez e meia maior que a de brancos em 2012 - PSOL 50\" \/>\n<meta property=\"og:description\" content=\"Em 2012, negros foram presos uma vez e meia a mais do que brancos. Naquele ano, para cada grupo de 100 mil habitantes brancos havia 191 brancos encarcerados, enquanto que para cada grupo de 100 mil habitantes negros havia 292 presos. Os dados est\u00e3o no estudo Mapa do Encarceramento: os Jovens do Brasil, divulgado hoje [&hellip;]\" \/>\n<meta property=\"og:url\" content=\"https:\/\/psol50.org.br\/segundo-estudo-prisao-de-negros-foi-uma-vez-e-meia-maior-que-a-de-brancos-em-2012\/\" \/>\n<meta property=\"og:site_name\" content=\"PSOL 50\" \/>\n<meta property=\"article:publisher\" content=\"https:\/\/www.facebook.com\/psol50\" \/>\n<meta property=\"article:published_time\" content=\"2015-06-03T18:11:56+00:00\" \/>\n<meta property=\"og:image\" content=\"https:\/\/psol50.org.br\/inc\/uploads\/2018\/07\/capa.png\" \/>\n\t<meta property=\"og:image:width\" content=\"1350\" \/>\n\t<meta property=\"og:image:height\" content=\"900\" \/>\n\t<meta property=\"og:image:type\" content=\"image\/png\" \/>\n<meta name=\"author\" content=\"Comunica\u00e7\u00e3o PSOL\" \/>\n<meta name=\"twitter:card\" content=\"summary_large_image\" \/>\n<meta name=\"twitter:creator\" content=\"@psol50\" \/>\n<meta name=\"twitter:site\" content=\"@psol50\" \/>\n<meta name=\"twitter:label1\" content=\"Escrito por\" \/>\n\t<meta name=\"twitter:data1\" content=\"Comunica\u00e7\u00e3o PSOL\" \/>\n\t<meta name=\"twitter:label2\" content=\"Est. tempo de leitura\" \/>\n\t<meta name=\"twitter:data2\" content=\"2 minutos\" \/>\n<script type=\"application\/ld+json\" class=\"yoast-schema-graph\">{\"@context\":\"https:\/\/schema.org\",\"@graph\":[{\"@type\":\"Article\",\"@id\":\"https:\/\/psol50.org.br\/segundo-estudo-prisao-de-negros-foi-uma-vez-e-meia-maior-que-a-de-brancos-em-2012\/#article\",\"isPartOf\":{\"@id\":\"https:\/\/psol50.org.br\/segundo-estudo-prisao-de-negros-foi-uma-vez-e-meia-maior-que-a-de-brancos-em-2012\/\"},\"author\":{\"name\":\"Comunica\u00e7\u00e3o PSOL\",\"@id\":\"https:\/\/psol50.org.br\/#\/schema\/person\/475dfa57d0b815993c714c2e96491fcd\"},\"headline\":\"Segundo estudo, pris\u00e3o de negros foi uma vez e meia maior que a de brancos em 2012\",\"datePublished\":\"2015-06-03T18:11:56+00:00\",\"mainEntityOfPage\":{\"@id\":\"https:\/\/psol50.org.br\/segundo-estudo-prisao-de-negros-foi-uma-vez-e-meia-maior-que-a-de-brancos-em-2012\/\"},\"wordCount\":325,\"commentCount\":0,\"publisher\":{\"@id\":\"https:\/\/psol50.org.br\/#organization\"},\"articleSection\":[\"Not\u00edcias\"],\"inLanguage\":\"pt-BR\",\"potentialAction\":[{\"@type\":\"CommentAction\",\"name\":\"Comment\",\"target\":[\"https:\/\/psol50.org.br\/segundo-estudo-prisao-de-negros-foi-uma-vez-e-meia-maior-que-a-de-brancos-em-2012\/#respond\"]}]},{\"@type\":\"WebPage\",\"@id\":\"https:\/\/psol50.org.br\/segundo-estudo-prisao-de-negros-foi-uma-vez-e-meia-maior-que-a-de-brancos-em-2012\/\",\"url\":\"https:\/\/psol50.org.br\/segundo-estudo-prisao-de-negros-foi-uma-vez-e-meia-maior-que-a-de-brancos-em-2012\/\",\"name\":\"Segundo estudo, pris\u00e3o de negros foi uma vez e meia maior que a de brancos em 2012 - PSOL 50\",\"isPartOf\":{\"@id\":\"https:\/\/psol50.org.br\/#website\"},\"datePublished\":\"2015-06-03T18:11:56+00:00\",\"breadcrumb\":{\"@id\":\"https:\/\/psol50.org.br\/segundo-estudo-prisao-de-negros-foi-uma-vez-e-meia-maior-que-a-de-brancos-em-2012\/#breadcrumb\"},\"inLanguage\":\"pt-BR\",\"potentialAction\":[{\"@type\":\"ReadAction\",\"target\":[\"https:\/\/psol50.org.br\/segundo-estudo-prisao-de-negros-foi-uma-vez-e-meia-maior-que-a-de-brancos-em-2012\/\"]}]},{\"@type\":\"BreadcrumbList\",\"@id\":\"https:\/\/psol50.org.br\/segundo-estudo-prisao-de-negros-foi-uma-vez-e-meia-maior-que-a-de-brancos-em-2012\/#breadcrumb\",\"itemListElement\":[{\"@type\":\"ListItem\",\"position\":1,\"name\":\"In\u00edcio\",\"item\":\"https:\/\/psol50.org.br\/\"},{\"@type\":\"ListItem\",\"position\":2,\"name\":\"Segundo estudo, pris\u00e3o de negros foi uma vez e meia maior que a de brancos em 2012\"}]},{\"@type\":\"WebSite\",\"@id\":\"https:\/\/psol50.org.br\/#website\",\"url\":\"https:\/\/psol50.org.br\/\",\"name\":\"PSOL 50\",\"description\":\"Site oficial do Partido Socialismo e Liberdade\",\"publisher\":{\"@id\":\"https:\/\/psol50.org.br\/#organization\"},\"alternateName\":\"PSOL50\",\"potentialAction\":[{\"@type\":\"SearchAction\",\"target\":{\"@type\":\"EntryPoint\",\"urlTemplate\":\"https:\/\/psol50.org.br\/?s={search_term_string}\"},\"query-input\":{\"@type\":\"PropertyValueSpecification\",\"valueRequired\":true,\"valueName\":\"search_term_string\"}}],\"inLanguage\":\"pt-BR\"},{\"@type\":\"Organization\",\"@id\":\"https:\/\/psol50.org.br\/#organization\",\"name\":\"PSOL 50\",\"alternateName\":\"PSOL 50\",\"url\":\"https:\/\/psol50.org.br\/\",\"logo\":{\"@type\":\"ImageObject\",\"inLanguage\":\"pt-BR\",\"@id\":\"https:\/\/psol50.org.br\/#\/schema\/logo\/image\/\",\"url\":\"https:\/\/psol50.org.br\/inc\/uploads\/2018\/07\/capa.png\",\"contentUrl\":\"https:\/\/psol50.org.br\/inc\/uploads\/2018\/07\/capa.png\",\"width\":1350,\"height\":900,\"caption\":\"PSOL 50\"},\"image\":{\"@id\":\"https:\/\/psol50.org.br\/#\/schema\/logo\/image\/\"},\"sameAs\":[\"https:\/\/www.facebook.com\/psol50\",\"https:\/\/x.com\/psol50\",\"https:\/\/www.instagram.com\/psol50\/\",\"https:\/\/www.youtube.com\/channel\/UC7SnJS5o1os7a6CaiNabzcg\"]},{\"@type\":\"Person\",\"@id\":\"https:\/\/psol50.org.br\/#\/schema\/person\/475dfa57d0b815993c714c2e96491fcd\",\"name\":\"Comunica\u00e7\u00e3o PSOL\",\"image\":{\"@type\":\"ImageObject\",\"inLanguage\":\"pt-BR\",\"@id\":\"https:\/\/psol50.org.br\/#\/schema\/person\/image\/\",\"url\":\"https:\/\/secure.gravatar.com\/avatar\/b34fc4f4e468a4e51785917065a3db57b841f5c95dba6ad8c73aaf8f66f8f9bf?s=96&d=mm&r=g\",\"contentUrl\":\"https:\/\/secure.gravatar.com\/avatar\/b34fc4f4e468a4e51785917065a3db57b841f5c95dba6ad8c73aaf8f66f8f9bf?s=96&d=mm&r=g\",\"caption\":\"Comunica\u00e7\u00e3o PSOL\"}}]}<\/script>\n<!-- \/ Yoast SEO plugin. -->","yoast_head_json":{"title":"Segundo estudo, pris\u00e3o de negros foi uma vez e meia maior que a de brancos em 2012 - PSOL 50","robots":{"index":"index","follow":"follow","max-snippet":"max-snippet:-1","max-image-preview":"max-image-preview:large","max-video-preview":"max-video-preview:-1"},"canonical":"https:\/\/psol50.org.br\/segundo-estudo-prisao-de-negros-foi-uma-vez-e-meia-maior-que-a-de-brancos-em-2012\/","og_locale":"pt_BR","og_type":"article","og_title":"Segundo estudo, pris\u00e3o de negros foi uma vez e meia maior que a de brancos em 2012 - PSOL 50","og_description":"Em 2012, negros foram presos uma vez e meia a mais do que brancos. Naquele ano, para cada grupo de 100 mil habitantes brancos havia 191 brancos encarcerados, enquanto que para cada grupo de 100 mil habitantes negros havia 292 presos. Os dados est\u00e3o no estudo Mapa do Encarceramento: os Jovens do Brasil, divulgado hoje [&hellip;]","og_url":"https:\/\/psol50.org.br\/segundo-estudo-prisao-de-negros-foi-uma-vez-e-meia-maior-que-a-de-brancos-em-2012\/","og_site_name":"PSOL 50","article_publisher":"https:\/\/www.facebook.com\/psol50","article_published_time":"2015-06-03T18:11:56+00:00","og_image":[{"width":1350,"height":900,"url":"https:\/\/psol50.org.br\/inc\/uploads\/2018\/07\/capa.png","type":"image\/png"}],"author":"Comunica\u00e7\u00e3o PSOL","twitter_card":"summary_large_image","twitter_creator":"@psol50","twitter_site":"@psol50","twitter_misc":{"Escrito por":"Comunica\u00e7\u00e3o PSOL","Est. tempo de leitura":"2 minutos"},"schema":{"@context":"https:\/\/schema.org","@graph":[{"@type":"Article","@id":"https:\/\/psol50.org.br\/segundo-estudo-prisao-de-negros-foi-uma-vez-e-meia-maior-que-a-de-brancos-em-2012\/#article","isPartOf":{"@id":"https:\/\/psol50.org.br\/segundo-estudo-prisao-de-negros-foi-uma-vez-e-meia-maior-que-a-de-brancos-em-2012\/"},"author":{"name":"Comunica\u00e7\u00e3o PSOL","@id":"https:\/\/psol50.org.br\/#\/schema\/person\/475dfa57d0b815993c714c2e96491fcd"},"headline":"Segundo estudo, pris\u00e3o de negros foi uma vez e meia maior que a de brancos em 2012","datePublished":"2015-06-03T18:11:56+00:00","mainEntityOfPage":{"@id":"https:\/\/psol50.org.br\/segundo-estudo-prisao-de-negros-foi-uma-vez-e-meia-maior-que-a-de-brancos-em-2012\/"},"wordCount":325,"commentCount":0,"publisher":{"@id":"https:\/\/psol50.org.br\/#organization"},"articleSection":["Not\u00edcias"],"inLanguage":"pt-BR","potentialAction":[{"@type":"CommentAction","name":"Comment","target":["https:\/\/psol50.org.br\/segundo-estudo-prisao-de-negros-foi-uma-vez-e-meia-maior-que-a-de-brancos-em-2012\/#respond"]}]},{"@type":"WebPage","@id":"https:\/\/psol50.org.br\/segundo-estudo-prisao-de-negros-foi-uma-vez-e-meia-maior-que-a-de-brancos-em-2012\/","url":"https:\/\/psol50.org.br\/segundo-estudo-prisao-de-negros-foi-uma-vez-e-meia-maior-que-a-de-brancos-em-2012\/","name":"Segundo estudo, pris\u00e3o de negros foi uma vez e meia maior que a de brancos em 2012 - PSOL 50","isPartOf":{"@id":"https:\/\/psol50.org.br\/#website"},"datePublished":"2015-06-03T18:11:56+00:00","breadcrumb":{"@id":"https:\/\/psol50.org.br\/segundo-estudo-prisao-de-negros-foi-uma-vez-e-meia-maior-que-a-de-brancos-em-2012\/#breadcrumb"},"inLanguage":"pt-BR","potentialAction":[{"@type":"ReadAction","target":["https:\/\/psol50.org.br\/segundo-estudo-prisao-de-negros-foi-uma-vez-e-meia-maior-que-a-de-brancos-em-2012\/"]}]},{"@type":"BreadcrumbList","@id":"https:\/\/psol50.org.br\/segundo-estudo-prisao-de-negros-foi-uma-vez-e-meia-maior-que-a-de-brancos-em-2012\/#breadcrumb","itemListElement":[{"@type":"ListItem","position":1,"name":"In\u00edcio","item":"https:\/\/psol50.org.br\/"},{"@type":"ListItem","position":2,"name":"Segundo estudo, pris\u00e3o de negros foi uma vez e meia maior que a de brancos em 2012"}]},{"@type":"WebSite","@id":"https:\/\/psol50.org.br\/#website","url":"https:\/\/psol50.org.br\/","name":"PSOL 50","description":"Site oficial do Partido Socialismo e Liberdade","publisher":{"@id":"https:\/\/psol50.org.br\/#organization"},"alternateName":"PSOL50","potentialAction":[{"@type":"SearchAction","target":{"@type":"EntryPoint","urlTemplate":"https:\/\/psol50.org.br\/?s={search_term_string}"},"query-input":{"@type":"PropertyValueSpecification","valueRequired":true,"valueName":"search_term_string"}}],"inLanguage":"pt-BR"},{"@type":"Organization","@id":"https:\/\/psol50.org.br\/#organization","name":"PSOL 50","alternateName":"PSOL 50","url":"https:\/\/psol50.org.br\/","logo":{"@type":"ImageObject","inLanguage":"pt-BR","@id":"https:\/\/psol50.org.br\/#\/schema\/logo\/image\/","url":"https:\/\/psol50.org.br\/inc\/uploads\/2018\/07\/capa.png","contentUrl":"https:\/\/psol50.org.br\/inc\/uploads\/2018\/07\/capa.png","width":1350,"height":900,"caption":"PSOL 50"},"image":{"@id":"https:\/\/psol50.org.br\/#\/schema\/logo\/image\/"},"sameAs":["https:\/\/www.facebook.com\/psol50","https:\/\/x.com\/psol50","https:\/\/www.instagram.com\/psol50\/","https:\/\/www.youtube.com\/channel\/UC7SnJS5o1os7a6CaiNabzcg"]},{"@type":"Person","@id":"https:\/\/psol50.org.br\/#\/schema\/person\/475dfa57d0b815993c714c2e96491fcd","name":"Comunica\u00e7\u00e3o PSOL","image":{"@type":"ImageObject","inLanguage":"pt-BR","@id":"https:\/\/psol50.org.br\/#\/schema\/person\/image\/","url":"https:\/\/secure.gravatar.com\/avatar\/b34fc4f4e468a4e51785917065a3db57b841f5c95dba6ad8c73aaf8f66f8f9bf?s=96&d=mm&r=g","contentUrl":"https:\/\/secure.gravatar.com\/avatar\/b34fc4f4e468a4e51785917065a3db57b841f5c95dba6ad8c73aaf8f66f8f9bf?s=96&d=mm&r=g","caption":"Comunica\u00e7\u00e3o PSOL"}}]}},"_links":{"self":[{"href":"https:\/\/psol50.org.br\/rest\/wp\/v2\/posts\/3292","targetHints":{"allow":["GET"]}}],"collection":[{"href":"https:\/\/psol50.org.br\/rest\/wp\/v2\/posts"}],"about":[{"href":"https:\/\/psol50.org.br\/rest\/wp\/v2\/types\/post"}],"author":[{"embeddable":true,"href":"https:\/\/psol50.org.br\/rest\/wp\/v2\/users\/2"}],"replies":[{"embeddable":true,"href":"https:\/\/psol50.org.br\/rest\/wp\/v2\/comments?post=3292"}],"version-history":[{"count":0,"href":"https:\/\/psol50.org.br\/rest\/wp\/v2\/posts\/3292\/revisions"}],"wp:attachment":[{"href":"https:\/\/psol50.org.br\/rest\/wp\/v2\/media?parent=3292"}],"wp:term":[{"taxonomy":"category","embeddable":true,"href":"https:\/\/psol50.org.br\/rest\/wp\/v2\/categories?post=3292"},{"taxonomy":"post_tag","embeddable":true,"href":"https:\/\/psol50.org.br\/rest\/wp\/v2\/tags?post=3292"}],"curies":[{"name":"wp","href":"https:\/\/api.w.org\/{rel}","templated":true}]}}