{"id":3293,"date":"2015-06-03T00:00:00","date_gmt":"2015-06-03T18:45:45","guid":{"rendered":"http:\/\/psol50.org.br\/arquivo\/2015\/06\/03\/17-anos-depois-governo-mexicano-e-chamado-a-esclarecer-massacre-de-el-charco\/"},"modified":"2015-06-03T00:00:00","modified_gmt":"2015-06-03T18:45:45","slug":"17-anos-depois-governo-mexicano-e-chamado-a-esclarecer-massacre-de-el-charco","status":"publish","type":"post","link":"https:\/\/psol50.org.br\/17-anos-depois-governo-mexicano-e-chamado-a-esclarecer-massacre-de-el-charco\/","title":{"rendered":"17 anos depois, governo mexicano \u00e9 chamado a esclarecer Massacre de El Charco"},"content":{"rendered":"<p style=\"text-align: justify;\">\n\t<span style=\"font-family:arial,helvetica,sans-serif;\"><span style=\"font-size: 12px;\"><em>Da Ag\u00eancia <a href=\"http:\/\/site.adital.com.br\/site\/index.php?lang=PT\">Adital<\/a>, Cristina Fontenele<\/em><br \/>\n\t&nbsp;<br \/>\n\tPr\u00f3ximo de completar 17 anos do ocorrido, o massacre na comunidade de El Charco, Estado de Guerrero, M\u00e9xico, segue marcado pela impunidade. A Comiss\u00e3o Interamericana de Direitos Humanos (CIDH), da Organiza\u00e7\u00e3o dos Estados Americanos (OEA), convoca o Governo do M\u00e9xico a prestar informa\u00e7\u00f5es sobre o caso, dentro do prazo de tr\u00eas meses, a contar de 20 de maio. Organiza\u00e7\u00f5es nacionais e internacionais seguem exigindo medidas concretas para puni\u00e7\u00e3o dos respons\u00e1veis pelos crimes.<br \/>\n\t&nbsp;<br \/>\n\tO massacre aconteceu na madrugada de 7 de junho de 1998, quando tropas do Ex\u00e9rcito Mexicano entraram na escola prim\u00e1ria Caritino Maldonado P\u00e9rez, na comunidade de El Charco, cidade de Ayutla de los Libres. A invas\u00e3o resultou na morte de 10 ind\u00edgenas Na\u00b4saavis, do estudante universit\u00e1rio Ricardo Zavala Tapia e em 22 pessoas presas. As acusa\u00e7\u00f5es eram de terrorismo, de conspira\u00e7\u00e3o para rebeli\u00e3o, de armazenamento e transporte de armas de uso exclusivo do Ex\u00e9rcito.<br \/>\n\t&nbsp;<br \/>\n\tPara Ericka Zamora Pardo, sobrevivente do massacre, o objetivo \u00e9 levar o caso at\u00e9 a inst\u00e2ncia necess\u00e1ria para haver justi\u00e7a. &#8220;N\u00e3o aceitaremos uma solu\u00e7\u00e3o amistosa com o Estado mexicano, porque vemos que n\u00e3o est\u00e3o dispostos a mudarem, de forma volunt\u00e1ria, sua pol\u00edtica em favor dos direitos humanos. Queremos que os respons\u00e1veis sejam castigados\u201d. Ericka foi torturada por militares e ficou presa por quatro anos na penitenci\u00e1ria de seguran\u00e7a m\u00e1xima de Puente Grande, em Jalisco.<br \/>\n\t&nbsp;<br \/>\n\tEricka e os parentes das v\u00edtimas deram entrada no processo em julho de 2012. Na \u00e9poca do massacre, as tropas do Ex\u00e9rcito estavam sob o comando de Luis Humberto L\u00f3pez Portillo Leal, da IX Regi\u00e3o Militar, e de Juan Alfredo Oropeza Garnica, da 27\u00aa Zona Militar.<br \/>\n\t&nbsp;<br \/>\n\tSegundo Mar\u00eda Magdalena L\u00f3pez, secret\u00e1ria executiva da Rede Solid\u00e1ria D\u00e9cada contra a Impunidade, o tr\u00e2mite na CIDH \u00e9 longo, mas \u00e9 um &#8220;passo significativo\u201d, pois, em geral, o prazo regular de resposta da entidade \u00e9 de seis ou sete anos. Nesse caso, a CIDH respondeu em tr\u00eas anos. Ela informa que o procedimento continuar\u00e1 at\u00e9 que a Comiss\u00e3o avalie a admissibilidade do processo e a responsabilidade do governo mexicano.<br \/>\n\t&nbsp;<br \/>\n\tA Rede Solid\u00e1ria D\u00e9cada contra a Impunidade difundiu, amplamente, o caso e acompanha os sobreviventes e familiares na busca por justi\u00e7a. A organiza\u00e7\u00e3o denuncia a omiss\u00e3o do governo mexicano em investigar e punir os respons\u00e1veis. Diante da notifica\u00e7\u00e3o da CIDH ao governo mexicano, a Rede entende que foi dado um primeiro passo para se obter a verdade e a justi\u00e7a e determinar que &#8220;nunca mais o Ex\u00e9rcito mexicano atue contra a popula\u00e7\u00e3o\u201d.<br \/>\n\t&nbsp;<br \/>\n\tEm <a href=\"http:\/\/site.adital.com.br\/site\/noticia.php?lang=ES&amp;cod=85031\">manifesto<\/a>, a rede elaborou uma peti\u00e7\u00e3o dirigida ao presidente do M\u00e9xico, Enrique Pe\u00e3a Nieto, pedindo o reconhecimento da verdade hist\u00f3rica do Massacre de El Charco. <a href=\"https:\/\/www.change.org\/p\/enrique-pe%C3%B1a-nieto-pr%C3%A9sident-du-mexique-reconna%C3%AEtre-la-v%C3%A9rit%C3%A9-historique-du-massacre-d-el-charco-au-mexique-stop-%C3%A0-l-impunit%C3%A9?recruiter=89864435&amp;utm_source=share_petition&amp;utm_medium=facebook&amp;utm_c\">Assine aqui a peti\u00e7\u00e3o<\/a>.<\/span><\/span><\/p>\n<p>&nbsp;<\/p>\n","protected":false},"excerpt":{"rendered":"<p>Da Ag\u00eancia Adital, Cristina Fontenele &nbsp; Pr\u00f3ximo de completar 17 anos do ocorrido, o massacre na comunidade de El Charco, Estado de Guerrero, M\u00e9xico, segue marcado pela impunidade. A Comiss\u00e3o Interamericana de Direitos Humanos (CIDH), da Organiza\u00e7\u00e3o dos Estados Americanos (OEA), convoca o Governo do M\u00e9xico a prestar informa\u00e7\u00f5es sobre o caso, dentro do prazo [&hellip;]<\/p>\n","protected":false},"author":2,"featured_media":0,"comment_status":"open","ping_status":"open","sticky":false,"template":"","format":"standard","meta":{"_acf_changed":false,"footnotes":""},"categories":[6],"tags":[],"class_list":{"0":"post-3293","1":"post","2":"type-post","3":"status-publish","4":"format-standard","6":"category-noticias"},"acf":[],"yoast_head":"<!-- This site is optimized with the Yoast SEO plugin v26.5 - https:\/\/yoast.com\/wordpress\/plugins\/seo\/ -->\n<title>17 anos depois, governo mexicano \u00e9 chamado a esclarecer Massacre de El Charco - PSOL 50<\/title>\n<meta name=\"robots\" content=\"index, follow, max-snippet:-1, max-image-preview:large, max-video-preview:-1\" \/>\n<link rel=\"canonical\" href=\"https:\/\/psol50.org.br\/17-anos-depois-governo-mexicano-e-chamado-a-esclarecer-massacre-de-el-charco\/\" \/>\n<meta property=\"og:locale\" content=\"pt_BR\" \/>\n<meta property=\"og:type\" content=\"article\" \/>\n<meta property=\"og:title\" content=\"17 anos depois, governo mexicano \u00e9 chamado a esclarecer Massacre de El Charco - PSOL 50\" \/>\n<meta property=\"og:description\" content=\"Da Ag\u00eancia Adital, Cristina Fontenele &nbsp; Pr\u00f3ximo de completar 17 anos do ocorrido, o massacre na comunidade de El Charco, Estado de Guerrero, M\u00e9xico, segue marcado pela impunidade. A Comiss\u00e3o Interamericana de Direitos Humanos (CIDH), da Organiza\u00e7\u00e3o dos Estados Americanos (OEA), convoca o Governo do M\u00e9xico a prestar informa\u00e7\u00f5es sobre o caso, dentro do prazo [&hellip;]\" \/>\n<meta property=\"og:url\" content=\"https:\/\/psol50.org.br\/17-anos-depois-governo-mexicano-e-chamado-a-esclarecer-massacre-de-el-charco\/\" \/>\n<meta property=\"og:site_name\" content=\"PSOL 50\" \/>\n<meta property=\"article:publisher\" content=\"https:\/\/www.facebook.com\/psol50\" \/>\n<meta property=\"article:published_time\" content=\"2015-06-03T18:45:45+00:00\" \/>\n<meta property=\"og:image\" content=\"https:\/\/psol50.org.br\/inc\/uploads\/2018\/07\/capa.png\" \/>\n\t<meta property=\"og:image:width\" content=\"1350\" \/>\n\t<meta property=\"og:image:height\" content=\"900\" \/>\n\t<meta property=\"og:image:type\" content=\"image\/png\" \/>\n<meta name=\"author\" content=\"Comunica\u00e7\u00e3o PSOL\" \/>\n<meta name=\"twitter:card\" content=\"summary_large_image\" \/>\n<meta name=\"twitter:creator\" content=\"@psol50\" \/>\n<meta name=\"twitter:site\" content=\"@psol50\" \/>\n<meta name=\"twitter:label1\" content=\"Escrito por\" \/>\n\t<meta name=\"twitter:data1\" content=\"Comunica\u00e7\u00e3o PSOL\" \/>\n\t<meta name=\"twitter:label2\" content=\"Est. tempo de leitura\" \/>\n\t<meta name=\"twitter:data2\" content=\"3 minutos\" \/>\n<script type=\"application\/ld+json\" class=\"yoast-schema-graph\">{\"@context\":\"https:\/\/schema.org\",\"@graph\":[{\"@type\":\"Article\",\"@id\":\"https:\/\/psol50.org.br\/17-anos-depois-governo-mexicano-e-chamado-a-esclarecer-massacre-de-el-charco\/#article\",\"isPartOf\":{\"@id\":\"https:\/\/psol50.org.br\/17-anos-depois-governo-mexicano-e-chamado-a-esclarecer-massacre-de-el-charco\/\"},\"author\":{\"name\":\"Comunica\u00e7\u00e3o PSOL\",\"@id\":\"https:\/\/psol50.org.br\/#\/schema\/person\/475dfa57d0b815993c714c2e96491fcd\"},\"headline\":\"17 anos depois, governo mexicano \u00e9 chamado a esclarecer Massacre de El Charco\",\"datePublished\":\"2015-06-03T18:45:45+00:00\",\"mainEntityOfPage\":{\"@id\":\"https:\/\/psol50.org.br\/17-anos-depois-governo-mexicano-e-chamado-a-esclarecer-massacre-de-el-charco\/\"},\"wordCount\":511,\"commentCount\":0,\"publisher\":{\"@id\":\"https:\/\/psol50.org.br\/#organization\"},\"articleSection\":[\"Not\u00edcias\"],\"inLanguage\":\"pt-BR\",\"potentialAction\":[{\"@type\":\"CommentAction\",\"name\":\"Comment\",\"target\":[\"https:\/\/psol50.org.br\/17-anos-depois-governo-mexicano-e-chamado-a-esclarecer-massacre-de-el-charco\/#respond\"]}]},{\"@type\":\"WebPage\",\"@id\":\"https:\/\/psol50.org.br\/17-anos-depois-governo-mexicano-e-chamado-a-esclarecer-massacre-de-el-charco\/\",\"url\":\"https:\/\/psol50.org.br\/17-anos-depois-governo-mexicano-e-chamado-a-esclarecer-massacre-de-el-charco\/\",\"name\":\"17 anos depois, governo mexicano \u00e9 chamado a esclarecer Massacre de El Charco - PSOL 50\",\"isPartOf\":{\"@id\":\"https:\/\/psol50.org.br\/#website\"},\"datePublished\":\"2015-06-03T18:45:45+00:00\",\"breadcrumb\":{\"@id\":\"https:\/\/psol50.org.br\/17-anos-depois-governo-mexicano-e-chamado-a-esclarecer-massacre-de-el-charco\/#breadcrumb\"},\"inLanguage\":\"pt-BR\",\"potentialAction\":[{\"@type\":\"ReadAction\",\"target\":[\"https:\/\/psol50.org.br\/17-anos-depois-governo-mexicano-e-chamado-a-esclarecer-massacre-de-el-charco\/\"]}]},{\"@type\":\"BreadcrumbList\",\"@id\":\"https:\/\/psol50.org.br\/17-anos-depois-governo-mexicano-e-chamado-a-esclarecer-massacre-de-el-charco\/#breadcrumb\",\"itemListElement\":[{\"@type\":\"ListItem\",\"position\":1,\"name\":\"In\u00edcio\",\"item\":\"https:\/\/psol50.org.br\/\"},{\"@type\":\"ListItem\",\"position\":2,\"name\":\"17 anos depois, governo mexicano \u00e9 chamado a esclarecer Massacre de El Charco\"}]},{\"@type\":\"WebSite\",\"@id\":\"https:\/\/psol50.org.br\/#website\",\"url\":\"https:\/\/psol50.org.br\/\",\"name\":\"PSOL 50\",\"description\":\"Site oficial do Partido Socialismo e Liberdade\",\"publisher\":{\"@id\":\"https:\/\/psol50.org.br\/#organization\"},\"alternateName\":\"PSOL50\",\"potentialAction\":[{\"@type\":\"SearchAction\",\"target\":{\"@type\":\"EntryPoint\",\"urlTemplate\":\"https:\/\/psol50.org.br\/?s={search_term_string}\"},\"query-input\":{\"@type\":\"PropertyValueSpecification\",\"valueRequired\":true,\"valueName\":\"search_term_string\"}}],\"inLanguage\":\"pt-BR\"},{\"@type\":\"Organization\",\"@id\":\"https:\/\/psol50.org.br\/#organization\",\"name\":\"PSOL 50\",\"alternateName\":\"PSOL 50\",\"url\":\"https:\/\/psol50.org.br\/\",\"logo\":{\"@type\":\"ImageObject\",\"inLanguage\":\"pt-BR\",\"@id\":\"https:\/\/psol50.org.br\/#\/schema\/logo\/image\/\",\"url\":\"https:\/\/psol50.org.br\/inc\/uploads\/2018\/07\/capa.png\",\"contentUrl\":\"https:\/\/psol50.org.br\/inc\/uploads\/2018\/07\/capa.png\",\"width\":1350,\"height\":900,\"caption\":\"PSOL 50\"},\"image\":{\"@id\":\"https:\/\/psol50.org.br\/#\/schema\/logo\/image\/\"},\"sameAs\":[\"https:\/\/www.facebook.com\/psol50\",\"https:\/\/x.com\/psol50\",\"https:\/\/www.instagram.com\/psol50\/\",\"https:\/\/www.youtube.com\/channel\/UC7SnJS5o1os7a6CaiNabzcg\"]},{\"@type\":\"Person\",\"@id\":\"https:\/\/psol50.org.br\/#\/schema\/person\/475dfa57d0b815993c714c2e96491fcd\",\"name\":\"Comunica\u00e7\u00e3o PSOL\",\"image\":{\"@type\":\"ImageObject\",\"inLanguage\":\"pt-BR\",\"@id\":\"https:\/\/psol50.org.br\/#\/schema\/person\/image\/\",\"url\":\"https:\/\/secure.gravatar.com\/avatar\/b34fc4f4e468a4e51785917065a3db57b841f5c95dba6ad8c73aaf8f66f8f9bf?s=96&d=mm&r=g\",\"contentUrl\":\"https:\/\/secure.gravatar.com\/avatar\/b34fc4f4e468a4e51785917065a3db57b841f5c95dba6ad8c73aaf8f66f8f9bf?s=96&d=mm&r=g\",\"caption\":\"Comunica\u00e7\u00e3o PSOL\"}}]}<\/script>\n<!-- \/ Yoast SEO plugin. -->","yoast_head_json":{"title":"17 anos depois, governo mexicano \u00e9 chamado a esclarecer Massacre de El Charco - PSOL 50","robots":{"index":"index","follow":"follow","max-snippet":"max-snippet:-1","max-image-preview":"max-image-preview:large","max-video-preview":"max-video-preview:-1"},"canonical":"https:\/\/psol50.org.br\/17-anos-depois-governo-mexicano-e-chamado-a-esclarecer-massacre-de-el-charco\/","og_locale":"pt_BR","og_type":"article","og_title":"17 anos depois, governo mexicano \u00e9 chamado a esclarecer Massacre de El Charco - PSOL 50","og_description":"Da Ag\u00eancia Adital, Cristina Fontenele &nbsp; Pr\u00f3ximo de completar 17 anos do ocorrido, o massacre na comunidade de El Charco, Estado de Guerrero, M\u00e9xico, segue marcado pela impunidade. A Comiss\u00e3o Interamericana de Direitos Humanos (CIDH), da Organiza\u00e7\u00e3o dos Estados Americanos (OEA), convoca o Governo do M\u00e9xico a prestar informa\u00e7\u00f5es sobre o caso, dentro do prazo [&hellip;]","og_url":"https:\/\/psol50.org.br\/17-anos-depois-governo-mexicano-e-chamado-a-esclarecer-massacre-de-el-charco\/","og_site_name":"PSOL 50","article_publisher":"https:\/\/www.facebook.com\/psol50","article_published_time":"2015-06-03T18:45:45+00:00","og_image":[{"width":1350,"height":900,"url":"https:\/\/psol50.org.br\/inc\/uploads\/2018\/07\/capa.png","type":"image\/png"}],"author":"Comunica\u00e7\u00e3o PSOL","twitter_card":"summary_large_image","twitter_creator":"@psol50","twitter_site":"@psol50","twitter_misc":{"Escrito por":"Comunica\u00e7\u00e3o PSOL","Est. tempo de leitura":"3 minutos"},"schema":{"@context":"https:\/\/schema.org","@graph":[{"@type":"Article","@id":"https:\/\/psol50.org.br\/17-anos-depois-governo-mexicano-e-chamado-a-esclarecer-massacre-de-el-charco\/#article","isPartOf":{"@id":"https:\/\/psol50.org.br\/17-anos-depois-governo-mexicano-e-chamado-a-esclarecer-massacre-de-el-charco\/"},"author":{"name":"Comunica\u00e7\u00e3o PSOL","@id":"https:\/\/psol50.org.br\/#\/schema\/person\/475dfa57d0b815993c714c2e96491fcd"},"headline":"17 anos depois, governo mexicano \u00e9 chamado a esclarecer Massacre de El Charco","datePublished":"2015-06-03T18:45:45+00:00","mainEntityOfPage":{"@id":"https:\/\/psol50.org.br\/17-anos-depois-governo-mexicano-e-chamado-a-esclarecer-massacre-de-el-charco\/"},"wordCount":511,"commentCount":0,"publisher":{"@id":"https:\/\/psol50.org.br\/#organization"},"articleSection":["Not\u00edcias"],"inLanguage":"pt-BR","potentialAction":[{"@type":"CommentAction","name":"Comment","target":["https:\/\/psol50.org.br\/17-anos-depois-governo-mexicano-e-chamado-a-esclarecer-massacre-de-el-charco\/#respond"]}]},{"@type":"WebPage","@id":"https:\/\/psol50.org.br\/17-anos-depois-governo-mexicano-e-chamado-a-esclarecer-massacre-de-el-charco\/","url":"https:\/\/psol50.org.br\/17-anos-depois-governo-mexicano-e-chamado-a-esclarecer-massacre-de-el-charco\/","name":"17 anos depois, governo mexicano \u00e9 chamado a esclarecer Massacre de El Charco - PSOL 50","isPartOf":{"@id":"https:\/\/psol50.org.br\/#website"},"datePublished":"2015-06-03T18:45:45+00:00","breadcrumb":{"@id":"https:\/\/psol50.org.br\/17-anos-depois-governo-mexicano-e-chamado-a-esclarecer-massacre-de-el-charco\/#breadcrumb"},"inLanguage":"pt-BR","potentialAction":[{"@type":"ReadAction","target":["https:\/\/psol50.org.br\/17-anos-depois-governo-mexicano-e-chamado-a-esclarecer-massacre-de-el-charco\/"]}]},{"@type":"BreadcrumbList","@id":"https:\/\/psol50.org.br\/17-anos-depois-governo-mexicano-e-chamado-a-esclarecer-massacre-de-el-charco\/#breadcrumb","itemListElement":[{"@type":"ListItem","position":1,"name":"In\u00edcio","item":"https:\/\/psol50.org.br\/"},{"@type":"ListItem","position":2,"name":"17 anos depois, governo mexicano \u00e9 chamado a esclarecer Massacre de El Charco"}]},{"@type":"WebSite","@id":"https:\/\/psol50.org.br\/#website","url":"https:\/\/psol50.org.br\/","name":"PSOL 50","description":"Site oficial do Partido Socialismo e Liberdade","publisher":{"@id":"https:\/\/psol50.org.br\/#organization"},"alternateName":"PSOL50","potentialAction":[{"@type":"SearchAction","target":{"@type":"EntryPoint","urlTemplate":"https:\/\/psol50.org.br\/?s={search_term_string}"},"query-input":{"@type":"PropertyValueSpecification","valueRequired":true,"valueName":"search_term_string"}}],"inLanguage":"pt-BR"},{"@type":"Organization","@id":"https:\/\/psol50.org.br\/#organization","name":"PSOL 50","alternateName":"PSOL 50","url":"https:\/\/psol50.org.br\/","logo":{"@type":"ImageObject","inLanguage":"pt-BR","@id":"https:\/\/psol50.org.br\/#\/schema\/logo\/image\/","url":"https:\/\/psol50.org.br\/inc\/uploads\/2018\/07\/capa.png","contentUrl":"https:\/\/psol50.org.br\/inc\/uploads\/2018\/07\/capa.png","width":1350,"height":900,"caption":"PSOL 50"},"image":{"@id":"https:\/\/psol50.org.br\/#\/schema\/logo\/image\/"},"sameAs":["https:\/\/www.facebook.com\/psol50","https:\/\/x.com\/psol50","https:\/\/www.instagram.com\/psol50\/","https:\/\/www.youtube.com\/channel\/UC7SnJS5o1os7a6CaiNabzcg"]},{"@type":"Person","@id":"https:\/\/psol50.org.br\/#\/schema\/person\/475dfa57d0b815993c714c2e96491fcd","name":"Comunica\u00e7\u00e3o PSOL","image":{"@type":"ImageObject","inLanguage":"pt-BR","@id":"https:\/\/psol50.org.br\/#\/schema\/person\/image\/","url":"https:\/\/secure.gravatar.com\/avatar\/b34fc4f4e468a4e51785917065a3db57b841f5c95dba6ad8c73aaf8f66f8f9bf?s=96&d=mm&r=g","contentUrl":"https:\/\/secure.gravatar.com\/avatar\/b34fc4f4e468a4e51785917065a3db57b841f5c95dba6ad8c73aaf8f66f8f9bf?s=96&d=mm&r=g","caption":"Comunica\u00e7\u00e3o PSOL"}}]}},"_links":{"self":[{"href":"https:\/\/psol50.org.br\/rest\/wp\/v2\/posts\/3293","targetHints":{"allow":["GET"]}}],"collection":[{"href":"https:\/\/psol50.org.br\/rest\/wp\/v2\/posts"}],"about":[{"href":"https:\/\/psol50.org.br\/rest\/wp\/v2\/types\/post"}],"author":[{"embeddable":true,"href":"https:\/\/psol50.org.br\/rest\/wp\/v2\/users\/2"}],"replies":[{"embeddable":true,"href":"https:\/\/psol50.org.br\/rest\/wp\/v2\/comments?post=3293"}],"version-history":[{"count":0,"href":"https:\/\/psol50.org.br\/rest\/wp\/v2\/posts\/3293\/revisions"}],"wp:attachment":[{"href":"https:\/\/psol50.org.br\/rest\/wp\/v2\/media?parent=3293"}],"wp:term":[{"taxonomy":"category","embeddable":true,"href":"https:\/\/psol50.org.br\/rest\/wp\/v2\/categories?post=3293"},{"taxonomy":"post_tag","embeddable":true,"href":"https:\/\/psol50.org.br\/rest\/wp\/v2\/tags?post=3293"}],"curies":[{"name":"wp","href":"https:\/\/api.w.org\/{rel}","templated":true}]}}