{"id":3298,"date":"2015-06-10T00:00:00","date_gmt":"2015-06-10T17:49:29","guid":{"rendered":"http:\/\/psol50.org.br\/arquivo\/2015\/06\/10\/audiencia-publica-debate-projetos-que-visam-democratizar-a-comunicacao-no-pais\/"},"modified":"2015-06-10T00:00:00","modified_gmt":"2015-06-10T17:49:29","slug":"audiencia-publica-debate-projetos-que-visam-democratizar-a-comunicacao-no-pais","status":"publish","type":"post","link":"https:\/\/psol50.org.br\/audiencia-publica-debate-projetos-que-visam-democratizar-a-comunicacao-no-pais\/","title":{"rendered":"Audi\u00eancia p\u00fablica debate projetos que visam democratizar a comunica\u00e7\u00e3o no pa\u00eds"},"content":{"rendered":"<p style=\"text-align: justify;\">\n\t<span style=\"font-family:arial,helvetica,sans-serif;\"><span style=\"font-size: 12px;\">O Projeto de Lei do deputado Ivan Valente (PSOL\/SP), que estabelece limites para a propriedade de empresas de comunica\u00e7\u00e3o social e pro\u00edbe a propriedade cruzada nos meios de comunica\u00e7\u00e3o estar\u00e1 em debate em audi\u00eancia p\u00fablica nesta quinta-feira (11\/06), na C\u00e2mara dos Deputados. O debate acontece \u00e0s 9h30, no plen\u00e1rio 13 do Anexo II.<br \/>\n\t&nbsp;<br \/>\n\tO PL 6667\/2009 responde \u00e0 demanda da I Confer\u00eancia Nacional de Comunica\u00e7\u00e3o (Confecom) por pol\u00edticas p\u00fablicas capazes de coibir o monop\u00f3lio e o oligop\u00f3lio no setor de radiodifus\u00e3o. O projeto tipifica a concentra\u00e7\u00e3o horizontal e vertical nos meios de comunica\u00e7\u00e3o, pro\u00edbe que empresas do setor tenham acionistas ou cotistas integrantes de empresas de jornais, revistas e outros peri\u00f3dicos impressos, de empresas de televis\u00e3o por assinatura ou de telecomunica\u00e7\u00f5es, al\u00e9m de estabelecer limites para a propriedade de emissoras de r\u00e1dio e TV.<br \/>\n\t&nbsp;<br \/>\n\t\u201cO monop\u00f3lio da m\u00eddia representa uma amea\u00e7a \u00e0 democracia e aos direitos humanos. A Constitui\u00e7\u00e3o Federal o pro\u00edbe, mas essa proibi\u00e7\u00e3o nunca saiu do papel, da\u00ed a necessidade da regulamenta\u00e7\u00e3o. Considerando a import\u00e2ncia dos meios de comunica\u00e7\u00e3o hoje na dissemina\u00e7\u00e3o de informa\u00e7\u00f5es, na forma\u00e7\u00e3o da opini\u00e3o p\u00fablica, uma \u00fanica empresa controlar 70% do mercado de comunica\u00e7\u00e3o \u00e9 absurdo e impede a pluralidade de ideias presente na sociedade\u201d, ressalta Ivan Valente.<br \/>\n\t&nbsp;<br \/>\n\tNa audi\u00eancia tamb\u00e9m ser\u00e1 debatido o PL 4026\/2004 que altera o Decreto-Lei 236\/67 e limita em no m\u00e1ximo 50% a audi\u00eancia de uma mesma rede de televis\u00e3o (em qualquer hor\u00e1rio). Esse limite j\u00e1 \u00e9 realidade em pa\u00edses como os Estados Unidos, onde uma \u00fanica empresa de comunica\u00e7\u00e3o n\u00e3o pode ter mais que 39% da audi\u00eancia da popula\u00e7\u00e3o em territ\u00f3rio nacional. A proposta tamb\u00e9m estabelece limites \u00e0 propriedade de emissoras por empresas de r\u00e1dio.&nbsp;<br \/>\n\t&nbsp;<br \/>\n\tA mesa ser\u00e1 composta por Ricardo Berzoini, ministro das Comunica\u00e7\u00f5es; Ana Carolina Lopes de Carvalho, assessora da presid\u00eancia do Conselho Administrativo de Defesa Econ\u00f4mica (Cade); Ven\u00edcio Artur de Lima, professor da Universidade de Bras\u00edlia (UnB); Murilo C\u00e9sar Ramos, coordenador do Laborat\u00f3rio de Pol\u00edticas de Comunica\u00e7\u00e3o (LapCom) da Universidade de Bras\u00edlia (UnB); e Rosane Bertotti, Coordenadora-geral do F\u00f3rum Nacional pela Democratiza\u00e7\u00e3o da Comunica\u00e7\u00e3o (FNDC).<br \/>\n\t&nbsp;<br \/>\n\tServi\u00e7o: Audi\u00eancia p\u00fablica debate democratiza\u00e7\u00e3o da m\u00eddia<br \/>\n\tData: quinta-feira 11\/06<br \/>\n\tHor\u00e1rio: 9h30<br \/>\n\tLocal: Anexo II, Plen\u00e1rio 13<\/span><\/span><\/p>\n<p>&nbsp;<\/p>\n","protected":false},"excerpt":{"rendered":"<p>Proposta do deputado Ivan Valente (PSOL\/SP) que pro\u00edbe propriedade cruzada nos meios de comunica\u00e7\u00e3o estar\u00e1 na pauta<\/p>\n","protected":false},"author":2,"featured_media":0,"comment_status":"open","ping_status":"open","sticky":false,"template":"","format":"standard","meta":{"_acf_changed":false,"footnotes":""},"categories":[10,6],"tags":[],"class_list":{"0":"post-3298","1":"post","2":"type-post","3":"status-publish","4":"format-standard","6":"category-acao-parlamentares","7":"category-noticias"},"acf":[],"yoast_head":"<!-- This site is optimized with the Yoast SEO plugin v26.5 - https:\/\/yoast.com\/wordpress\/plugins\/seo\/ -->\n<title>Audi\u00eancia p\u00fablica debate projetos que visam democratizar a comunica\u00e7\u00e3o no pa\u00eds - PSOL 50<\/title>\n<meta name=\"robots\" content=\"index, follow, max-snippet:-1, max-image-preview:large, max-video-preview:-1\" \/>\n<link rel=\"canonical\" href=\"https:\/\/psol50.org.br\/audiencia-publica-debate-projetos-que-visam-democratizar-a-comunicacao-no-pais\/\" \/>\n<meta property=\"og:locale\" content=\"pt_BR\" \/>\n<meta property=\"og:type\" content=\"article\" \/>\n<meta property=\"og:title\" content=\"Audi\u00eancia p\u00fablica debate projetos que visam democratizar a comunica\u00e7\u00e3o no pa\u00eds - PSOL 50\" \/>\n<meta property=\"og:description\" content=\"Proposta do deputado Ivan Valente (PSOL\/SP) que pro\u00edbe propriedade cruzada nos meios de comunica\u00e7\u00e3o estar\u00e1 na pauta\" \/>\n<meta property=\"og:url\" content=\"https:\/\/psol50.org.br\/audiencia-publica-debate-projetos-que-visam-democratizar-a-comunicacao-no-pais\/\" \/>\n<meta property=\"og:site_name\" content=\"PSOL 50\" \/>\n<meta property=\"article:publisher\" content=\"https:\/\/www.facebook.com\/psol50\" \/>\n<meta property=\"article:published_time\" content=\"2015-06-10T17:49:29+00:00\" \/>\n<meta property=\"og:image\" content=\"https:\/\/psol50.org.br\/inc\/uploads\/2018\/07\/capa.png\" \/>\n\t<meta property=\"og:image:width\" content=\"1350\" \/>\n\t<meta property=\"og:image:height\" content=\"900\" \/>\n\t<meta property=\"og:image:type\" content=\"image\/png\" \/>\n<meta name=\"author\" content=\"Comunica\u00e7\u00e3o PSOL\" \/>\n<meta name=\"twitter:card\" content=\"summary_large_image\" \/>\n<meta name=\"twitter:creator\" content=\"@psol50\" \/>\n<meta name=\"twitter:site\" content=\"@psol50\" \/>\n<meta name=\"twitter:label1\" content=\"Escrito por\" \/>\n\t<meta name=\"twitter:data1\" content=\"Comunica\u00e7\u00e3o PSOL\" \/>\n\t<meta name=\"twitter:label2\" content=\"Est. tempo de leitura\" \/>\n\t<meta name=\"twitter:data2\" content=\"2 minutos\" \/>\n<script type=\"application\/ld+json\" class=\"yoast-schema-graph\">{\"@context\":\"https:\/\/schema.org\",\"@graph\":[{\"@type\":\"Article\",\"@id\":\"https:\/\/psol50.org.br\/audiencia-publica-debate-projetos-que-visam-democratizar-a-comunicacao-no-pais\/#article\",\"isPartOf\":{\"@id\":\"https:\/\/psol50.org.br\/audiencia-publica-debate-projetos-que-visam-democratizar-a-comunicacao-no-pais\/\"},\"author\":{\"name\":\"Comunica\u00e7\u00e3o PSOL\",\"@id\":\"https:\/\/psol50.org.br\/#\/schema\/person\/475dfa57d0b815993c714c2e96491fcd\"},\"headline\":\"Audi\u00eancia p\u00fablica debate projetos que visam democratizar a comunica\u00e7\u00e3o no pa\u00eds\",\"datePublished\":\"2015-06-10T17:49:29+00:00\",\"mainEntityOfPage\":{\"@id\":\"https:\/\/psol50.org.br\/audiencia-publica-debate-projetos-que-visam-democratizar-a-comunicacao-no-pais\/\"},\"wordCount\":436,\"commentCount\":0,\"publisher\":{\"@id\":\"https:\/\/psol50.org.br\/#organization\"},\"articleSection\":[\"A\u00e7\u00e3o Parlamentar\",\"Not\u00edcias\"],\"inLanguage\":\"pt-BR\",\"potentialAction\":[{\"@type\":\"CommentAction\",\"name\":\"Comment\",\"target\":[\"https:\/\/psol50.org.br\/audiencia-publica-debate-projetos-que-visam-democratizar-a-comunicacao-no-pais\/#respond\"]}]},{\"@type\":\"WebPage\",\"@id\":\"https:\/\/psol50.org.br\/audiencia-publica-debate-projetos-que-visam-democratizar-a-comunicacao-no-pais\/\",\"url\":\"https:\/\/psol50.org.br\/audiencia-publica-debate-projetos-que-visam-democratizar-a-comunicacao-no-pais\/\",\"name\":\"Audi\u00eancia p\u00fablica debate projetos que visam democratizar a comunica\u00e7\u00e3o no pa\u00eds - PSOL 50\",\"isPartOf\":{\"@id\":\"https:\/\/psol50.org.br\/#website\"},\"datePublished\":\"2015-06-10T17:49:29+00:00\",\"breadcrumb\":{\"@id\":\"https:\/\/psol50.org.br\/audiencia-publica-debate-projetos-que-visam-democratizar-a-comunicacao-no-pais\/#breadcrumb\"},\"inLanguage\":\"pt-BR\",\"potentialAction\":[{\"@type\":\"ReadAction\",\"target\":[\"https:\/\/psol50.org.br\/audiencia-publica-debate-projetos-que-visam-democratizar-a-comunicacao-no-pais\/\"]}]},{\"@type\":\"BreadcrumbList\",\"@id\":\"https:\/\/psol50.org.br\/audiencia-publica-debate-projetos-que-visam-democratizar-a-comunicacao-no-pais\/#breadcrumb\",\"itemListElement\":[{\"@type\":\"ListItem\",\"position\":1,\"name\":\"In\u00edcio\",\"item\":\"https:\/\/psol50.org.br\/\"},{\"@type\":\"ListItem\",\"position\":2,\"name\":\"Audi\u00eancia p\u00fablica debate projetos que visam democratizar a comunica\u00e7\u00e3o no pa\u00eds\"}]},{\"@type\":\"WebSite\",\"@id\":\"https:\/\/psol50.org.br\/#website\",\"url\":\"https:\/\/psol50.org.br\/\",\"name\":\"PSOL 50\",\"description\":\"Site oficial do Partido Socialismo e Liberdade\",\"publisher\":{\"@id\":\"https:\/\/psol50.org.br\/#organization\"},\"alternateName\":\"PSOL50\",\"potentialAction\":[{\"@type\":\"SearchAction\",\"target\":{\"@type\":\"EntryPoint\",\"urlTemplate\":\"https:\/\/psol50.org.br\/?s={search_term_string}\"},\"query-input\":{\"@type\":\"PropertyValueSpecification\",\"valueRequired\":true,\"valueName\":\"search_term_string\"}}],\"inLanguage\":\"pt-BR\"},{\"@type\":\"Organization\",\"@id\":\"https:\/\/psol50.org.br\/#organization\",\"name\":\"PSOL 50\",\"alternateName\":\"PSOL 50\",\"url\":\"https:\/\/psol50.org.br\/\",\"logo\":{\"@type\":\"ImageObject\",\"inLanguage\":\"pt-BR\",\"@id\":\"https:\/\/psol50.org.br\/#\/schema\/logo\/image\/\",\"url\":\"https:\/\/psol50.org.br\/inc\/uploads\/2018\/07\/capa.png\",\"contentUrl\":\"https:\/\/psol50.org.br\/inc\/uploads\/2018\/07\/capa.png\",\"width\":1350,\"height\":900,\"caption\":\"PSOL 50\"},\"image\":{\"@id\":\"https:\/\/psol50.org.br\/#\/schema\/logo\/image\/\"},\"sameAs\":[\"https:\/\/www.facebook.com\/psol50\",\"https:\/\/x.com\/psol50\",\"https:\/\/www.instagram.com\/psol50\/\",\"https:\/\/www.youtube.com\/channel\/UC7SnJS5o1os7a6CaiNabzcg\"]},{\"@type\":\"Person\",\"@id\":\"https:\/\/psol50.org.br\/#\/schema\/person\/475dfa57d0b815993c714c2e96491fcd\",\"name\":\"Comunica\u00e7\u00e3o PSOL\",\"image\":{\"@type\":\"ImageObject\",\"inLanguage\":\"pt-BR\",\"@id\":\"https:\/\/psol50.org.br\/#\/schema\/person\/image\/\",\"url\":\"https:\/\/secure.gravatar.com\/avatar\/b34fc4f4e468a4e51785917065a3db57b841f5c95dba6ad8c73aaf8f66f8f9bf?s=96&d=mm&r=g\",\"contentUrl\":\"https:\/\/secure.gravatar.com\/avatar\/b34fc4f4e468a4e51785917065a3db57b841f5c95dba6ad8c73aaf8f66f8f9bf?s=96&d=mm&r=g\",\"caption\":\"Comunica\u00e7\u00e3o PSOL\"}}]}<\/script>\n<!-- \/ Yoast SEO plugin. -->","yoast_head_json":{"title":"Audi\u00eancia p\u00fablica debate projetos que visam democratizar a comunica\u00e7\u00e3o no pa\u00eds - PSOL 50","robots":{"index":"index","follow":"follow","max-snippet":"max-snippet:-1","max-image-preview":"max-image-preview:large","max-video-preview":"max-video-preview:-1"},"canonical":"https:\/\/psol50.org.br\/audiencia-publica-debate-projetos-que-visam-democratizar-a-comunicacao-no-pais\/","og_locale":"pt_BR","og_type":"article","og_title":"Audi\u00eancia p\u00fablica debate projetos que visam democratizar a comunica\u00e7\u00e3o no pa\u00eds - PSOL 50","og_description":"Proposta do deputado Ivan Valente (PSOL\/SP) que pro\u00edbe propriedade cruzada nos meios de comunica\u00e7\u00e3o estar\u00e1 na pauta","og_url":"https:\/\/psol50.org.br\/audiencia-publica-debate-projetos-que-visam-democratizar-a-comunicacao-no-pais\/","og_site_name":"PSOL 50","article_publisher":"https:\/\/www.facebook.com\/psol50","article_published_time":"2015-06-10T17:49:29+00:00","og_image":[{"width":1350,"height":900,"url":"https:\/\/psol50.org.br\/inc\/uploads\/2018\/07\/capa.png","type":"image\/png"}],"author":"Comunica\u00e7\u00e3o PSOL","twitter_card":"summary_large_image","twitter_creator":"@psol50","twitter_site":"@psol50","twitter_misc":{"Escrito por":"Comunica\u00e7\u00e3o PSOL","Est. tempo de leitura":"2 minutos"},"schema":{"@context":"https:\/\/schema.org","@graph":[{"@type":"Article","@id":"https:\/\/psol50.org.br\/audiencia-publica-debate-projetos-que-visam-democratizar-a-comunicacao-no-pais\/#article","isPartOf":{"@id":"https:\/\/psol50.org.br\/audiencia-publica-debate-projetos-que-visam-democratizar-a-comunicacao-no-pais\/"},"author":{"name":"Comunica\u00e7\u00e3o PSOL","@id":"https:\/\/psol50.org.br\/#\/schema\/person\/475dfa57d0b815993c714c2e96491fcd"},"headline":"Audi\u00eancia p\u00fablica debate projetos que visam democratizar a comunica\u00e7\u00e3o no pa\u00eds","datePublished":"2015-06-10T17:49:29+00:00","mainEntityOfPage":{"@id":"https:\/\/psol50.org.br\/audiencia-publica-debate-projetos-que-visam-democratizar-a-comunicacao-no-pais\/"},"wordCount":436,"commentCount":0,"publisher":{"@id":"https:\/\/psol50.org.br\/#organization"},"articleSection":["A\u00e7\u00e3o Parlamentar","Not\u00edcias"],"inLanguage":"pt-BR","potentialAction":[{"@type":"CommentAction","name":"Comment","target":["https:\/\/psol50.org.br\/audiencia-publica-debate-projetos-que-visam-democratizar-a-comunicacao-no-pais\/#respond"]}]},{"@type":"WebPage","@id":"https:\/\/psol50.org.br\/audiencia-publica-debate-projetos-que-visam-democratizar-a-comunicacao-no-pais\/","url":"https:\/\/psol50.org.br\/audiencia-publica-debate-projetos-que-visam-democratizar-a-comunicacao-no-pais\/","name":"Audi\u00eancia p\u00fablica debate projetos que visam democratizar a comunica\u00e7\u00e3o no pa\u00eds - PSOL 50","isPartOf":{"@id":"https:\/\/psol50.org.br\/#website"},"datePublished":"2015-06-10T17:49:29+00:00","breadcrumb":{"@id":"https:\/\/psol50.org.br\/audiencia-publica-debate-projetos-que-visam-democratizar-a-comunicacao-no-pais\/#breadcrumb"},"inLanguage":"pt-BR","potentialAction":[{"@type":"ReadAction","target":["https:\/\/psol50.org.br\/audiencia-publica-debate-projetos-que-visam-democratizar-a-comunicacao-no-pais\/"]}]},{"@type":"BreadcrumbList","@id":"https:\/\/psol50.org.br\/audiencia-publica-debate-projetos-que-visam-democratizar-a-comunicacao-no-pais\/#breadcrumb","itemListElement":[{"@type":"ListItem","position":1,"name":"In\u00edcio","item":"https:\/\/psol50.org.br\/"},{"@type":"ListItem","position":2,"name":"Audi\u00eancia p\u00fablica debate projetos que visam democratizar a comunica\u00e7\u00e3o no pa\u00eds"}]},{"@type":"WebSite","@id":"https:\/\/psol50.org.br\/#website","url":"https:\/\/psol50.org.br\/","name":"PSOL 50","description":"Site oficial do Partido Socialismo e Liberdade","publisher":{"@id":"https:\/\/psol50.org.br\/#organization"},"alternateName":"PSOL50","potentialAction":[{"@type":"SearchAction","target":{"@type":"EntryPoint","urlTemplate":"https:\/\/psol50.org.br\/?s={search_term_string}"},"query-input":{"@type":"PropertyValueSpecification","valueRequired":true,"valueName":"search_term_string"}}],"inLanguage":"pt-BR"},{"@type":"Organization","@id":"https:\/\/psol50.org.br\/#organization","name":"PSOL 50","alternateName":"PSOL 50","url":"https:\/\/psol50.org.br\/","logo":{"@type":"ImageObject","inLanguage":"pt-BR","@id":"https:\/\/psol50.org.br\/#\/schema\/logo\/image\/","url":"https:\/\/psol50.org.br\/inc\/uploads\/2018\/07\/capa.png","contentUrl":"https:\/\/psol50.org.br\/inc\/uploads\/2018\/07\/capa.png","width":1350,"height":900,"caption":"PSOL 50"},"image":{"@id":"https:\/\/psol50.org.br\/#\/schema\/logo\/image\/"},"sameAs":["https:\/\/www.facebook.com\/psol50","https:\/\/x.com\/psol50","https:\/\/www.instagram.com\/psol50\/","https:\/\/www.youtube.com\/channel\/UC7SnJS5o1os7a6CaiNabzcg"]},{"@type":"Person","@id":"https:\/\/psol50.org.br\/#\/schema\/person\/475dfa57d0b815993c714c2e96491fcd","name":"Comunica\u00e7\u00e3o PSOL","image":{"@type":"ImageObject","inLanguage":"pt-BR","@id":"https:\/\/psol50.org.br\/#\/schema\/person\/image\/","url":"https:\/\/secure.gravatar.com\/avatar\/b34fc4f4e468a4e51785917065a3db57b841f5c95dba6ad8c73aaf8f66f8f9bf?s=96&d=mm&r=g","contentUrl":"https:\/\/secure.gravatar.com\/avatar\/b34fc4f4e468a4e51785917065a3db57b841f5c95dba6ad8c73aaf8f66f8f9bf?s=96&d=mm&r=g","caption":"Comunica\u00e7\u00e3o PSOL"}}]}},"_links":{"self":[{"href":"https:\/\/psol50.org.br\/rest\/wp\/v2\/posts\/3298","targetHints":{"allow":["GET"]}}],"collection":[{"href":"https:\/\/psol50.org.br\/rest\/wp\/v2\/posts"}],"about":[{"href":"https:\/\/psol50.org.br\/rest\/wp\/v2\/types\/post"}],"author":[{"embeddable":true,"href":"https:\/\/psol50.org.br\/rest\/wp\/v2\/users\/2"}],"replies":[{"embeddable":true,"href":"https:\/\/psol50.org.br\/rest\/wp\/v2\/comments?post=3298"}],"version-history":[{"count":0,"href":"https:\/\/psol50.org.br\/rest\/wp\/v2\/posts\/3298\/revisions"}],"wp:attachment":[{"href":"https:\/\/psol50.org.br\/rest\/wp\/v2\/media?parent=3298"}],"wp:term":[{"taxonomy":"category","embeddable":true,"href":"https:\/\/psol50.org.br\/rest\/wp\/v2\/categories?post=3298"},{"taxonomy":"post_tag","embeddable":true,"href":"https:\/\/psol50.org.br\/rest\/wp\/v2\/tags?post=3298"}],"curies":[{"name":"wp","href":"https:\/\/api.w.org\/{rel}","templated":true}]}}