{"id":3300,"date":"2015-06-11T00:00:00","date_gmt":"2015-06-11T14:59:07","guid":{"rendered":"http:\/\/psol50.org.br\/arquivo\/2015\/06\/11\/parlamentares-do-psol-e-de-outros-partidos-vao-ao-stf-contra-o-financiamento-empresarial\/"},"modified":"2015-06-11T00:00:00","modified_gmt":"2015-06-11T14:59:07","slug":"parlamentares-do-psol-e-de-outros-partidos-vao-ao-stf-contra-o-financiamento-empresarial","status":"publish","type":"post","link":"https:\/\/psol50.org.br\/parlamentares-do-psol-e-de-outros-partidos-vao-ao-stf-contra-o-financiamento-empresarial\/","title":{"rendered":"Parlamentares do PSOL e de outros partidos v\u00e3o ao STF contra o financiamento empresarial"},"content":{"rendered":"<p style=\"text-align: justify;\">\n\t<span style=\"font-family:arial,helvetica,sans-serif;\"><span style=\"font-size: 12px;\">Parlamentares do PSOL, PT, PCdoB, PSB e PROS estiveram, no final da tarde de ontem (10), com a ministra do STF, Rosa Weber, que analisa o mandado de seguran\u00e7a que pede anula\u00e7\u00e3o da vota\u00e7\u00e3o do financiamento privado de campanha.<br \/>\n\t&nbsp;<br \/>\n\t\u201cRefor\u00e7amos a necessidade da anula\u00e7\u00e3o, ainda mais que o segundo turno pode ocorrer a qualquer momento, j\u00e1 que se passaram as cinco sess\u00f5es de interst\u00edcio. Enfatizamos que houve manobra do presidente Eduardo Cunha, que p\u00f4s novamente em vota\u00e7\u00e3o mat\u00e9ria que j\u00e1 havia sido votado \u2013 o que \u00e9 inconstitucional. Destacamos tamb\u00e9m a manifesta\u00e7\u00e3o da popula\u00e7\u00e3o, atrav\u00e9s das mais de 100 mil assinaturas coletadas no abaixo-assinado da Avaaz. Com a mobiliza\u00e7\u00e3o cidad\u00e3, conseguiremos reverter essa vota\u00e7\u00e3o irregular que feriu nossa Constitui\u00e7\u00e3o. Vamos continuar pressionando!\u201d, destacou o l\u00edder do PSOL, deputado <a data-gt=\"{&quot;entity_id&quot;:&quot;184693888299537&quot;,&quot;entity_path&quot;:&quot;\\\/ajax\\\/pagelet\\\/generic.php:PagePostsSectionPagelet&quot;}\" data-hovercard=\"\/ajax\/hovercard\/page.php?id=184693888299537\" href=\"https:\/\/www.facebook.com\/chicoalencar\">Chico Alencar<\/a>.<br \/>\n\t&nbsp;<br \/>\n\tTamb\u00e9m estavam presentes os deputados <a data-gt=\"{&quot;entity_id&quot;:&quot;163566147024734&quot;,&quot;entity_path&quot;:&quot;\\\/ajax\\\/pagelet\\\/generic.php:PagePostsSectionPagelet&quot;}\" data-hovercard=\"\/ajax\/hovercard\/page.php?id=163566147024734\" href=\"https:\/\/www.facebook.com\/jean.wyllys\">Jean Wyllys<\/a> (PSOL-RJ), <a data-gt=\"{&quot;entity_id&quot;:&quot;194174003960823&quot;,&quot;entity_path&quot;:&quot;\\\/ajax\\\/pagelet\\\/generic.php:PagePostsSectionPagelet&quot;}\" data-hovercard=\"\/ajax\/hovercard\/page.php?id=194174003960823\" href=\"https:\/\/www.facebook.com\/IvanValentePSOL\">Ivan Valente<\/a> (PSOL-SP) e <a data-gt=\"{&quot;entity_id&quot;:&quot;267683643272117&quot;,&quot;entity_path&quot;:&quot;\\\/ajax\\\/pagelet\\\/generic.php:PagePostsSectionPagelet&quot;}\" data-hovercard=\"\/ajax\/hovercard\/page.php?id=267683643272117\" href=\"https:\/\/www.facebook.com\/edmilsonpsol\">Edmilson Rodrigues<\/a> (PSOL-PA).<br \/>\n\t&nbsp;<br \/>\n\tA ministra Rosa Weber disse que tomar\u00e1 uma decis\u00e3o c\u00e9lere sobre a quest\u00e3o.<\/span><\/span><\/p>\n<p>&nbsp;<\/p>\n","protected":false},"excerpt":{"rendered":"<p>Parlamentares do PSOL, PT, PCdoB, PSB e PROS estiveram, no final da tarde de ontem (10), com a ministra do STF, Rosa Weber, que analisa o mandado de seguran\u00e7a que pede anula\u00e7\u00e3o da vota\u00e7\u00e3o do financiamento privado de campanha. &nbsp; \u201cRefor\u00e7amos a necessidade da anula\u00e7\u00e3o, ainda mais que o segundo turno pode ocorrer a qualquer [&hellip;]<\/p>\n","protected":false},"author":2,"featured_media":0,"comment_status":"open","ping_status":"open","sticky":false,"template":"","format":"standard","meta":{"_acf_changed":false,"footnotes":""},"categories":[10,6],"tags":[22],"class_list":{"0":"post-3300","1":"post","2":"type-post","3":"status-publish","4":"format-standard","6":"category-acao-parlamentares","7":"category-noticias","8":"tag-psol"},"acf":[],"yoast_head":"<!-- This site is optimized with the Yoast SEO plugin v26.5 - https:\/\/yoast.com\/wordpress\/plugins\/seo\/ -->\n<title>Parlamentares do PSOL e de outros partidos v\u00e3o ao STF contra o financiamento empresarial - PSOL 50<\/title>\n<meta name=\"robots\" content=\"index, follow, max-snippet:-1, max-image-preview:large, max-video-preview:-1\" \/>\n<link rel=\"canonical\" href=\"https:\/\/psol50.org.br\/parlamentares-do-psol-e-de-outros-partidos-vao-ao-stf-contra-o-financiamento-empresarial\/\" \/>\n<meta property=\"og:locale\" content=\"pt_BR\" \/>\n<meta property=\"og:type\" content=\"article\" \/>\n<meta property=\"og:title\" content=\"Parlamentares do PSOL e de outros partidos v\u00e3o ao STF contra o financiamento empresarial - PSOL 50\" \/>\n<meta property=\"og:description\" content=\"Parlamentares do PSOL, PT, PCdoB, PSB e PROS estiveram, no final da tarde de ontem (10), com a ministra do STF, Rosa Weber, que analisa o mandado de seguran\u00e7a que pede anula\u00e7\u00e3o da vota\u00e7\u00e3o do financiamento privado de campanha. &nbsp; \u201cRefor\u00e7amos a necessidade da anula\u00e7\u00e3o, ainda mais que o segundo turno pode ocorrer a qualquer [&hellip;]\" \/>\n<meta property=\"og:url\" content=\"https:\/\/psol50.org.br\/parlamentares-do-psol-e-de-outros-partidos-vao-ao-stf-contra-o-financiamento-empresarial\/\" \/>\n<meta property=\"og:site_name\" content=\"PSOL 50\" \/>\n<meta property=\"article:publisher\" content=\"https:\/\/www.facebook.com\/psol50\" \/>\n<meta property=\"article:published_time\" content=\"2015-06-11T14:59:07+00:00\" \/>\n<meta property=\"og:image\" content=\"https:\/\/psol50.org.br\/inc\/uploads\/2018\/07\/capa.png\" \/>\n\t<meta property=\"og:image:width\" content=\"1350\" \/>\n\t<meta property=\"og:image:height\" content=\"900\" \/>\n\t<meta property=\"og:image:type\" content=\"image\/png\" \/>\n<meta name=\"author\" content=\"Comunica\u00e7\u00e3o PSOL\" \/>\n<meta name=\"twitter:card\" content=\"summary_large_image\" \/>\n<meta name=\"twitter:creator\" content=\"@psol50\" \/>\n<meta name=\"twitter:site\" content=\"@psol50\" \/>\n<meta name=\"twitter:label1\" content=\"Escrito por\" \/>\n\t<meta name=\"twitter:data1\" content=\"Comunica\u00e7\u00e3o PSOL\" \/>\n\t<meta name=\"twitter:label2\" content=\"Est. tempo de leitura\" \/>\n\t<meta name=\"twitter:data2\" content=\"1 minuto\" \/>\n<script type=\"application\/ld+json\" class=\"yoast-schema-graph\">{\"@context\":\"https:\/\/schema.org\",\"@graph\":[{\"@type\":\"Article\",\"@id\":\"https:\/\/psol50.org.br\/parlamentares-do-psol-e-de-outros-partidos-vao-ao-stf-contra-o-financiamento-empresarial\/#article\",\"isPartOf\":{\"@id\":\"https:\/\/psol50.org.br\/parlamentares-do-psol-e-de-outros-partidos-vao-ao-stf-contra-o-financiamento-empresarial\/\"},\"author\":{\"name\":\"Comunica\u00e7\u00e3o PSOL\",\"@id\":\"https:\/\/psol50.org.br\/#\/schema\/person\/475dfa57d0b815993c714c2e96491fcd\"},\"headline\":\"Parlamentares do PSOL e de outros partidos v\u00e3o ao STF contra o financiamento empresarial\",\"datePublished\":\"2015-06-11T14:59:07+00:00\",\"mainEntityOfPage\":{\"@id\":\"https:\/\/psol50.org.br\/parlamentares-do-psol-e-de-outros-partidos-vao-ao-stf-contra-o-financiamento-empresarial\/\"},\"wordCount\":195,\"commentCount\":0,\"publisher\":{\"@id\":\"https:\/\/psol50.org.br\/#organization\"},\"keywords\":[\"PSOL\"],\"articleSection\":[\"A\u00e7\u00e3o Parlamentar\",\"Not\u00edcias\"],\"inLanguage\":\"pt-BR\",\"potentialAction\":[{\"@type\":\"CommentAction\",\"name\":\"Comment\",\"target\":[\"https:\/\/psol50.org.br\/parlamentares-do-psol-e-de-outros-partidos-vao-ao-stf-contra-o-financiamento-empresarial\/#respond\"]}]},{\"@type\":\"WebPage\",\"@id\":\"https:\/\/psol50.org.br\/parlamentares-do-psol-e-de-outros-partidos-vao-ao-stf-contra-o-financiamento-empresarial\/\",\"url\":\"https:\/\/psol50.org.br\/parlamentares-do-psol-e-de-outros-partidos-vao-ao-stf-contra-o-financiamento-empresarial\/\",\"name\":\"Parlamentares do PSOL e de outros partidos v\u00e3o ao STF contra o financiamento empresarial - PSOL 50\",\"isPartOf\":{\"@id\":\"https:\/\/psol50.org.br\/#website\"},\"datePublished\":\"2015-06-11T14:59:07+00:00\",\"breadcrumb\":{\"@id\":\"https:\/\/psol50.org.br\/parlamentares-do-psol-e-de-outros-partidos-vao-ao-stf-contra-o-financiamento-empresarial\/#breadcrumb\"},\"inLanguage\":\"pt-BR\",\"potentialAction\":[{\"@type\":\"ReadAction\",\"target\":[\"https:\/\/psol50.org.br\/parlamentares-do-psol-e-de-outros-partidos-vao-ao-stf-contra-o-financiamento-empresarial\/\"]}]},{\"@type\":\"BreadcrumbList\",\"@id\":\"https:\/\/psol50.org.br\/parlamentares-do-psol-e-de-outros-partidos-vao-ao-stf-contra-o-financiamento-empresarial\/#breadcrumb\",\"itemListElement\":[{\"@type\":\"ListItem\",\"position\":1,\"name\":\"In\u00edcio\",\"item\":\"https:\/\/psol50.org.br\/\"},{\"@type\":\"ListItem\",\"position\":2,\"name\":\"Parlamentares do PSOL e de outros partidos v\u00e3o ao STF contra o financiamento empresarial\"}]},{\"@type\":\"WebSite\",\"@id\":\"https:\/\/psol50.org.br\/#website\",\"url\":\"https:\/\/psol50.org.br\/\",\"name\":\"PSOL 50\",\"description\":\"Site oficial do Partido Socialismo e Liberdade\",\"publisher\":{\"@id\":\"https:\/\/psol50.org.br\/#organization\"},\"alternateName\":\"PSOL50\",\"potentialAction\":[{\"@type\":\"SearchAction\",\"target\":{\"@type\":\"EntryPoint\",\"urlTemplate\":\"https:\/\/psol50.org.br\/?s={search_term_string}\"},\"query-input\":{\"@type\":\"PropertyValueSpecification\",\"valueRequired\":true,\"valueName\":\"search_term_string\"}}],\"inLanguage\":\"pt-BR\"},{\"@type\":\"Organization\",\"@id\":\"https:\/\/psol50.org.br\/#organization\",\"name\":\"PSOL 50\",\"alternateName\":\"PSOL 50\",\"url\":\"https:\/\/psol50.org.br\/\",\"logo\":{\"@type\":\"ImageObject\",\"inLanguage\":\"pt-BR\",\"@id\":\"https:\/\/psol50.org.br\/#\/schema\/logo\/image\/\",\"url\":\"https:\/\/psol50.org.br\/inc\/uploads\/2018\/07\/capa.png\",\"contentUrl\":\"https:\/\/psol50.org.br\/inc\/uploads\/2018\/07\/capa.png\",\"width\":1350,\"height\":900,\"caption\":\"PSOL 50\"},\"image\":{\"@id\":\"https:\/\/psol50.org.br\/#\/schema\/logo\/image\/\"},\"sameAs\":[\"https:\/\/www.facebook.com\/psol50\",\"https:\/\/x.com\/psol50\",\"https:\/\/www.instagram.com\/psol50\/\",\"https:\/\/www.youtube.com\/channel\/UC7SnJS5o1os7a6CaiNabzcg\"]},{\"@type\":\"Person\",\"@id\":\"https:\/\/psol50.org.br\/#\/schema\/person\/475dfa57d0b815993c714c2e96491fcd\",\"name\":\"Comunica\u00e7\u00e3o PSOL\",\"image\":{\"@type\":\"ImageObject\",\"inLanguage\":\"pt-BR\",\"@id\":\"https:\/\/psol50.org.br\/#\/schema\/person\/image\/\",\"url\":\"https:\/\/secure.gravatar.com\/avatar\/b34fc4f4e468a4e51785917065a3db57b841f5c95dba6ad8c73aaf8f66f8f9bf?s=96&d=mm&r=g\",\"contentUrl\":\"https:\/\/secure.gravatar.com\/avatar\/b34fc4f4e468a4e51785917065a3db57b841f5c95dba6ad8c73aaf8f66f8f9bf?s=96&d=mm&r=g\",\"caption\":\"Comunica\u00e7\u00e3o PSOL\"}}]}<\/script>\n<!-- \/ Yoast SEO plugin. -->","yoast_head_json":{"title":"Parlamentares do PSOL e de outros partidos v\u00e3o ao STF contra o financiamento empresarial - PSOL 50","robots":{"index":"index","follow":"follow","max-snippet":"max-snippet:-1","max-image-preview":"max-image-preview:large","max-video-preview":"max-video-preview:-1"},"canonical":"https:\/\/psol50.org.br\/parlamentares-do-psol-e-de-outros-partidos-vao-ao-stf-contra-o-financiamento-empresarial\/","og_locale":"pt_BR","og_type":"article","og_title":"Parlamentares do PSOL e de outros partidos v\u00e3o ao STF contra o financiamento empresarial - PSOL 50","og_description":"Parlamentares do PSOL, PT, PCdoB, PSB e PROS estiveram, no final da tarde de ontem (10), com a ministra do STF, Rosa Weber, que analisa o mandado de seguran\u00e7a que pede anula\u00e7\u00e3o da vota\u00e7\u00e3o do financiamento privado de campanha. &nbsp; \u201cRefor\u00e7amos a necessidade da anula\u00e7\u00e3o, ainda mais que o segundo turno pode ocorrer a qualquer [&hellip;]","og_url":"https:\/\/psol50.org.br\/parlamentares-do-psol-e-de-outros-partidos-vao-ao-stf-contra-o-financiamento-empresarial\/","og_site_name":"PSOL 50","article_publisher":"https:\/\/www.facebook.com\/psol50","article_published_time":"2015-06-11T14:59:07+00:00","og_image":[{"width":1350,"height":900,"url":"https:\/\/psol50.org.br\/inc\/uploads\/2018\/07\/capa.png","type":"image\/png"}],"author":"Comunica\u00e7\u00e3o PSOL","twitter_card":"summary_large_image","twitter_creator":"@psol50","twitter_site":"@psol50","twitter_misc":{"Escrito por":"Comunica\u00e7\u00e3o PSOL","Est. tempo de leitura":"1 minuto"},"schema":{"@context":"https:\/\/schema.org","@graph":[{"@type":"Article","@id":"https:\/\/psol50.org.br\/parlamentares-do-psol-e-de-outros-partidos-vao-ao-stf-contra-o-financiamento-empresarial\/#article","isPartOf":{"@id":"https:\/\/psol50.org.br\/parlamentares-do-psol-e-de-outros-partidos-vao-ao-stf-contra-o-financiamento-empresarial\/"},"author":{"name":"Comunica\u00e7\u00e3o PSOL","@id":"https:\/\/psol50.org.br\/#\/schema\/person\/475dfa57d0b815993c714c2e96491fcd"},"headline":"Parlamentares do PSOL e de outros partidos v\u00e3o ao STF contra o financiamento empresarial","datePublished":"2015-06-11T14:59:07+00:00","mainEntityOfPage":{"@id":"https:\/\/psol50.org.br\/parlamentares-do-psol-e-de-outros-partidos-vao-ao-stf-contra-o-financiamento-empresarial\/"},"wordCount":195,"commentCount":0,"publisher":{"@id":"https:\/\/psol50.org.br\/#organization"},"keywords":["PSOL"],"articleSection":["A\u00e7\u00e3o Parlamentar","Not\u00edcias"],"inLanguage":"pt-BR","potentialAction":[{"@type":"CommentAction","name":"Comment","target":["https:\/\/psol50.org.br\/parlamentares-do-psol-e-de-outros-partidos-vao-ao-stf-contra-o-financiamento-empresarial\/#respond"]}]},{"@type":"WebPage","@id":"https:\/\/psol50.org.br\/parlamentares-do-psol-e-de-outros-partidos-vao-ao-stf-contra-o-financiamento-empresarial\/","url":"https:\/\/psol50.org.br\/parlamentares-do-psol-e-de-outros-partidos-vao-ao-stf-contra-o-financiamento-empresarial\/","name":"Parlamentares do PSOL e de outros partidos v\u00e3o ao STF contra o financiamento empresarial - PSOL 50","isPartOf":{"@id":"https:\/\/psol50.org.br\/#website"},"datePublished":"2015-06-11T14:59:07+00:00","breadcrumb":{"@id":"https:\/\/psol50.org.br\/parlamentares-do-psol-e-de-outros-partidos-vao-ao-stf-contra-o-financiamento-empresarial\/#breadcrumb"},"inLanguage":"pt-BR","potentialAction":[{"@type":"ReadAction","target":["https:\/\/psol50.org.br\/parlamentares-do-psol-e-de-outros-partidos-vao-ao-stf-contra-o-financiamento-empresarial\/"]}]},{"@type":"BreadcrumbList","@id":"https:\/\/psol50.org.br\/parlamentares-do-psol-e-de-outros-partidos-vao-ao-stf-contra-o-financiamento-empresarial\/#breadcrumb","itemListElement":[{"@type":"ListItem","position":1,"name":"In\u00edcio","item":"https:\/\/psol50.org.br\/"},{"@type":"ListItem","position":2,"name":"Parlamentares do PSOL e de outros partidos v\u00e3o ao STF contra o financiamento empresarial"}]},{"@type":"WebSite","@id":"https:\/\/psol50.org.br\/#website","url":"https:\/\/psol50.org.br\/","name":"PSOL 50","description":"Site oficial do Partido Socialismo e Liberdade","publisher":{"@id":"https:\/\/psol50.org.br\/#organization"},"alternateName":"PSOL50","potentialAction":[{"@type":"SearchAction","target":{"@type":"EntryPoint","urlTemplate":"https:\/\/psol50.org.br\/?s={search_term_string}"},"query-input":{"@type":"PropertyValueSpecification","valueRequired":true,"valueName":"search_term_string"}}],"inLanguage":"pt-BR"},{"@type":"Organization","@id":"https:\/\/psol50.org.br\/#organization","name":"PSOL 50","alternateName":"PSOL 50","url":"https:\/\/psol50.org.br\/","logo":{"@type":"ImageObject","inLanguage":"pt-BR","@id":"https:\/\/psol50.org.br\/#\/schema\/logo\/image\/","url":"https:\/\/psol50.org.br\/inc\/uploads\/2018\/07\/capa.png","contentUrl":"https:\/\/psol50.org.br\/inc\/uploads\/2018\/07\/capa.png","width":1350,"height":900,"caption":"PSOL 50"},"image":{"@id":"https:\/\/psol50.org.br\/#\/schema\/logo\/image\/"},"sameAs":["https:\/\/www.facebook.com\/psol50","https:\/\/x.com\/psol50","https:\/\/www.instagram.com\/psol50\/","https:\/\/www.youtube.com\/channel\/UC7SnJS5o1os7a6CaiNabzcg"]},{"@type":"Person","@id":"https:\/\/psol50.org.br\/#\/schema\/person\/475dfa57d0b815993c714c2e96491fcd","name":"Comunica\u00e7\u00e3o PSOL","image":{"@type":"ImageObject","inLanguage":"pt-BR","@id":"https:\/\/psol50.org.br\/#\/schema\/person\/image\/","url":"https:\/\/secure.gravatar.com\/avatar\/b34fc4f4e468a4e51785917065a3db57b841f5c95dba6ad8c73aaf8f66f8f9bf?s=96&d=mm&r=g","contentUrl":"https:\/\/secure.gravatar.com\/avatar\/b34fc4f4e468a4e51785917065a3db57b841f5c95dba6ad8c73aaf8f66f8f9bf?s=96&d=mm&r=g","caption":"Comunica\u00e7\u00e3o PSOL"}}]}},"_links":{"self":[{"href":"https:\/\/psol50.org.br\/rest\/wp\/v2\/posts\/3300","targetHints":{"allow":["GET"]}}],"collection":[{"href":"https:\/\/psol50.org.br\/rest\/wp\/v2\/posts"}],"about":[{"href":"https:\/\/psol50.org.br\/rest\/wp\/v2\/types\/post"}],"author":[{"embeddable":true,"href":"https:\/\/psol50.org.br\/rest\/wp\/v2\/users\/2"}],"replies":[{"embeddable":true,"href":"https:\/\/psol50.org.br\/rest\/wp\/v2\/comments?post=3300"}],"version-history":[{"count":0,"href":"https:\/\/psol50.org.br\/rest\/wp\/v2\/posts\/3300\/revisions"}],"wp:attachment":[{"href":"https:\/\/psol50.org.br\/rest\/wp\/v2\/media?parent=3300"}],"wp:term":[{"taxonomy":"category","embeddable":true,"href":"https:\/\/psol50.org.br\/rest\/wp\/v2\/categories?post=3300"},{"taxonomy":"post_tag","embeddable":true,"href":"https:\/\/psol50.org.br\/rest\/wp\/v2\/tags?post=3300"}],"curies":[{"name":"wp","href":"https:\/\/api.w.org\/{rel}","templated":true}]}}