{"id":3308,"date":"2015-06-18T00:00:00","date_gmt":"2015-06-18T14:46:09","guid":{"rendered":"http:\/\/psol50.org.br\/arquivo\/2015\/06\/18\/o-fator-previdenciario-penaliza-particularmente-os-pobres\/"},"modified":"2015-06-18T00:00:00","modified_gmt":"2015-06-18T14:46:09","slug":"o-fator-previdenciario-penaliza-particularmente-os-pobres","status":"publish","type":"post","link":"https:\/\/psol50.org.br\/o-fator-previdenciario-penaliza-particularmente-os-pobres\/","title":{"rendered":"\u201cO fator previdenci\u00e1rio penaliza particularmente os pobres\u201d"},"content":{"rendered":"<p>\n\t<span style=\"font-family:arial,helvetica,sans-serif;\"><span style=\"font-size: 12px;\">O deputado Ivan Valente (PSOL\/SP) criticou nesta quarta-feira (17\/06) no plen\u00e1rio da C\u00e2mara, o veto da presidenta Dilma Rousseff ao dispositivo aprovado no Congresso que derrubou o fator previdenci\u00e1rio.<\/p>\n<p>\t\u201cO fator previdenci\u00e1rio, aprovado durante o governo FHC, foi um dos mecanismos mais perversos j\u00e1 cometidos contra os trabalhadores brasileiros, com retirada de direitos inalien\u00e1veis. O fator penaliza particularmente os pobres, que come\u00e7am a trabalhar muito cedo, e que foram obrigados a trabalhar muito mais ou se aposentar ganhando muito menos\u201d, afirmou Ivan Valente.<\/p>\n<p>\tIvan ressalta que \u00e9 absurdo o trabalhador ser penalizado mais uma vez. \u201cQuem paga a conta novamente \u00e9 o trabalhador, a corda arrebenta sempre do lado mais fraco. N\u00e3o podemos admitir esse veto. Quem tem que pagar a conta s\u00e3o os ricos com a taxa\u00e7\u00e3o das grandes fortunas, auditoria da d\u00edvida p\u00fablica com seus contratos fraudulentos, reforma tribut\u00e1ria progressiva, quem tem mais paga mais. Enquanto se retira os direitos dos trabalhadores, se d\u00e1 mais dinheiro para os ricos e se concentra mais a renda no topo da pir\u00e2mide\u201d, denunciou.<\/span><\/span><\/p>\n<p>\tAo anunciar ontem o veto, o Pal\u00e1cio do Planalto tamb\u00e9m informou que a presidente Dilma editou uma medida provis\u00f3ria com uma proposta alternativa. A f\u00f3rmula 85\/95 significa que o trabalhador pode se aposentar quando a soma da idade e tempo de contribui\u00e7\u00e3o for 85, no caso das mulheres, e 95, no caso dos homens. O tempo m\u00ednimo de contribui\u00e7\u00e3o para elas \u00e9 de 30 anos e, para eles, de 35 anos. Com a MP 676, a partir de 2017, entra mais um valor nesse c\u00e1lculo, que aumenta com o passar dos anos. Em 2017, por exemplo, mulheres precisar\u00e3o de 86 pontos e homens, de 96 \u2013 ou seja, h\u00e1 a soma de um ponto. Em 2022, ser\u00e3o 5 pontos a mais, aumentando, com isso, a idade para a pessoa que quiser se aposentar com o valor integral de seu sal\u00e1rio.<\/p>\n<p>Assista <a href=\"http:\/\/www.psol50.org.br\/site\/videos\/176\/o-fator-previdenciario-penaliza-particularmente-os-pobres?iframe=true&amp;width=820&amp;height=380\">aqui<\/a> a fala do deputado Ivan Valente.<\/p>\n","protected":false},"excerpt":{"rendered":"<p>O deputado Ivan Valente (PSOL\/SP) criticou nesta quarta-feira (17\/06) no plen\u00e1rio da C\u00e2mara, o veto da presidenta Dilma Rousseff ao dispositivo aprovado no Congresso que derrubou o fator previdenci\u00e1rio. \u201cO fator previdenci\u00e1rio, aprovado durante o governo FHC, foi um dos mecanismos mais perversos j\u00e1 cometidos contra os trabalhadores brasileiros, com retirada de direitos inalien\u00e1veis. O [&hellip;]<\/p>\n","protected":false},"author":2,"featured_media":0,"comment_status":"open","ping_status":"open","sticky":false,"template":"","format":"standard","meta":{"_acf_changed":false,"footnotes":""},"categories":[10,6],"tags":[],"class_list":{"0":"post-3308","1":"post","2":"type-post","3":"status-publish","4":"format-standard","6":"category-acao-parlamentares","7":"category-noticias"},"acf":[],"yoast_head":"<!-- This site is optimized with the Yoast SEO plugin v26.5 - https:\/\/yoast.com\/wordpress\/plugins\/seo\/ -->\n<title>\u201cO fator previdenci\u00e1rio penaliza particularmente os pobres\u201d - PSOL 50<\/title>\n<meta name=\"robots\" content=\"index, follow, max-snippet:-1, max-image-preview:large, max-video-preview:-1\" \/>\n<link rel=\"canonical\" href=\"https:\/\/psol50.org.br\/o-fator-previdenciario-penaliza-particularmente-os-pobres\/\" \/>\n<meta property=\"og:locale\" content=\"pt_BR\" \/>\n<meta property=\"og:type\" content=\"article\" \/>\n<meta property=\"og:title\" content=\"\u201cO fator previdenci\u00e1rio penaliza particularmente os pobres\u201d - PSOL 50\" \/>\n<meta property=\"og:description\" content=\"O deputado Ivan Valente (PSOL\/SP) criticou nesta quarta-feira (17\/06) no plen\u00e1rio da C\u00e2mara, o veto da presidenta Dilma Rousseff ao dispositivo aprovado no Congresso que derrubou o fator previdenci\u00e1rio. \u201cO fator previdenci\u00e1rio, aprovado durante o governo FHC, foi um dos mecanismos mais perversos j\u00e1 cometidos contra os trabalhadores brasileiros, com retirada de direitos inalien\u00e1veis. O [&hellip;]\" \/>\n<meta property=\"og:url\" content=\"https:\/\/psol50.org.br\/o-fator-previdenciario-penaliza-particularmente-os-pobres\/\" \/>\n<meta property=\"og:site_name\" content=\"PSOL 50\" \/>\n<meta property=\"article:publisher\" content=\"https:\/\/www.facebook.com\/psol50\" \/>\n<meta property=\"article:published_time\" content=\"2015-06-18T14:46:09+00:00\" \/>\n<meta property=\"og:image\" content=\"https:\/\/psol50.org.br\/inc\/uploads\/2018\/07\/capa.png\" \/>\n\t<meta property=\"og:image:width\" content=\"1350\" \/>\n\t<meta property=\"og:image:height\" content=\"900\" \/>\n\t<meta property=\"og:image:type\" content=\"image\/png\" \/>\n<meta name=\"author\" content=\"Comunica\u00e7\u00e3o PSOL\" \/>\n<meta name=\"twitter:card\" content=\"summary_large_image\" \/>\n<meta name=\"twitter:creator\" content=\"@psol50\" \/>\n<meta name=\"twitter:site\" content=\"@psol50\" \/>\n<meta name=\"twitter:label1\" content=\"Escrito por\" \/>\n\t<meta name=\"twitter:data1\" content=\"Comunica\u00e7\u00e3o PSOL\" \/>\n\t<meta name=\"twitter:label2\" content=\"Est. tempo de leitura\" \/>\n\t<meta name=\"twitter:data2\" content=\"2 minutos\" \/>\n<script type=\"application\/ld+json\" class=\"yoast-schema-graph\">{\"@context\":\"https:\/\/schema.org\",\"@graph\":[{\"@type\":\"Article\",\"@id\":\"https:\/\/psol50.org.br\/o-fator-previdenciario-penaliza-particularmente-os-pobres\/#article\",\"isPartOf\":{\"@id\":\"https:\/\/psol50.org.br\/o-fator-previdenciario-penaliza-particularmente-os-pobres\/\"},\"author\":{\"name\":\"Comunica\u00e7\u00e3o PSOL\",\"@id\":\"https:\/\/psol50.org.br\/#\/schema\/person\/475dfa57d0b815993c714c2e96491fcd\"},\"headline\":\"\u201cO fator previdenci\u00e1rio penaliza particularmente os pobres\u201d\",\"datePublished\":\"2015-06-18T14:46:09+00:00\",\"mainEntityOfPage\":{\"@id\":\"https:\/\/psol50.org.br\/o-fator-previdenciario-penaliza-particularmente-os-pobres\/\"},\"wordCount\":336,\"commentCount\":0,\"publisher\":{\"@id\":\"https:\/\/psol50.org.br\/#organization\"},\"articleSection\":[\"A\u00e7\u00e3o Parlamentar\",\"Not\u00edcias\"],\"inLanguage\":\"pt-BR\",\"potentialAction\":[{\"@type\":\"CommentAction\",\"name\":\"Comment\",\"target\":[\"https:\/\/psol50.org.br\/o-fator-previdenciario-penaliza-particularmente-os-pobres\/#respond\"]}]},{\"@type\":\"WebPage\",\"@id\":\"https:\/\/psol50.org.br\/o-fator-previdenciario-penaliza-particularmente-os-pobres\/\",\"url\":\"https:\/\/psol50.org.br\/o-fator-previdenciario-penaliza-particularmente-os-pobres\/\",\"name\":\"\u201cO fator previdenci\u00e1rio penaliza particularmente os pobres\u201d - PSOL 50\",\"isPartOf\":{\"@id\":\"https:\/\/psol50.org.br\/#website\"},\"datePublished\":\"2015-06-18T14:46:09+00:00\",\"breadcrumb\":{\"@id\":\"https:\/\/psol50.org.br\/o-fator-previdenciario-penaliza-particularmente-os-pobres\/#breadcrumb\"},\"inLanguage\":\"pt-BR\",\"potentialAction\":[{\"@type\":\"ReadAction\",\"target\":[\"https:\/\/psol50.org.br\/o-fator-previdenciario-penaliza-particularmente-os-pobres\/\"]}]},{\"@type\":\"BreadcrumbList\",\"@id\":\"https:\/\/psol50.org.br\/o-fator-previdenciario-penaliza-particularmente-os-pobres\/#breadcrumb\",\"itemListElement\":[{\"@type\":\"ListItem\",\"position\":1,\"name\":\"In\u00edcio\",\"item\":\"https:\/\/psol50.org.br\/\"},{\"@type\":\"ListItem\",\"position\":2,\"name\":\"\u201cO fator previdenci\u00e1rio penaliza particularmente os pobres\u201d\"}]},{\"@type\":\"WebSite\",\"@id\":\"https:\/\/psol50.org.br\/#website\",\"url\":\"https:\/\/psol50.org.br\/\",\"name\":\"PSOL 50\",\"description\":\"Site oficial do Partido Socialismo e Liberdade\",\"publisher\":{\"@id\":\"https:\/\/psol50.org.br\/#organization\"},\"alternateName\":\"PSOL50\",\"potentialAction\":[{\"@type\":\"SearchAction\",\"target\":{\"@type\":\"EntryPoint\",\"urlTemplate\":\"https:\/\/psol50.org.br\/?s={search_term_string}\"},\"query-input\":{\"@type\":\"PropertyValueSpecification\",\"valueRequired\":true,\"valueName\":\"search_term_string\"}}],\"inLanguage\":\"pt-BR\"},{\"@type\":\"Organization\",\"@id\":\"https:\/\/psol50.org.br\/#organization\",\"name\":\"PSOL 50\",\"alternateName\":\"PSOL 50\",\"url\":\"https:\/\/psol50.org.br\/\",\"logo\":{\"@type\":\"ImageObject\",\"inLanguage\":\"pt-BR\",\"@id\":\"https:\/\/psol50.org.br\/#\/schema\/logo\/image\/\",\"url\":\"https:\/\/psol50.org.br\/inc\/uploads\/2018\/07\/capa.png\",\"contentUrl\":\"https:\/\/psol50.org.br\/inc\/uploads\/2018\/07\/capa.png\",\"width\":1350,\"height\":900,\"caption\":\"PSOL 50\"},\"image\":{\"@id\":\"https:\/\/psol50.org.br\/#\/schema\/logo\/image\/\"},\"sameAs\":[\"https:\/\/www.facebook.com\/psol50\",\"https:\/\/x.com\/psol50\",\"https:\/\/www.instagram.com\/psol50\/\",\"https:\/\/www.youtube.com\/channel\/UC7SnJS5o1os7a6CaiNabzcg\"]},{\"@type\":\"Person\",\"@id\":\"https:\/\/psol50.org.br\/#\/schema\/person\/475dfa57d0b815993c714c2e96491fcd\",\"name\":\"Comunica\u00e7\u00e3o PSOL\",\"image\":{\"@type\":\"ImageObject\",\"inLanguage\":\"pt-BR\",\"@id\":\"https:\/\/psol50.org.br\/#\/schema\/person\/image\/\",\"url\":\"https:\/\/secure.gravatar.com\/avatar\/b34fc4f4e468a4e51785917065a3db57b841f5c95dba6ad8c73aaf8f66f8f9bf?s=96&d=mm&r=g\",\"contentUrl\":\"https:\/\/secure.gravatar.com\/avatar\/b34fc4f4e468a4e51785917065a3db57b841f5c95dba6ad8c73aaf8f66f8f9bf?s=96&d=mm&r=g\",\"caption\":\"Comunica\u00e7\u00e3o PSOL\"}}]}<\/script>\n<!-- \/ Yoast SEO plugin. -->","yoast_head_json":{"title":"\u201cO fator previdenci\u00e1rio penaliza particularmente os pobres\u201d - PSOL 50","robots":{"index":"index","follow":"follow","max-snippet":"max-snippet:-1","max-image-preview":"max-image-preview:large","max-video-preview":"max-video-preview:-1"},"canonical":"https:\/\/psol50.org.br\/o-fator-previdenciario-penaliza-particularmente-os-pobres\/","og_locale":"pt_BR","og_type":"article","og_title":"\u201cO fator previdenci\u00e1rio penaliza particularmente os pobres\u201d - PSOL 50","og_description":"O deputado Ivan Valente (PSOL\/SP) criticou nesta quarta-feira (17\/06) no plen\u00e1rio da C\u00e2mara, o veto da presidenta Dilma Rousseff ao dispositivo aprovado no Congresso que derrubou o fator previdenci\u00e1rio. \u201cO fator previdenci\u00e1rio, aprovado durante o governo FHC, foi um dos mecanismos mais perversos j\u00e1 cometidos contra os trabalhadores brasileiros, com retirada de direitos inalien\u00e1veis. O [&hellip;]","og_url":"https:\/\/psol50.org.br\/o-fator-previdenciario-penaliza-particularmente-os-pobres\/","og_site_name":"PSOL 50","article_publisher":"https:\/\/www.facebook.com\/psol50","article_published_time":"2015-06-18T14:46:09+00:00","og_image":[{"width":1350,"height":900,"url":"https:\/\/psol50.org.br\/inc\/uploads\/2018\/07\/capa.png","type":"image\/png"}],"author":"Comunica\u00e7\u00e3o PSOL","twitter_card":"summary_large_image","twitter_creator":"@psol50","twitter_site":"@psol50","twitter_misc":{"Escrito por":"Comunica\u00e7\u00e3o PSOL","Est. tempo de leitura":"2 minutos"},"schema":{"@context":"https:\/\/schema.org","@graph":[{"@type":"Article","@id":"https:\/\/psol50.org.br\/o-fator-previdenciario-penaliza-particularmente-os-pobres\/#article","isPartOf":{"@id":"https:\/\/psol50.org.br\/o-fator-previdenciario-penaliza-particularmente-os-pobres\/"},"author":{"name":"Comunica\u00e7\u00e3o PSOL","@id":"https:\/\/psol50.org.br\/#\/schema\/person\/475dfa57d0b815993c714c2e96491fcd"},"headline":"\u201cO fator previdenci\u00e1rio penaliza particularmente os pobres\u201d","datePublished":"2015-06-18T14:46:09+00:00","mainEntityOfPage":{"@id":"https:\/\/psol50.org.br\/o-fator-previdenciario-penaliza-particularmente-os-pobres\/"},"wordCount":336,"commentCount":0,"publisher":{"@id":"https:\/\/psol50.org.br\/#organization"},"articleSection":["A\u00e7\u00e3o Parlamentar","Not\u00edcias"],"inLanguage":"pt-BR","potentialAction":[{"@type":"CommentAction","name":"Comment","target":["https:\/\/psol50.org.br\/o-fator-previdenciario-penaliza-particularmente-os-pobres\/#respond"]}]},{"@type":"WebPage","@id":"https:\/\/psol50.org.br\/o-fator-previdenciario-penaliza-particularmente-os-pobres\/","url":"https:\/\/psol50.org.br\/o-fator-previdenciario-penaliza-particularmente-os-pobres\/","name":"\u201cO fator previdenci\u00e1rio penaliza particularmente os pobres\u201d - PSOL 50","isPartOf":{"@id":"https:\/\/psol50.org.br\/#website"},"datePublished":"2015-06-18T14:46:09+00:00","breadcrumb":{"@id":"https:\/\/psol50.org.br\/o-fator-previdenciario-penaliza-particularmente-os-pobres\/#breadcrumb"},"inLanguage":"pt-BR","potentialAction":[{"@type":"ReadAction","target":["https:\/\/psol50.org.br\/o-fator-previdenciario-penaliza-particularmente-os-pobres\/"]}]},{"@type":"BreadcrumbList","@id":"https:\/\/psol50.org.br\/o-fator-previdenciario-penaliza-particularmente-os-pobres\/#breadcrumb","itemListElement":[{"@type":"ListItem","position":1,"name":"In\u00edcio","item":"https:\/\/psol50.org.br\/"},{"@type":"ListItem","position":2,"name":"\u201cO fator previdenci\u00e1rio penaliza particularmente os pobres\u201d"}]},{"@type":"WebSite","@id":"https:\/\/psol50.org.br\/#website","url":"https:\/\/psol50.org.br\/","name":"PSOL 50","description":"Site oficial do Partido Socialismo e Liberdade","publisher":{"@id":"https:\/\/psol50.org.br\/#organization"},"alternateName":"PSOL50","potentialAction":[{"@type":"SearchAction","target":{"@type":"EntryPoint","urlTemplate":"https:\/\/psol50.org.br\/?s={search_term_string}"},"query-input":{"@type":"PropertyValueSpecification","valueRequired":true,"valueName":"search_term_string"}}],"inLanguage":"pt-BR"},{"@type":"Organization","@id":"https:\/\/psol50.org.br\/#organization","name":"PSOL 50","alternateName":"PSOL 50","url":"https:\/\/psol50.org.br\/","logo":{"@type":"ImageObject","inLanguage":"pt-BR","@id":"https:\/\/psol50.org.br\/#\/schema\/logo\/image\/","url":"https:\/\/psol50.org.br\/inc\/uploads\/2018\/07\/capa.png","contentUrl":"https:\/\/psol50.org.br\/inc\/uploads\/2018\/07\/capa.png","width":1350,"height":900,"caption":"PSOL 50"},"image":{"@id":"https:\/\/psol50.org.br\/#\/schema\/logo\/image\/"},"sameAs":["https:\/\/www.facebook.com\/psol50","https:\/\/x.com\/psol50","https:\/\/www.instagram.com\/psol50\/","https:\/\/www.youtube.com\/channel\/UC7SnJS5o1os7a6CaiNabzcg"]},{"@type":"Person","@id":"https:\/\/psol50.org.br\/#\/schema\/person\/475dfa57d0b815993c714c2e96491fcd","name":"Comunica\u00e7\u00e3o PSOL","image":{"@type":"ImageObject","inLanguage":"pt-BR","@id":"https:\/\/psol50.org.br\/#\/schema\/person\/image\/","url":"https:\/\/secure.gravatar.com\/avatar\/b34fc4f4e468a4e51785917065a3db57b841f5c95dba6ad8c73aaf8f66f8f9bf?s=96&d=mm&r=g","contentUrl":"https:\/\/secure.gravatar.com\/avatar\/b34fc4f4e468a4e51785917065a3db57b841f5c95dba6ad8c73aaf8f66f8f9bf?s=96&d=mm&r=g","caption":"Comunica\u00e7\u00e3o PSOL"}}]}},"_links":{"self":[{"href":"https:\/\/psol50.org.br\/rest\/wp\/v2\/posts\/3308","targetHints":{"allow":["GET"]}}],"collection":[{"href":"https:\/\/psol50.org.br\/rest\/wp\/v2\/posts"}],"about":[{"href":"https:\/\/psol50.org.br\/rest\/wp\/v2\/types\/post"}],"author":[{"embeddable":true,"href":"https:\/\/psol50.org.br\/rest\/wp\/v2\/users\/2"}],"replies":[{"embeddable":true,"href":"https:\/\/psol50.org.br\/rest\/wp\/v2\/comments?post=3308"}],"version-history":[{"count":0,"href":"https:\/\/psol50.org.br\/rest\/wp\/v2\/posts\/3308\/revisions"}],"wp:attachment":[{"href":"https:\/\/psol50.org.br\/rest\/wp\/v2\/media?parent=3308"}],"wp:term":[{"taxonomy":"category","embeddable":true,"href":"https:\/\/psol50.org.br\/rest\/wp\/v2\/categories?post=3308"},{"taxonomy":"post_tag","embeddable":true,"href":"https:\/\/psol50.org.br\/rest\/wp\/v2\/tags?post=3308"}],"curies":[{"name":"wp","href":"https:\/\/api.w.org\/{rel}","templated":true}]}}