{"id":33097,"date":"2021-07-23T17:25:46","date_gmt":"2021-07-23T20:25:46","guid":{"rendered":"https:\/\/psol50.org.br\/?p=33097"},"modified":"2021-07-23T17:25:46","modified_gmt":"2021-07-23T20:25:46","slug":"psol-aciona-justica-em-sao-paulo-contra-cargo-comissionado-de-r-13-mil-aprovado-na-capital","status":"publish","type":"post","link":"https:\/\/psol50.org.br\/psol-aciona-justica-em-sao-paulo-contra-cargo-comissionado-de-r-13-mil-aprovado-na-capital\/","title":{"rendered":"PSOL aciona Justi\u00e7a em S\u00e3o Paulo contra cargo comissionado de R$ 13 mil aprovado na capital"},"content":{"rendered":"<p><a href=\"https:\/\/psol50.org.br\/psolcontraafome\/\" target=\"_blank\" rel=\"noopener\"><img loading=\"lazy\" decoding=\"async\" class=\"size-full wp-image-32462 aligncenter\" src=\"https:\/\/psol50.org.br\/inc\/uploads\/2021\/04\/PSOLContraAFome_Variacoes_Email.png\" alt=\"\" width=\"811\" height=\"189\" srcset=\"https:\/\/psol50.org.br\/inc\/uploads\/2021\/04\/PSOLContraAFome_Variacoes_Email.png 811w, https:\/\/psol50.org.br\/inc\/uploads\/2021\/04\/PSOLContraAFome_Variacoes_Email-300x70.png 300w, https:\/\/psol50.org.br\/inc\/uploads\/2021\/04\/PSOLContraAFome_Variacoes_Email-768x179.png 768w, https:\/\/psol50.org.br\/inc\/uploads\/2021\/04\/PSOLContraAFome_Variacoes_Email-150x35.png 150w, https:\/\/psol50.org.br\/inc\/uploads\/2021\/04\/PSOLContraAFome_Variacoes_Email-696x162.png 696w\" sizes=\"auto, (max-width: 811px) 100vw, 811px\" \/><\/a><\/p>\n<p>O PSOL entrou nesta semana com uma ADI (A\u00e7\u00e3o Direta de Inconstitucionalidade) no TJ-SP (Tribunal de Justi\u00e7a de S\u00e3o Paulo) contra uma lei sancionada pelo prefeito da capital de S\u00e3o Paulo, Ricardo Nunes (MDB), que cria cargos de gestores para \u00e1rea da Educa\u00e7\u00e3o. O documento \u00e9 encabe\u00e7ado pelo vereador do partido Celso Gianazzi.<\/p>\n<p>Lei municipal criou cinco cargos de subsecret\u00e1rios e outros dez de assessores de gest\u00e3o da Educa\u00e7\u00e3o. Al\u00e9m de n\u00e3o exigir forma\u00e7\u00e3o ou experi\u00eancia na \u00e1rea, os cargos s\u00e3o comissionados e t\u00eam uma remunera\u00e7\u00e3o de R$ 10.444,87 e R$ 13.056,09 por m\u00eas. O PL foi aprovado pelos vereadores e sancionado pela gest\u00e3o hoje.<\/p>\n<p>No documento enviado ao TJ, o PSOL aponta que j\u00e1 existem cargos com essas fun\u00e7\u00f5es &#8220;previstos em or\u00e7amento municipal e de provimento por concurso p\u00fablico&#8221;.<\/p>\n<p>Para o partido, os cargos s\u00e3o &#8220;burocr\u00e1ticos, t\u00e9cnicos e operacionais&#8221;. &#8220;Ser\u00e3o ocupados por servidores condicionados \u00e0 execu\u00e7\u00e3o de programas normativos e n\u00e3o final\u00edsticos, portanto, sem o requisito de necess\u00e1ria rela\u00e7\u00e3o de confian\u00e7a com a autoridade superior ou de seu car\u00e1ter transit\u00f3rio&#8221;, explica o documento.<\/p>\n<p>Al\u00e9m disso, o partido argumenta que os novos cargos trariam um custo mensal de mais de R$ 210 mil aos cofres p\u00fablicos. &#8220;Basta ser amigo do secret\u00e1rio ou do prefeito e o cargo j\u00e1 est\u00e1 \u00e0 sua disposi\u00e7\u00e3o. \u00c9 o fim da implementa\u00e7\u00e3o da pol\u00edtica p\u00fablica de Estado, teremos a pol\u00edtica da conveni\u00eancia do gestor de plant\u00e3o&#8221;, criticou Gianazzi.<\/p>\n<p><a href=\"https:\/\/psol50.org.br\/rendajusta\/\" target=\"_blank\" rel=\"noopener\"><img loading=\"lazy\" decoding=\"async\" class=\"alignnone size-full wp-image-30552\" src=\"https:\/\/psol50.org.br\/inc\/uploads\/2020\/08\/21-08-2020_LancamentoRendaJusta-2.png\" alt=\"\" width=\"1920\" height=\"383\" srcset=\"https:\/\/psol50.org.br\/inc\/uploads\/2020\/08\/21-08-2020_LancamentoRendaJusta-2.png 1920w, https:\/\/psol50.org.br\/inc\/uploads\/2020\/08\/21-08-2020_LancamentoRendaJusta-2-300x60.png 300w, https:\/\/psol50.org.br\/inc\/uploads\/2020\/08\/21-08-2020_LancamentoRendaJusta-2-1024x204.png 1024w, https:\/\/psol50.org.br\/inc\/uploads\/2020\/08\/21-08-2020_LancamentoRendaJusta-2-768x153.png 768w, https:\/\/psol50.org.br\/inc\/uploads\/2020\/08\/21-08-2020_LancamentoRendaJusta-2-1536x306.png 1536w, https:\/\/psol50.org.br\/inc\/uploads\/2020\/08\/21-08-2020_LancamentoRendaJusta-2-150x30.png 150w, https:\/\/psol50.org.br\/inc\/uploads\/2020\/08\/21-08-2020_LancamentoRendaJusta-2-696x139.png 696w, https:\/\/psol50.org.br\/inc\/uploads\/2020\/08\/21-08-2020_LancamentoRendaJusta-2-1068x213.png 1068w\" sizes=\"auto, (max-width: 1920px) 100vw, 1920px\" \/><\/a><\/p>\n","protected":false},"excerpt":{"rendered":"<p>O PSOL entrou nesta semana com uma ADI (A\u00e7\u00e3o Direta de Inconstitucionalidade) no TJ-SP (Tribunal de Justi\u00e7a de S\u00e3o Paulo) contra uma lei sancionada pelo prefeito da capital de S\u00e3o Paulo, Ricardo Nunes (MDB), que cria cargos de gestores para \u00e1rea da Educa\u00e7\u00e3o. O documento \u00e9 encabe\u00e7ado pelo vereador do partido Celso Gianazzi. Lei municipal [&hellip;]<\/p>\n","protected":false},"author":2,"featured_media":33098,"comment_status":"closed","ping_status":"open","sticky":false,"template":"","format":"standard","meta":{"_acf_changed":false,"footnotes":""},"categories":[10,654,6],"tags":[5016,164,54,22,117],"class_list":{"0":"post-33097","1":"post","2":"type-post","3":"status-publish","4":"format-standard","5":"has-post-thumbnail","7":"category-acao-parlamentares","8":"category-estados","9":"category-noticias","10":"tag-celso-giannazi","11":"tag-educacao","12":"tag-justica","13":"tag-psol","14":"tag-sao-paulo"},"acf":[],"yoast_head":"<!-- This site is optimized with the Yoast SEO plugin v26.5 - https:\/\/yoast.com\/wordpress\/plugins\/seo\/ -->\n<title>PSOL aciona Justi\u00e7a em S\u00e3o Paulo contra cargo comissionado de R$ 13 mil aprovado na capital<\/title>\n<meta name=\"description\" content=\"No documento enviado ao TJ, o PSOL aponta que j\u00e1 existem cargos com essas fun\u00e7\u00f5es &quot;previstos em or\u00e7amento municipal e de provimento por concurso p\u00fablico&quot;.\" \/>\n<meta name=\"robots\" content=\"index, follow, max-snippet:-1, max-image-preview:large, max-video-preview:-1\" \/>\n<link rel=\"canonical\" href=\"https:\/\/psol50.org.br\/psol-aciona-justica-em-sao-paulo-contra-cargo-comissionado-de-r-13-mil-aprovado-na-capital\/\" \/>\n<meta property=\"og:locale\" content=\"pt_BR\" \/>\n<meta property=\"og:type\" content=\"article\" \/>\n<meta property=\"og:title\" content=\"PSOL aciona Justi\u00e7a em S\u00e3o Paulo contra cargo comissionado de R$ 13 mil aprovado na capital\" \/>\n<meta property=\"og:description\" content=\"No documento enviado ao TJ, o PSOL aponta que j\u00e1 existem cargos com essas fun\u00e7\u00f5es &quot;previstos em or\u00e7amento municipal e de provimento por concurso p\u00fablico&quot;.\" \/>\n<meta property=\"og:url\" content=\"https:\/\/psol50.org.br\/psol-aciona-justica-em-sao-paulo-contra-cargo-comissionado-de-r-13-mil-aprovado-na-capital\/\" \/>\n<meta property=\"og:site_name\" content=\"PSOL 50\" \/>\n<meta property=\"article:publisher\" content=\"https:\/\/www.facebook.com\/psol50\" \/>\n<meta property=\"article:published_time\" content=\"2021-07-23T20:25:46+00:00\" \/>\n<meta property=\"og:image\" content=\"https:\/\/psol50.org.br\/inc\/uploads\/2021\/07\/x92716344_O-prefeito-Bruno-Covas-PSDB-o-vice-prefeito-Ricardo-Nunes-MDB-e-os-vereadores-eleitos-em-Sa.jpg.pagespeed.ic_.xuSlbaJx30.jpg\" \/>\n\t<meta property=\"og:image:width\" content=\"1086\" \/>\n\t<meta property=\"og:image:height\" content=\"652\" \/>\n\t<meta property=\"og:image:type\" content=\"image\/jpeg\" \/>\n<meta name=\"author\" content=\"Comunica\u00e7\u00e3o PSOL\" \/>\n<meta name=\"twitter:card\" content=\"summary_large_image\" \/>\n<meta name=\"twitter:title\" content=\"PSOL aciona Justi\u00e7a em S\u00e3o Paulo contra cargo comissionado de R$ 13 mil aprovado na capital\" \/>\n<meta name=\"twitter:description\" content=\"No documento enviado ao TJ, o PSOL aponta que j\u00e1 existem cargos com essas fun\u00e7\u00f5es &quot;previstos em or\u00e7amento municipal e de provimento por concurso p\u00fablico&quot;.\" \/>\n<meta name=\"twitter:image\" content=\"https:\/\/psol50.org.br\/inc\/uploads\/2021\/07\/x92716344_O-prefeito-Bruno-Covas-PSDB-o-vice-prefeito-Ricardo-Nunes-MDB-e-os-vereadores-eleitos-em-Sa.jpg.pagespeed.ic_.xuSlbaJx30.jpg\" \/>\n<meta name=\"twitter:creator\" content=\"@psol50\" \/>\n<meta name=\"twitter:site\" content=\"@psol50\" \/>\n<meta name=\"twitter:label1\" content=\"Escrito por\" \/>\n\t<meta name=\"twitter:data1\" content=\"Comunica\u00e7\u00e3o PSOL\" \/>\n\t<meta name=\"twitter:label2\" content=\"Est. tempo de leitura\" \/>\n\t<meta name=\"twitter:data2\" content=\"2 minutos\" \/>\n<script type=\"application\/ld+json\" class=\"yoast-schema-graph\">{\"@context\":\"https:\/\/schema.org\",\"@graph\":[{\"@type\":\"Article\",\"@id\":\"https:\/\/psol50.org.br\/psol-aciona-justica-em-sao-paulo-contra-cargo-comissionado-de-r-13-mil-aprovado-na-capital\/#article\",\"isPartOf\":{\"@id\":\"https:\/\/psol50.org.br\/psol-aciona-justica-em-sao-paulo-contra-cargo-comissionado-de-r-13-mil-aprovado-na-capital\/\"},\"author\":{\"name\":\"Comunica\u00e7\u00e3o PSOL\",\"@id\":\"https:\/\/psol50.org.br\/#\/schema\/person\/475dfa57d0b815993c714c2e96491fcd\"},\"headline\":\"PSOL aciona Justi\u00e7a em S\u00e3o Paulo contra cargo comissionado de R$ 13 mil aprovado na capital\",\"datePublished\":\"2021-07-23T20:25:46+00:00\",\"mainEntityOfPage\":{\"@id\":\"https:\/\/psol50.org.br\/psol-aciona-justica-em-sao-paulo-contra-cargo-comissionado-de-r-13-mil-aprovado-na-capital\/\"},\"wordCount\":286,\"publisher\":{\"@id\":\"https:\/\/psol50.org.br\/#organization\"},\"image\":{\"@id\":\"https:\/\/psol50.org.br\/psol-aciona-justica-em-sao-paulo-contra-cargo-comissionado-de-r-13-mil-aprovado-na-capital\/#primaryimage\"},\"thumbnailUrl\":\"https:\/\/psol50.org.br\/inc\/uploads\/2021\/07\/x92716344_O-prefeito-Bruno-Covas-PSDB-o-vice-prefeito-Ricardo-Nunes-MDB-e-os-vereadores-eleitos-em-Sa.jpg.pagespeed.ic_.xuSlbaJx30.jpg\",\"keywords\":[\"Celso Giannazi\",\"Educa\u00e7\u00e3o\",\"justi\u00e7a\",\"PSOL\",\"S\u00e3o Paulo\"],\"articleSection\":[\"A\u00e7\u00e3o Parlamentar\",\"Estados\",\"Not\u00edcias\"],\"inLanguage\":\"pt-BR\"},{\"@type\":\"WebPage\",\"@id\":\"https:\/\/psol50.org.br\/psol-aciona-justica-em-sao-paulo-contra-cargo-comissionado-de-r-13-mil-aprovado-na-capital\/\",\"url\":\"https:\/\/psol50.org.br\/psol-aciona-justica-em-sao-paulo-contra-cargo-comissionado-de-r-13-mil-aprovado-na-capital\/\",\"name\":\"PSOL aciona Justi\u00e7a em S\u00e3o Paulo contra cargo comissionado de R$ 13 mil aprovado na capital\",\"isPartOf\":{\"@id\":\"https:\/\/psol50.org.br\/#website\"},\"primaryImageOfPage\":{\"@id\":\"https:\/\/psol50.org.br\/psol-aciona-justica-em-sao-paulo-contra-cargo-comissionado-de-r-13-mil-aprovado-na-capital\/#primaryimage\"},\"image\":{\"@id\":\"https:\/\/psol50.org.br\/psol-aciona-justica-em-sao-paulo-contra-cargo-comissionado-de-r-13-mil-aprovado-na-capital\/#primaryimage\"},\"thumbnailUrl\":\"https:\/\/psol50.org.br\/inc\/uploads\/2021\/07\/x92716344_O-prefeito-Bruno-Covas-PSDB-o-vice-prefeito-Ricardo-Nunes-MDB-e-os-vereadores-eleitos-em-Sa.jpg.pagespeed.ic_.xuSlbaJx30.jpg\",\"datePublished\":\"2021-07-23T20:25:46+00:00\",\"description\":\"No documento enviado ao TJ, o PSOL aponta que j\u00e1 existem cargos com essas fun\u00e7\u00f5es \\\"previstos em or\u00e7amento municipal e de provimento por concurso p\u00fablico\\\".\",\"breadcrumb\":{\"@id\":\"https:\/\/psol50.org.br\/psol-aciona-justica-em-sao-paulo-contra-cargo-comissionado-de-r-13-mil-aprovado-na-capital\/#breadcrumb\"},\"inLanguage\":\"pt-BR\",\"potentialAction\":[{\"@type\":\"ReadAction\",\"target\":[\"https:\/\/psol50.org.br\/psol-aciona-justica-em-sao-paulo-contra-cargo-comissionado-de-r-13-mil-aprovado-na-capital\/\"]}]},{\"@type\":\"ImageObject\",\"inLanguage\":\"pt-BR\",\"@id\":\"https:\/\/psol50.org.br\/psol-aciona-justica-em-sao-paulo-contra-cargo-comissionado-de-r-13-mil-aprovado-na-capital\/#primaryimage\",\"url\":\"https:\/\/psol50.org.br\/inc\/uploads\/2021\/07\/x92716344_O-prefeito-Bruno-Covas-PSDB-o-vice-prefeito-Ricardo-Nunes-MDB-e-os-vereadores-eleitos-em-Sa.jpg.pagespeed.ic_.xuSlbaJx30.jpg\",\"contentUrl\":\"https:\/\/psol50.org.br\/inc\/uploads\/2021\/07\/x92716344_O-prefeito-Bruno-Covas-PSDB-o-vice-prefeito-Ricardo-Nunes-MDB-e-os-vereadores-eleitos-em-Sa.jpg.pagespeed.ic_.xuSlbaJx30.jpg\",\"width\":1086,\"height\":652},{\"@type\":\"BreadcrumbList\",\"@id\":\"https:\/\/psol50.org.br\/psol-aciona-justica-em-sao-paulo-contra-cargo-comissionado-de-r-13-mil-aprovado-na-capital\/#breadcrumb\",\"itemListElement\":[{\"@type\":\"ListItem\",\"position\":1,\"name\":\"In\u00edcio\",\"item\":\"https:\/\/psol50.org.br\/\"},{\"@type\":\"ListItem\",\"position\":2,\"name\":\"PSOL aciona Justi\u00e7a em S\u00e3o Paulo contra cargo comissionado de R$ 13 mil aprovado na capital\"}]},{\"@type\":\"WebSite\",\"@id\":\"https:\/\/psol50.org.br\/#website\",\"url\":\"https:\/\/psol50.org.br\/\",\"name\":\"PSOL 50\",\"description\":\"Site oficial do Partido Socialismo e Liberdade\",\"publisher\":{\"@id\":\"https:\/\/psol50.org.br\/#organization\"},\"alternateName\":\"PSOL50\",\"potentialAction\":[{\"@type\":\"SearchAction\",\"target\":{\"@type\":\"EntryPoint\",\"urlTemplate\":\"https:\/\/psol50.org.br\/?s={search_term_string}\"},\"query-input\":{\"@type\":\"PropertyValueSpecification\",\"valueRequired\":true,\"valueName\":\"search_term_string\"}}],\"inLanguage\":\"pt-BR\"},{\"@type\":\"Organization\",\"@id\":\"https:\/\/psol50.org.br\/#organization\",\"name\":\"PSOL 50\",\"alternateName\":\"PSOL 50\",\"url\":\"https:\/\/psol50.org.br\/\",\"logo\":{\"@type\":\"ImageObject\",\"inLanguage\":\"pt-BR\",\"@id\":\"https:\/\/psol50.org.br\/#\/schema\/logo\/image\/\",\"url\":\"https:\/\/psol50.org.br\/inc\/uploads\/2018\/07\/capa.png\",\"contentUrl\":\"https:\/\/psol50.org.br\/inc\/uploads\/2018\/07\/capa.png\",\"width\":1350,\"height\":900,\"caption\":\"PSOL 50\"},\"image\":{\"@id\":\"https:\/\/psol50.org.br\/#\/schema\/logo\/image\/\"},\"sameAs\":[\"https:\/\/www.facebook.com\/psol50\",\"https:\/\/x.com\/psol50\",\"https:\/\/www.instagram.com\/psol50\/\",\"https:\/\/www.youtube.com\/channel\/UC7SnJS5o1os7a6CaiNabzcg\"]},{\"@type\":\"Person\",\"@id\":\"https:\/\/psol50.org.br\/#\/schema\/person\/475dfa57d0b815993c714c2e96491fcd\",\"name\":\"Comunica\u00e7\u00e3o PSOL\",\"image\":{\"@type\":\"ImageObject\",\"inLanguage\":\"pt-BR\",\"@id\":\"https:\/\/psol50.org.br\/#\/schema\/person\/image\/\",\"url\":\"https:\/\/secure.gravatar.com\/avatar\/b34fc4f4e468a4e51785917065a3db57b841f5c95dba6ad8c73aaf8f66f8f9bf?s=96&d=mm&r=g\",\"contentUrl\":\"https:\/\/secure.gravatar.com\/avatar\/b34fc4f4e468a4e51785917065a3db57b841f5c95dba6ad8c73aaf8f66f8f9bf?s=96&d=mm&r=g\",\"caption\":\"Comunica\u00e7\u00e3o PSOL\"}}]}<\/script>\n<!-- \/ Yoast SEO plugin. -->","yoast_head_json":{"title":"PSOL aciona Justi\u00e7a em S\u00e3o Paulo contra cargo comissionado de R$ 13 mil aprovado na capital","description":"No documento enviado ao TJ, o PSOL aponta que j\u00e1 existem cargos com essas fun\u00e7\u00f5es \"previstos em or\u00e7amento municipal e de provimento por concurso p\u00fablico\".","robots":{"index":"index","follow":"follow","max-snippet":"max-snippet:-1","max-image-preview":"max-image-preview:large","max-video-preview":"max-video-preview:-1"},"canonical":"https:\/\/psol50.org.br\/psol-aciona-justica-em-sao-paulo-contra-cargo-comissionado-de-r-13-mil-aprovado-na-capital\/","og_locale":"pt_BR","og_type":"article","og_title":"PSOL aciona Justi\u00e7a em S\u00e3o Paulo contra cargo comissionado de R$ 13 mil aprovado na capital","og_description":"No documento enviado ao TJ, o PSOL aponta que j\u00e1 existem cargos com essas fun\u00e7\u00f5es \"previstos em or\u00e7amento municipal e de provimento por concurso p\u00fablico\".","og_url":"https:\/\/psol50.org.br\/psol-aciona-justica-em-sao-paulo-contra-cargo-comissionado-de-r-13-mil-aprovado-na-capital\/","og_site_name":"PSOL 50","article_publisher":"https:\/\/www.facebook.com\/psol50","article_published_time":"2021-07-23T20:25:46+00:00","og_image":[{"width":1086,"height":652,"url":"https:\/\/psol50.org.br\/inc\/uploads\/2021\/07\/x92716344_O-prefeito-Bruno-Covas-PSDB-o-vice-prefeito-Ricardo-Nunes-MDB-e-os-vereadores-eleitos-em-Sa.jpg.pagespeed.ic_.xuSlbaJx30.jpg","type":"image\/jpeg"}],"author":"Comunica\u00e7\u00e3o PSOL","twitter_card":"summary_large_image","twitter_title":"PSOL aciona Justi\u00e7a em S\u00e3o Paulo contra cargo comissionado de R$ 13 mil aprovado na capital","twitter_description":"No documento enviado ao TJ, o PSOL aponta que j\u00e1 existem cargos com essas fun\u00e7\u00f5es \"previstos em or\u00e7amento municipal e de provimento por concurso p\u00fablico\".","twitter_image":"https:\/\/psol50.org.br\/inc\/uploads\/2021\/07\/x92716344_O-prefeito-Bruno-Covas-PSDB-o-vice-prefeito-Ricardo-Nunes-MDB-e-os-vereadores-eleitos-em-Sa.jpg.pagespeed.ic_.xuSlbaJx30.jpg","twitter_creator":"@psol50","twitter_site":"@psol50","twitter_misc":{"Escrito por":"Comunica\u00e7\u00e3o PSOL","Est. tempo de leitura":"2 minutos"},"schema":{"@context":"https:\/\/schema.org","@graph":[{"@type":"Article","@id":"https:\/\/psol50.org.br\/psol-aciona-justica-em-sao-paulo-contra-cargo-comissionado-de-r-13-mil-aprovado-na-capital\/#article","isPartOf":{"@id":"https:\/\/psol50.org.br\/psol-aciona-justica-em-sao-paulo-contra-cargo-comissionado-de-r-13-mil-aprovado-na-capital\/"},"author":{"name":"Comunica\u00e7\u00e3o PSOL","@id":"https:\/\/psol50.org.br\/#\/schema\/person\/475dfa57d0b815993c714c2e96491fcd"},"headline":"PSOL aciona Justi\u00e7a em S\u00e3o Paulo contra cargo comissionado de R$ 13 mil aprovado na capital","datePublished":"2021-07-23T20:25:46+00:00","mainEntityOfPage":{"@id":"https:\/\/psol50.org.br\/psol-aciona-justica-em-sao-paulo-contra-cargo-comissionado-de-r-13-mil-aprovado-na-capital\/"},"wordCount":286,"publisher":{"@id":"https:\/\/psol50.org.br\/#organization"},"image":{"@id":"https:\/\/psol50.org.br\/psol-aciona-justica-em-sao-paulo-contra-cargo-comissionado-de-r-13-mil-aprovado-na-capital\/#primaryimage"},"thumbnailUrl":"https:\/\/psol50.org.br\/inc\/uploads\/2021\/07\/x92716344_O-prefeito-Bruno-Covas-PSDB-o-vice-prefeito-Ricardo-Nunes-MDB-e-os-vereadores-eleitos-em-Sa.jpg.pagespeed.ic_.xuSlbaJx30.jpg","keywords":["Celso Giannazi","Educa\u00e7\u00e3o","justi\u00e7a","PSOL","S\u00e3o Paulo"],"articleSection":["A\u00e7\u00e3o Parlamentar","Estados","Not\u00edcias"],"inLanguage":"pt-BR"},{"@type":"WebPage","@id":"https:\/\/psol50.org.br\/psol-aciona-justica-em-sao-paulo-contra-cargo-comissionado-de-r-13-mil-aprovado-na-capital\/","url":"https:\/\/psol50.org.br\/psol-aciona-justica-em-sao-paulo-contra-cargo-comissionado-de-r-13-mil-aprovado-na-capital\/","name":"PSOL aciona Justi\u00e7a em S\u00e3o Paulo contra cargo comissionado de R$ 13 mil aprovado na capital","isPartOf":{"@id":"https:\/\/psol50.org.br\/#website"},"primaryImageOfPage":{"@id":"https:\/\/psol50.org.br\/psol-aciona-justica-em-sao-paulo-contra-cargo-comissionado-de-r-13-mil-aprovado-na-capital\/#primaryimage"},"image":{"@id":"https:\/\/psol50.org.br\/psol-aciona-justica-em-sao-paulo-contra-cargo-comissionado-de-r-13-mil-aprovado-na-capital\/#primaryimage"},"thumbnailUrl":"https:\/\/psol50.org.br\/inc\/uploads\/2021\/07\/x92716344_O-prefeito-Bruno-Covas-PSDB-o-vice-prefeito-Ricardo-Nunes-MDB-e-os-vereadores-eleitos-em-Sa.jpg.pagespeed.ic_.xuSlbaJx30.jpg","datePublished":"2021-07-23T20:25:46+00:00","description":"No documento enviado ao TJ, o PSOL aponta que j\u00e1 existem cargos com essas fun\u00e7\u00f5es \"previstos em or\u00e7amento municipal e de provimento por concurso p\u00fablico\".","breadcrumb":{"@id":"https:\/\/psol50.org.br\/psol-aciona-justica-em-sao-paulo-contra-cargo-comissionado-de-r-13-mil-aprovado-na-capital\/#breadcrumb"},"inLanguage":"pt-BR","potentialAction":[{"@type":"ReadAction","target":["https:\/\/psol50.org.br\/psol-aciona-justica-em-sao-paulo-contra-cargo-comissionado-de-r-13-mil-aprovado-na-capital\/"]}]},{"@type":"ImageObject","inLanguage":"pt-BR","@id":"https:\/\/psol50.org.br\/psol-aciona-justica-em-sao-paulo-contra-cargo-comissionado-de-r-13-mil-aprovado-na-capital\/#primaryimage","url":"https:\/\/psol50.org.br\/inc\/uploads\/2021\/07\/x92716344_O-prefeito-Bruno-Covas-PSDB-o-vice-prefeito-Ricardo-Nunes-MDB-e-os-vereadores-eleitos-em-Sa.jpg.pagespeed.ic_.xuSlbaJx30.jpg","contentUrl":"https:\/\/psol50.org.br\/inc\/uploads\/2021\/07\/x92716344_O-prefeito-Bruno-Covas-PSDB-o-vice-prefeito-Ricardo-Nunes-MDB-e-os-vereadores-eleitos-em-Sa.jpg.pagespeed.ic_.xuSlbaJx30.jpg","width":1086,"height":652},{"@type":"BreadcrumbList","@id":"https:\/\/psol50.org.br\/psol-aciona-justica-em-sao-paulo-contra-cargo-comissionado-de-r-13-mil-aprovado-na-capital\/#breadcrumb","itemListElement":[{"@type":"ListItem","position":1,"name":"In\u00edcio","item":"https:\/\/psol50.org.br\/"},{"@type":"ListItem","position":2,"name":"PSOL aciona Justi\u00e7a em S\u00e3o Paulo contra cargo comissionado de R$ 13 mil aprovado na capital"}]},{"@type":"WebSite","@id":"https:\/\/psol50.org.br\/#website","url":"https:\/\/psol50.org.br\/","name":"PSOL 50","description":"Site oficial do Partido Socialismo e Liberdade","publisher":{"@id":"https:\/\/psol50.org.br\/#organization"},"alternateName":"PSOL50","potentialAction":[{"@type":"SearchAction","target":{"@type":"EntryPoint","urlTemplate":"https:\/\/psol50.org.br\/?s={search_term_string}"},"query-input":{"@type":"PropertyValueSpecification","valueRequired":true,"valueName":"search_term_string"}}],"inLanguage":"pt-BR"},{"@type":"Organization","@id":"https:\/\/psol50.org.br\/#organization","name":"PSOL 50","alternateName":"PSOL 50","url":"https:\/\/psol50.org.br\/","logo":{"@type":"ImageObject","inLanguage":"pt-BR","@id":"https:\/\/psol50.org.br\/#\/schema\/logo\/image\/","url":"https:\/\/psol50.org.br\/inc\/uploads\/2018\/07\/capa.png","contentUrl":"https:\/\/psol50.org.br\/inc\/uploads\/2018\/07\/capa.png","width":1350,"height":900,"caption":"PSOL 50"},"image":{"@id":"https:\/\/psol50.org.br\/#\/schema\/logo\/image\/"},"sameAs":["https:\/\/www.facebook.com\/psol50","https:\/\/x.com\/psol50","https:\/\/www.instagram.com\/psol50\/","https:\/\/www.youtube.com\/channel\/UC7SnJS5o1os7a6CaiNabzcg"]},{"@type":"Person","@id":"https:\/\/psol50.org.br\/#\/schema\/person\/475dfa57d0b815993c714c2e96491fcd","name":"Comunica\u00e7\u00e3o PSOL","image":{"@type":"ImageObject","inLanguage":"pt-BR","@id":"https:\/\/psol50.org.br\/#\/schema\/person\/image\/","url":"https:\/\/secure.gravatar.com\/avatar\/b34fc4f4e468a4e51785917065a3db57b841f5c95dba6ad8c73aaf8f66f8f9bf?s=96&d=mm&r=g","contentUrl":"https:\/\/secure.gravatar.com\/avatar\/b34fc4f4e468a4e51785917065a3db57b841f5c95dba6ad8c73aaf8f66f8f9bf?s=96&d=mm&r=g","caption":"Comunica\u00e7\u00e3o PSOL"}}]}},"_links":{"self":[{"href":"https:\/\/psol50.org.br\/rest\/wp\/v2\/posts\/33097","targetHints":{"allow":["GET"]}}],"collection":[{"href":"https:\/\/psol50.org.br\/rest\/wp\/v2\/posts"}],"about":[{"href":"https:\/\/psol50.org.br\/rest\/wp\/v2\/types\/post"}],"author":[{"embeddable":true,"href":"https:\/\/psol50.org.br\/rest\/wp\/v2\/users\/2"}],"replies":[{"embeddable":true,"href":"https:\/\/psol50.org.br\/rest\/wp\/v2\/comments?post=33097"}],"version-history":[{"count":0,"href":"https:\/\/psol50.org.br\/rest\/wp\/v2\/posts\/33097\/revisions"}],"wp:featuredmedia":[{"embeddable":true,"href":"https:\/\/psol50.org.br\/rest\/wp\/v2\/media\/33098"}],"wp:attachment":[{"href":"https:\/\/psol50.org.br\/rest\/wp\/v2\/media?parent=33097"}],"wp:term":[{"taxonomy":"category","embeddable":true,"href":"https:\/\/psol50.org.br\/rest\/wp\/v2\/categories?post=33097"},{"taxonomy":"post_tag","embeddable":true,"href":"https:\/\/psol50.org.br\/rest\/wp\/v2\/tags?post=33097"}],"curies":[{"name":"wp","href":"https:\/\/api.w.org\/{rel}","templated":true}]}}