{"id":33122,"date":"2014-01-22T00:00:00","date_gmt":"2014-01-22T14:46:32","guid":{"rendered":"http:\/\/psol50.org.br\/arquivo\/2014\/01\/22\/pre-candidato-a-presidencia-pelo-psol-visita-redacoes-de-sao-paulo-e-do-rio-de-janeiro\/"},"modified":"2014-01-22T00:00:00","modified_gmt":"2014-01-22T14:46:32","slug":"pre-candidato-a-presidencia-pelo-psol-visita-redacoes-de-sao-paulo-e-do-rio-de-janeiro","status":"publish","type":"post","link":"https:\/\/psol50.org.br\/pre-candidato-a-presidencia-pelo-psol-visita-redacoes-de-sao-paulo-e-do-rio-de-janeiro\/","title":{"rendered":"Pr\u00e9-candidato \u00e0 Presid\u00eancia pelo PSOL visita reda\u00e7\u00f5es de S\u00e3o Paulo e do Rio de Janeiro"},"content":{"rendered":"<div style=\"text-align: justify;\">\n\t<em>Do site do PSOL Nacional, Leonor Costa<\/em><br \/>\n\t&nbsp;<br \/>\n\tA s\u00e9rie de entrevistas dos presidenci\u00e1veis feita pelo&nbsp;Jornal da Record News&nbsp;traz nesta quarta-feira (22) o senador pelo PSOL e pr\u00e9-candidato do partido \u00e0 Presid\u00eancia da Rep\u00fablica, Randolfe Rodrigues (AP). A segunda entrevista da s\u00e9rie ter\u00e1 dura\u00e7\u00e3o de 30 minutos e ser\u00e1 feita pelo apresentador Her\u00f3doto Barbeiro e pelo comentarista de pol\u00edtica do jornal, Ricardo Kotscho.<br \/>\n\t&nbsp;<br \/>\n\tSegundo informa\u00e7\u00f5es do Portal R7 (do grupo Record), o objetivo das entrevistas \u00e9 apresentar os candidatos \u00e0 Presid\u00eancia aos telespectadores e internautas. De acordo com Ricardo Kotscho, a inten\u00e7\u00e3o \u00e9 aumentar o grau de consci\u00eancia pol\u00edtica do eleitor, apresentando as ideias dos candidatos e discutindo sobre os assuntos. Para ele, ser\u00e3o debates produtivos, e n\u00e3o somente aquele bate-boca t\u00edpico de campanha eleitoral entre candidatos.<br \/>\n\t&nbsp;<br \/>\n\tPara o apresentador Her\u00f3doto Barbeiro, o foco das entrevistas \u00e9 contribuir para a forma\u00e7\u00e3o de um esp\u00edrito cr\u00edtico na sociedade e expor o candidato em perguntas de interesse p\u00fablico. O jornalista explica ainda que Kotscho aborda as perguntas sobre pol\u00edtica e ele, sobre economia.<br \/>\n\t&nbsp;<br \/>\n\tA entrevista ser\u00e1 veiculada no programa JR News, que vai ao ar \u00e0s 21h (hor\u00e1rio de Bras\u00edlia) no Canal 93 da Net, em Bras\u00edlia, no Rio de Janeiro e em S\u00e3o Paulo, e no Canal 08 VHF em Macap\u00e1. Confira os canais das demais capitais: <a href=\"http:\/\/noticias.r7.com\/record-news\/como-sintonizar\/\">http:\/\/noticias.r7.com\/record-news\/como-sintonizar\/<\/a>.<br \/>\n\t&nbsp;<br \/>\n\tE o Portal R7 transmitir\u00e1 ao vivo, \u00e0s 17h. Para assistir, clique no link: <a href=\"http:\/\/noticias.r7.com\/jornal-da-record-news\/2014\/01\/21\/jr-news-o-entrevista-pre-candidato-a-presidencia-randolfe-rodrigues\/\">http:\/\/noticias.r7.com\/jornal-da-record-news\/2014\/01\/21\/jr-news-o-entrevista-pre-candidato-a-presidencia-randolfe-rodrigues\/<\/a><br \/>\n\t&nbsp;<br \/>\n\t<strong>Reda\u00e7\u00f5es<\/strong><br \/>\n\tO senador Randolfe Rodrigues iniciou hoje (22) uma s\u00e9rie de visitas que ele pretende fazer \u00e0s reda\u00e7\u00f5es dos principais ve\u00edculos de comunica\u00e7\u00e3o do pa\u00eds. Em S\u00e3o Paulo, de manh\u00e3 o pr\u00e9-candidato \u00e0 Presid\u00eancia pelo PSOL j\u00e1 esteve na reda\u00e7\u00e3o da revista Caros Amigos, onde deu entrevista aos jornalistas.<br \/>\n\t&nbsp;<br \/>\n\tAgora \u00e0 tarde, Randolfe e o secret\u00e1rio de Comunica\u00e7\u00e3o do PSOL, Juliano Medeiros est\u00e3o no jornal O Estado de S\u00e3o Paulo. Na oportunidade, o senador concede entrevista \u00e0 R\u00e1dio e \u00e0 TV Estad\u00e3o.<br \/>\n\t&nbsp;<br \/>\n\tEm seguida, ser\u00e1 a vez de irem \u00e0 reda\u00e7\u00e3o da Record News, onde \u00e0s 17h o pr\u00e9-candidato grava a entrevista para o programa de Her\u00f3doto Barbeiro e Ricardo Kotscho.<br \/>\n\t&nbsp;<br \/>\n\tA agenda do dia ser\u00e1 finalizada com a entrevista no Jornal da Gazeta, da TV Gazeta de S\u00e3o Paulo, \u00e0s 19h30, da jornalista Maria Lydia.<br \/>\n\t&nbsp;<br \/>\n\tNesta quinta-feira (23) as visitas ser\u00e3o \u00e0s reda\u00e7\u00f5es dos ve\u00edculos no Rio de Janeiro. Acompanhado do presidente nacional do PSOL, Luiz Ara\u00fajo, e do deputado estadual Marcelo Freixo, o pr\u00e9-candidato do PSOL visitar\u00e1 os jornais O Dia e Brasil Econ\u00f4mico, a R\u00e1dio CBN, os jornais O Globo e Extra e a revista \u00c9poca.<\/p>\n<p>\tNa foto abaixo, Randolfe concede entrevista aos jornalistas da revista Caros Amigos.&nbsp;<\/p><\/div>\n<p>&nbsp;<br \/>\n<img decoding=\"async\" alt=\"Randolfe na reda\u00e7\u00e3o da revista Caros Amigos\" src=\"http:\/\/www.psol50.org.br\/\/store\/imagens\/Randolfe Caros Amigos.jpg\" style=\"width: 500px; height: 280px; border-width: 1px; border-style: solid; margin: 1px; float: left;\" \/><\/p>\n","protected":false},"excerpt":{"rendered":"<p>Do site do PSOL Nacional, Leonor Costa &nbsp; A s\u00e9rie de entrevistas dos presidenci\u00e1veis feita pelo&nbsp;Jornal da Record News&nbsp;traz nesta quarta-feira (22) o senador pelo PSOL e pr\u00e9-candidato do partido \u00e0 Presid\u00eancia da Rep\u00fablica, Randolfe Rodrigues (AP). A segunda entrevista da s\u00e9rie ter\u00e1 dura\u00e7\u00e3o de 30 minutos e ser\u00e1 feita pelo apresentador Her\u00f3doto Barbeiro e [&hellip;]<\/p>\n","protected":false},"author":2,"featured_media":0,"comment_status":"open","ping_status":"open","sticky":false,"template":"","format":"standard","meta":{"_acf_changed":false,"footnotes":""},"categories":[4766,6],"tags":[22],"class_list":{"0":"post-33122","1":"post","2":"type-post","3":"status-publish","4":"format-standard","6":"category-arquivo","7":"category-noticias","8":"tag-psol"},"acf":[],"yoast_head":"<!-- This site is optimized with the Yoast SEO plugin v26.5 - https:\/\/yoast.com\/wordpress\/plugins\/seo\/ -->\n<title>Pr\u00e9-candidato \u00e0 Presid\u00eancia pelo PSOL visita reda\u00e7\u00f5es de S\u00e3o Paulo e do Rio de Janeiro - PSOL 50<\/title>\n<meta name=\"robots\" content=\"index, follow, max-snippet:-1, max-image-preview:large, max-video-preview:-1\" \/>\n<link rel=\"canonical\" href=\"https:\/\/psol50.org.br\/pre-candidato-a-presidencia-pelo-psol-visita-redacoes-de-sao-paulo-e-do-rio-de-janeiro\/\" \/>\n<meta property=\"og:locale\" content=\"pt_BR\" \/>\n<meta property=\"og:type\" content=\"article\" \/>\n<meta property=\"og:title\" content=\"Pr\u00e9-candidato \u00e0 Presid\u00eancia pelo PSOL visita reda\u00e7\u00f5es de S\u00e3o Paulo e do Rio de Janeiro - PSOL 50\" \/>\n<meta property=\"og:description\" content=\"Do site do PSOL Nacional, Leonor Costa &nbsp; A s\u00e9rie de entrevistas dos presidenci\u00e1veis feita pelo&nbsp;Jornal da Record News&nbsp;traz nesta quarta-feira (22) o senador pelo PSOL e pr\u00e9-candidato do partido \u00e0 Presid\u00eancia da Rep\u00fablica, Randolfe Rodrigues (AP). A segunda entrevista da s\u00e9rie ter\u00e1 dura\u00e7\u00e3o de 30 minutos e ser\u00e1 feita pelo apresentador Her\u00f3doto Barbeiro e [&hellip;]\" \/>\n<meta property=\"og:url\" content=\"https:\/\/psol50.org.br\/pre-candidato-a-presidencia-pelo-psol-visita-redacoes-de-sao-paulo-e-do-rio-de-janeiro\/\" \/>\n<meta property=\"og:site_name\" content=\"PSOL 50\" \/>\n<meta property=\"article:publisher\" content=\"https:\/\/www.facebook.com\/psol50\" \/>\n<meta property=\"article:published_time\" content=\"2014-01-22T14:46:32+00:00\" \/>\n<meta property=\"og:image\" content=\"http:\/\/www.psol50.org.br\/\/store\/imagens\/Randolfe%20Caros%20Amigos.jpg\" \/>\n<meta name=\"author\" content=\"Comunica\u00e7\u00e3o PSOL\" \/>\n<meta name=\"twitter:card\" content=\"summary_large_image\" \/>\n<meta name=\"twitter:creator\" content=\"@psol50\" \/>\n<meta name=\"twitter:site\" content=\"@psol50\" \/>\n<meta name=\"twitter:label1\" content=\"Escrito por\" \/>\n\t<meta name=\"twitter:data1\" content=\"Comunica\u00e7\u00e3o PSOL\" \/>\n\t<meta name=\"twitter:label2\" content=\"Est. tempo de leitura\" \/>\n\t<meta name=\"twitter:data2\" content=\"2 minutos\" \/>\n<script type=\"application\/ld+json\" class=\"yoast-schema-graph\">{\"@context\":\"https:\/\/schema.org\",\"@graph\":[{\"@type\":\"Article\",\"@id\":\"https:\/\/psol50.org.br\/pre-candidato-a-presidencia-pelo-psol-visita-redacoes-de-sao-paulo-e-do-rio-de-janeiro\/#article\",\"isPartOf\":{\"@id\":\"https:\/\/psol50.org.br\/pre-candidato-a-presidencia-pelo-psol-visita-redacoes-de-sao-paulo-e-do-rio-de-janeiro\/\"},\"author\":{\"name\":\"Comunica\u00e7\u00e3o PSOL\",\"@id\":\"https:\/\/psol50.org.br\/#\/schema\/person\/475dfa57d0b815993c714c2e96491fcd\"},\"headline\":\"Pr\u00e9-candidato \u00e0 Presid\u00eancia pelo PSOL visita reda\u00e7\u00f5es de S\u00e3o Paulo e do Rio de Janeiro\",\"datePublished\":\"2014-01-22T14:46:32+00:00\",\"mainEntityOfPage\":{\"@id\":\"https:\/\/psol50.org.br\/pre-candidato-a-presidencia-pelo-psol-visita-redacoes-de-sao-paulo-e-do-rio-de-janeiro\/\"},\"wordCount\":514,\"commentCount\":0,\"publisher\":{\"@id\":\"https:\/\/psol50.org.br\/#organization\"},\"keywords\":[\"PSOL\"],\"articleSection\":[\"Arquivo\",\"Not\u00edcias\"],\"inLanguage\":\"pt-BR\",\"potentialAction\":[{\"@type\":\"CommentAction\",\"name\":\"Comment\",\"target\":[\"https:\/\/psol50.org.br\/pre-candidato-a-presidencia-pelo-psol-visita-redacoes-de-sao-paulo-e-do-rio-de-janeiro\/#respond\"]}]},{\"@type\":\"WebPage\",\"@id\":\"https:\/\/psol50.org.br\/pre-candidato-a-presidencia-pelo-psol-visita-redacoes-de-sao-paulo-e-do-rio-de-janeiro\/\",\"url\":\"https:\/\/psol50.org.br\/pre-candidato-a-presidencia-pelo-psol-visita-redacoes-de-sao-paulo-e-do-rio-de-janeiro\/\",\"name\":\"Pr\u00e9-candidato \u00e0 Presid\u00eancia pelo PSOL visita reda\u00e7\u00f5es de S\u00e3o Paulo e do Rio de Janeiro - PSOL 50\",\"isPartOf\":{\"@id\":\"https:\/\/psol50.org.br\/#website\"},\"datePublished\":\"2014-01-22T14:46:32+00:00\",\"breadcrumb\":{\"@id\":\"https:\/\/psol50.org.br\/pre-candidato-a-presidencia-pelo-psol-visita-redacoes-de-sao-paulo-e-do-rio-de-janeiro\/#breadcrumb\"},\"inLanguage\":\"pt-BR\",\"potentialAction\":[{\"@type\":\"ReadAction\",\"target\":[\"https:\/\/psol50.org.br\/pre-candidato-a-presidencia-pelo-psol-visita-redacoes-de-sao-paulo-e-do-rio-de-janeiro\/\"]}]},{\"@type\":\"BreadcrumbList\",\"@id\":\"https:\/\/psol50.org.br\/pre-candidato-a-presidencia-pelo-psol-visita-redacoes-de-sao-paulo-e-do-rio-de-janeiro\/#breadcrumb\",\"itemListElement\":[{\"@type\":\"ListItem\",\"position\":1,\"name\":\"In\u00edcio\",\"item\":\"https:\/\/psol50.org.br\/\"},{\"@type\":\"ListItem\",\"position\":2,\"name\":\"Pr\u00e9-candidato \u00e0 Presid\u00eancia pelo PSOL visita reda\u00e7\u00f5es de S\u00e3o Paulo e do Rio de Janeiro\"}]},{\"@type\":\"WebSite\",\"@id\":\"https:\/\/psol50.org.br\/#website\",\"url\":\"https:\/\/psol50.org.br\/\",\"name\":\"PSOL 50\",\"description\":\"Site oficial do Partido Socialismo e Liberdade\",\"publisher\":{\"@id\":\"https:\/\/psol50.org.br\/#organization\"},\"alternateName\":\"PSOL50\",\"potentialAction\":[{\"@type\":\"SearchAction\",\"target\":{\"@type\":\"EntryPoint\",\"urlTemplate\":\"https:\/\/psol50.org.br\/?s={search_term_string}\"},\"query-input\":{\"@type\":\"PropertyValueSpecification\",\"valueRequired\":true,\"valueName\":\"search_term_string\"}}],\"inLanguage\":\"pt-BR\"},{\"@type\":\"Organization\",\"@id\":\"https:\/\/psol50.org.br\/#organization\",\"name\":\"PSOL 50\",\"alternateName\":\"PSOL 50\",\"url\":\"https:\/\/psol50.org.br\/\",\"logo\":{\"@type\":\"ImageObject\",\"inLanguage\":\"pt-BR\",\"@id\":\"https:\/\/psol50.org.br\/#\/schema\/logo\/image\/\",\"url\":\"https:\/\/psol50.org.br\/inc\/uploads\/2018\/07\/capa.png\",\"contentUrl\":\"https:\/\/psol50.org.br\/inc\/uploads\/2018\/07\/capa.png\",\"width\":1350,\"height\":900,\"caption\":\"PSOL 50\"},\"image\":{\"@id\":\"https:\/\/psol50.org.br\/#\/schema\/logo\/image\/\"},\"sameAs\":[\"https:\/\/www.facebook.com\/psol50\",\"https:\/\/x.com\/psol50\",\"https:\/\/www.instagram.com\/psol50\/\",\"https:\/\/www.youtube.com\/channel\/UC7SnJS5o1os7a6CaiNabzcg\"]},{\"@type\":\"Person\",\"@id\":\"https:\/\/psol50.org.br\/#\/schema\/person\/475dfa57d0b815993c714c2e96491fcd\",\"name\":\"Comunica\u00e7\u00e3o PSOL\",\"image\":{\"@type\":\"ImageObject\",\"inLanguage\":\"pt-BR\",\"@id\":\"https:\/\/psol50.org.br\/#\/schema\/person\/image\/\",\"url\":\"https:\/\/secure.gravatar.com\/avatar\/b34fc4f4e468a4e51785917065a3db57b841f5c95dba6ad8c73aaf8f66f8f9bf?s=96&d=mm&r=g\",\"contentUrl\":\"https:\/\/secure.gravatar.com\/avatar\/b34fc4f4e468a4e51785917065a3db57b841f5c95dba6ad8c73aaf8f66f8f9bf?s=96&d=mm&r=g\",\"caption\":\"Comunica\u00e7\u00e3o PSOL\"}}]}<\/script>\n<!-- \/ Yoast SEO plugin. -->","yoast_head_json":{"title":"Pr\u00e9-candidato \u00e0 Presid\u00eancia pelo PSOL visita reda\u00e7\u00f5es de S\u00e3o Paulo e do Rio de Janeiro - PSOL 50","robots":{"index":"index","follow":"follow","max-snippet":"max-snippet:-1","max-image-preview":"max-image-preview:large","max-video-preview":"max-video-preview:-1"},"canonical":"https:\/\/psol50.org.br\/pre-candidato-a-presidencia-pelo-psol-visita-redacoes-de-sao-paulo-e-do-rio-de-janeiro\/","og_locale":"pt_BR","og_type":"article","og_title":"Pr\u00e9-candidato \u00e0 Presid\u00eancia pelo PSOL visita reda\u00e7\u00f5es de S\u00e3o Paulo e do Rio de Janeiro - PSOL 50","og_description":"Do site do PSOL Nacional, Leonor Costa &nbsp; A s\u00e9rie de entrevistas dos presidenci\u00e1veis feita pelo&nbsp;Jornal da Record News&nbsp;traz nesta quarta-feira (22) o senador pelo PSOL e pr\u00e9-candidato do partido \u00e0 Presid\u00eancia da Rep\u00fablica, Randolfe Rodrigues (AP). A segunda entrevista da s\u00e9rie ter\u00e1 dura\u00e7\u00e3o de 30 minutos e ser\u00e1 feita pelo apresentador Her\u00f3doto Barbeiro e [&hellip;]","og_url":"https:\/\/psol50.org.br\/pre-candidato-a-presidencia-pelo-psol-visita-redacoes-de-sao-paulo-e-do-rio-de-janeiro\/","og_site_name":"PSOL 50","article_publisher":"https:\/\/www.facebook.com\/psol50","article_published_time":"2014-01-22T14:46:32+00:00","og_image":[{"url":"http:\/\/www.psol50.org.br\/\/store\/imagens\/Randolfe Caros Amigos.jpg","type":"","width":"","height":""}],"author":"Comunica\u00e7\u00e3o PSOL","twitter_card":"summary_large_image","twitter_creator":"@psol50","twitter_site":"@psol50","twitter_misc":{"Escrito por":"Comunica\u00e7\u00e3o PSOL","Est. tempo de leitura":"2 minutos"},"schema":{"@context":"https:\/\/schema.org","@graph":[{"@type":"Article","@id":"https:\/\/psol50.org.br\/pre-candidato-a-presidencia-pelo-psol-visita-redacoes-de-sao-paulo-e-do-rio-de-janeiro\/#article","isPartOf":{"@id":"https:\/\/psol50.org.br\/pre-candidato-a-presidencia-pelo-psol-visita-redacoes-de-sao-paulo-e-do-rio-de-janeiro\/"},"author":{"name":"Comunica\u00e7\u00e3o PSOL","@id":"https:\/\/psol50.org.br\/#\/schema\/person\/475dfa57d0b815993c714c2e96491fcd"},"headline":"Pr\u00e9-candidato \u00e0 Presid\u00eancia pelo PSOL visita reda\u00e7\u00f5es de S\u00e3o Paulo e do Rio de Janeiro","datePublished":"2014-01-22T14:46:32+00:00","mainEntityOfPage":{"@id":"https:\/\/psol50.org.br\/pre-candidato-a-presidencia-pelo-psol-visita-redacoes-de-sao-paulo-e-do-rio-de-janeiro\/"},"wordCount":514,"commentCount":0,"publisher":{"@id":"https:\/\/psol50.org.br\/#organization"},"keywords":["PSOL"],"articleSection":["Arquivo","Not\u00edcias"],"inLanguage":"pt-BR","potentialAction":[{"@type":"CommentAction","name":"Comment","target":["https:\/\/psol50.org.br\/pre-candidato-a-presidencia-pelo-psol-visita-redacoes-de-sao-paulo-e-do-rio-de-janeiro\/#respond"]}]},{"@type":"WebPage","@id":"https:\/\/psol50.org.br\/pre-candidato-a-presidencia-pelo-psol-visita-redacoes-de-sao-paulo-e-do-rio-de-janeiro\/","url":"https:\/\/psol50.org.br\/pre-candidato-a-presidencia-pelo-psol-visita-redacoes-de-sao-paulo-e-do-rio-de-janeiro\/","name":"Pr\u00e9-candidato \u00e0 Presid\u00eancia pelo PSOL visita reda\u00e7\u00f5es de S\u00e3o Paulo e do Rio de Janeiro - PSOL 50","isPartOf":{"@id":"https:\/\/psol50.org.br\/#website"},"datePublished":"2014-01-22T14:46:32+00:00","breadcrumb":{"@id":"https:\/\/psol50.org.br\/pre-candidato-a-presidencia-pelo-psol-visita-redacoes-de-sao-paulo-e-do-rio-de-janeiro\/#breadcrumb"},"inLanguage":"pt-BR","potentialAction":[{"@type":"ReadAction","target":["https:\/\/psol50.org.br\/pre-candidato-a-presidencia-pelo-psol-visita-redacoes-de-sao-paulo-e-do-rio-de-janeiro\/"]}]},{"@type":"BreadcrumbList","@id":"https:\/\/psol50.org.br\/pre-candidato-a-presidencia-pelo-psol-visita-redacoes-de-sao-paulo-e-do-rio-de-janeiro\/#breadcrumb","itemListElement":[{"@type":"ListItem","position":1,"name":"In\u00edcio","item":"https:\/\/psol50.org.br\/"},{"@type":"ListItem","position":2,"name":"Pr\u00e9-candidato \u00e0 Presid\u00eancia pelo PSOL visita reda\u00e7\u00f5es de S\u00e3o Paulo e do Rio de Janeiro"}]},{"@type":"WebSite","@id":"https:\/\/psol50.org.br\/#website","url":"https:\/\/psol50.org.br\/","name":"PSOL 50","description":"Site oficial do Partido Socialismo e Liberdade","publisher":{"@id":"https:\/\/psol50.org.br\/#organization"},"alternateName":"PSOL50","potentialAction":[{"@type":"SearchAction","target":{"@type":"EntryPoint","urlTemplate":"https:\/\/psol50.org.br\/?s={search_term_string}"},"query-input":{"@type":"PropertyValueSpecification","valueRequired":true,"valueName":"search_term_string"}}],"inLanguage":"pt-BR"},{"@type":"Organization","@id":"https:\/\/psol50.org.br\/#organization","name":"PSOL 50","alternateName":"PSOL 50","url":"https:\/\/psol50.org.br\/","logo":{"@type":"ImageObject","inLanguage":"pt-BR","@id":"https:\/\/psol50.org.br\/#\/schema\/logo\/image\/","url":"https:\/\/psol50.org.br\/inc\/uploads\/2018\/07\/capa.png","contentUrl":"https:\/\/psol50.org.br\/inc\/uploads\/2018\/07\/capa.png","width":1350,"height":900,"caption":"PSOL 50"},"image":{"@id":"https:\/\/psol50.org.br\/#\/schema\/logo\/image\/"},"sameAs":["https:\/\/www.facebook.com\/psol50","https:\/\/x.com\/psol50","https:\/\/www.instagram.com\/psol50\/","https:\/\/www.youtube.com\/channel\/UC7SnJS5o1os7a6CaiNabzcg"]},{"@type":"Person","@id":"https:\/\/psol50.org.br\/#\/schema\/person\/475dfa57d0b815993c714c2e96491fcd","name":"Comunica\u00e7\u00e3o PSOL","image":{"@type":"ImageObject","inLanguage":"pt-BR","@id":"https:\/\/psol50.org.br\/#\/schema\/person\/image\/","url":"https:\/\/secure.gravatar.com\/avatar\/b34fc4f4e468a4e51785917065a3db57b841f5c95dba6ad8c73aaf8f66f8f9bf?s=96&d=mm&r=g","contentUrl":"https:\/\/secure.gravatar.com\/avatar\/b34fc4f4e468a4e51785917065a3db57b841f5c95dba6ad8c73aaf8f66f8f9bf?s=96&d=mm&r=g","caption":"Comunica\u00e7\u00e3o PSOL"}}]}},"_links":{"self":[{"href":"https:\/\/psol50.org.br\/rest\/wp\/v2\/posts\/33122","targetHints":{"allow":["GET"]}}],"collection":[{"href":"https:\/\/psol50.org.br\/rest\/wp\/v2\/posts"}],"about":[{"href":"https:\/\/psol50.org.br\/rest\/wp\/v2\/types\/post"}],"author":[{"embeddable":true,"href":"https:\/\/psol50.org.br\/rest\/wp\/v2\/users\/2"}],"replies":[{"embeddable":true,"href":"https:\/\/psol50.org.br\/rest\/wp\/v2\/comments?post=33122"}],"version-history":[{"count":0,"href":"https:\/\/psol50.org.br\/rest\/wp\/v2\/posts\/33122\/revisions"}],"wp:attachment":[{"href":"https:\/\/psol50.org.br\/rest\/wp\/v2\/media?parent=33122"}],"wp:term":[{"taxonomy":"category","embeddable":true,"href":"https:\/\/psol50.org.br\/rest\/wp\/v2\/categories?post=33122"},{"taxonomy":"post_tag","embeddable":true,"href":"https:\/\/psol50.org.br\/rest\/wp\/v2\/tags?post=33122"}],"curies":[{"name":"wp","href":"https:\/\/api.w.org\/{rel}","templated":true}]}}