{"id":33124,"date":"2014-01-23T00:00:00","date_gmt":"2014-01-23T15:02:02","guid":{"rendered":"http:\/\/psol50.org.br\/arquivo\/2014\/01\/23\/confira-a-entrevista-com-o-pre-candidato-do-psol-a-presidencia-no-programa-de-herodoto-barbeiro\/"},"modified":"2014-01-23T00:00:00","modified_gmt":"2014-01-23T15:02:02","slug":"confira-a-entrevista-com-o-pre-candidato-do-psol-a-presidencia-no-programa-de-herodoto-barbeiro","status":"publish","type":"post","link":"https:\/\/psol50.org.br\/confira-a-entrevista-com-o-pre-candidato-do-psol-a-presidencia-no-programa-de-herodoto-barbeiro\/","title":{"rendered":"Confira a entrevista com o pr\u00e9-candidato do PSOL \u00e0 Presid\u00eancia no programa de Her\u00f3doto Barbeiro"},"content":{"rendered":"<p>\n\t<em>Leonor Costa, do site do PSOL Nacional<\/p>\n<p>\tAgenda de visita \u00e0s reda\u00e7\u00f5es continua hoje no Rio de Janeiro<\/em><br \/>\n\t&nbsp;<br \/>\n\tO pr\u00e9-candidato \u00e0 Presid\u00eancia da Rep\u00fablica pelo PSOL, senador Randolfe Rodrigues, foi o entrevistado de ontem (22) do&nbsp;Jornal da Record News, que est\u00e1 fazendo uma s\u00e9rie de entrevistas com os presidenci\u00e1veis. Randolfe foi o segundo entrevistado do programa, apresentado pelo jornalista Her\u00f3doto Barbeiro. O bate papo tamb\u00e9m contou com a participa\u00e7\u00e3o do comentarista de pol\u00edtica do jornal, Ricardo Kotscho.<br \/>\n\t&nbsp;<br \/>\n\tA participa\u00e7\u00e3o no programa \u00e9 parte da agenda de visitas \u00e0s reda\u00e7\u00f5es que o pr\u00e9-candidato cumpre desde ontem. No mesmo dia, em S\u00e3o Paulo, Randolfe esteve na reda\u00e7\u00e3o da revista Caros Amigos e do jornal O Estado de S\u00e3o Paulo, oportunidade em que deu entrevista aos jornalistas.<br \/>\n\t&nbsp;<br \/>\n\tAp\u00f3s a participa\u00e7\u00e3o no Jornal da Record News, Randolfe participou do Jornal da Gazeta, da TV Gazeta de S\u00e3o Paulo, apresentado pela jornalista Maria Lydia. A entrevista ao vivo foi ao ar \u00e0s 19h30.<br \/>\n\t&nbsp;<br \/>\n\tNesta quinta-feira (23) as visitas acontecem nas reda\u00e7\u00f5es dos ve\u00edculos no Rio de Janeiro. Acompanhado do presidente nacional do PSOL, Luiz Ara\u00fajo, e do deputado estadual Marcelo Freixo, o pr\u00e9-candidato do PSOL visita os jornais O Dia e Brasil Econ\u00f4mico, a R\u00e1dio CBN, os jornais O Globo e Extra e a revista \u00c9poca.<br \/>\n\t&nbsp;<br \/>\n\tAssista <a href=\"http:\/\/noticias.r7.com\/jornal-da-record-news\/videos\/?idmedia=52e067e40cf2306155df2d33\">aqui<\/a> a entrevista no Jornal da Recordo News.<\/p>\n<p>\t&nbsp;<\/p>\n","protected":false},"excerpt":{"rendered":"<p>Leonor Costa, do site do PSOL Nacional Agenda de visita \u00e0s reda\u00e7\u00f5es continua hoje no Rio de Janeiro &nbsp; O pr\u00e9-candidato \u00e0 Presid\u00eancia da Rep\u00fablica pelo PSOL, senador Randolfe Rodrigues, foi o entrevistado de ontem (22) do&nbsp;Jornal da Record News, que est\u00e1 fazendo uma s\u00e9rie de entrevistas com os presidenci\u00e1veis. Randolfe foi o segundo entrevistado [&hellip;]<\/p>\n","protected":false},"author":2,"featured_media":0,"comment_status":"open","ping_status":"open","sticky":false,"template":"","format":"standard","meta":{"_acf_changed":false,"footnotes":""},"categories":[4766,6],"tags":[22],"class_list":{"0":"post-33124","1":"post","2":"type-post","3":"status-publish","4":"format-standard","6":"category-arquivo","7":"category-noticias","8":"tag-psol"},"acf":[],"yoast_head":"<!-- This site is optimized with the Yoast SEO plugin v26.5 - https:\/\/yoast.com\/wordpress\/plugins\/seo\/ -->\n<title>Confira a entrevista com o pr\u00e9-candidato do PSOL \u00e0 Presid\u00eancia no programa de Her\u00f3doto Barbeiro - PSOL 50<\/title>\n<meta name=\"robots\" content=\"index, follow, max-snippet:-1, max-image-preview:large, max-video-preview:-1\" \/>\n<link rel=\"canonical\" href=\"https:\/\/psol50.org.br\/confira-a-entrevista-com-o-pre-candidato-do-psol-a-presidencia-no-programa-de-herodoto-barbeiro\/\" \/>\n<meta property=\"og:locale\" content=\"pt_BR\" \/>\n<meta property=\"og:type\" content=\"article\" \/>\n<meta property=\"og:title\" content=\"Confira a entrevista com o pr\u00e9-candidato do PSOL \u00e0 Presid\u00eancia no programa de Her\u00f3doto Barbeiro - PSOL 50\" \/>\n<meta property=\"og:description\" content=\"Leonor Costa, do site do PSOL Nacional Agenda de visita \u00e0s reda\u00e7\u00f5es continua hoje no Rio de Janeiro &nbsp; O pr\u00e9-candidato \u00e0 Presid\u00eancia da Rep\u00fablica pelo PSOL, senador Randolfe Rodrigues, foi o entrevistado de ontem (22) do&nbsp;Jornal da Record News, que est\u00e1 fazendo uma s\u00e9rie de entrevistas com os presidenci\u00e1veis. Randolfe foi o segundo entrevistado [&hellip;]\" \/>\n<meta property=\"og:url\" content=\"https:\/\/psol50.org.br\/confira-a-entrevista-com-o-pre-candidato-do-psol-a-presidencia-no-programa-de-herodoto-barbeiro\/\" \/>\n<meta property=\"og:site_name\" content=\"PSOL 50\" \/>\n<meta property=\"article:publisher\" content=\"https:\/\/www.facebook.com\/psol50\" \/>\n<meta property=\"article:published_time\" content=\"2014-01-23T15:02:02+00:00\" \/>\n<meta property=\"og:image\" content=\"https:\/\/psol50.org.br\/inc\/uploads\/2018\/07\/capa.png\" \/>\n\t<meta property=\"og:image:width\" content=\"1350\" \/>\n\t<meta property=\"og:image:height\" content=\"900\" \/>\n\t<meta property=\"og:image:type\" content=\"image\/png\" \/>\n<meta name=\"author\" content=\"Comunica\u00e7\u00e3o PSOL\" \/>\n<meta name=\"twitter:card\" content=\"summary_large_image\" \/>\n<meta name=\"twitter:creator\" content=\"@psol50\" \/>\n<meta name=\"twitter:site\" content=\"@psol50\" \/>\n<meta name=\"twitter:label1\" content=\"Escrito por\" \/>\n\t<meta name=\"twitter:data1\" content=\"Comunica\u00e7\u00e3o PSOL\" \/>\n\t<meta name=\"twitter:label2\" content=\"Est. tempo de leitura\" \/>\n\t<meta name=\"twitter:data2\" content=\"1 minuto\" \/>\n<script type=\"application\/ld+json\" class=\"yoast-schema-graph\">{\"@context\":\"https:\/\/schema.org\",\"@graph\":[{\"@type\":\"Article\",\"@id\":\"https:\/\/psol50.org.br\/confira-a-entrevista-com-o-pre-candidato-do-psol-a-presidencia-no-programa-de-herodoto-barbeiro\/#article\",\"isPartOf\":{\"@id\":\"https:\/\/psol50.org.br\/confira-a-entrevista-com-o-pre-candidato-do-psol-a-presidencia-no-programa-de-herodoto-barbeiro\/\"},\"author\":{\"name\":\"Comunica\u00e7\u00e3o PSOL\",\"@id\":\"https:\/\/psol50.org.br\/#\/schema\/person\/475dfa57d0b815993c714c2e96491fcd\"},\"headline\":\"Confira a entrevista com o pr\u00e9-candidato do PSOL \u00e0 Presid\u00eancia no programa de Her\u00f3doto Barbeiro\",\"datePublished\":\"2014-01-23T15:02:02+00:00\",\"mainEntityOfPage\":{\"@id\":\"https:\/\/psol50.org.br\/confira-a-entrevista-com-o-pre-candidato-do-psol-a-presidencia-no-programa-de-herodoto-barbeiro\/\"},\"wordCount\":266,\"commentCount\":0,\"publisher\":{\"@id\":\"https:\/\/psol50.org.br\/#organization\"},\"keywords\":[\"PSOL\"],\"articleSection\":[\"Arquivo\",\"Not\u00edcias\"],\"inLanguage\":\"pt-BR\",\"potentialAction\":[{\"@type\":\"CommentAction\",\"name\":\"Comment\",\"target\":[\"https:\/\/psol50.org.br\/confira-a-entrevista-com-o-pre-candidato-do-psol-a-presidencia-no-programa-de-herodoto-barbeiro\/#respond\"]}]},{\"@type\":\"WebPage\",\"@id\":\"https:\/\/psol50.org.br\/confira-a-entrevista-com-o-pre-candidato-do-psol-a-presidencia-no-programa-de-herodoto-barbeiro\/\",\"url\":\"https:\/\/psol50.org.br\/confira-a-entrevista-com-o-pre-candidato-do-psol-a-presidencia-no-programa-de-herodoto-barbeiro\/\",\"name\":\"Confira a entrevista com o pr\u00e9-candidato do PSOL \u00e0 Presid\u00eancia no programa de Her\u00f3doto Barbeiro - PSOL 50\",\"isPartOf\":{\"@id\":\"https:\/\/psol50.org.br\/#website\"},\"datePublished\":\"2014-01-23T15:02:02+00:00\",\"breadcrumb\":{\"@id\":\"https:\/\/psol50.org.br\/confira-a-entrevista-com-o-pre-candidato-do-psol-a-presidencia-no-programa-de-herodoto-barbeiro\/#breadcrumb\"},\"inLanguage\":\"pt-BR\",\"potentialAction\":[{\"@type\":\"ReadAction\",\"target\":[\"https:\/\/psol50.org.br\/confira-a-entrevista-com-o-pre-candidato-do-psol-a-presidencia-no-programa-de-herodoto-barbeiro\/\"]}]},{\"@type\":\"BreadcrumbList\",\"@id\":\"https:\/\/psol50.org.br\/confira-a-entrevista-com-o-pre-candidato-do-psol-a-presidencia-no-programa-de-herodoto-barbeiro\/#breadcrumb\",\"itemListElement\":[{\"@type\":\"ListItem\",\"position\":1,\"name\":\"In\u00edcio\",\"item\":\"https:\/\/psol50.org.br\/\"},{\"@type\":\"ListItem\",\"position\":2,\"name\":\"Confira a entrevista com o pr\u00e9-candidato do PSOL \u00e0 Presid\u00eancia no programa de Her\u00f3doto Barbeiro\"}]},{\"@type\":\"WebSite\",\"@id\":\"https:\/\/psol50.org.br\/#website\",\"url\":\"https:\/\/psol50.org.br\/\",\"name\":\"PSOL 50\",\"description\":\"Site oficial do Partido Socialismo e Liberdade\",\"publisher\":{\"@id\":\"https:\/\/psol50.org.br\/#organization\"},\"alternateName\":\"PSOL50\",\"potentialAction\":[{\"@type\":\"SearchAction\",\"target\":{\"@type\":\"EntryPoint\",\"urlTemplate\":\"https:\/\/psol50.org.br\/?s={search_term_string}\"},\"query-input\":{\"@type\":\"PropertyValueSpecification\",\"valueRequired\":true,\"valueName\":\"search_term_string\"}}],\"inLanguage\":\"pt-BR\"},{\"@type\":\"Organization\",\"@id\":\"https:\/\/psol50.org.br\/#organization\",\"name\":\"PSOL 50\",\"alternateName\":\"PSOL 50\",\"url\":\"https:\/\/psol50.org.br\/\",\"logo\":{\"@type\":\"ImageObject\",\"inLanguage\":\"pt-BR\",\"@id\":\"https:\/\/psol50.org.br\/#\/schema\/logo\/image\/\",\"url\":\"https:\/\/psol50.org.br\/inc\/uploads\/2018\/07\/capa.png\",\"contentUrl\":\"https:\/\/psol50.org.br\/inc\/uploads\/2018\/07\/capa.png\",\"width\":1350,\"height\":900,\"caption\":\"PSOL 50\"},\"image\":{\"@id\":\"https:\/\/psol50.org.br\/#\/schema\/logo\/image\/\"},\"sameAs\":[\"https:\/\/www.facebook.com\/psol50\",\"https:\/\/x.com\/psol50\",\"https:\/\/www.instagram.com\/psol50\/\",\"https:\/\/www.youtube.com\/channel\/UC7SnJS5o1os7a6CaiNabzcg\"]},{\"@type\":\"Person\",\"@id\":\"https:\/\/psol50.org.br\/#\/schema\/person\/475dfa57d0b815993c714c2e96491fcd\",\"name\":\"Comunica\u00e7\u00e3o PSOL\",\"image\":{\"@type\":\"ImageObject\",\"inLanguage\":\"pt-BR\",\"@id\":\"https:\/\/psol50.org.br\/#\/schema\/person\/image\/\",\"url\":\"https:\/\/secure.gravatar.com\/avatar\/b34fc4f4e468a4e51785917065a3db57b841f5c95dba6ad8c73aaf8f66f8f9bf?s=96&d=mm&r=g\",\"contentUrl\":\"https:\/\/secure.gravatar.com\/avatar\/b34fc4f4e468a4e51785917065a3db57b841f5c95dba6ad8c73aaf8f66f8f9bf?s=96&d=mm&r=g\",\"caption\":\"Comunica\u00e7\u00e3o PSOL\"}}]}<\/script>\n<!-- \/ Yoast SEO plugin. -->","yoast_head_json":{"title":"Confira a entrevista com o pr\u00e9-candidato do PSOL \u00e0 Presid\u00eancia no programa de Her\u00f3doto Barbeiro - PSOL 50","robots":{"index":"index","follow":"follow","max-snippet":"max-snippet:-1","max-image-preview":"max-image-preview:large","max-video-preview":"max-video-preview:-1"},"canonical":"https:\/\/psol50.org.br\/confira-a-entrevista-com-o-pre-candidato-do-psol-a-presidencia-no-programa-de-herodoto-barbeiro\/","og_locale":"pt_BR","og_type":"article","og_title":"Confira a entrevista com o pr\u00e9-candidato do PSOL \u00e0 Presid\u00eancia no programa de Her\u00f3doto Barbeiro - PSOL 50","og_description":"Leonor Costa, do site do PSOL Nacional Agenda de visita \u00e0s reda\u00e7\u00f5es continua hoje no Rio de Janeiro &nbsp; O pr\u00e9-candidato \u00e0 Presid\u00eancia da Rep\u00fablica pelo PSOL, senador Randolfe Rodrigues, foi o entrevistado de ontem (22) do&nbsp;Jornal da Record News, que est\u00e1 fazendo uma s\u00e9rie de entrevistas com os presidenci\u00e1veis. Randolfe foi o segundo entrevistado [&hellip;]","og_url":"https:\/\/psol50.org.br\/confira-a-entrevista-com-o-pre-candidato-do-psol-a-presidencia-no-programa-de-herodoto-barbeiro\/","og_site_name":"PSOL 50","article_publisher":"https:\/\/www.facebook.com\/psol50","article_published_time":"2014-01-23T15:02:02+00:00","og_image":[{"width":1350,"height":900,"url":"https:\/\/psol50.org.br\/inc\/uploads\/2018\/07\/capa.png","type":"image\/png"}],"author":"Comunica\u00e7\u00e3o PSOL","twitter_card":"summary_large_image","twitter_creator":"@psol50","twitter_site":"@psol50","twitter_misc":{"Escrito por":"Comunica\u00e7\u00e3o PSOL","Est. tempo de leitura":"1 minuto"},"schema":{"@context":"https:\/\/schema.org","@graph":[{"@type":"Article","@id":"https:\/\/psol50.org.br\/confira-a-entrevista-com-o-pre-candidato-do-psol-a-presidencia-no-programa-de-herodoto-barbeiro\/#article","isPartOf":{"@id":"https:\/\/psol50.org.br\/confira-a-entrevista-com-o-pre-candidato-do-psol-a-presidencia-no-programa-de-herodoto-barbeiro\/"},"author":{"name":"Comunica\u00e7\u00e3o PSOL","@id":"https:\/\/psol50.org.br\/#\/schema\/person\/475dfa57d0b815993c714c2e96491fcd"},"headline":"Confira a entrevista com o pr\u00e9-candidato do PSOL \u00e0 Presid\u00eancia no programa de Her\u00f3doto Barbeiro","datePublished":"2014-01-23T15:02:02+00:00","mainEntityOfPage":{"@id":"https:\/\/psol50.org.br\/confira-a-entrevista-com-o-pre-candidato-do-psol-a-presidencia-no-programa-de-herodoto-barbeiro\/"},"wordCount":266,"commentCount":0,"publisher":{"@id":"https:\/\/psol50.org.br\/#organization"},"keywords":["PSOL"],"articleSection":["Arquivo","Not\u00edcias"],"inLanguage":"pt-BR","potentialAction":[{"@type":"CommentAction","name":"Comment","target":["https:\/\/psol50.org.br\/confira-a-entrevista-com-o-pre-candidato-do-psol-a-presidencia-no-programa-de-herodoto-barbeiro\/#respond"]}]},{"@type":"WebPage","@id":"https:\/\/psol50.org.br\/confira-a-entrevista-com-o-pre-candidato-do-psol-a-presidencia-no-programa-de-herodoto-barbeiro\/","url":"https:\/\/psol50.org.br\/confira-a-entrevista-com-o-pre-candidato-do-psol-a-presidencia-no-programa-de-herodoto-barbeiro\/","name":"Confira a entrevista com o pr\u00e9-candidato do PSOL \u00e0 Presid\u00eancia no programa de Her\u00f3doto Barbeiro - PSOL 50","isPartOf":{"@id":"https:\/\/psol50.org.br\/#website"},"datePublished":"2014-01-23T15:02:02+00:00","breadcrumb":{"@id":"https:\/\/psol50.org.br\/confira-a-entrevista-com-o-pre-candidato-do-psol-a-presidencia-no-programa-de-herodoto-barbeiro\/#breadcrumb"},"inLanguage":"pt-BR","potentialAction":[{"@type":"ReadAction","target":["https:\/\/psol50.org.br\/confira-a-entrevista-com-o-pre-candidato-do-psol-a-presidencia-no-programa-de-herodoto-barbeiro\/"]}]},{"@type":"BreadcrumbList","@id":"https:\/\/psol50.org.br\/confira-a-entrevista-com-o-pre-candidato-do-psol-a-presidencia-no-programa-de-herodoto-barbeiro\/#breadcrumb","itemListElement":[{"@type":"ListItem","position":1,"name":"In\u00edcio","item":"https:\/\/psol50.org.br\/"},{"@type":"ListItem","position":2,"name":"Confira a entrevista com o pr\u00e9-candidato do PSOL \u00e0 Presid\u00eancia no programa de Her\u00f3doto Barbeiro"}]},{"@type":"WebSite","@id":"https:\/\/psol50.org.br\/#website","url":"https:\/\/psol50.org.br\/","name":"PSOL 50","description":"Site oficial do Partido Socialismo e Liberdade","publisher":{"@id":"https:\/\/psol50.org.br\/#organization"},"alternateName":"PSOL50","potentialAction":[{"@type":"SearchAction","target":{"@type":"EntryPoint","urlTemplate":"https:\/\/psol50.org.br\/?s={search_term_string}"},"query-input":{"@type":"PropertyValueSpecification","valueRequired":true,"valueName":"search_term_string"}}],"inLanguage":"pt-BR"},{"@type":"Organization","@id":"https:\/\/psol50.org.br\/#organization","name":"PSOL 50","alternateName":"PSOL 50","url":"https:\/\/psol50.org.br\/","logo":{"@type":"ImageObject","inLanguage":"pt-BR","@id":"https:\/\/psol50.org.br\/#\/schema\/logo\/image\/","url":"https:\/\/psol50.org.br\/inc\/uploads\/2018\/07\/capa.png","contentUrl":"https:\/\/psol50.org.br\/inc\/uploads\/2018\/07\/capa.png","width":1350,"height":900,"caption":"PSOL 50"},"image":{"@id":"https:\/\/psol50.org.br\/#\/schema\/logo\/image\/"},"sameAs":["https:\/\/www.facebook.com\/psol50","https:\/\/x.com\/psol50","https:\/\/www.instagram.com\/psol50\/","https:\/\/www.youtube.com\/channel\/UC7SnJS5o1os7a6CaiNabzcg"]},{"@type":"Person","@id":"https:\/\/psol50.org.br\/#\/schema\/person\/475dfa57d0b815993c714c2e96491fcd","name":"Comunica\u00e7\u00e3o PSOL","image":{"@type":"ImageObject","inLanguage":"pt-BR","@id":"https:\/\/psol50.org.br\/#\/schema\/person\/image\/","url":"https:\/\/secure.gravatar.com\/avatar\/b34fc4f4e468a4e51785917065a3db57b841f5c95dba6ad8c73aaf8f66f8f9bf?s=96&d=mm&r=g","contentUrl":"https:\/\/secure.gravatar.com\/avatar\/b34fc4f4e468a4e51785917065a3db57b841f5c95dba6ad8c73aaf8f66f8f9bf?s=96&d=mm&r=g","caption":"Comunica\u00e7\u00e3o PSOL"}}]}},"_links":{"self":[{"href":"https:\/\/psol50.org.br\/rest\/wp\/v2\/posts\/33124","targetHints":{"allow":["GET"]}}],"collection":[{"href":"https:\/\/psol50.org.br\/rest\/wp\/v2\/posts"}],"about":[{"href":"https:\/\/psol50.org.br\/rest\/wp\/v2\/types\/post"}],"author":[{"embeddable":true,"href":"https:\/\/psol50.org.br\/rest\/wp\/v2\/users\/2"}],"replies":[{"embeddable":true,"href":"https:\/\/psol50.org.br\/rest\/wp\/v2\/comments?post=33124"}],"version-history":[{"count":0,"href":"https:\/\/psol50.org.br\/rest\/wp\/v2\/posts\/33124\/revisions"}],"wp:attachment":[{"href":"https:\/\/psol50.org.br\/rest\/wp\/v2\/media?parent=33124"}],"wp:term":[{"taxonomy":"category","embeddable":true,"href":"https:\/\/psol50.org.br\/rest\/wp\/v2\/categories?post=33124"},{"taxonomy":"post_tag","embeddable":true,"href":"https:\/\/psol50.org.br\/rest\/wp\/v2\/tags?post=33124"}],"curies":[{"name":"wp","href":"https:\/\/api.w.org\/{rel}","templated":true}]}}