{"id":33135,"date":"2014-02-12T00:00:00","date_gmt":"2014-02-12T14:10:48","guid":{"rendered":"http:\/\/psol50.org.br\/arquivo\/2014\/02\/12\/ofensiva-contra-movimentos-ganha-reforco-senado-inicia-trabalhos-com-intencao-de-votar-lei-antiterrorismo\/"},"modified":"2014-02-12T00:00:00","modified_gmt":"2014-02-12T14:10:48","slug":"ofensiva-contra-movimentos-ganha-reforco-senado-inicia-trabalhos-com-intencao-de-votar-lei-antiterrorismo","status":"publish","type":"post","link":"https:\/\/psol50.org.br\/ofensiva-contra-movimentos-ganha-reforco-senado-inicia-trabalhos-com-intencao-de-votar-lei-antiterrorismo\/","title":{"rendered":"Ofensiva contra movimentos ganha refor\u00e7o: Senado inicia trabalhos com inten\u00e7\u00e3o de votar lei antiterrorismo"},"content":{"rendered":"<p style=\"text-align: justify;\">\n\t<span style=\"font-size:12px;\"><span style=\"font-family:arial,helvetica,sans-serif;\"><em>Leonor Costa, do site do PSOL Nacional<\/em><\/p>\n<p>\tA ofensiva contra os movimentos sociais ganhou um novo aliado agora com o retorno dos trabalhos do Congresso Nacional. J\u00e1 n\u00e3o bastava a iniciativa do governo federal de assinar portaria, no in\u00edcio do ano, autorizando que as For\u00e7as Armadas atuem nas chamadas opera\u00e7\u00f5es de seguran\u00e7a p\u00fablica, o que inclui manifesta\u00e7\u00f5es populares, como as ocorridas no ano passado, agora o Senado Federal pretende votar nos pr\u00f3ximos dias o PLS 499\/13, chamado de Lei Antiterrorismo. A defesa feita por senadores no plen\u00e1rio do Senado mostra que o governo e os setores conservadores do pa\u00eds ganharam for\u00e7a na campanha que est\u00e1 em curso para perseguir o cidad\u00e3o que quiser ir \u00e0s ruas mostrar o seu descontentamento com as pol\u00edticas em vigor.<br \/>\n\t&nbsp;<br \/>\n\t\u00c9 lament\u00e1vel que tema t\u00e3o pol\u00eamico tenha entrado na ordem do dia dos parlamentares num momento em que o pa\u00eds est\u00e1 com as aten\u00e7\u00f5es voltadas para o triste fato que levou \u00e0 morte o rep\u00f3rter cinematogr\u00e1fico da Band Santiago Andrade, atingido por um roj\u00e3o na manifesta\u00e7\u00e3o realizada no \u00faltimo dia 6 de fevereiro, no Rio de Janeiro. Tamb\u00e9m n\u00e3o \u00e9 mera coincid\u00eancia que a lei antiterrorismo tenha ganhado for\u00e7a ap\u00f3s a repercuss\u00e3o dos protestos de junho, que levou milhares de pessoas \u00e0s ruas de todo o pa\u00eds. N\u00e3o \u00e9 exagero, portanto, afirmar que o PLS 499\/13 retoma a Lei de Seguran\u00e7a Nacional da \u00e9poca da ditadura, editada para combater militantes que lutavam contra o regime de exce\u00e7\u00e3o no pa\u00eds.<br \/>\n\t&nbsp;<br \/>\n\tO PLS&nbsp;499\/13, que j\u00e1 foi aprovado por uma comiss\u00e3o mista no Congresso Nacional,&nbsp;inclui como ato t\u00edpico de terrorismo &#8220;provocar ou difundir terror ou p\u00e2nico generalizado mediante ofensa ou tentativa de ofensa \u00e0 vida, \u00e0 integridade f\u00edsica ou \u00e0 sa\u00fade ou \u00e0 priva\u00e7\u00e3o da liberdade de pessoa&#8221; e estabelece penas de 15 a 30 anos de reclus\u00e3o ou de 24 a 30 anos de reclus\u00e3o se resultar em morte. O projeto n\u00e3o seria um problema se o termo terrorismo n\u00e3o fosse usado de forma t\u00e3o subjetiva a depender dos interesses de grupos dominantes que controlam as principais institui\u00e7\u00f5es do Estado e os meios de comunica\u00e7\u00e3o. N\u00e3o \u00e9 de hoje que o governo, os seus aliados no Congresso Nacional, as bancadas conservadoras e os principais ve\u00edculos da grande m\u00eddia v\u00eam colocando ativistas sociais no mesmo lado de grupos que nada t\u00eam a ver com as pautas sociais. Isso tudo para confundir de forma proposital a popula\u00e7\u00e3o e justificar os abusos cometidos pela Pol\u00edcia.<br \/>\n\t&nbsp;<br \/>\n\t&#8220;Desde as manifesta\u00e7\u00f5es de junho a postura do Estado brasileiro, atrav\u00e9s do governo federal e dos governos estaduais, tem sido a de reprimir violentamente os participantes de manifesta\u00e7\u00f5es, orquestrando uma constante criminaliza\u00e7\u00e3o dos movimentos sociais, enquanto &#8211; o que \u00e9 mais grave ainda &#8211; ignora as principais demandas apresentadas pelos manifestantes.&nbsp;Essa situa\u00e7\u00e3o propiciou uma radicaliza\u00e7\u00e3o das manifesta\u00e7\u00f5es e ofereceu espa\u00e7o para pequenos grupos anarquistas que vislumbram como estrat\u00e9gia pol\u00edtica eficaz pra transformar o mundo o ataque aos s\u00edmbolos do capitalismo e das institui\u00e7\u00f5es&#8221;, ressalta a Executiva Nacional do PSOL, em nota divulgada nesta ter\u00e7a-feira (11).<\/p>\n<p>\tA bancada do PSOL no Congresso Nacional vai atuar para impedir mais essa ofensiva contra o livre direito de manifesta\u00e7\u00e3o. Para o senador Randolfe Rodrigues e pr\u00e9-candidato do partido \u00e0 Presid\u00eancia da Rep\u00fablica, n\u00e3o \u00e9 poss\u00edvel permitir que o Congresso aprove uma lei que retoma m\u00e9todos da \u00e9poca dos anos de chumbo da ditadura militar: &#8220;O que est\u00e3o propondo \u00e9 a reedi\u00e7\u00e3o da lei de seguran\u00e7a nacional para atender os ditames do Sr. Joseph Blatter (presidente da Fifa). O agravante \u00e9 que depois que a Fifa passar, essa lei vai ficar para criminalizar movimentos sociais. Enfim, qualquer manifesta\u00e7\u00e3o, seja de sem terra ou passeata de estudantes. O direito leg\u00edtimo de manifesta\u00e7\u00e3o do povo brasileiro foi conquistado depois de mais de 20 anos de sofrimento desses trabalhadores. Esse direito, conquistado legitimamente, n\u00e3o tem nada a ver com a a\u00e7\u00e3o anarquista de black blocks&#8221;.<br \/>\n\t&nbsp;<br \/>\n\tO mesmo entendimento tem o l\u00edder do PSOL na C\u00e2mara, deputado Ivan Valente. &#8220;Fui preso, torturado e condenado pelo regime militar. Tudo feito, supostamente, em nome da democracia. Hoje sabemos que dispositivos excepcionais terminam por restringir as liberdades da maioria. Por isso, desconfiamos de medidas que podem ser usadas contra aqueles que lutam por direitos. A Lei Antiterroirsmo pode se transformar numa nova edi\u00e7\u00e3o da Lei de Seguran\u00e7a Nacional e o PSOL lutar\u00e1 contra isso&#8221;.&nbsp;<\/p>\n<p>\tAssista <a href=\"http:\/\/www.psol50.org.br\/site\/videos\/85\/randolfe-texto-antiterrorismo-e-tentativa-de-criminalizar-movimentos-sociais?iframe=true&amp;width=820&amp;height=380\">aqui<\/a> ao v\u00eddeo em que o senador Randolfe Rodrigues critica o projeto da Lei Antiterrorismo.<\/span><\/span><br \/>\n\t&nbsp;<\/p>\n<p>&nbsp;<\/p>\n","protected":false},"excerpt":{"rendered":"<p>Iniciativa tem o objetivo de cercear o direito \u00e0s livres manifesta\u00e7\u00f5es e de criminalizar os movimentos sociais<\/p>\n","protected":false},"author":2,"featured_media":0,"comment_status":"open","ping_status":"open","sticky":false,"template":"","format":"standard","meta":{"_acf_changed":false,"footnotes":""},"categories":[4766,6],"tags":[],"class_list":{"0":"post-33135","1":"post","2":"type-post","3":"status-publish","4":"format-standard","6":"category-arquivo","7":"category-noticias"},"acf":[],"yoast_head":"<!-- This site is optimized with the Yoast SEO plugin v26.5 - https:\/\/yoast.com\/wordpress\/plugins\/seo\/ -->\n<title>Ofensiva contra movimentos ganha refor\u00e7o: Senado inicia trabalhos com inten\u00e7\u00e3o de votar lei antiterrorismo - PSOL 50<\/title>\n<meta name=\"robots\" content=\"index, follow, max-snippet:-1, max-image-preview:large, max-video-preview:-1\" \/>\n<link rel=\"canonical\" href=\"https:\/\/psol50.org.br\/ofensiva-contra-movimentos-ganha-reforco-senado-inicia-trabalhos-com-intencao-de-votar-lei-antiterrorismo\/\" \/>\n<meta property=\"og:locale\" content=\"pt_BR\" \/>\n<meta property=\"og:type\" content=\"article\" \/>\n<meta property=\"og:title\" content=\"Ofensiva contra movimentos ganha refor\u00e7o: Senado inicia trabalhos com inten\u00e7\u00e3o de votar lei antiterrorismo - PSOL 50\" \/>\n<meta property=\"og:description\" content=\"Iniciativa tem o objetivo de cercear o direito \u00e0s livres manifesta\u00e7\u00f5es e de criminalizar os movimentos sociais\" \/>\n<meta property=\"og:url\" content=\"https:\/\/psol50.org.br\/ofensiva-contra-movimentos-ganha-reforco-senado-inicia-trabalhos-com-intencao-de-votar-lei-antiterrorismo\/\" \/>\n<meta property=\"og:site_name\" content=\"PSOL 50\" \/>\n<meta property=\"article:publisher\" content=\"https:\/\/www.facebook.com\/psol50\" \/>\n<meta property=\"article:published_time\" content=\"2014-02-12T14:10:48+00:00\" \/>\n<meta property=\"og:image\" content=\"https:\/\/psol50.org.br\/inc\/uploads\/2018\/07\/capa.png\" \/>\n\t<meta property=\"og:image:width\" content=\"1350\" \/>\n\t<meta property=\"og:image:height\" content=\"900\" \/>\n\t<meta property=\"og:image:type\" content=\"image\/png\" \/>\n<meta name=\"author\" content=\"Comunica\u00e7\u00e3o PSOL\" \/>\n<meta name=\"twitter:card\" content=\"summary_large_image\" \/>\n<meta name=\"twitter:creator\" content=\"@psol50\" \/>\n<meta name=\"twitter:site\" content=\"@psol50\" \/>\n<meta name=\"twitter:label1\" content=\"Escrito por\" \/>\n\t<meta name=\"twitter:data1\" content=\"Comunica\u00e7\u00e3o PSOL\" \/>\n\t<meta name=\"twitter:label2\" content=\"Est. tempo de leitura\" \/>\n\t<meta name=\"twitter:data2\" content=\"4 minutos\" \/>\n<script type=\"application\/ld+json\" class=\"yoast-schema-graph\">{\"@context\":\"https:\/\/schema.org\",\"@graph\":[{\"@type\":\"Article\",\"@id\":\"https:\/\/psol50.org.br\/ofensiva-contra-movimentos-ganha-reforco-senado-inicia-trabalhos-com-intencao-de-votar-lei-antiterrorismo\/#article\",\"isPartOf\":{\"@id\":\"https:\/\/psol50.org.br\/ofensiva-contra-movimentos-ganha-reforco-senado-inicia-trabalhos-com-intencao-de-votar-lei-antiterrorismo\/\"},\"author\":{\"name\":\"Comunica\u00e7\u00e3o PSOL\",\"@id\":\"https:\/\/psol50.org.br\/#\/schema\/person\/475dfa57d0b815993c714c2e96491fcd\"},\"headline\":\"Ofensiva contra movimentos ganha refor\u00e7o: Senado inicia trabalhos com inten\u00e7\u00e3o de votar lei antiterrorismo\",\"datePublished\":\"2014-02-12T14:10:48+00:00\",\"mainEntityOfPage\":{\"@id\":\"https:\/\/psol50.org.br\/ofensiva-contra-movimentos-ganha-reforco-senado-inicia-trabalhos-com-intencao-de-votar-lei-antiterrorismo\/\"},\"wordCount\":824,\"commentCount\":0,\"publisher\":{\"@id\":\"https:\/\/psol50.org.br\/#organization\"},\"articleSection\":[\"Arquivo\",\"Not\u00edcias\"],\"inLanguage\":\"pt-BR\",\"potentialAction\":[{\"@type\":\"CommentAction\",\"name\":\"Comment\",\"target\":[\"https:\/\/psol50.org.br\/ofensiva-contra-movimentos-ganha-reforco-senado-inicia-trabalhos-com-intencao-de-votar-lei-antiterrorismo\/#respond\"]}]},{\"@type\":\"WebPage\",\"@id\":\"https:\/\/psol50.org.br\/ofensiva-contra-movimentos-ganha-reforco-senado-inicia-trabalhos-com-intencao-de-votar-lei-antiterrorismo\/\",\"url\":\"https:\/\/psol50.org.br\/ofensiva-contra-movimentos-ganha-reforco-senado-inicia-trabalhos-com-intencao-de-votar-lei-antiterrorismo\/\",\"name\":\"Ofensiva contra movimentos ganha refor\u00e7o: Senado inicia trabalhos com inten\u00e7\u00e3o de votar lei antiterrorismo - PSOL 50\",\"isPartOf\":{\"@id\":\"https:\/\/psol50.org.br\/#website\"},\"datePublished\":\"2014-02-12T14:10:48+00:00\",\"breadcrumb\":{\"@id\":\"https:\/\/psol50.org.br\/ofensiva-contra-movimentos-ganha-reforco-senado-inicia-trabalhos-com-intencao-de-votar-lei-antiterrorismo\/#breadcrumb\"},\"inLanguage\":\"pt-BR\",\"potentialAction\":[{\"@type\":\"ReadAction\",\"target\":[\"https:\/\/psol50.org.br\/ofensiva-contra-movimentos-ganha-reforco-senado-inicia-trabalhos-com-intencao-de-votar-lei-antiterrorismo\/\"]}]},{\"@type\":\"BreadcrumbList\",\"@id\":\"https:\/\/psol50.org.br\/ofensiva-contra-movimentos-ganha-reforco-senado-inicia-trabalhos-com-intencao-de-votar-lei-antiterrorismo\/#breadcrumb\",\"itemListElement\":[{\"@type\":\"ListItem\",\"position\":1,\"name\":\"In\u00edcio\",\"item\":\"https:\/\/psol50.org.br\/\"},{\"@type\":\"ListItem\",\"position\":2,\"name\":\"Ofensiva contra movimentos ganha refor\u00e7o: Senado inicia trabalhos com inten\u00e7\u00e3o de votar lei antiterrorismo\"}]},{\"@type\":\"WebSite\",\"@id\":\"https:\/\/psol50.org.br\/#website\",\"url\":\"https:\/\/psol50.org.br\/\",\"name\":\"PSOL 50\",\"description\":\"Site oficial do Partido Socialismo e Liberdade\",\"publisher\":{\"@id\":\"https:\/\/psol50.org.br\/#organization\"},\"alternateName\":\"PSOL50\",\"potentialAction\":[{\"@type\":\"SearchAction\",\"target\":{\"@type\":\"EntryPoint\",\"urlTemplate\":\"https:\/\/psol50.org.br\/?s={search_term_string}\"},\"query-input\":{\"@type\":\"PropertyValueSpecification\",\"valueRequired\":true,\"valueName\":\"search_term_string\"}}],\"inLanguage\":\"pt-BR\"},{\"@type\":\"Organization\",\"@id\":\"https:\/\/psol50.org.br\/#organization\",\"name\":\"PSOL 50\",\"alternateName\":\"PSOL 50\",\"url\":\"https:\/\/psol50.org.br\/\",\"logo\":{\"@type\":\"ImageObject\",\"inLanguage\":\"pt-BR\",\"@id\":\"https:\/\/psol50.org.br\/#\/schema\/logo\/image\/\",\"url\":\"https:\/\/psol50.org.br\/inc\/uploads\/2018\/07\/capa.png\",\"contentUrl\":\"https:\/\/psol50.org.br\/inc\/uploads\/2018\/07\/capa.png\",\"width\":1350,\"height\":900,\"caption\":\"PSOL 50\"},\"image\":{\"@id\":\"https:\/\/psol50.org.br\/#\/schema\/logo\/image\/\"},\"sameAs\":[\"https:\/\/www.facebook.com\/psol50\",\"https:\/\/x.com\/psol50\",\"https:\/\/www.instagram.com\/psol50\/\",\"https:\/\/www.youtube.com\/channel\/UC7SnJS5o1os7a6CaiNabzcg\"]},{\"@type\":\"Person\",\"@id\":\"https:\/\/psol50.org.br\/#\/schema\/person\/475dfa57d0b815993c714c2e96491fcd\",\"name\":\"Comunica\u00e7\u00e3o PSOL\",\"image\":{\"@type\":\"ImageObject\",\"inLanguage\":\"pt-BR\",\"@id\":\"https:\/\/psol50.org.br\/#\/schema\/person\/image\/\",\"url\":\"https:\/\/secure.gravatar.com\/avatar\/b34fc4f4e468a4e51785917065a3db57b841f5c95dba6ad8c73aaf8f66f8f9bf?s=96&d=mm&r=g\",\"contentUrl\":\"https:\/\/secure.gravatar.com\/avatar\/b34fc4f4e468a4e51785917065a3db57b841f5c95dba6ad8c73aaf8f66f8f9bf?s=96&d=mm&r=g\",\"caption\":\"Comunica\u00e7\u00e3o PSOL\"}}]}<\/script>\n<!-- \/ Yoast SEO plugin. -->","yoast_head_json":{"title":"Ofensiva contra movimentos ganha refor\u00e7o: Senado inicia trabalhos com inten\u00e7\u00e3o de votar lei antiterrorismo - PSOL 50","robots":{"index":"index","follow":"follow","max-snippet":"max-snippet:-1","max-image-preview":"max-image-preview:large","max-video-preview":"max-video-preview:-1"},"canonical":"https:\/\/psol50.org.br\/ofensiva-contra-movimentos-ganha-reforco-senado-inicia-trabalhos-com-intencao-de-votar-lei-antiterrorismo\/","og_locale":"pt_BR","og_type":"article","og_title":"Ofensiva contra movimentos ganha refor\u00e7o: Senado inicia trabalhos com inten\u00e7\u00e3o de votar lei antiterrorismo - PSOL 50","og_description":"Iniciativa tem o objetivo de cercear o direito \u00e0s livres manifesta\u00e7\u00f5es e de criminalizar os movimentos sociais","og_url":"https:\/\/psol50.org.br\/ofensiva-contra-movimentos-ganha-reforco-senado-inicia-trabalhos-com-intencao-de-votar-lei-antiterrorismo\/","og_site_name":"PSOL 50","article_publisher":"https:\/\/www.facebook.com\/psol50","article_published_time":"2014-02-12T14:10:48+00:00","og_image":[{"width":1350,"height":900,"url":"https:\/\/psol50.org.br\/inc\/uploads\/2018\/07\/capa.png","type":"image\/png"}],"author":"Comunica\u00e7\u00e3o PSOL","twitter_card":"summary_large_image","twitter_creator":"@psol50","twitter_site":"@psol50","twitter_misc":{"Escrito por":"Comunica\u00e7\u00e3o PSOL","Est. tempo de leitura":"4 minutos"},"schema":{"@context":"https:\/\/schema.org","@graph":[{"@type":"Article","@id":"https:\/\/psol50.org.br\/ofensiva-contra-movimentos-ganha-reforco-senado-inicia-trabalhos-com-intencao-de-votar-lei-antiterrorismo\/#article","isPartOf":{"@id":"https:\/\/psol50.org.br\/ofensiva-contra-movimentos-ganha-reforco-senado-inicia-trabalhos-com-intencao-de-votar-lei-antiterrorismo\/"},"author":{"name":"Comunica\u00e7\u00e3o PSOL","@id":"https:\/\/psol50.org.br\/#\/schema\/person\/475dfa57d0b815993c714c2e96491fcd"},"headline":"Ofensiva contra movimentos ganha refor\u00e7o: Senado inicia trabalhos com inten\u00e7\u00e3o de votar lei antiterrorismo","datePublished":"2014-02-12T14:10:48+00:00","mainEntityOfPage":{"@id":"https:\/\/psol50.org.br\/ofensiva-contra-movimentos-ganha-reforco-senado-inicia-trabalhos-com-intencao-de-votar-lei-antiterrorismo\/"},"wordCount":824,"commentCount":0,"publisher":{"@id":"https:\/\/psol50.org.br\/#organization"},"articleSection":["Arquivo","Not\u00edcias"],"inLanguage":"pt-BR","potentialAction":[{"@type":"CommentAction","name":"Comment","target":["https:\/\/psol50.org.br\/ofensiva-contra-movimentos-ganha-reforco-senado-inicia-trabalhos-com-intencao-de-votar-lei-antiterrorismo\/#respond"]}]},{"@type":"WebPage","@id":"https:\/\/psol50.org.br\/ofensiva-contra-movimentos-ganha-reforco-senado-inicia-trabalhos-com-intencao-de-votar-lei-antiterrorismo\/","url":"https:\/\/psol50.org.br\/ofensiva-contra-movimentos-ganha-reforco-senado-inicia-trabalhos-com-intencao-de-votar-lei-antiterrorismo\/","name":"Ofensiva contra movimentos ganha refor\u00e7o: Senado inicia trabalhos com inten\u00e7\u00e3o de votar lei antiterrorismo - PSOL 50","isPartOf":{"@id":"https:\/\/psol50.org.br\/#website"},"datePublished":"2014-02-12T14:10:48+00:00","breadcrumb":{"@id":"https:\/\/psol50.org.br\/ofensiva-contra-movimentos-ganha-reforco-senado-inicia-trabalhos-com-intencao-de-votar-lei-antiterrorismo\/#breadcrumb"},"inLanguage":"pt-BR","potentialAction":[{"@type":"ReadAction","target":["https:\/\/psol50.org.br\/ofensiva-contra-movimentos-ganha-reforco-senado-inicia-trabalhos-com-intencao-de-votar-lei-antiterrorismo\/"]}]},{"@type":"BreadcrumbList","@id":"https:\/\/psol50.org.br\/ofensiva-contra-movimentos-ganha-reforco-senado-inicia-trabalhos-com-intencao-de-votar-lei-antiterrorismo\/#breadcrumb","itemListElement":[{"@type":"ListItem","position":1,"name":"In\u00edcio","item":"https:\/\/psol50.org.br\/"},{"@type":"ListItem","position":2,"name":"Ofensiva contra movimentos ganha refor\u00e7o: Senado inicia trabalhos com inten\u00e7\u00e3o de votar lei antiterrorismo"}]},{"@type":"WebSite","@id":"https:\/\/psol50.org.br\/#website","url":"https:\/\/psol50.org.br\/","name":"PSOL 50","description":"Site oficial do Partido Socialismo e Liberdade","publisher":{"@id":"https:\/\/psol50.org.br\/#organization"},"alternateName":"PSOL50","potentialAction":[{"@type":"SearchAction","target":{"@type":"EntryPoint","urlTemplate":"https:\/\/psol50.org.br\/?s={search_term_string}"},"query-input":{"@type":"PropertyValueSpecification","valueRequired":true,"valueName":"search_term_string"}}],"inLanguage":"pt-BR"},{"@type":"Organization","@id":"https:\/\/psol50.org.br\/#organization","name":"PSOL 50","alternateName":"PSOL 50","url":"https:\/\/psol50.org.br\/","logo":{"@type":"ImageObject","inLanguage":"pt-BR","@id":"https:\/\/psol50.org.br\/#\/schema\/logo\/image\/","url":"https:\/\/psol50.org.br\/inc\/uploads\/2018\/07\/capa.png","contentUrl":"https:\/\/psol50.org.br\/inc\/uploads\/2018\/07\/capa.png","width":1350,"height":900,"caption":"PSOL 50"},"image":{"@id":"https:\/\/psol50.org.br\/#\/schema\/logo\/image\/"},"sameAs":["https:\/\/www.facebook.com\/psol50","https:\/\/x.com\/psol50","https:\/\/www.instagram.com\/psol50\/","https:\/\/www.youtube.com\/channel\/UC7SnJS5o1os7a6CaiNabzcg"]},{"@type":"Person","@id":"https:\/\/psol50.org.br\/#\/schema\/person\/475dfa57d0b815993c714c2e96491fcd","name":"Comunica\u00e7\u00e3o PSOL","image":{"@type":"ImageObject","inLanguage":"pt-BR","@id":"https:\/\/psol50.org.br\/#\/schema\/person\/image\/","url":"https:\/\/secure.gravatar.com\/avatar\/b34fc4f4e468a4e51785917065a3db57b841f5c95dba6ad8c73aaf8f66f8f9bf?s=96&d=mm&r=g","contentUrl":"https:\/\/secure.gravatar.com\/avatar\/b34fc4f4e468a4e51785917065a3db57b841f5c95dba6ad8c73aaf8f66f8f9bf?s=96&d=mm&r=g","caption":"Comunica\u00e7\u00e3o PSOL"}}]}},"_links":{"self":[{"href":"https:\/\/psol50.org.br\/rest\/wp\/v2\/posts\/33135","targetHints":{"allow":["GET"]}}],"collection":[{"href":"https:\/\/psol50.org.br\/rest\/wp\/v2\/posts"}],"about":[{"href":"https:\/\/psol50.org.br\/rest\/wp\/v2\/types\/post"}],"author":[{"embeddable":true,"href":"https:\/\/psol50.org.br\/rest\/wp\/v2\/users\/2"}],"replies":[{"embeddable":true,"href":"https:\/\/psol50.org.br\/rest\/wp\/v2\/comments?post=33135"}],"version-history":[{"count":0,"href":"https:\/\/psol50.org.br\/rest\/wp\/v2\/posts\/33135\/revisions"}],"wp:attachment":[{"href":"https:\/\/psol50.org.br\/rest\/wp\/v2\/media?parent=33135"}],"wp:term":[{"taxonomy":"category","embeddable":true,"href":"https:\/\/psol50.org.br\/rest\/wp\/v2\/categories?post=33135"},{"taxonomy":"post_tag","embeddable":true,"href":"https:\/\/psol50.org.br\/rest\/wp\/v2\/tags?post=33135"}],"curies":[{"name":"wp","href":"https:\/\/api.w.org\/{rel}","templated":true}]}}