{"id":3315,"date":"2015-06-25T00:00:00","date_gmt":"2015-06-25T14:11:35","guid":{"rendered":"http:\/\/psol50.org.br\/arquivo\/2015\/06\/25\/vereador-do-psol-em-florianopolis-reune-apoiadores-para-discutir-acoes-politicas\/"},"modified":"2015-06-25T00:00:00","modified_gmt":"2015-06-25T14:11:35","slug":"vereador-do-psol-em-florianopolis-reune-apoiadores-para-discutir-acoes-politicas","status":"publish","type":"post","link":"https:\/\/psol50.org.br\/vereador-do-psol-em-florianopolis-reune-apoiadores-para-discutir-acoes-politicas\/","title":{"rendered":"Vereador do PSOL em Florian\u00f3polis re\u00fane apoiadores para discutir a\u00e7\u00f5es pol\u00edticas"},"content":{"rendered":"<p style=\"text-align: justify;\">\n\t<span style=\"font-family:arial,helvetica,sans-serif;\"><span style=\"font-size: 12px;\">No ultimo dia 18 de junho, o vereador do PSOL em Florian\u00f3polis, Afr\u00e2nio Boppr\u00e9, promoveu uma reuni\u00e3o com apoiadores do seu mandato para discutir as a\u00e7\u00f5es e os enfrentamentos que v\u00eam sendo realizados na capital de Santa Catarina.<br \/>\n\t&nbsp;<br \/>\n\tOs militantes enfrentaram o inverno frio e o vento sul gelado para contribu\u00edrem com o \u00fanico mandato, entre os 23 vereadores, que faz a diferen\u00e7a na C\u00e2mara de Vereadores da cidade, onde o PSOL tem sido destaque na atua\u00e7\u00e3o em oposi\u00e7\u00e3o \u00e0 administra\u00e7\u00e3o, com qualidade no debate pol\u00edtico. Tamb\u00e9m tem se destacado no desenvolvimento de um projeto de cidade que valorize o ser humano como agente de constru\u00e7\u00e3o da cidade, contra a especula\u00e7\u00e3o imobili\u00e1ria e mercantiliza\u00e7\u00e3o dos espa\u00e7os p\u00fablicos.<br \/>\n\t&nbsp;<br \/>\n\t\u201cDevemos deixar claro a diferen\u00e7a entre o p\u00fablico e o privado para que o ac\u00famulo de riqueza seja de toda a popula\u00e7\u00e3o e n\u00e3o de grupos minorit\u00e1rios da sociedade. Necessitamos construir uma cultura de solidariedade e assegurar o direito \u00e0 cidade\u201d, ressaltou Afr\u00e2nio, durante a reuni\u00e3o.<br \/>\n\t&nbsp;<br \/>\n\tO mandato do vereador Afr\u00e2nio \u00e9 na pr\u00e1tica um espa\u00e7o para envolver cada vez mais pessoas na pol\u00edtica e assim construir uma participa\u00e7\u00e3o efetiva e n\u00e3o deixar a popula\u00e7\u00e3o ser chamada somente nas elei\u00e7\u00f5es, na hora de dar o seu voto.<br \/>\n\t&nbsp;<br \/>\n\tFrancisvaldo Mendes, da dire\u00e7\u00e3o nacional do PSOL, fez quest\u00e3o de destacar a import\u00e2ncia do mandato do vereador Afr\u00e2nio Boppr\u00e9 na luta pela constru\u00e7\u00e3o do ide\u00e1rio de uma nova sociedade.<\/span><\/span><\/p>\n<p>&nbsp;<\/p>\n","protected":false},"excerpt":{"rendered":"<p>No ultimo dia 18 de junho, o vereador do PSOL em Florian\u00f3polis, Afr\u00e2nio Boppr\u00e9, promoveu uma reuni\u00e3o com apoiadores do seu mandato para discutir as a\u00e7\u00f5es e os enfrentamentos que v\u00eam sendo realizados na capital de Santa Catarina. &nbsp; Os militantes enfrentaram o inverno frio e o vento sul gelado para contribu\u00edrem com o \u00fanico [&hellip;]<\/p>\n","protected":false},"author":2,"featured_media":0,"comment_status":"open","ping_status":"open","sticky":false,"template":"","format":"standard","meta":{"_acf_changed":false,"footnotes":""},"categories":[6],"tags":[22],"class_list":{"0":"post-3315","1":"post","2":"type-post","3":"status-publish","4":"format-standard","6":"category-noticias","7":"tag-psol"},"acf":[],"yoast_head":"<!-- This site is optimized with the Yoast SEO plugin v26.5 - https:\/\/yoast.com\/wordpress\/plugins\/seo\/ -->\n<title>Vereador do PSOL em Florian\u00f3polis re\u00fane apoiadores para discutir a\u00e7\u00f5es pol\u00edticas - PSOL 50<\/title>\n<meta name=\"robots\" content=\"index, follow, max-snippet:-1, max-image-preview:large, max-video-preview:-1\" \/>\n<link rel=\"canonical\" href=\"https:\/\/psol50.org.br\/vereador-do-psol-em-florianopolis-reune-apoiadores-para-discutir-acoes-politicas\/\" \/>\n<meta property=\"og:locale\" content=\"pt_BR\" \/>\n<meta property=\"og:type\" content=\"article\" \/>\n<meta property=\"og:title\" content=\"Vereador do PSOL em Florian\u00f3polis re\u00fane apoiadores para discutir a\u00e7\u00f5es pol\u00edticas - PSOL 50\" \/>\n<meta property=\"og:description\" content=\"No ultimo dia 18 de junho, o vereador do PSOL em Florian\u00f3polis, Afr\u00e2nio Boppr\u00e9, promoveu uma reuni\u00e3o com apoiadores do seu mandato para discutir as a\u00e7\u00f5es e os enfrentamentos que v\u00eam sendo realizados na capital de Santa Catarina. &nbsp; Os militantes enfrentaram o inverno frio e o vento sul gelado para contribu\u00edrem com o \u00fanico [&hellip;]\" \/>\n<meta property=\"og:url\" content=\"https:\/\/psol50.org.br\/vereador-do-psol-em-florianopolis-reune-apoiadores-para-discutir-acoes-politicas\/\" \/>\n<meta property=\"og:site_name\" content=\"PSOL 50\" \/>\n<meta property=\"article:publisher\" content=\"https:\/\/www.facebook.com\/psol50\" \/>\n<meta property=\"article:published_time\" content=\"2015-06-25T14:11:35+00:00\" \/>\n<meta property=\"og:image\" content=\"https:\/\/psol50.org.br\/inc\/uploads\/2018\/07\/capa.png\" \/>\n\t<meta property=\"og:image:width\" content=\"1350\" \/>\n\t<meta property=\"og:image:height\" content=\"900\" \/>\n\t<meta property=\"og:image:type\" content=\"image\/png\" \/>\n<meta name=\"author\" content=\"Comunica\u00e7\u00e3o PSOL\" \/>\n<meta name=\"twitter:card\" content=\"summary_large_image\" \/>\n<meta name=\"twitter:creator\" content=\"@psol50\" \/>\n<meta name=\"twitter:site\" content=\"@psol50\" \/>\n<meta name=\"twitter:label1\" content=\"Escrito por\" \/>\n\t<meta name=\"twitter:data1\" content=\"Comunica\u00e7\u00e3o PSOL\" \/>\n\t<meta name=\"twitter:label2\" content=\"Est. tempo de leitura\" \/>\n\t<meta name=\"twitter:data2\" content=\"1 minuto\" \/>\n<script type=\"application\/ld+json\" class=\"yoast-schema-graph\">{\"@context\":\"https:\/\/schema.org\",\"@graph\":[{\"@type\":\"Article\",\"@id\":\"https:\/\/psol50.org.br\/vereador-do-psol-em-florianopolis-reune-apoiadores-para-discutir-acoes-politicas\/#article\",\"isPartOf\":{\"@id\":\"https:\/\/psol50.org.br\/vereador-do-psol-em-florianopolis-reune-apoiadores-para-discutir-acoes-politicas\/\"},\"author\":{\"name\":\"Comunica\u00e7\u00e3o PSOL\",\"@id\":\"https:\/\/psol50.org.br\/#\/schema\/person\/475dfa57d0b815993c714c2e96491fcd\"},\"headline\":\"Vereador do PSOL em Florian\u00f3polis re\u00fane apoiadores para discutir a\u00e7\u00f5es pol\u00edticas\",\"datePublished\":\"2015-06-25T14:11:35+00:00\",\"mainEntityOfPage\":{\"@id\":\"https:\/\/psol50.org.br\/vereador-do-psol-em-florianopolis-reune-apoiadores-para-discutir-acoes-politicas\/\"},\"wordCount\":289,\"commentCount\":0,\"publisher\":{\"@id\":\"https:\/\/psol50.org.br\/#organization\"},\"keywords\":[\"PSOL\"],\"articleSection\":[\"Not\u00edcias\"],\"inLanguage\":\"pt-BR\",\"potentialAction\":[{\"@type\":\"CommentAction\",\"name\":\"Comment\",\"target\":[\"https:\/\/psol50.org.br\/vereador-do-psol-em-florianopolis-reune-apoiadores-para-discutir-acoes-politicas\/#respond\"]}]},{\"@type\":\"WebPage\",\"@id\":\"https:\/\/psol50.org.br\/vereador-do-psol-em-florianopolis-reune-apoiadores-para-discutir-acoes-politicas\/\",\"url\":\"https:\/\/psol50.org.br\/vereador-do-psol-em-florianopolis-reune-apoiadores-para-discutir-acoes-politicas\/\",\"name\":\"Vereador do PSOL em Florian\u00f3polis re\u00fane apoiadores para discutir a\u00e7\u00f5es pol\u00edticas - PSOL 50\",\"isPartOf\":{\"@id\":\"https:\/\/psol50.org.br\/#website\"},\"datePublished\":\"2015-06-25T14:11:35+00:00\",\"breadcrumb\":{\"@id\":\"https:\/\/psol50.org.br\/vereador-do-psol-em-florianopolis-reune-apoiadores-para-discutir-acoes-politicas\/#breadcrumb\"},\"inLanguage\":\"pt-BR\",\"potentialAction\":[{\"@type\":\"ReadAction\",\"target\":[\"https:\/\/psol50.org.br\/vereador-do-psol-em-florianopolis-reune-apoiadores-para-discutir-acoes-politicas\/\"]}]},{\"@type\":\"BreadcrumbList\",\"@id\":\"https:\/\/psol50.org.br\/vereador-do-psol-em-florianopolis-reune-apoiadores-para-discutir-acoes-politicas\/#breadcrumb\",\"itemListElement\":[{\"@type\":\"ListItem\",\"position\":1,\"name\":\"In\u00edcio\",\"item\":\"https:\/\/psol50.org.br\/\"},{\"@type\":\"ListItem\",\"position\":2,\"name\":\"Vereador do PSOL em Florian\u00f3polis re\u00fane apoiadores para discutir a\u00e7\u00f5es pol\u00edticas\"}]},{\"@type\":\"WebSite\",\"@id\":\"https:\/\/psol50.org.br\/#website\",\"url\":\"https:\/\/psol50.org.br\/\",\"name\":\"PSOL 50\",\"description\":\"Site oficial do Partido Socialismo e Liberdade\",\"publisher\":{\"@id\":\"https:\/\/psol50.org.br\/#organization\"},\"alternateName\":\"PSOL50\",\"potentialAction\":[{\"@type\":\"SearchAction\",\"target\":{\"@type\":\"EntryPoint\",\"urlTemplate\":\"https:\/\/psol50.org.br\/?s={search_term_string}\"},\"query-input\":{\"@type\":\"PropertyValueSpecification\",\"valueRequired\":true,\"valueName\":\"search_term_string\"}}],\"inLanguage\":\"pt-BR\"},{\"@type\":\"Organization\",\"@id\":\"https:\/\/psol50.org.br\/#organization\",\"name\":\"PSOL 50\",\"alternateName\":\"PSOL 50\",\"url\":\"https:\/\/psol50.org.br\/\",\"logo\":{\"@type\":\"ImageObject\",\"inLanguage\":\"pt-BR\",\"@id\":\"https:\/\/psol50.org.br\/#\/schema\/logo\/image\/\",\"url\":\"https:\/\/psol50.org.br\/inc\/uploads\/2018\/07\/capa.png\",\"contentUrl\":\"https:\/\/psol50.org.br\/inc\/uploads\/2018\/07\/capa.png\",\"width\":1350,\"height\":900,\"caption\":\"PSOL 50\"},\"image\":{\"@id\":\"https:\/\/psol50.org.br\/#\/schema\/logo\/image\/\"},\"sameAs\":[\"https:\/\/www.facebook.com\/psol50\",\"https:\/\/x.com\/psol50\",\"https:\/\/www.instagram.com\/psol50\/\",\"https:\/\/www.youtube.com\/channel\/UC7SnJS5o1os7a6CaiNabzcg\"]},{\"@type\":\"Person\",\"@id\":\"https:\/\/psol50.org.br\/#\/schema\/person\/475dfa57d0b815993c714c2e96491fcd\",\"name\":\"Comunica\u00e7\u00e3o PSOL\",\"image\":{\"@type\":\"ImageObject\",\"inLanguage\":\"pt-BR\",\"@id\":\"https:\/\/psol50.org.br\/#\/schema\/person\/image\/\",\"url\":\"https:\/\/secure.gravatar.com\/avatar\/b34fc4f4e468a4e51785917065a3db57b841f5c95dba6ad8c73aaf8f66f8f9bf?s=96&d=mm&r=g\",\"contentUrl\":\"https:\/\/secure.gravatar.com\/avatar\/b34fc4f4e468a4e51785917065a3db57b841f5c95dba6ad8c73aaf8f66f8f9bf?s=96&d=mm&r=g\",\"caption\":\"Comunica\u00e7\u00e3o PSOL\"}}]}<\/script>\n<!-- \/ Yoast SEO plugin. -->","yoast_head_json":{"title":"Vereador do PSOL em Florian\u00f3polis re\u00fane apoiadores para discutir a\u00e7\u00f5es pol\u00edticas - PSOL 50","robots":{"index":"index","follow":"follow","max-snippet":"max-snippet:-1","max-image-preview":"max-image-preview:large","max-video-preview":"max-video-preview:-1"},"canonical":"https:\/\/psol50.org.br\/vereador-do-psol-em-florianopolis-reune-apoiadores-para-discutir-acoes-politicas\/","og_locale":"pt_BR","og_type":"article","og_title":"Vereador do PSOL em Florian\u00f3polis re\u00fane apoiadores para discutir a\u00e7\u00f5es pol\u00edticas - PSOL 50","og_description":"No ultimo dia 18 de junho, o vereador do PSOL em Florian\u00f3polis, Afr\u00e2nio Boppr\u00e9, promoveu uma reuni\u00e3o com apoiadores do seu mandato para discutir as a\u00e7\u00f5es e os enfrentamentos que v\u00eam sendo realizados na capital de Santa Catarina. &nbsp; Os militantes enfrentaram o inverno frio e o vento sul gelado para contribu\u00edrem com o \u00fanico [&hellip;]","og_url":"https:\/\/psol50.org.br\/vereador-do-psol-em-florianopolis-reune-apoiadores-para-discutir-acoes-politicas\/","og_site_name":"PSOL 50","article_publisher":"https:\/\/www.facebook.com\/psol50","article_published_time":"2015-06-25T14:11:35+00:00","og_image":[{"width":1350,"height":900,"url":"https:\/\/psol50.org.br\/inc\/uploads\/2018\/07\/capa.png","type":"image\/png"}],"author":"Comunica\u00e7\u00e3o PSOL","twitter_card":"summary_large_image","twitter_creator":"@psol50","twitter_site":"@psol50","twitter_misc":{"Escrito por":"Comunica\u00e7\u00e3o PSOL","Est. tempo de leitura":"1 minuto"},"schema":{"@context":"https:\/\/schema.org","@graph":[{"@type":"Article","@id":"https:\/\/psol50.org.br\/vereador-do-psol-em-florianopolis-reune-apoiadores-para-discutir-acoes-politicas\/#article","isPartOf":{"@id":"https:\/\/psol50.org.br\/vereador-do-psol-em-florianopolis-reune-apoiadores-para-discutir-acoes-politicas\/"},"author":{"name":"Comunica\u00e7\u00e3o PSOL","@id":"https:\/\/psol50.org.br\/#\/schema\/person\/475dfa57d0b815993c714c2e96491fcd"},"headline":"Vereador do PSOL em Florian\u00f3polis re\u00fane apoiadores para discutir a\u00e7\u00f5es pol\u00edticas","datePublished":"2015-06-25T14:11:35+00:00","mainEntityOfPage":{"@id":"https:\/\/psol50.org.br\/vereador-do-psol-em-florianopolis-reune-apoiadores-para-discutir-acoes-politicas\/"},"wordCount":289,"commentCount":0,"publisher":{"@id":"https:\/\/psol50.org.br\/#organization"},"keywords":["PSOL"],"articleSection":["Not\u00edcias"],"inLanguage":"pt-BR","potentialAction":[{"@type":"CommentAction","name":"Comment","target":["https:\/\/psol50.org.br\/vereador-do-psol-em-florianopolis-reune-apoiadores-para-discutir-acoes-politicas\/#respond"]}]},{"@type":"WebPage","@id":"https:\/\/psol50.org.br\/vereador-do-psol-em-florianopolis-reune-apoiadores-para-discutir-acoes-politicas\/","url":"https:\/\/psol50.org.br\/vereador-do-psol-em-florianopolis-reune-apoiadores-para-discutir-acoes-politicas\/","name":"Vereador do PSOL em Florian\u00f3polis re\u00fane apoiadores para discutir a\u00e7\u00f5es pol\u00edticas - PSOL 50","isPartOf":{"@id":"https:\/\/psol50.org.br\/#website"},"datePublished":"2015-06-25T14:11:35+00:00","breadcrumb":{"@id":"https:\/\/psol50.org.br\/vereador-do-psol-em-florianopolis-reune-apoiadores-para-discutir-acoes-politicas\/#breadcrumb"},"inLanguage":"pt-BR","potentialAction":[{"@type":"ReadAction","target":["https:\/\/psol50.org.br\/vereador-do-psol-em-florianopolis-reune-apoiadores-para-discutir-acoes-politicas\/"]}]},{"@type":"BreadcrumbList","@id":"https:\/\/psol50.org.br\/vereador-do-psol-em-florianopolis-reune-apoiadores-para-discutir-acoes-politicas\/#breadcrumb","itemListElement":[{"@type":"ListItem","position":1,"name":"In\u00edcio","item":"https:\/\/psol50.org.br\/"},{"@type":"ListItem","position":2,"name":"Vereador do PSOL em Florian\u00f3polis re\u00fane apoiadores para discutir a\u00e7\u00f5es pol\u00edticas"}]},{"@type":"WebSite","@id":"https:\/\/psol50.org.br\/#website","url":"https:\/\/psol50.org.br\/","name":"PSOL 50","description":"Site oficial do Partido Socialismo e Liberdade","publisher":{"@id":"https:\/\/psol50.org.br\/#organization"},"alternateName":"PSOL50","potentialAction":[{"@type":"SearchAction","target":{"@type":"EntryPoint","urlTemplate":"https:\/\/psol50.org.br\/?s={search_term_string}"},"query-input":{"@type":"PropertyValueSpecification","valueRequired":true,"valueName":"search_term_string"}}],"inLanguage":"pt-BR"},{"@type":"Organization","@id":"https:\/\/psol50.org.br\/#organization","name":"PSOL 50","alternateName":"PSOL 50","url":"https:\/\/psol50.org.br\/","logo":{"@type":"ImageObject","inLanguage":"pt-BR","@id":"https:\/\/psol50.org.br\/#\/schema\/logo\/image\/","url":"https:\/\/psol50.org.br\/inc\/uploads\/2018\/07\/capa.png","contentUrl":"https:\/\/psol50.org.br\/inc\/uploads\/2018\/07\/capa.png","width":1350,"height":900,"caption":"PSOL 50"},"image":{"@id":"https:\/\/psol50.org.br\/#\/schema\/logo\/image\/"},"sameAs":["https:\/\/www.facebook.com\/psol50","https:\/\/x.com\/psol50","https:\/\/www.instagram.com\/psol50\/","https:\/\/www.youtube.com\/channel\/UC7SnJS5o1os7a6CaiNabzcg"]},{"@type":"Person","@id":"https:\/\/psol50.org.br\/#\/schema\/person\/475dfa57d0b815993c714c2e96491fcd","name":"Comunica\u00e7\u00e3o PSOL","image":{"@type":"ImageObject","inLanguage":"pt-BR","@id":"https:\/\/psol50.org.br\/#\/schema\/person\/image\/","url":"https:\/\/secure.gravatar.com\/avatar\/b34fc4f4e468a4e51785917065a3db57b841f5c95dba6ad8c73aaf8f66f8f9bf?s=96&d=mm&r=g","contentUrl":"https:\/\/secure.gravatar.com\/avatar\/b34fc4f4e468a4e51785917065a3db57b841f5c95dba6ad8c73aaf8f66f8f9bf?s=96&d=mm&r=g","caption":"Comunica\u00e7\u00e3o PSOL"}}]}},"_links":{"self":[{"href":"https:\/\/psol50.org.br\/rest\/wp\/v2\/posts\/3315","targetHints":{"allow":["GET"]}}],"collection":[{"href":"https:\/\/psol50.org.br\/rest\/wp\/v2\/posts"}],"about":[{"href":"https:\/\/psol50.org.br\/rest\/wp\/v2\/types\/post"}],"author":[{"embeddable":true,"href":"https:\/\/psol50.org.br\/rest\/wp\/v2\/users\/2"}],"replies":[{"embeddable":true,"href":"https:\/\/psol50.org.br\/rest\/wp\/v2\/comments?post=3315"}],"version-history":[{"count":0,"href":"https:\/\/psol50.org.br\/rest\/wp\/v2\/posts\/3315\/revisions"}],"wp:attachment":[{"href":"https:\/\/psol50.org.br\/rest\/wp\/v2\/media?parent=3315"}],"wp:term":[{"taxonomy":"category","embeddable":true,"href":"https:\/\/psol50.org.br\/rest\/wp\/v2\/categories?post=3315"},{"taxonomy":"post_tag","embeddable":true,"href":"https:\/\/psol50.org.br\/rest\/wp\/v2\/tags?post=3315"}],"curies":[{"name":"wp","href":"https:\/\/api.w.org\/{rel}","templated":true}]}}