{"id":33153,"date":"2014-03-11T00:00:00","date_gmt":"2014-03-11T14:48:40","guid":{"rendered":"http:\/\/psol50.org.br\/arquivo\/2014\/03\/11\/2o-debate-do-seminario-governar-apos-junho-em-sp-vai-discutir-transporte-publico-e-politica-urbana\/"},"modified":"2014-03-11T00:00:00","modified_gmt":"2014-03-11T14:48:40","slug":"2o-debate-do-seminario-governar-apos-junho-em-sp-vai-discutir-transporte-publico-e-politica-urbana","status":"publish","type":"post","link":"https:\/\/psol50.org.br\/2o-debate-do-seminario-governar-apos-junho-em-sp-vai-discutir-transporte-publico-e-politica-urbana\/","title":{"rendered":"2\u00ba debate do semin\u00e1rio \u201cGovernar ap\u00f3s junho\u201d, em SP, vai discutir Transporte P\u00fablico e Pol\u00edtica Urbana"},"content":{"rendered":"<p style=\"text-align: justify;\">\n\t<span style=\"font-size: 12px;\">A pr\u00f3xima mesa do ciclo de debates&nbsp;<\/span><em style=\"font-size: 12px;\">\u201cGovernar ap\u00f3s junho\u201d&nbsp;<\/em><span style=\"font-size: 12px;\">acontece nesta quarta-feira, dia 12, \u00e0s 19 horas, na C\u00e2mara Municipal de S\u00e3o Paulo. L\u00facio Gregori, ex. secret\u00e1rio de transporte de S\u00e3o Paulo, Altino de Melo Prazeres Junior, presidente do Sindicato dos Metrovi\u00e1rios e um representante do Movimento Passe Livre v\u00e3o debater transporte p\u00fablico e pol\u00edtica urbana. O semin\u00e1rio \u00e9 organizado pela Funda\u00e7\u00e3o Lauro Campos e pelo Diret\u00f3rio Estadual do PSOL-SP.<\/span><\/p>\n<p>\t<span style=\"font-size: 12px;\">Tais debates foram pensados como um f\u00f3rum aberto de discuss\u00f5es a respeito dos desafios para um governo de esquerda que queira estar \u00e0 altura dos acontecimentos atuais e da insatisfa\u00e7\u00e3o social. O semin\u00e1rio servir\u00e1 de subs\u00eddio \u00e0 elabora\u00e7\u00e3o de propostas alternativas que ser\u00e3o defendidas pelo PSOL nas elei\u00e7\u00f5es de 2014, mas servir\u00e3o principalmente para ajudar a construir propostas de esquerda para o debate mais geral na sociedade.<\/span><\/p>\n<p>\t<span style=\"font-size: 12px;\">L\u00facio Gregori foi secret\u00e1rio de transporte no governo Luiza Erundina, apresentou na ent\u00e3o administra\u00e7\u00e3o petista a proposta de Tarifa Zero. O Sindicato dos Metrovi\u00e1rios tem estado \u00e0 frente da luta contra o sucateamento e contra as privatiza\u00e7\u00f5es do Metr\u00f4. J\u00e1 o MPL foi o principal movimento na luta contra os aumentos das tarifas de transportes que resultaram nas grandes manifesta\u00e7\u00f5es de junho de 2013 e na revoga\u00e7\u00e3o dos aumentos.<\/span><\/p>\n<p>\t<span style=\"font-size: 12px;\">A primeira mesa do Semin\u00e1rio&nbsp;\u201c<\/span><em style=\"font-size: 12px;\">Governar ap\u00f3s junho\u201d <\/em><span style=\"font-size: 12px;\">aconteceu no dia 22 de fevereiro e reuniu cerca de 300 pessoas. Participaram da mesa os intelectuais Chico de Oliveira, Paulo Arantes e Laymert Garcia dos Santos e o presidente estadual do PSOL-SP Paulo B\u00fafalo. O primeiro debate foi coordenado pelo fil\u00f3sofo e professor da USP, Vladimir Safatle.<\/span><\/p>\n<p>\t<span style=\"font-size: 12px;\">Os debates v\u00e3o at\u00e9 junho e ao todo ser\u00e3o 9 mesas tem\u00e1ticas, al\u00e9m de debates em cidades do interior, do litoral e da Grande S\u00e3o Paulo.<\/span><\/p>\n<p>\t<strong style=\"font-size: 12px;\">Veja a programa\u00e7\u00e3o que j\u00e1 est\u00e1 confirmada<\/strong><br \/>\n\t<span style=\"font-size: 12px;\">12 de mar\u00e7o (quarta-feira) \u2013 19h \u2013 Transporte p\u00fablico e pol\u00edtica urbana<\/span><br \/>\n\t<span style=\"font-size: 12px;\">29 de mar\u00e7o (s\u00e1bado) \u2013 13h30 \u2013 Seguran\u00e7a P\u00fablica e direitos humanos<\/span><br \/>\n\t<span style=\"font-size: 12px;\">12 de abril (s\u00e1bado) \u2013 13h30 \u2013 Direito \u00e0 cidade, habita\u00e7\u00e3o e o legado da Copa do Mundo<\/span><br \/>\n\t<span style=\"font-size: 12px;\">26 de abril (s\u00e1bado) \u2013 13h30 \u2013 Pol\u00edtica econ\u00f4mica, trabalho e emprego<\/span><br \/>\n\t<span style=\"font-size: 12px;\">10 de maio (s\u00e1bado) \u2013 13h30 \u2013 Sa\u00fade mental e pol\u00edtica de drogas<\/span><br \/>\n\t<span style=\"font-size: 12px;\">24 de maio (s\u00e1bado) \u2013 13h30 \u2013 Democracia Direta<\/span><br \/>\n\t<span style=\"font-size: 12px;\">7 de junho (s\u00e1bado) \u2013 10h \u2013 Educa\u00e7\u00e3o<\/span><br \/>\n\t<span style=\"font-size: 12px;\">10 de junho (ter\u00e7a-feira) \u2013 19h \u2013 Ecologia<\/p>\n<p>\tViste a p\u00e1gina do evento no facebook:&nbsp;<\/span>http:\/\/bit.ly\/1ghJyDZ.&nbsp;<br \/>\n\t&nbsp;<\/p>\n","protected":false},"excerpt":{"rendered":"<p>A pr\u00f3xima mesa do ciclo de debates&nbsp;\u201cGovernar ap\u00f3s junho\u201d&nbsp;acontece nesta quarta-feira, dia 12, \u00e0s 19 horas, na C\u00e2mara Municipal de S\u00e3o Paulo. L\u00facio Gregori, ex. secret\u00e1rio de transporte de S\u00e3o Paulo, Altino de Melo Prazeres Junior, presidente do Sindicato dos Metrovi\u00e1rios e um representante do Movimento Passe Livre v\u00e3o debater transporte p\u00fablico e pol\u00edtica urbana. [&hellip;]<\/p>\n","protected":false},"author":2,"featured_media":0,"comment_status":"open","ping_status":"open","sticky":false,"template":"","format":"standard","meta":{"_acf_changed":false,"footnotes":""},"categories":[4766,6],"tags":[],"class_list":{"0":"post-33153","1":"post","2":"type-post","3":"status-publish","4":"format-standard","6":"category-arquivo","7":"category-noticias"},"acf":[],"yoast_head":"<!-- This site is optimized with the Yoast SEO plugin v26.5 - https:\/\/yoast.com\/wordpress\/plugins\/seo\/ -->\n<title>2\u00ba debate do semin\u00e1rio \u201cGovernar ap\u00f3s junho\u201d, em SP, vai discutir Transporte P\u00fablico e Pol\u00edtica Urbana - PSOL 50<\/title>\n<meta name=\"robots\" content=\"index, follow, max-snippet:-1, max-image-preview:large, max-video-preview:-1\" \/>\n<link rel=\"canonical\" href=\"https:\/\/psol50.org.br\/2o-debate-do-seminario-governar-apos-junho-em-sp-vai-discutir-transporte-publico-e-politica-urbana\/\" \/>\n<meta property=\"og:locale\" content=\"pt_BR\" \/>\n<meta property=\"og:type\" content=\"article\" \/>\n<meta property=\"og:title\" content=\"2\u00ba debate do semin\u00e1rio \u201cGovernar ap\u00f3s junho\u201d, em SP, vai discutir Transporte P\u00fablico e Pol\u00edtica Urbana - PSOL 50\" \/>\n<meta property=\"og:description\" content=\"A pr\u00f3xima mesa do ciclo de debates&nbsp;\u201cGovernar ap\u00f3s junho\u201d&nbsp;acontece nesta quarta-feira, dia 12, \u00e0s 19 horas, na C\u00e2mara Municipal de S\u00e3o Paulo. L\u00facio Gregori, ex. secret\u00e1rio de transporte de S\u00e3o Paulo, Altino de Melo Prazeres Junior, presidente do Sindicato dos Metrovi\u00e1rios e um representante do Movimento Passe Livre v\u00e3o debater transporte p\u00fablico e pol\u00edtica urbana. [&hellip;]\" \/>\n<meta property=\"og:url\" content=\"https:\/\/psol50.org.br\/2o-debate-do-seminario-governar-apos-junho-em-sp-vai-discutir-transporte-publico-e-politica-urbana\/\" \/>\n<meta property=\"og:site_name\" content=\"PSOL 50\" \/>\n<meta property=\"article:publisher\" content=\"https:\/\/www.facebook.com\/psol50\" \/>\n<meta property=\"article:published_time\" content=\"2014-03-11T14:48:40+00:00\" \/>\n<meta property=\"og:image\" content=\"https:\/\/psol50.org.br\/inc\/uploads\/2018\/07\/capa.png\" \/>\n\t<meta property=\"og:image:width\" content=\"1350\" \/>\n\t<meta property=\"og:image:height\" content=\"900\" \/>\n\t<meta property=\"og:image:type\" content=\"image\/png\" \/>\n<meta name=\"author\" content=\"Comunica\u00e7\u00e3o PSOL\" \/>\n<meta name=\"twitter:card\" content=\"summary_large_image\" \/>\n<meta name=\"twitter:creator\" content=\"@psol50\" \/>\n<meta name=\"twitter:site\" content=\"@psol50\" \/>\n<meta name=\"twitter:label1\" content=\"Escrito por\" \/>\n\t<meta name=\"twitter:data1\" content=\"Comunica\u00e7\u00e3o PSOL\" \/>\n\t<meta name=\"twitter:label2\" content=\"Est. tempo de leitura\" \/>\n\t<meta name=\"twitter:data2\" content=\"2 minutos\" \/>\n<script type=\"application\/ld+json\" class=\"yoast-schema-graph\">{\"@context\":\"https:\/\/schema.org\",\"@graph\":[{\"@type\":\"Article\",\"@id\":\"https:\/\/psol50.org.br\/2o-debate-do-seminario-governar-apos-junho-em-sp-vai-discutir-transporte-publico-e-politica-urbana\/#article\",\"isPartOf\":{\"@id\":\"https:\/\/psol50.org.br\/2o-debate-do-seminario-governar-apos-junho-em-sp-vai-discutir-transporte-publico-e-politica-urbana\/\"},\"author\":{\"name\":\"Comunica\u00e7\u00e3o PSOL\",\"@id\":\"https:\/\/psol50.org.br\/#\/schema\/person\/475dfa57d0b815993c714c2e96491fcd\"},\"headline\":\"2\u00ba debate do semin\u00e1rio \u201cGovernar ap\u00f3s junho\u201d, em SP, vai discutir Transporte P\u00fablico e Pol\u00edtica Urbana\",\"datePublished\":\"2014-03-11T14:48:40+00:00\",\"mainEntityOfPage\":{\"@id\":\"https:\/\/psol50.org.br\/2o-debate-do-seminario-governar-apos-junho-em-sp-vai-discutir-transporte-publico-e-politica-urbana\/\"},\"wordCount\":449,\"commentCount\":0,\"publisher\":{\"@id\":\"https:\/\/psol50.org.br\/#organization\"},\"articleSection\":[\"Arquivo\",\"Not\u00edcias\"],\"inLanguage\":\"pt-BR\",\"potentialAction\":[{\"@type\":\"CommentAction\",\"name\":\"Comment\",\"target\":[\"https:\/\/psol50.org.br\/2o-debate-do-seminario-governar-apos-junho-em-sp-vai-discutir-transporte-publico-e-politica-urbana\/#respond\"]}]},{\"@type\":\"WebPage\",\"@id\":\"https:\/\/psol50.org.br\/2o-debate-do-seminario-governar-apos-junho-em-sp-vai-discutir-transporte-publico-e-politica-urbana\/\",\"url\":\"https:\/\/psol50.org.br\/2o-debate-do-seminario-governar-apos-junho-em-sp-vai-discutir-transporte-publico-e-politica-urbana\/\",\"name\":\"2\u00ba debate do semin\u00e1rio \u201cGovernar ap\u00f3s junho\u201d, em SP, vai discutir Transporte P\u00fablico e Pol\u00edtica Urbana - PSOL 50\",\"isPartOf\":{\"@id\":\"https:\/\/psol50.org.br\/#website\"},\"datePublished\":\"2014-03-11T14:48:40+00:00\",\"breadcrumb\":{\"@id\":\"https:\/\/psol50.org.br\/2o-debate-do-seminario-governar-apos-junho-em-sp-vai-discutir-transporte-publico-e-politica-urbana\/#breadcrumb\"},\"inLanguage\":\"pt-BR\",\"potentialAction\":[{\"@type\":\"ReadAction\",\"target\":[\"https:\/\/psol50.org.br\/2o-debate-do-seminario-governar-apos-junho-em-sp-vai-discutir-transporte-publico-e-politica-urbana\/\"]}]},{\"@type\":\"BreadcrumbList\",\"@id\":\"https:\/\/psol50.org.br\/2o-debate-do-seminario-governar-apos-junho-em-sp-vai-discutir-transporte-publico-e-politica-urbana\/#breadcrumb\",\"itemListElement\":[{\"@type\":\"ListItem\",\"position\":1,\"name\":\"In\u00edcio\",\"item\":\"https:\/\/psol50.org.br\/\"},{\"@type\":\"ListItem\",\"position\":2,\"name\":\"2\u00ba debate do semin\u00e1rio \u201cGovernar ap\u00f3s junho\u201d, em SP, vai discutir Transporte P\u00fablico e Pol\u00edtica Urbana\"}]},{\"@type\":\"WebSite\",\"@id\":\"https:\/\/psol50.org.br\/#website\",\"url\":\"https:\/\/psol50.org.br\/\",\"name\":\"PSOL 50\",\"description\":\"Site oficial do Partido Socialismo e Liberdade\",\"publisher\":{\"@id\":\"https:\/\/psol50.org.br\/#organization\"},\"alternateName\":\"PSOL50\",\"potentialAction\":[{\"@type\":\"SearchAction\",\"target\":{\"@type\":\"EntryPoint\",\"urlTemplate\":\"https:\/\/psol50.org.br\/?s={search_term_string}\"},\"query-input\":{\"@type\":\"PropertyValueSpecification\",\"valueRequired\":true,\"valueName\":\"search_term_string\"}}],\"inLanguage\":\"pt-BR\"},{\"@type\":\"Organization\",\"@id\":\"https:\/\/psol50.org.br\/#organization\",\"name\":\"PSOL 50\",\"alternateName\":\"PSOL 50\",\"url\":\"https:\/\/psol50.org.br\/\",\"logo\":{\"@type\":\"ImageObject\",\"inLanguage\":\"pt-BR\",\"@id\":\"https:\/\/psol50.org.br\/#\/schema\/logo\/image\/\",\"url\":\"https:\/\/psol50.org.br\/inc\/uploads\/2018\/07\/capa.png\",\"contentUrl\":\"https:\/\/psol50.org.br\/inc\/uploads\/2018\/07\/capa.png\",\"width\":1350,\"height\":900,\"caption\":\"PSOL 50\"},\"image\":{\"@id\":\"https:\/\/psol50.org.br\/#\/schema\/logo\/image\/\"},\"sameAs\":[\"https:\/\/www.facebook.com\/psol50\",\"https:\/\/x.com\/psol50\",\"https:\/\/www.instagram.com\/psol50\/\",\"https:\/\/www.youtube.com\/channel\/UC7SnJS5o1os7a6CaiNabzcg\"]},{\"@type\":\"Person\",\"@id\":\"https:\/\/psol50.org.br\/#\/schema\/person\/475dfa57d0b815993c714c2e96491fcd\",\"name\":\"Comunica\u00e7\u00e3o PSOL\",\"image\":{\"@type\":\"ImageObject\",\"inLanguage\":\"pt-BR\",\"@id\":\"https:\/\/psol50.org.br\/#\/schema\/person\/image\/\",\"url\":\"https:\/\/secure.gravatar.com\/avatar\/b34fc4f4e468a4e51785917065a3db57b841f5c95dba6ad8c73aaf8f66f8f9bf?s=96&d=mm&r=g\",\"contentUrl\":\"https:\/\/secure.gravatar.com\/avatar\/b34fc4f4e468a4e51785917065a3db57b841f5c95dba6ad8c73aaf8f66f8f9bf?s=96&d=mm&r=g\",\"caption\":\"Comunica\u00e7\u00e3o PSOL\"}}]}<\/script>\n<!-- \/ Yoast SEO plugin. -->","yoast_head_json":{"title":"2\u00ba debate do semin\u00e1rio \u201cGovernar ap\u00f3s junho\u201d, em SP, vai discutir Transporte P\u00fablico e Pol\u00edtica Urbana - PSOL 50","robots":{"index":"index","follow":"follow","max-snippet":"max-snippet:-1","max-image-preview":"max-image-preview:large","max-video-preview":"max-video-preview:-1"},"canonical":"https:\/\/psol50.org.br\/2o-debate-do-seminario-governar-apos-junho-em-sp-vai-discutir-transporte-publico-e-politica-urbana\/","og_locale":"pt_BR","og_type":"article","og_title":"2\u00ba debate do semin\u00e1rio \u201cGovernar ap\u00f3s junho\u201d, em SP, vai discutir Transporte P\u00fablico e Pol\u00edtica Urbana - PSOL 50","og_description":"A pr\u00f3xima mesa do ciclo de debates&nbsp;\u201cGovernar ap\u00f3s junho\u201d&nbsp;acontece nesta quarta-feira, dia 12, \u00e0s 19 horas, na C\u00e2mara Municipal de S\u00e3o Paulo. L\u00facio Gregori, ex. secret\u00e1rio de transporte de S\u00e3o Paulo, Altino de Melo Prazeres Junior, presidente do Sindicato dos Metrovi\u00e1rios e um representante do Movimento Passe Livre v\u00e3o debater transporte p\u00fablico e pol\u00edtica urbana. [&hellip;]","og_url":"https:\/\/psol50.org.br\/2o-debate-do-seminario-governar-apos-junho-em-sp-vai-discutir-transporte-publico-e-politica-urbana\/","og_site_name":"PSOL 50","article_publisher":"https:\/\/www.facebook.com\/psol50","article_published_time":"2014-03-11T14:48:40+00:00","og_image":[{"width":1350,"height":900,"url":"https:\/\/psol50.org.br\/inc\/uploads\/2018\/07\/capa.png","type":"image\/png"}],"author":"Comunica\u00e7\u00e3o PSOL","twitter_card":"summary_large_image","twitter_creator":"@psol50","twitter_site":"@psol50","twitter_misc":{"Escrito por":"Comunica\u00e7\u00e3o PSOL","Est. tempo de leitura":"2 minutos"},"schema":{"@context":"https:\/\/schema.org","@graph":[{"@type":"Article","@id":"https:\/\/psol50.org.br\/2o-debate-do-seminario-governar-apos-junho-em-sp-vai-discutir-transporte-publico-e-politica-urbana\/#article","isPartOf":{"@id":"https:\/\/psol50.org.br\/2o-debate-do-seminario-governar-apos-junho-em-sp-vai-discutir-transporte-publico-e-politica-urbana\/"},"author":{"name":"Comunica\u00e7\u00e3o PSOL","@id":"https:\/\/psol50.org.br\/#\/schema\/person\/475dfa57d0b815993c714c2e96491fcd"},"headline":"2\u00ba debate do semin\u00e1rio \u201cGovernar ap\u00f3s junho\u201d, em SP, vai discutir Transporte P\u00fablico e Pol\u00edtica Urbana","datePublished":"2014-03-11T14:48:40+00:00","mainEntityOfPage":{"@id":"https:\/\/psol50.org.br\/2o-debate-do-seminario-governar-apos-junho-em-sp-vai-discutir-transporte-publico-e-politica-urbana\/"},"wordCount":449,"commentCount":0,"publisher":{"@id":"https:\/\/psol50.org.br\/#organization"},"articleSection":["Arquivo","Not\u00edcias"],"inLanguage":"pt-BR","potentialAction":[{"@type":"CommentAction","name":"Comment","target":["https:\/\/psol50.org.br\/2o-debate-do-seminario-governar-apos-junho-em-sp-vai-discutir-transporte-publico-e-politica-urbana\/#respond"]}]},{"@type":"WebPage","@id":"https:\/\/psol50.org.br\/2o-debate-do-seminario-governar-apos-junho-em-sp-vai-discutir-transporte-publico-e-politica-urbana\/","url":"https:\/\/psol50.org.br\/2o-debate-do-seminario-governar-apos-junho-em-sp-vai-discutir-transporte-publico-e-politica-urbana\/","name":"2\u00ba debate do semin\u00e1rio \u201cGovernar ap\u00f3s junho\u201d, em SP, vai discutir Transporte P\u00fablico e Pol\u00edtica Urbana - PSOL 50","isPartOf":{"@id":"https:\/\/psol50.org.br\/#website"},"datePublished":"2014-03-11T14:48:40+00:00","breadcrumb":{"@id":"https:\/\/psol50.org.br\/2o-debate-do-seminario-governar-apos-junho-em-sp-vai-discutir-transporte-publico-e-politica-urbana\/#breadcrumb"},"inLanguage":"pt-BR","potentialAction":[{"@type":"ReadAction","target":["https:\/\/psol50.org.br\/2o-debate-do-seminario-governar-apos-junho-em-sp-vai-discutir-transporte-publico-e-politica-urbana\/"]}]},{"@type":"BreadcrumbList","@id":"https:\/\/psol50.org.br\/2o-debate-do-seminario-governar-apos-junho-em-sp-vai-discutir-transporte-publico-e-politica-urbana\/#breadcrumb","itemListElement":[{"@type":"ListItem","position":1,"name":"In\u00edcio","item":"https:\/\/psol50.org.br\/"},{"@type":"ListItem","position":2,"name":"2\u00ba debate do semin\u00e1rio \u201cGovernar ap\u00f3s junho\u201d, em SP, vai discutir Transporte P\u00fablico e Pol\u00edtica Urbana"}]},{"@type":"WebSite","@id":"https:\/\/psol50.org.br\/#website","url":"https:\/\/psol50.org.br\/","name":"PSOL 50","description":"Site oficial do Partido Socialismo e Liberdade","publisher":{"@id":"https:\/\/psol50.org.br\/#organization"},"alternateName":"PSOL50","potentialAction":[{"@type":"SearchAction","target":{"@type":"EntryPoint","urlTemplate":"https:\/\/psol50.org.br\/?s={search_term_string}"},"query-input":{"@type":"PropertyValueSpecification","valueRequired":true,"valueName":"search_term_string"}}],"inLanguage":"pt-BR"},{"@type":"Organization","@id":"https:\/\/psol50.org.br\/#organization","name":"PSOL 50","alternateName":"PSOL 50","url":"https:\/\/psol50.org.br\/","logo":{"@type":"ImageObject","inLanguage":"pt-BR","@id":"https:\/\/psol50.org.br\/#\/schema\/logo\/image\/","url":"https:\/\/psol50.org.br\/inc\/uploads\/2018\/07\/capa.png","contentUrl":"https:\/\/psol50.org.br\/inc\/uploads\/2018\/07\/capa.png","width":1350,"height":900,"caption":"PSOL 50"},"image":{"@id":"https:\/\/psol50.org.br\/#\/schema\/logo\/image\/"},"sameAs":["https:\/\/www.facebook.com\/psol50","https:\/\/x.com\/psol50","https:\/\/www.instagram.com\/psol50\/","https:\/\/www.youtube.com\/channel\/UC7SnJS5o1os7a6CaiNabzcg"]},{"@type":"Person","@id":"https:\/\/psol50.org.br\/#\/schema\/person\/475dfa57d0b815993c714c2e96491fcd","name":"Comunica\u00e7\u00e3o PSOL","image":{"@type":"ImageObject","inLanguage":"pt-BR","@id":"https:\/\/psol50.org.br\/#\/schema\/person\/image\/","url":"https:\/\/secure.gravatar.com\/avatar\/b34fc4f4e468a4e51785917065a3db57b841f5c95dba6ad8c73aaf8f66f8f9bf?s=96&d=mm&r=g","contentUrl":"https:\/\/secure.gravatar.com\/avatar\/b34fc4f4e468a4e51785917065a3db57b841f5c95dba6ad8c73aaf8f66f8f9bf?s=96&d=mm&r=g","caption":"Comunica\u00e7\u00e3o PSOL"}}]}},"_links":{"self":[{"href":"https:\/\/psol50.org.br\/rest\/wp\/v2\/posts\/33153","targetHints":{"allow":["GET"]}}],"collection":[{"href":"https:\/\/psol50.org.br\/rest\/wp\/v2\/posts"}],"about":[{"href":"https:\/\/psol50.org.br\/rest\/wp\/v2\/types\/post"}],"author":[{"embeddable":true,"href":"https:\/\/psol50.org.br\/rest\/wp\/v2\/users\/2"}],"replies":[{"embeddable":true,"href":"https:\/\/psol50.org.br\/rest\/wp\/v2\/comments?post=33153"}],"version-history":[{"count":0,"href":"https:\/\/psol50.org.br\/rest\/wp\/v2\/posts\/33153\/revisions"}],"wp:attachment":[{"href":"https:\/\/psol50.org.br\/rest\/wp\/v2\/media?parent=33153"}],"wp:term":[{"taxonomy":"category","embeddable":true,"href":"https:\/\/psol50.org.br\/rest\/wp\/v2\/categories?post=33153"},{"taxonomy":"post_tag","embeddable":true,"href":"https:\/\/psol50.org.br\/rest\/wp\/v2\/tags?post=33153"}],"curies":[{"name":"wp","href":"https:\/\/api.w.org\/{rel}","templated":true}]}}