{"id":33157,"date":"2014-03-13T00:00:00","date_gmt":"2014-03-13T16:16:43","guid":{"rendered":"http:\/\/psol50.org.br\/arquivo\/2014\/03\/13\/lideranca-do-psol-avalia-o-comicio-da-central-e-a-conjuntura-50-anos-depois\/"},"modified":"2014-03-13T00:00:00","modified_gmt":"2014-03-13T16:16:43","slug":"lideranca-do-psol-avalia-o-comicio-da-central-e-a-conjuntura-50-anos-depois","status":"publish","type":"post","link":"https:\/\/psol50.org.br\/lideranca-do-psol-avalia-o-comicio-da-central-e-a-conjuntura-50-anos-depois\/","title":{"rendered":"Lideran\u00e7a do PSOL avalia o Com\u00edcio da Central e a conjuntura 50 anos depois"},"content":{"rendered":"<div style=\"text-align: justify;\">\n\t<em>Leonor Costa, do site do PSOL Nacional<\/em><br \/>\n\t&nbsp;<br \/>\n\tH\u00e1 exatos 50 anos, cerca de 150 mil pessoas se reuniam na Pra\u00e7a da Rep\u00fablica, em frente \u00e0 Esta\u00e7\u00e3o da Central do Brasil, no Rio de Janeiro, para ouvir as propostas de reformas que o ent\u00e3o presidente Jo\u00e3o Belchior Marques Goulart apresentava ao pa\u00eds. O evento acontecia num momento em que Jango, conforme era conhecido por todos, havia acabado de assinar dois decretos que mostravam a sua disposi\u00e7\u00e3o em enfrentar os setores mais conservadores do pa\u00eds. O primeiro consistia na desapropria\u00e7\u00e3o das refinarias de petr\u00f3leo que ainda n\u00e3o estavam nas m\u00e3os da Petrobras e o segundo \u2013 chamado Decreto da Supra (Superintend\u00eancia da Reforma Agr\u00e1ria) &#8211; declarava sujeitas a desapropria\u00e7\u00e3o propriedades rurais subutilizadas, especificando a localiza\u00e7\u00e3o e a dimens\u00e3o das propriedades que seriam objeto da a\u00e7\u00e3o. No mesmo com\u00edcio, o presidente anunciou a sua pretens\u00e3o em fazer a reforma urbana contra a especula\u00e7\u00e3o imobili\u00e1ria e as propostas que pretendia enviar ao Congresso, como concess\u00e3o do direito de voto aos analfabetos e aos quadros inferiores das For\u00e7as Armadas.<br \/>\n\t&nbsp;<br \/>\n\tNo com\u00edcio Jango dizia: &#8220;Hoje, com o alto testemunho da Na\u00e7\u00e3o e com a solidariedade do povo, reunido na pra\u00e7a que s\u00f3 ao povo pertence, o governo, que \u00e9 tamb\u00e9m o povo e que tamb\u00e9m s\u00f3 ao povo pertence, reafirma os seus prop\u00f3sitos inabal\u00e1veis de lutar com todas as suas for\u00e7as pela reforma da sociedade brasileira&#8221;.<br \/>\n\t&nbsp;<br \/>\n\tPara o jornalista Milton Temer, importante lideran\u00e7a do PSOL que esteve no com\u00edcio daquele 13 de mar\u00e7o de 1964, o ato da Central do Brasil, que entrou para a hist\u00f3ria como um dos momentos mais marcantes do pa\u00eds e que hoje \u00e9 lembrado em uma s\u00e9rie de atividades no Rio de Janeiro, foi o ep\u00edlogo de um processo que teve in\u00edcio em 1954, quando Jo\u00e3o Goulart, ent\u00e3o ministro do Trabalho de Get\u00falio Vargas, assinou um reajuste de 100% no sal\u00e1rio m\u00ednimo. Com essa iniciativa, lembra Temer, Jango, por um lado, atende a um pleito dos trabalhadores que, por meio de suas organiza\u00e7\u00f5es sindicais, pressionavam por melhores sal\u00e1rios, e por outro desagrada frontalmente \u00e0s entidades patronais, que n\u00e3o aceitavam conceder direitos. \u201cA partir da\u00ed ele foi alvo de persegui\u00e7\u00e3o dos setores mais reacion\u00e1rios, que prepararam o golpe militar dias depois. Isso alegando que havia em curso a amea\u00e7a de uma revolu\u00e7\u00e3o sindical\u201d, lembra Milton Temer, afirmando que a direita n\u00e3o aceitava as reformas propostas por Jango.<br \/>\n\t&nbsp;<br \/>\n\tSobre o car\u00e1ter do governo do presidente deposto em 1964, o jornalista e militante do PSOL ressalta que n\u00e3o se tratava de um revolucion\u00e1rio anticapitalista, mas de uma lideran\u00e7a pol\u00edtica que tinha ideias reformadoras dentro do sistema. \u201cE com isso assustava muito os conservadores\u201d, afirma.<br \/>\n\t&nbsp;<br \/>\n\tAo avaliar o pa\u00eds 50 anos ap\u00f3s o com\u00edcio que desencadeou a investida dos militares, com o apoio da burguesia industrial, ao golpe de Estado, efetivado no dia 31 de mar\u00e7o do mesmo ano, Temer considera que as consequ\u00eancias daquele processo, mesmo com a redemocratiza\u00e7\u00e3o, podem ser consideradas uma \u201cnovela de final infeliz\u201d. Para ele, nenhum governo, nem mesmo os dois da era petista, fez qualquer uma das reformas de base propostas por Jo\u00e3o Goulart no com\u00edcio de 50 anos atr\u00e1s. \u201cJango era um revolucion\u00e1rio em rela\u00e7\u00e3o ao Lula e \u00e0 Dilma. Ele foi para o enfrentamento e queria fazer reformas que n\u00e3o agradavam a direita reacion\u00e1ria do pa\u00eds\u201d. &nbsp;<br \/>\n\t&nbsp;<br \/>\n\t<strong>Atividades lembram 50 anos do com\u00edcio<\/strong><br \/>\n\tCom o tema \u201c50 anos do Com\u00edcio da Central: Lembrar \u00e9 resistir\u201d, partidos de esquerda, entre os quais o PSOL, centrais sindicais, diret\u00f3rios e centros acad\u00eamicos, entidades estudantis, movimentos sociais de moradia, OAB e outras organiza\u00e7\u00f5es pol\u00edticas promovem nesta quinta-feira (13), logo mais \u00e0s 17h, um ato na regi\u00e3o da Central do Brasil. O pr\u00e9-candidato do PSOL a presidente da Rep\u00fablica, senador Randolfe Rodrigues, acompanhado da pr\u00e9-candidata a vice-presidente Luciana Genro, marcar\u00e1 presen\u00e7a na manifesta\u00e7\u00e3o.<br \/>\n\t&nbsp;<br \/>\n\tHoje de manh\u00e3, Randolfe, que foi autor do projeto no Senado Federal que devolveu, simbolicamente, o mandato a Jo\u00e3o Goulart, deposto, no dia 1\u00ba de abril de 1964, pelo golpe dos militantes que dava in\u00edcio a 21 anos de ditadura militar no Brasil, participou da mesa de abertura no semin\u00e1rio &#8220;50 anos do Com\u00edcio da Central: o Brasil que perdemos com o golpe militar&#8221;, promovido pela Comiss\u00e3o da Verdade do Rio de Janeiro, no audit\u00f3rio da UERJ. Na mesa, al\u00e9m do senador e pr\u00e9-candidato do PSOL \u00e0 Presid\u00eancia da Rep\u00fablica, Maria Thereza Goulart (vi\u00fava de Jo\u00e3o Goulart, o Jango), Denise Goulart, Jo\u00e3o Vicente Goulart, Wadih Damous e Raimundo Neto.<br \/>\n\t&nbsp;<br \/>\n\tPara Randolfe, &#8220;\u00e9 poss\u00edvel que alguma fam\u00edlia tenha sofrido tanto quanto a Goulart, mas nenhuma sofreu mais que ela por amar o Brasil&#8221;. O senador afirmou, ainda, que hoje o dia \u00e9 de celebrar o Com\u00edcio da Central do Brasil e o ex-presidente Jo\u00e3o Goulart, que &#8220;convocou uma gera\u00e7\u00e3o para transformar o Brasil&#8221;.<br \/>\n\t&nbsp;<br \/>\n\tJ\u00e1 \u00e0s 19h, Randolfe participa do debate \u201cReforma Pol\u00edtica\u201d, com Wadih Damous, presidente da Comiss\u00e3o da Verdade do Rio, Aldo Arantes, ex-presidente da UNE no per\u00edodo de 61-62, e Kleybson Ferreira, da Consulta Popular.<\/p>\n<p>\tAssista <a href=\"http:\/\/www.youtube.com\/watch?v=KjM48ZjevmA\">aqui<\/a> ao v\u00eddeo com o discurso de Jo\u00e3o Goulart em 13 de mar\u00e7o de 1964.<\/p>\n<p>\n\t&nbsp;<\/div>\n","protected":false},"excerpt":{"rendered":"<p>Milton Temer, militante do PSOL, que esteve no com\u00edcio em 13 de mar\u00e7o de 1964, afirma que as consequ\u00eancias do golpe militar, mesmo depois do processo de redemocratiza\u00e7\u00e3o, podem ser consideradas uma \u201cnovela de final infeliz\u201d. Para ele, o pa\u00eds n\u00e3o conseguiu fazer nenhuma das reformas de base propostas por Jo\u00e3o Goulart no com\u00edcio de 50 anos atr\u00e1s.<\/p>\n","protected":false},"author":2,"featured_media":0,"comment_status":"open","ping_status":"open","sticky":false,"template":"","format":"standard","meta":{"_acf_changed":false,"footnotes":""},"categories":[10,4766,6],"tags":[2734,22],"class_list":{"0":"post-33157","1":"post","2":"type-post","3":"status-publish","4":"format-standard","6":"category-acao-parlamentares","7":"category-arquivo","8":"category-noticias","9":"tag-bancada-do-psol","10":"tag-psol"},"acf":[],"yoast_head":"<!-- This site is optimized with the Yoast SEO plugin v26.5 - https:\/\/yoast.com\/wordpress\/plugins\/seo\/ -->\n<title>Lideran\u00e7a do PSOL avalia o Com\u00edcio da Central e a conjuntura 50 anos depois - PSOL 50<\/title>\n<meta name=\"robots\" content=\"index, follow, max-snippet:-1, max-image-preview:large, max-video-preview:-1\" \/>\n<link rel=\"canonical\" href=\"https:\/\/psol50.org.br\/lideranca-do-psol-avalia-o-comicio-da-central-e-a-conjuntura-50-anos-depois\/\" \/>\n<meta property=\"og:locale\" content=\"pt_BR\" \/>\n<meta property=\"og:type\" content=\"article\" \/>\n<meta property=\"og:title\" content=\"Lideran\u00e7a do PSOL avalia o Com\u00edcio da Central e a conjuntura 50 anos depois - PSOL 50\" \/>\n<meta property=\"og:description\" content=\"Milton Temer, militante do PSOL, que esteve no com\u00edcio em 13 de mar\u00e7o de 1964, afirma que as consequ\u00eancias do golpe militar, mesmo depois do processo de redemocratiza\u00e7\u00e3o, podem ser consideradas uma \u201cnovela de final infeliz\u201d. Para ele, o pa\u00eds n\u00e3o conseguiu fazer nenhuma das reformas de base propostas por Jo\u00e3o Goulart no com\u00edcio de 50 anos atr\u00e1s.\" \/>\n<meta property=\"og:url\" content=\"https:\/\/psol50.org.br\/lideranca-do-psol-avalia-o-comicio-da-central-e-a-conjuntura-50-anos-depois\/\" \/>\n<meta property=\"og:site_name\" content=\"PSOL 50\" \/>\n<meta property=\"article:publisher\" content=\"https:\/\/www.facebook.com\/psol50\" \/>\n<meta property=\"article:published_time\" content=\"2014-03-13T16:16:43+00:00\" \/>\n<meta property=\"og:image\" content=\"https:\/\/psol50.org.br\/inc\/uploads\/2018\/07\/capa.png\" \/>\n\t<meta property=\"og:image:width\" content=\"1350\" \/>\n\t<meta property=\"og:image:height\" content=\"900\" \/>\n\t<meta property=\"og:image:type\" content=\"image\/png\" \/>\n<meta name=\"author\" content=\"Comunica\u00e7\u00e3o PSOL\" \/>\n<meta name=\"twitter:card\" content=\"summary_large_image\" \/>\n<meta name=\"twitter:creator\" content=\"@psol50\" \/>\n<meta name=\"twitter:site\" content=\"@psol50\" \/>\n<meta name=\"twitter:label1\" content=\"Escrito por\" \/>\n\t<meta name=\"twitter:data1\" content=\"Comunica\u00e7\u00e3o PSOL\" \/>\n\t<meta name=\"twitter:label2\" content=\"Est. tempo de leitura\" \/>\n\t<meta name=\"twitter:data2\" content=\"5 minutos\" \/>\n<script type=\"application\/ld+json\" class=\"yoast-schema-graph\">{\"@context\":\"https:\/\/schema.org\",\"@graph\":[{\"@type\":\"Article\",\"@id\":\"https:\/\/psol50.org.br\/lideranca-do-psol-avalia-o-comicio-da-central-e-a-conjuntura-50-anos-depois\/#article\",\"isPartOf\":{\"@id\":\"https:\/\/psol50.org.br\/lideranca-do-psol-avalia-o-comicio-da-central-e-a-conjuntura-50-anos-depois\/\"},\"author\":{\"name\":\"Comunica\u00e7\u00e3o PSOL\",\"@id\":\"https:\/\/psol50.org.br\/#\/schema\/person\/475dfa57d0b815993c714c2e96491fcd\"},\"headline\":\"Lideran\u00e7a do PSOL avalia o Com\u00edcio da Central e a conjuntura 50 anos depois\",\"datePublished\":\"2014-03-13T16:16:43+00:00\",\"mainEntityOfPage\":{\"@id\":\"https:\/\/psol50.org.br\/lideranca-do-psol-avalia-o-comicio-da-central-e-a-conjuntura-50-anos-depois\/\"},\"wordCount\":948,\"commentCount\":0,\"publisher\":{\"@id\":\"https:\/\/psol50.org.br\/#organization\"},\"keywords\":[\"Bancada do PSOL\",\"PSOL\"],\"articleSection\":[\"A\u00e7\u00e3o Parlamentar\",\"Arquivo\",\"Not\u00edcias\"],\"inLanguage\":\"pt-BR\",\"potentialAction\":[{\"@type\":\"CommentAction\",\"name\":\"Comment\",\"target\":[\"https:\/\/psol50.org.br\/lideranca-do-psol-avalia-o-comicio-da-central-e-a-conjuntura-50-anos-depois\/#respond\"]}]},{\"@type\":\"WebPage\",\"@id\":\"https:\/\/psol50.org.br\/lideranca-do-psol-avalia-o-comicio-da-central-e-a-conjuntura-50-anos-depois\/\",\"url\":\"https:\/\/psol50.org.br\/lideranca-do-psol-avalia-o-comicio-da-central-e-a-conjuntura-50-anos-depois\/\",\"name\":\"Lideran\u00e7a do PSOL avalia o Com\u00edcio da Central e a conjuntura 50 anos depois - PSOL 50\",\"isPartOf\":{\"@id\":\"https:\/\/psol50.org.br\/#website\"},\"datePublished\":\"2014-03-13T16:16:43+00:00\",\"breadcrumb\":{\"@id\":\"https:\/\/psol50.org.br\/lideranca-do-psol-avalia-o-comicio-da-central-e-a-conjuntura-50-anos-depois\/#breadcrumb\"},\"inLanguage\":\"pt-BR\",\"potentialAction\":[{\"@type\":\"ReadAction\",\"target\":[\"https:\/\/psol50.org.br\/lideranca-do-psol-avalia-o-comicio-da-central-e-a-conjuntura-50-anos-depois\/\"]}]},{\"@type\":\"BreadcrumbList\",\"@id\":\"https:\/\/psol50.org.br\/lideranca-do-psol-avalia-o-comicio-da-central-e-a-conjuntura-50-anos-depois\/#breadcrumb\",\"itemListElement\":[{\"@type\":\"ListItem\",\"position\":1,\"name\":\"In\u00edcio\",\"item\":\"https:\/\/psol50.org.br\/\"},{\"@type\":\"ListItem\",\"position\":2,\"name\":\"Lideran\u00e7a do PSOL avalia o Com\u00edcio da Central e a conjuntura 50 anos depois\"}]},{\"@type\":\"WebSite\",\"@id\":\"https:\/\/psol50.org.br\/#website\",\"url\":\"https:\/\/psol50.org.br\/\",\"name\":\"PSOL 50\",\"description\":\"Site oficial do Partido Socialismo e Liberdade\",\"publisher\":{\"@id\":\"https:\/\/psol50.org.br\/#organization\"},\"alternateName\":\"PSOL50\",\"potentialAction\":[{\"@type\":\"SearchAction\",\"target\":{\"@type\":\"EntryPoint\",\"urlTemplate\":\"https:\/\/psol50.org.br\/?s={search_term_string}\"},\"query-input\":{\"@type\":\"PropertyValueSpecification\",\"valueRequired\":true,\"valueName\":\"search_term_string\"}}],\"inLanguage\":\"pt-BR\"},{\"@type\":\"Organization\",\"@id\":\"https:\/\/psol50.org.br\/#organization\",\"name\":\"PSOL 50\",\"alternateName\":\"PSOL 50\",\"url\":\"https:\/\/psol50.org.br\/\",\"logo\":{\"@type\":\"ImageObject\",\"inLanguage\":\"pt-BR\",\"@id\":\"https:\/\/psol50.org.br\/#\/schema\/logo\/image\/\",\"url\":\"https:\/\/psol50.org.br\/inc\/uploads\/2018\/07\/capa.png\",\"contentUrl\":\"https:\/\/psol50.org.br\/inc\/uploads\/2018\/07\/capa.png\",\"width\":1350,\"height\":900,\"caption\":\"PSOL 50\"},\"image\":{\"@id\":\"https:\/\/psol50.org.br\/#\/schema\/logo\/image\/\"},\"sameAs\":[\"https:\/\/www.facebook.com\/psol50\",\"https:\/\/x.com\/psol50\",\"https:\/\/www.instagram.com\/psol50\/\",\"https:\/\/www.youtube.com\/channel\/UC7SnJS5o1os7a6CaiNabzcg\"]},{\"@type\":\"Person\",\"@id\":\"https:\/\/psol50.org.br\/#\/schema\/person\/475dfa57d0b815993c714c2e96491fcd\",\"name\":\"Comunica\u00e7\u00e3o PSOL\",\"image\":{\"@type\":\"ImageObject\",\"inLanguage\":\"pt-BR\",\"@id\":\"https:\/\/psol50.org.br\/#\/schema\/person\/image\/\",\"url\":\"https:\/\/secure.gravatar.com\/avatar\/b34fc4f4e468a4e51785917065a3db57b841f5c95dba6ad8c73aaf8f66f8f9bf?s=96&d=mm&r=g\",\"contentUrl\":\"https:\/\/secure.gravatar.com\/avatar\/b34fc4f4e468a4e51785917065a3db57b841f5c95dba6ad8c73aaf8f66f8f9bf?s=96&d=mm&r=g\",\"caption\":\"Comunica\u00e7\u00e3o PSOL\"}}]}<\/script>\n<!-- \/ Yoast SEO plugin. -->","yoast_head_json":{"title":"Lideran\u00e7a do PSOL avalia o Com\u00edcio da Central e a conjuntura 50 anos depois - PSOL 50","robots":{"index":"index","follow":"follow","max-snippet":"max-snippet:-1","max-image-preview":"max-image-preview:large","max-video-preview":"max-video-preview:-1"},"canonical":"https:\/\/psol50.org.br\/lideranca-do-psol-avalia-o-comicio-da-central-e-a-conjuntura-50-anos-depois\/","og_locale":"pt_BR","og_type":"article","og_title":"Lideran\u00e7a do PSOL avalia o Com\u00edcio da Central e a conjuntura 50 anos depois - PSOL 50","og_description":"Milton Temer, militante do PSOL, que esteve no com\u00edcio em 13 de mar\u00e7o de 1964, afirma que as consequ\u00eancias do golpe militar, mesmo depois do processo de redemocratiza\u00e7\u00e3o, podem ser consideradas uma \u201cnovela de final infeliz\u201d. Para ele, o pa\u00eds n\u00e3o conseguiu fazer nenhuma das reformas de base propostas por Jo\u00e3o Goulart no com\u00edcio de 50 anos atr\u00e1s.","og_url":"https:\/\/psol50.org.br\/lideranca-do-psol-avalia-o-comicio-da-central-e-a-conjuntura-50-anos-depois\/","og_site_name":"PSOL 50","article_publisher":"https:\/\/www.facebook.com\/psol50","article_published_time":"2014-03-13T16:16:43+00:00","og_image":[{"width":1350,"height":900,"url":"https:\/\/psol50.org.br\/inc\/uploads\/2018\/07\/capa.png","type":"image\/png"}],"author":"Comunica\u00e7\u00e3o PSOL","twitter_card":"summary_large_image","twitter_creator":"@psol50","twitter_site":"@psol50","twitter_misc":{"Escrito por":"Comunica\u00e7\u00e3o PSOL","Est. tempo de leitura":"5 minutos"},"schema":{"@context":"https:\/\/schema.org","@graph":[{"@type":"Article","@id":"https:\/\/psol50.org.br\/lideranca-do-psol-avalia-o-comicio-da-central-e-a-conjuntura-50-anos-depois\/#article","isPartOf":{"@id":"https:\/\/psol50.org.br\/lideranca-do-psol-avalia-o-comicio-da-central-e-a-conjuntura-50-anos-depois\/"},"author":{"name":"Comunica\u00e7\u00e3o PSOL","@id":"https:\/\/psol50.org.br\/#\/schema\/person\/475dfa57d0b815993c714c2e96491fcd"},"headline":"Lideran\u00e7a do PSOL avalia o Com\u00edcio da Central e a conjuntura 50 anos depois","datePublished":"2014-03-13T16:16:43+00:00","mainEntityOfPage":{"@id":"https:\/\/psol50.org.br\/lideranca-do-psol-avalia-o-comicio-da-central-e-a-conjuntura-50-anos-depois\/"},"wordCount":948,"commentCount":0,"publisher":{"@id":"https:\/\/psol50.org.br\/#organization"},"keywords":["Bancada do PSOL","PSOL"],"articleSection":["A\u00e7\u00e3o Parlamentar","Arquivo","Not\u00edcias"],"inLanguage":"pt-BR","potentialAction":[{"@type":"CommentAction","name":"Comment","target":["https:\/\/psol50.org.br\/lideranca-do-psol-avalia-o-comicio-da-central-e-a-conjuntura-50-anos-depois\/#respond"]}]},{"@type":"WebPage","@id":"https:\/\/psol50.org.br\/lideranca-do-psol-avalia-o-comicio-da-central-e-a-conjuntura-50-anos-depois\/","url":"https:\/\/psol50.org.br\/lideranca-do-psol-avalia-o-comicio-da-central-e-a-conjuntura-50-anos-depois\/","name":"Lideran\u00e7a do PSOL avalia o Com\u00edcio da Central e a conjuntura 50 anos depois - PSOL 50","isPartOf":{"@id":"https:\/\/psol50.org.br\/#website"},"datePublished":"2014-03-13T16:16:43+00:00","breadcrumb":{"@id":"https:\/\/psol50.org.br\/lideranca-do-psol-avalia-o-comicio-da-central-e-a-conjuntura-50-anos-depois\/#breadcrumb"},"inLanguage":"pt-BR","potentialAction":[{"@type":"ReadAction","target":["https:\/\/psol50.org.br\/lideranca-do-psol-avalia-o-comicio-da-central-e-a-conjuntura-50-anos-depois\/"]}]},{"@type":"BreadcrumbList","@id":"https:\/\/psol50.org.br\/lideranca-do-psol-avalia-o-comicio-da-central-e-a-conjuntura-50-anos-depois\/#breadcrumb","itemListElement":[{"@type":"ListItem","position":1,"name":"In\u00edcio","item":"https:\/\/psol50.org.br\/"},{"@type":"ListItem","position":2,"name":"Lideran\u00e7a do PSOL avalia o Com\u00edcio da Central e a conjuntura 50 anos depois"}]},{"@type":"WebSite","@id":"https:\/\/psol50.org.br\/#website","url":"https:\/\/psol50.org.br\/","name":"PSOL 50","description":"Site oficial do Partido Socialismo e Liberdade","publisher":{"@id":"https:\/\/psol50.org.br\/#organization"},"alternateName":"PSOL50","potentialAction":[{"@type":"SearchAction","target":{"@type":"EntryPoint","urlTemplate":"https:\/\/psol50.org.br\/?s={search_term_string}"},"query-input":{"@type":"PropertyValueSpecification","valueRequired":true,"valueName":"search_term_string"}}],"inLanguage":"pt-BR"},{"@type":"Organization","@id":"https:\/\/psol50.org.br\/#organization","name":"PSOL 50","alternateName":"PSOL 50","url":"https:\/\/psol50.org.br\/","logo":{"@type":"ImageObject","inLanguage":"pt-BR","@id":"https:\/\/psol50.org.br\/#\/schema\/logo\/image\/","url":"https:\/\/psol50.org.br\/inc\/uploads\/2018\/07\/capa.png","contentUrl":"https:\/\/psol50.org.br\/inc\/uploads\/2018\/07\/capa.png","width":1350,"height":900,"caption":"PSOL 50"},"image":{"@id":"https:\/\/psol50.org.br\/#\/schema\/logo\/image\/"},"sameAs":["https:\/\/www.facebook.com\/psol50","https:\/\/x.com\/psol50","https:\/\/www.instagram.com\/psol50\/","https:\/\/www.youtube.com\/channel\/UC7SnJS5o1os7a6CaiNabzcg"]},{"@type":"Person","@id":"https:\/\/psol50.org.br\/#\/schema\/person\/475dfa57d0b815993c714c2e96491fcd","name":"Comunica\u00e7\u00e3o PSOL","image":{"@type":"ImageObject","inLanguage":"pt-BR","@id":"https:\/\/psol50.org.br\/#\/schema\/person\/image\/","url":"https:\/\/secure.gravatar.com\/avatar\/b34fc4f4e468a4e51785917065a3db57b841f5c95dba6ad8c73aaf8f66f8f9bf?s=96&d=mm&r=g","contentUrl":"https:\/\/secure.gravatar.com\/avatar\/b34fc4f4e468a4e51785917065a3db57b841f5c95dba6ad8c73aaf8f66f8f9bf?s=96&d=mm&r=g","caption":"Comunica\u00e7\u00e3o PSOL"}}]}},"_links":{"self":[{"href":"https:\/\/psol50.org.br\/rest\/wp\/v2\/posts\/33157","targetHints":{"allow":["GET"]}}],"collection":[{"href":"https:\/\/psol50.org.br\/rest\/wp\/v2\/posts"}],"about":[{"href":"https:\/\/psol50.org.br\/rest\/wp\/v2\/types\/post"}],"author":[{"embeddable":true,"href":"https:\/\/psol50.org.br\/rest\/wp\/v2\/users\/2"}],"replies":[{"embeddable":true,"href":"https:\/\/psol50.org.br\/rest\/wp\/v2\/comments?post=33157"}],"version-history":[{"count":0,"href":"https:\/\/psol50.org.br\/rest\/wp\/v2\/posts\/33157\/revisions"}],"wp:attachment":[{"href":"https:\/\/psol50.org.br\/rest\/wp\/v2\/media?parent=33157"}],"wp:term":[{"taxonomy":"category","embeddable":true,"href":"https:\/\/psol50.org.br\/rest\/wp\/v2\/categories?post=33157"},{"taxonomy":"post_tag","embeddable":true,"href":"https:\/\/psol50.org.br\/rest\/wp\/v2\/tags?post=33157"}],"curies":[{"name":"wp","href":"https:\/\/api.w.org\/{rel}","templated":true}]}}