{"id":3316,"date":"2015-06-25T00:00:00","date_gmt":"2015-06-25T15:27:35","guid":{"rendered":"http:\/\/psol50.org.br\/arquivo\/2015\/06\/25\/militantes-de-todo-o-pais-participam-do-3o-encontro-nacional-de-mulheres-do-psol\/"},"modified":"2015-06-25T00:00:00","modified_gmt":"2015-06-25T15:27:35","slug":"militantes-de-todo-o-pais-participam-do-3o-encontro-nacional-de-mulheres-do-psol","status":"publish","type":"post","link":"https:\/\/psol50.org.br\/militantes-de-todo-o-pais-participam-do-3o-encontro-nacional-de-mulheres-do-psol\/","title":{"rendered":"Militantes de todo o pa\u00eds participam do 3\u00ba Encontro Nacional de Mulheres do PSOL"},"content":{"rendered":"<p style=\"text-align: justify;\">\n\t<span style=\"font-family:arial,helvetica,sans-serif;\"><span style=\"font-size: 12px;\"><img decoding=\"async\" alt=\"\" src=\"http:\/\/www.psol50.org.br\/\/store\/imagens\/Encontro de Mulheres.png\" style=\"width: 500px; height: 353px; border-width: 3px; border-style: solid; margin: 2px 3px; float: left;\" \/>Ter\u00e1 in\u00edcio na noite desta sexta-feira (26) o 3\u00ba Encontro Nacional de Mulheres do PSOL, com uma intensa programa\u00e7\u00e3o de debates que se estender\u00e1 at\u00e9 a tarde do domingo (28). O evento, convocado pelo Diret\u00f3rio Nacional do PSOL, reunir\u00e1 mais de 200 mulheres, entre delegadas, observadoras e convidadas, no Centro de Treinamento Educacional da CNTI (Confedera\u00e7\u00e3o Nacional dos Trabalhadores da Ind\u00fastria), em Luzi\u00e2nia-GO, cidade do Entorno do Distrito Federal.<br \/>\n\t&nbsp;<br \/>\n\tDurante os tr\u00eas dias, as militantes do partido v\u00e3o discutir a conjuntura e temas espec\u00edficos, como viol\u00eancia, direitos sexuais e reprodutivos, representatividade na pol\u00edtica, m\u00eddia, invisibilidade l\u00e9sbica, feminismo negro entre outras quest\u00f5es. Lideran\u00e7as de v\u00e1rias organiza\u00e7\u00f5es da esquerda brasileira tamb\u00e9m marcar\u00e3o presen\u00e7a no Encontro, fazendo parte da mesa de abertura e tamb\u00e9m dos pain\u00e9is, como debatedoras.<br \/>\n\t&nbsp;<br \/>\n\tO 3\u00ba Encontro Nacional \u00e9 aberto a todas as mulheres filiadas ao PSOL, mas s\u00f3 poder\u00e3o votar durante as plen\u00e1rias as que foram eleitas como delegadas nos encontros estaduais e regionais, j\u00e1 ocorridos previamente \u00e0 etapa nacional.<br \/>\n\t&nbsp;<br \/>\n\tConfira abaixo a programa\u00e7\u00e3o completa do 3\u00ba Encontro Nacional de Mulheres do PSOL.<br \/>\n\t&nbsp;<br \/>\n\t<strong>Dia 26\/06 \u2013 Sexta-Feira <\/strong><br \/>\n\t16h &#8211; In\u00edcio do credenciamento<br \/>\n\t&nbsp;<br \/>\n\t<strong>18h &#8211; Abertura Oficial do Encontro &nbsp;<\/strong><br \/>\n\tMarinor Brito &#8211; Executiva do Partido Socialismo e Liberdade<br \/>\n\tCleik Simone Sousa Silva &#8211; Representando o Movimento dos Trabalhadores Sem Teto (MTST)<br \/>\n\tM\u00e1cia Teixeira \u2013 Movimento Mulheres em Luta \u2013 PSTU\/DF&nbsp;<br \/>\n\tLuciete Silva &#8211; C\u00edrculo Palmarino<br \/>\n\tLourdes Barreto &#8211; GEMPAC &#8211; Grupo de Mulheres Prostitutas do Estado do Par\u00e1<br \/>\n\tLuciana Genro \u2013 Presidente da Funda\u00e7\u00e3o Lauro Campos (a confirmar)<br \/>\n\tMichele Vieira \u2013 Representando o Setorial&nbsp; de Pessoas com Defici\u00eancia do PSOL\/SP<br \/>\n\tPaula Coradi \u2013 Intrersindical<br \/>\n\t&nbsp;<br \/>\n\t<strong>19h \u2013 A luta das Mulheres no Brasil e no Mundo<\/strong><br \/>\n\tBernadete Menezes (Berna) \u2013 Intersindical<br \/>\n\tAndr\u00e9a Caldas \u2013 professora do curso de pedagogia da Universidade Federal do Paran\u00e1. Doutora em Economia Pol\u00edtica da Educa\u00e7\u00e3o<br \/>\n\t&nbsp;<br \/>\n\t<strong>Dia 27\/06 \u2013 S\u00e1bado<\/strong><br \/>\n\t7h30- Caf\u00e9 da manh\u00e3<br \/>\n\t&nbsp;&nbsp;&nbsp;&nbsp;<br \/>\n\t9h &#8211; In\u00edcio dos trabalhos&nbsp;&nbsp;&nbsp; &nbsp;<br \/>\n\t&nbsp;<br \/>\n\t<strong>9h30- A Viol\u00eancia contra Mulher em Todas as Suas Dimens\u00f5es <\/strong><br \/>\n\tMarinor Brito \u2013 Vereadora do PSOL\/PA<br \/>\n\tAna Paula \u2013 Fasubra \u2013 Federa\u00e7\u00e3o de Sindicatos de Trabalhadores T\u00e9cnicos-Administrativos em Institui\u00e7\u00f5es de Ensino Superior P\u00fablicas do Brasil<br \/>\n\tBia Barbosa \u2013 Intervozes (a confirmar)<br \/>\n\t&nbsp;<br \/>\n\t12h &#8211; Almo\u00e7o<br \/>\n\t&nbsp;<br \/>\n\t<strong>14h &#8211; Direitos Sexuais e Reprodutivos \u2013 o avan\u00e7o do conservadorismo sobre o corpo das mulheres<\/strong>&nbsp;<br \/>\n\tApresenta\u00e7\u00e3o do V\u00eddeo: <strong>Clandestinas&nbsp;<\/strong><br \/>\n\tSinopse: Mulheres contam sua experi\u00eancia interrompendo uma gravidez<br \/>\n\tSilvia Badim \u2013 Professora da Universidade de Bras\u00edlia e membro da FNCCMLA<br \/>\n\tSamira Alves Aun &#8211; Cat\u00f3licas pelo Direito de Decidir<br \/>\n\t&nbsp;<br \/>\n\t<strong>16h &#8211; Oficinas <\/strong><br \/>\n\t<strong>1. Prostitui\u00e7\u00e3o<\/strong> \u2013 Gempac- Grupo de Mulheres Prostitutas do Estado do Par\u00e1<br \/>\n\t<strong>2. Invisibilidade L\u00e9sbica<\/strong> \u2013 Karen L\u00facia &#8211; Coturno de V\u00eanus<br \/>\n\t<strong>3. Parto Humanizado<\/strong> \u2013 Mar\u00edlia Nepomuceno e Mariana Bahia<br \/>\n\t<strong>4. Impactos da D\u00edvida sobre a Vida das Mulheres<\/strong> \u2013 Eug\u00eania Lacerda (a confirmar)<br \/>\n\t<strong>5. Feminismo Negro<\/strong> \u2013 Deusdeth Almeida<br \/>\n\t<strong>6. Mulher e M\u00eddia<\/strong> \u2013 Bia Barbosa &#8211; Intervozes<br \/>\n\t&nbsp;&nbsp;<br \/>\n\t17h30 &#8211; Apresenta\u00e7\u00e3o dos Relat\u00f3rios dos Grupos<br \/>\n\t&nbsp;<br \/>\n\t19h &#8211; Jantar<br \/>\n\t&nbsp;<br \/>\n\t<strong>20h30 &#8211; Atividades Culturais<\/strong><br \/>\n\tRebeca Braga \u2013 Voz e viol\u00e3o<br \/>\n\tApresenta\u00e7\u00e3o do grupo Toadas de Mestres<br \/>\n\tCamila Trindade &#8211; Poesia<br \/>\n\t&nbsp;<br \/>\n\t<strong>28\/06 \u2013 Domingo<\/strong><br \/>\n\t7h30 caf\u00e9 da Manh\u00e3<br \/>\n\t&nbsp;<br \/>\n\t<strong>9h <\/strong>\u2013 <strong>Mulher, Poder e Partido<\/strong><br \/>\n\tMarilane Teixeira \u2013 Economista, pesquisadora do Cesit \u2013 Unicamp e Diretora da SOF \u2013 Sempre Viva Organiza\u00e7\u00e3o Feminista<br \/>\n\tAlbanise Pires \u2013 Executiva Nacional do PSOL<br \/>\n\tMaria Lourdes Urbaneja &#8211; Embaixadora da Venezuela<br \/>\n\tManinha \u2013 Executiva Nacional do PSOL<br \/>\n\t&nbsp;<br \/>\n\t&nbsp;<br \/>\n\t11h30 \u2013 Plen\u00e1ria Final \u2013 encerramento<br \/>\n\t&nbsp;<br \/>\n\t13h \u2013 Almo\u00e7o<\/span><\/span><\/p>\n<p>\tLeia mais tamb\u00e9m em: <a href=\"http:\/\/www.psol50.org.br\/site\/noticias\/3294\/psol-convoca-3-encontro-nacional-de-mulheres-que-acontece-de-26-a-28-de-junho-em-luziania-go\"><span id=\"Titulo\">PSOL convoca 3\u00b0 Encontro Nacional de Mulheres, que acontece de 26 a 28 de junho, em Luzi\u00e2nia-GO<\/span><\/a><\/p>\n<p style=\"text-align: justify;\">\n\t&nbsp;<\/p>\n<p>&nbsp;<\/p>\n","protected":false},"excerpt":{"rendered":"<p>Ao longo dos tr\u00eas dias, militantes do partido debater\u00e3o a conjuntura e temas espec\u00edficos, como viol\u00eancia, direitos sexuais e reprodutivos, representatividade na pol\u00edtica, m\u00eddia, invisibilidade l\u00e9sbica, feminismo negro entre outras quest\u00f5es. Lideran\u00e7as de v\u00e1rias organiza\u00e7\u00f5es da esquerda brasileira tamb\u00e9m marcar\u00e3o presen\u00e7a no Encontro<\/p>\n","protected":false},"author":2,"featured_media":0,"comment_status":"open","ping_status":"open","sticky":false,"template":"","format":"standard","meta":{"_acf_changed":false,"footnotes":""},"categories":[6,14],"tags":[22],"class_list":{"0":"post-3316","1":"post","2":"type-post","3":"status-publish","4":"format-standard","6":"category-noticias","7":"category-partido","8":"tag-psol"},"acf":[],"yoast_head":"<!-- This site is optimized with the Yoast SEO plugin v26.5 - https:\/\/yoast.com\/wordpress\/plugins\/seo\/ -->\n<title>Militantes de todo o pa\u00eds participam do 3\u00ba Encontro Nacional de Mulheres do PSOL - PSOL 50<\/title>\n<meta name=\"robots\" content=\"index, follow, max-snippet:-1, max-image-preview:large, max-video-preview:-1\" \/>\n<link rel=\"canonical\" href=\"https:\/\/psol50.org.br\/militantes-de-todo-o-pais-participam-do-3o-encontro-nacional-de-mulheres-do-psol\/\" \/>\n<meta property=\"og:locale\" content=\"pt_BR\" \/>\n<meta property=\"og:type\" content=\"article\" \/>\n<meta property=\"og:title\" content=\"Militantes de todo o pa\u00eds participam do 3\u00ba Encontro Nacional de Mulheres do PSOL - PSOL 50\" \/>\n<meta property=\"og:description\" content=\"Ao longo dos tr\u00eas dias, militantes do partido debater\u00e3o a conjuntura e temas espec\u00edficos, como viol\u00eancia, direitos sexuais e reprodutivos, representatividade na pol\u00edtica, m\u00eddia, invisibilidade l\u00e9sbica, feminismo negro entre outras quest\u00f5es. Lideran\u00e7as de v\u00e1rias organiza\u00e7\u00f5es da esquerda brasileira tamb\u00e9m marcar\u00e3o presen\u00e7a no Encontro\" \/>\n<meta property=\"og:url\" content=\"https:\/\/psol50.org.br\/militantes-de-todo-o-pais-participam-do-3o-encontro-nacional-de-mulheres-do-psol\/\" \/>\n<meta property=\"og:site_name\" content=\"PSOL 50\" \/>\n<meta property=\"article:publisher\" content=\"https:\/\/www.facebook.com\/psol50\" \/>\n<meta property=\"article:published_time\" content=\"2015-06-25T15:27:35+00:00\" \/>\n<meta property=\"og:image\" content=\"http:\/\/www.psol50.org.br\/\/store\/imagens\/Encontro%20de%20Mulheres.png\" \/>\n<meta name=\"author\" content=\"Comunica\u00e7\u00e3o PSOL\" \/>\n<meta name=\"twitter:card\" content=\"summary_large_image\" \/>\n<meta name=\"twitter:creator\" content=\"@psol50\" \/>\n<meta name=\"twitter:site\" content=\"@psol50\" \/>\n<meta name=\"twitter:label1\" content=\"Escrito por\" \/>\n\t<meta name=\"twitter:data1\" content=\"Comunica\u00e7\u00e3o PSOL\" \/>\n\t<meta name=\"twitter:label2\" content=\"Est. tempo de leitura\" \/>\n\t<meta name=\"twitter:data2\" content=\"3 minutos\" \/>\n<script type=\"application\/ld+json\" class=\"yoast-schema-graph\">{\"@context\":\"https:\/\/schema.org\",\"@graph\":[{\"@type\":\"Article\",\"@id\":\"https:\/\/psol50.org.br\/militantes-de-todo-o-pais-participam-do-3o-encontro-nacional-de-mulheres-do-psol\/#article\",\"isPartOf\":{\"@id\":\"https:\/\/psol50.org.br\/militantes-de-todo-o-pais-participam-do-3o-encontro-nacional-de-mulheres-do-psol\/\"},\"author\":{\"name\":\"Comunica\u00e7\u00e3o PSOL\",\"@id\":\"https:\/\/psol50.org.br\/#\/schema\/person\/475dfa57d0b815993c714c2e96491fcd\"},\"headline\":\"Militantes de todo o pa\u00eds participam do 3\u00ba Encontro Nacional de Mulheres do PSOL\",\"datePublished\":\"2015-06-25T15:27:35+00:00\",\"mainEntityOfPage\":{\"@id\":\"https:\/\/psol50.org.br\/militantes-de-todo-o-pais-participam-do-3o-encontro-nacional-de-mulheres-do-psol\/\"},\"wordCount\":646,\"commentCount\":0,\"publisher\":{\"@id\":\"https:\/\/psol50.org.br\/#organization\"},\"keywords\":[\"PSOL\"],\"articleSection\":[\"Not\u00edcias\",\"Partido\"],\"inLanguage\":\"pt-BR\",\"potentialAction\":[{\"@type\":\"CommentAction\",\"name\":\"Comment\",\"target\":[\"https:\/\/psol50.org.br\/militantes-de-todo-o-pais-participam-do-3o-encontro-nacional-de-mulheres-do-psol\/#respond\"]}]},{\"@type\":\"WebPage\",\"@id\":\"https:\/\/psol50.org.br\/militantes-de-todo-o-pais-participam-do-3o-encontro-nacional-de-mulheres-do-psol\/\",\"url\":\"https:\/\/psol50.org.br\/militantes-de-todo-o-pais-participam-do-3o-encontro-nacional-de-mulheres-do-psol\/\",\"name\":\"Militantes de todo o pa\u00eds participam do 3\u00ba Encontro Nacional de Mulheres do PSOL - PSOL 50\",\"isPartOf\":{\"@id\":\"https:\/\/psol50.org.br\/#website\"},\"datePublished\":\"2015-06-25T15:27:35+00:00\",\"breadcrumb\":{\"@id\":\"https:\/\/psol50.org.br\/militantes-de-todo-o-pais-participam-do-3o-encontro-nacional-de-mulheres-do-psol\/#breadcrumb\"},\"inLanguage\":\"pt-BR\",\"potentialAction\":[{\"@type\":\"ReadAction\",\"target\":[\"https:\/\/psol50.org.br\/militantes-de-todo-o-pais-participam-do-3o-encontro-nacional-de-mulheres-do-psol\/\"]}]},{\"@type\":\"BreadcrumbList\",\"@id\":\"https:\/\/psol50.org.br\/militantes-de-todo-o-pais-participam-do-3o-encontro-nacional-de-mulheres-do-psol\/#breadcrumb\",\"itemListElement\":[{\"@type\":\"ListItem\",\"position\":1,\"name\":\"In\u00edcio\",\"item\":\"https:\/\/psol50.org.br\/\"},{\"@type\":\"ListItem\",\"position\":2,\"name\":\"Militantes de todo o pa\u00eds participam do 3\u00ba Encontro Nacional de Mulheres do PSOL\"}]},{\"@type\":\"WebSite\",\"@id\":\"https:\/\/psol50.org.br\/#website\",\"url\":\"https:\/\/psol50.org.br\/\",\"name\":\"PSOL 50\",\"description\":\"Site oficial do Partido Socialismo e Liberdade\",\"publisher\":{\"@id\":\"https:\/\/psol50.org.br\/#organization\"},\"alternateName\":\"PSOL50\",\"potentialAction\":[{\"@type\":\"SearchAction\",\"target\":{\"@type\":\"EntryPoint\",\"urlTemplate\":\"https:\/\/psol50.org.br\/?s={search_term_string}\"},\"query-input\":{\"@type\":\"PropertyValueSpecification\",\"valueRequired\":true,\"valueName\":\"search_term_string\"}}],\"inLanguage\":\"pt-BR\"},{\"@type\":\"Organization\",\"@id\":\"https:\/\/psol50.org.br\/#organization\",\"name\":\"PSOL 50\",\"alternateName\":\"PSOL 50\",\"url\":\"https:\/\/psol50.org.br\/\",\"logo\":{\"@type\":\"ImageObject\",\"inLanguage\":\"pt-BR\",\"@id\":\"https:\/\/psol50.org.br\/#\/schema\/logo\/image\/\",\"url\":\"https:\/\/psol50.org.br\/inc\/uploads\/2018\/07\/capa.png\",\"contentUrl\":\"https:\/\/psol50.org.br\/inc\/uploads\/2018\/07\/capa.png\",\"width\":1350,\"height\":900,\"caption\":\"PSOL 50\"},\"image\":{\"@id\":\"https:\/\/psol50.org.br\/#\/schema\/logo\/image\/\"},\"sameAs\":[\"https:\/\/www.facebook.com\/psol50\",\"https:\/\/x.com\/psol50\",\"https:\/\/www.instagram.com\/psol50\/\",\"https:\/\/www.youtube.com\/channel\/UC7SnJS5o1os7a6CaiNabzcg\"]},{\"@type\":\"Person\",\"@id\":\"https:\/\/psol50.org.br\/#\/schema\/person\/475dfa57d0b815993c714c2e96491fcd\",\"name\":\"Comunica\u00e7\u00e3o PSOL\",\"image\":{\"@type\":\"ImageObject\",\"inLanguage\":\"pt-BR\",\"@id\":\"https:\/\/psol50.org.br\/#\/schema\/person\/image\/\",\"url\":\"https:\/\/secure.gravatar.com\/avatar\/b34fc4f4e468a4e51785917065a3db57b841f5c95dba6ad8c73aaf8f66f8f9bf?s=96&d=mm&r=g\",\"contentUrl\":\"https:\/\/secure.gravatar.com\/avatar\/b34fc4f4e468a4e51785917065a3db57b841f5c95dba6ad8c73aaf8f66f8f9bf?s=96&d=mm&r=g\",\"caption\":\"Comunica\u00e7\u00e3o PSOL\"}}]}<\/script>\n<!-- \/ Yoast SEO plugin. -->","yoast_head_json":{"title":"Militantes de todo o pa\u00eds participam do 3\u00ba Encontro Nacional de Mulheres do PSOL - PSOL 50","robots":{"index":"index","follow":"follow","max-snippet":"max-snippet:-1","max-image-preview":"max-image-preview:large","max-video-preview":"max-video-preview:-1"},"canonical":"https:\/\/psol50.org.br\/militantes-de-todo-o-pais-participam-do-3o-encontro-nacional-de-mulheres-do-psol\/","og_locale":"pt_BR","og_type":"article","og_title":"Militantes de todo o pa\u00eds participam do 3\u00ba Encontro Nacional de Mulheres do PSOL - PSOL 50","og_description":"Ao longo dos tr\u00eas dias, militantes do partido debater\u00e3o a conjuntura e temas espec\u00edficos, como viol\u00eancia, direitos sexuais e reprodutivos, representatividade na pol\u00edtica, m\u00eddia, invisibilidade l\u00e9sbica, feminismo negro entre outras quest\u00f5es. Lideran\u00e7as de v\u00e1rias organiza\u00e7\u00f5es da esquerda brasileira tamb\u00e9m marcar\u00e3o presen\u00e7a no Encontro","og_url":"https:\/\/psol50.org.br\/militantes-de-todo-o-pais-participam-do-3o-encontro-nacional-de-mulheres-do-psol\/","og_site_name":"PSOL 50","article_publisher":"https:\/\/www.facebook.com\/psol50","article_published_time":"2015-06-25T15:27:35+00:00","og_image":[{"url":"http:\/\/www.psol50.org.br\/\/store\/imagens\/Encontro de Mulheres.png","type":"","width":"","height":""}],"author":"Comunica\u00e7\u00e3o PSOL","twitter_card":"summary_large_image","twitter_creator":"@psol50","twitter_site":"@psol50","twitter_misc":{"Escrito por":"Comunica\u00e7\u00e3o PSOL","Est. tempo de leitura":"3 minutos"},"schema":{"@context":"https:\/\/schema.org","@graph":[{"@type":"Article","@id":"https:\/\/psol50.org.br\/militantes-de-todo-o-pais-participam-do-3o-encontro-nacional-de-mulheres-do-psol\/#article","isPartOf":{"@id":"https:\/\/psol50.org.br\/militantes-de-todo-o-pais-participam-do-3o-encontro-nacional-de-mulheres-do-psol\/"},"author":{"name":"Comunica\u00e7\u00e3o PSOL","@id":"https:\/\/psol50.org.br\/#\/schema\/person\/475dfa57d0b815993c714c2e96491fcd"},"headline":"Militantes de todo o pa\u00eds participam do 3\u00ba Encontro Nacional de Mulheres do PSOL","datePublished":"2015-06-25T15:27:35+00:00","mainEntityOfPage":{"@id":"https:\/\/psol50.org.br\/militantes-de-todo-o-pais-participam-do-3o-encontro-nacional-de-mulheres-do-psol\/"},"wordCount":646,"commentCount":0,"publisher":{"@id":"https:\/\/psol50.org.br\/#organization"},"keywords":["PSOL"],"articleSection":["Not\u00edcias","Partido"],"inLanguage":"pt-BR","potentialAction":[{"@type":"CommentAction","name":"Comment","target":["https:\/\/psol50.org.br\/militantes-de-todo-o-pais-participam-do-3o-encontro-nacional-de-mulheres-do-psol\/#respond"]}]},{"@type":"WebPage","@id":"https:\/\/psol50.org.br\/militantes-de-todo-o-pais-participam-do-3o-encontro-nacional-de-mulheres-do-psol\/","url":"https:\/\/psol50.org.br\/militantes-de-todo-o-pais-participam-do-3o-encontro-nacional-de-mulheres-do-psol\/","name":"Militantes de todo o pa\u00eds participam do 3\u00ba Encontro Nacional de Mulheres do PSOL - PSOL 50","isPartOf":{"@id":"https:\/\/psol50.org.br\/#website"},"datePublished":"2015-06-25T15:27:35+00:00","breadcrumb":{"@id":"https:\/\/psol50.org.br\/militantes-de-todo-o-pais-participam-do-3o-encontro-nacional-de-mulheres-do-psol\/#breadcrumb"},"inLanguage":"pt-BR","potentialAction":[{"@type":"ReadAction","target":["https:\/\/psol50.org.br\/militantes-de-todo-o-pais-participam-do-3o-encontro-nacional-de-mulheres-do-psol\/"]}]},{"@type":"BreadcrumbList","@id":"https:\/\/psol50.org.br\/militantes-de-todo-o-pais-participam-do-3o-encontro-nacional-de-mulheres-do-psol\/#breadcrumb","itemListElement":[{"@type":"ListItem","position":1,"name":"In\u00edcio","item":"https:\/\/psol50.org.br\/"},{"@type":"ListItem","position":2,"name":"Militantes de todo o pa\u00eds participam do 3\u00ba Encontro Nacional de Mulheres do PSOL"}]},{"@type":"WebSite","@id":"https:\/\/psol50.org.br\/#website","url":"https:\/\/psol50.org.br\/","name":"PSOL 50","description":"Site oficial do Partido Socialismo e Liberdade","publisher":{"@id":"https:\/\/psol50.org.br\/#organization"},"alternateName":"PSOL50","potentialAction":[{"@type":"SearchAction","target":{"@type":"EntryPoint","urlTemplate":"https:\/\/psol50.org.br\/?s={search_term_string}"},"query-input":{"@type":"PropertyValueSpecification","valueRequired":true,"valueName":"search_term_string"}}],"inLanguage":"pt-BR"},{"@type":"Organization","@id":"https:\/\/psol50.org.br\/#organization","name":"PSOL 50","alternateName":"PSOL 50","url":"https:\/\/psol50.org.br\/","logo":{"@type":"ImageObject","inLanguage":"pt-BR","@id":"https:\/\/psol50.org.br\/#\/schema\/logo\/image\/","url":"https:\/\/psol50.org.br\/inc\/uploads\/2018\/07\/capa.png","contentUrl":"https:\/\/psol50.org.br\/inc\/uploads\/2018\/07\/capa.png","width":1350,"height":900,"caption":"PSOL 50"},"image":{"@id":"https:\/\/psol50.org.br\/#\/schema\/logo\/image\/"},"sameAs":["https:\/\/www.facebook.com\/psol50","https:\/\/x.com\/psol50","https:\/\/www.instagram.com\/psol50\/","https:\/\/www.youtube.com\/channel\/UC7SnJS5o1os7a6CaiNabzcg"]},{"@type":"Person","@id":"https:\/\/psol50.org.br\/#\/schema\/person\/475dfa57d0b815993c714c2e96491fcd","name":"Comunica\u00e7\u00e3o PSOL","image":{"@type":"ImageObject","inLanguage":"pt-BR","@id":"https:\/\/psol50.org.br\/#\/schema\/person\/image\/","url":"https:\/\/secure.gravatar.com\/avatar\/b34fc4f4e468a4e51785917065a3db57b841f5c95dba6ad8c73aaf8f66f8f9bf?s=96&d=mm&r=g","contentUrl":"https:\/\/secure.gravatar.com\/avatar\/b34fc4f4e468a4e51785917065a3db57b841f5c95dba6ad8c73aaf8f66f8f9bf?s=96&d=mm&r=g","caption":"Comunica\u00e7\u00e3o PSOL"}}]}},"_links":{"self":[{"href":"https:\/\/psol50.org.br\/rest\/wp\/v2\/posts\/3316","targetHints":{"allow":["GET"]}}],"collection":[{"href":"https:\/\/psol50.org.br\/rest\/wp\/v2\/posts"}],"about":[{"href":"https:\/\/psol50.org.br\/rest\/wp\/v2\/types\/post"}],"author":[{"embeddable":true,"href":"https:\/\/psol50.org.br\/rest\/wp\/v2\/users\/2"}],"replies":[{"embeddable":true,"href":"https:\/\/psol50.org.br\/rest\/wp\/v2\/comments?post=3316"}],"version-history":[{"count":0,"href":"https:\/\/psol50.org.br\/rest\/wp\/v2\/posts\/3316\/revisions"}],"wp:attachment":[{"href":"https:\/\/psol50.org.br\/rest\/wp\/v2\/media?parent=3316"}],"wp:term":[{"taxonomy":"category","embeddable":true,"href":"https:\/\/psol50.org.br\/rest\/wp\/v2\/categories?post=3316"},{"taxonomy":"post_tag","embeddable":true,"href":"https:\/\/psol50.org.br\/rest\/wp\/v2\/tags?post=3316"}],"curies":[{"name":"wp","href":"https:\/\/api.w.org\/{rel}","templated":true}]}}