{"id":33164,"date":"2014-03-17T00:00:00","date_gmt":"2014-03-17T17:31:03","guid":{"rendered":"http:\/\/psol50.org.br\/arquivo\/2014\/03\/17\/em-todo-o-pais-professores-da-rede-publica-de-ensino-fazem-paralisacao-de-tres-dias-a-partir-desta-segunda\/"},"modified":"2014-03-17T00:00:00","modified_gmt":"2014-03-17T17:31:03","slug":"em-todo-o-pais-professores-da-rede-publica-de-ensino-fazem-paralisacao-de-tres-dias-a-partir-desta-segunda","status":"publish","type":"post","link":"https:\/\/psol50.org.br\/em-todo-o-pais-professores-da-rede-publica-de-ensino-fazem-paralisacao-de-tres-dias-a-partir-desta-segunda\/","title":{"rendered":"Em todo o pa\u00eds, professores da rede p\u00fablica de ensino fazem paralisa\u00e7\u00e3o de tr\u00eas dias a partir desta segunda"},"content":{"rendered":"<p style=\"text-align: justify;\">\n\tDe hoje (17) at\u00e9 a quarta-feira (19), professores da rede p\u00fablica de ensino promovem uma paralisa\u00e7\u00e3o nacional para cobrar&nbsp;investimentos exclusivos para educa\u00e7\u00e3o p\u00fablica e valoriza\u00e7\u00e3o profissional. A greve de tr\u00eas dias ser\u00e1 encerrada com um ato em frente ao Congresso Nacional, que tamb\u00e9m vai protestar contra o&nbsp;reajuste de 8,32% para o piso, em janeiro, que elevou o sal\u00e1rio inicial dos professores para R$ 1.697.<br \/>\n\t&nbsp;<br \/>\n\tOs professores reivindicam que a corre\u00e7\u00e3o seja equivalente ao que o Fundo de Manuten\u00e7\u00e3o e Desenvolvimento da Educa\u00e7\u00e3o B\u00e1sica e de Valoriza\u00e7\u00e3o dos Profissionais da Educa\u00e7\u00e3o (Fundeb) apresentou como repasse para os estados e munic\u00edpios. Segundo a Confedera\u00e7\u00e3o Nacional dos Trabalhadores em Educa\u00e7\u00e3o (CNTE), em 2013 o governo federal repassou R$ 116 bilh\u00f5es, o que permitiria um reajuste entre 13% e 15%, mas o aumento anunciado corresponde a um repasse de R$ 111 bilh\u00f5es.<br \/>\n\t&nbsp;<br \/>\n\tEles tamb\u00e9m exigem a vota\u00e7\u00e3o imediata do Plano Nacional de Educa\u00e7\u00e3o (PNE) e reafirmam a necessidade de que 10% do Produto Interno Bruto (PIB) seja investido exclusivamente em educa\u00e7\u00e3o p\u00fablica. O PNE tem 21 metas e 177 estrat\u00e9gias para os pr\u00f3ximos dez anos. O texto do plano foi aprovado pela C\u00e2mara em 2012, mas em dezembro passado sofreu altera\u00e7\u00f5es no Senado, mudando a obriga\u00e7\u00e3o de investimentos &#8220;em educa\u00e7\u00e3o p\u00fablica&#8221;, do texto original, para &#8220;investimento p\u00fablico em educa\u00e7\u00e3o&#8221;.<\/p>\n<p>&nbsp;<br \/>\n&nbsp;<\/p>\n","protected":false},"excerpt":{"rendered":"<p>De hoje (17) at\u00e9 a quarta-feira (19), professores da rede p\u00fablica de ensino promovem uma paralisa\u00e7\u00e3o nacional para cobrar&nbsp;investimentos exclusivos para educa\u00e7\u00e3o p\u00fablica e valoriza\u00e7\u00e3o profissional. A greve de tr\u00eas dias ser\u00e1 encerrada com um ato em frente ao Congresso Nacional, que tamb\u00e9m vai protestar contra o&nbsp;reajuste de 8,32% para o piso, em janeiro, que [&hellip;]<\/p>\n","protected":false},"author":2,"featured_media":0,"comment_status":"open","ping_status":"open","sticky":false,"template":"","format":"standard","meta":{"_acf_changed":false,"footnotes":""},"categories":[4766,6],"tags":[],"class_list":{"0":"post-33164","1":"post","2":"type-post","3":"status-publish","4":"format-standard","6":"category-arquivo","7":"category-noticias"},"acf":[],"yoast_head":"<!-- This site is optimized with the Yoast SEO plugin v26.5 - https:\/\/yoast.com\/wordpress\/plugins\/seo\/ -->\n<title>Em todo o pa\u00eds, professores da rede p\u00fablica de ensino fazem paralisa\u00e7\u00e3o de tr\u00eas dias a partir desta segunda - PSOL 50<\/title>\n<meta name=\"robots\" content=\"index, follow, max-snippet:-1, max-image-preview:large, max-video-preview:-1\" \/>\n<link rel=\"canonical\" href=\"https:\/\/psol50.org.br\/em-todo-o-pais-professores-da-rede-publica-de-ensino-fazem-paralisacao-de-tres-dias-a-partir-desta-segunda\/\" \/>\n<meta property=\"og:locale\" content=\"pt_BR\" \/>\n<meta property=\"og:type\" content=\"article\" \/>\n<meta property=\"og:title\" content=\"Em todo o pa\u00eds, professores da rede p\u00fablica de ensino fazem paralisa\u00e7\u00e3o de tr\u00eas dias a partir desta segunda - PSOL 50\" \/>\n<meta property=\"og:description\" content=\"De hoje (17) at\u00e9 a quarta-feira (19), professores da rede p\u00fablica de ensino promovem uma paralisa\u00e7\u00e3o nacional para cobrar&nbsp;investimentos exclusivos para educa\u00e7\u00e3o p\u00fablica e valoriza\u00e7\u00e3o profissional. A greve de tr\u00eas dias ser\u00e1 encerrada com um ato em frente ao Congresso Nacional, que tamb\u00e9m vai protestar contra o&nbsp;reajuste de 8,32% para o piso, em janeiro, que [&hellip;]\" \/>\n<meta property=\"og:url\" content=\"https:\/\/psol50.org.br\/em-todo-o-pais-professores-da-rede-publica-de-ensino-fazem-paralisacao-de-tres-dias-a-partir-desta-segunda\/\" \/>\n<meta property=\"og:site_name\" content=\"PSOL 50\" \/>\n<meta property=\"article:publisher\" content=\"https:\/\/www.facebook.com\/psol50\" \/>\n<meta property=\"article:published_time\" content=\"2014-03-17T17:31:03+00:00\" \/>\n<meta property=\"og:image\" content=\"https:\/\/psol50.org.br\/inc\/uploads\/2018\/07\/capa.png\" \/>\n\t<meta property=\"og:image:width\" content=\"1350\" \/>\n\t<meta property=\"og:image:height\" content=\"900\" \/>\n\t<meta property=\"og:image:type\" content=\"image\/png\" \/>\n<meta name=\"author\" content=\"Comunica\u00e7\u00e3o PSOL\" \/>\n<meta name=\"twitter:card\" content=\"summary_large_image\" \/>\n<meta name=\"twitter:creator\" content=\"@psol50\" \/>\n<meta name=\"twitter:site\" content=\"@psol50\" \/>\n<meta name=\"twitter:label1\" content=\"Escrito por\" \/>\n\t<meta name=\"twitter:data1\" content=\"Comunica\u00e7\u00e3o PSOL\" \/>\n\t<meta name=\"twitter:label2\" content=\"Est. tempo de leitura\" \/>\n\t<meta name=\"twitter:data2\" content=\"1 minuto\" \/>\n<script type=\"application\/ld+json\" class=\"yoast-schema-graph\">{\"@context\":\"https:\/\/schema.org\",\"@graph\":[{\"@type\":\"Article\",\"@id\":\"https:\/\/psol50.org.br\/em-todo-o-pais-professores-da-rede-publica-de-ensino-fazem-paralisacao-de-tres-dias-a-partir-desta-segunda\/#article\",\"isPartOf\":{\"@id\":\"https:\/\/psol50.org.br\/em-todo-o-pais-professores-da-rede-publica-de-ensino-fazem-paralisacao-de-tres-dias-a-partir-desta-segunda\/\"},\"author\":{\"name\":\"Comunica\u00e7\u00e3o PSOL\",\"@id\":\"https:\/\/psol50.org.br\/#\/schema\/person\/475dfa57d0b815993c714c2e96491fcd\"},\"headline\":\"Em todo o pa\u00eds, professores da rede p\u00fablica de ensino fazem paralisa\u00e7\u00e3o de tr\u00eas dias a partir desta segunda\",\"datePublished\":\"2014-03-17T17:31:03+00:00\",\"mainEntityOfPage\":{\"@id\":\"https:\/\/psol50.org.br\/em-todo-o-pais-professores-da-rede-publica-de-ensino-fazem-paralisacao-de-tres-dias-a-partir-desta-segunda\/\"},\"wordCount\":266,\"commentCount\":0,\"publisher\":{\"@id\":\"https:\/\/psol50.org.br\/#organization\"},\"articleSection\":[\"Arquivo\",\"Not\u00edcias\"],\"inLanguage\":\"pt-BR\",\"potentialAction\":[{\"@type\":\"CommentAction\",\"name\":\"Comment\",\"target\":[\"https:\/\/psol50.org.br\/em-todo-o-pais-professores-da-rede-publica-de-ensino-fazem-paralisacao-de-tres-dias-a-partir-desta-segunda\/#respond\"]}]},{\"@type\":\"WebPage\",\"@id\":\"https:\/\/psol50.org.br\/em-todo-o-pais-professores-da-rede-publica-de-ensino-fazem-paralisacao-de-tres-dias-a-partir-desta-segunda\/\",\"url\":\"https:\/\/psol50.org.br\/em-todo-o-pais-professores-da-rede-publica-de-ensino-fazem-paralisacao-de-tres-dias-a-partir-desta-segunda\/\",\"name\":\"Em todo o pa\u00eds, professores da rede p\u00fablica de ensino fazem paralisa\u00e7\u00e3o de tr\u00eas dias a partir desta segunda - PSOL 50\",\"isPartOf\":{\"@id\":\"https:\/\/psol50.org.br\/#website\"},\"datePublished\":\"2014-03-17T17:31:03+00:00\",\"breadcrumb\":{\"@id\":\"https:\/\/psol50.org.br\/em-todo-o-pais-professores-da-rede-publica-de-ensino-fazem-paralisacao-de-tres-dias-a-partir-desta-segunda\/#breadcrumb\"},\"inLanguage\":\"pt-BR\",\"potentialAction\":[{\"@type\":\"ReadAction\",\"target\":[\"https:\/\/psol50.org.br\/em-todo-o-pais-professores-da-rede-publica-de-ensino-fazem-paralisacao-de-tres-dias-a-partir-desta-segunda\/\"]}]},{\"@type\":\"BreadcrumbList\",\"@id\":\"https:\/\/psol50.org.br\/em-todo-o-pais-professores-da-rede-publica-de-ensino-fazem-paralisacao-de-tres-dias-a-partir-desta-segunda\/#breadcrumb\",\"itemListElement\":[{\"@type\":\"ListItem\",\"position\":1,\"name\":\"In\u00edcio\",\"item\":\"https:\/\/psol50.org.br\/\"},{\"@type\":\"ListItem\",\"position\":2,\"name\":\"Em todo o pa\u00eds, professores da rede p\u00fablica de ensino fazem paralisa\u00e7\u00e3o de tr\u00eas dias a partir desta segunda\"}]},{\"@type\":\"WebSite\",\"@id\":\"https:\/\/psol50.org.br\/#website\",\"url\":\"https:\/\/psol50.org.br\/\",\"name\":\"PSOL 50\",\"description\":\"Site oficial do Partido Socialismo e Liberdade\",\"publisher\":{\"@id\":\"https:\/\/psol50.org.br\/#organization\"},\"alternateName\":\"PSOL50\",\"potentialAction\":[{\"@type\":\"SearchAction\",\"target\":{\"@type\":\"EntryPoint\",\"urlTemplate\":\"https:\/\/psol50.org.br\/?s={search_term_string}\"},\"query-input\":{\"@type\":\"PropertyValueSpecification\",\"valueRequired\":true,\"valueName\":\"search_term_string\"}}],\"inLanguage\":\"pt-BR\"},{\"@type\":\"Organization\",\"@id\":\"https:\/\/psol50.org.br\/#organization\",\"name\":\"PSOL 50\",\"alternateName\":\"PSOL 50\",\"url\":\"https:\/\/psol50.org.br\/\",\"logo\":{\"@type\":\"ImageObject\",\"inLanguage\":\"pt-BR\",\"@id\":\"https:\/\/psol50.org.br\/#\/schema\/logo\/image\/\",\"url\":\"https:\/\/psol50.org.br\/inc\/uploads\/2018\/07\/capa.png\",\"contentUrl\":\"https:\/\/psol50.org.br\/inc\/uploads\/2018\/07\/capa.png\",\"width\":1350,\"height\":900,\"caption\":\"PSOL 50\"},\"image\":{\"@id\":\"https:\/\/psol50.org.br\/#\/schema\/logo\/image\/\"},\"sameAs\":[\"https:\/\/www.facebook.com\/psol50\",\"https:\/\/x.com\/psol50\",\"https:\/\/www.instagram.com\/psol50\/\",\"https:\/\/www.youtube.com\/channel\/UC7SnJS5o1os7a6CaiNabzcg\"]},{\"@type\":\"Person\",\"@id\":\"https:\/\/psol50.org.br\/#\/schema\/person\/475dfa57d0b815993c714c2e96491fcd\",\"name\":\"Comunica\u00e7\u00e3o PSOL\",\"image\":{\"@type\":\"ImageObject\",\"inLanguage\":\"pt-BR\",\"@id\":\"https:\/\/psol50.org.br\/#\/schema\/person\/image\/\",\"url\":\"https:\/\/secure.gravatar.com\/avatar\/b34fc4f4e468a4e51785917065a3db57b841f5c95dba6ad8c73aaf8f66f8f9bf?s=96&d=mm&r=g\",\"contentUrl\":\"https:\/\/secure.gravatar.com\/avatar\/b34fc4f4e468a4e51785917065a3db57b841f5c95dba6ad8c73aaf8f66f8f9bf?s=96&d=mm&r=g\",\"caption\":\"Comunica\u00e7\u00e3o PSOL\"}}]}<\/script>\n<!-- \/ Yoast SEO plugin. -->","yoast_head_json":{"title":"Em todo o pa\u00eds, professores da rede p\u00fablica de ensino fazem paralisa\u00e7\u00e3o de tr\u00eas dias a partir desta segunda - PSOL 50","robots":{"index":"index","follow":"follow","max-snippet":"max-snippet:-1","max-image-preview":"max-image-preview:large","max-video-preview":"max-video-preview:-1"},"canonical":"https:\/\/psol50.org.br\/em-todo-o-pais-professores-da-rede-publica-de-ensino-fazem-paralisacao-de-tres-dias-a-partir-desta-segunda\/","og_locale":"pt_BR","og_type":"article","og_title":"Em todo o pa\u00eds, professores da rede p\u00fablica de ensino fazem paralisa\u00e7\u00e3o de tr\u00eas dias a partir desta segunda - PSOL 50","og_description":"De hoje (17) at\u00e9 a quarta-feira (19), professores da rede p\u00fablica de ensino promovem uma paralisa\u00e7\u00e3o nacional para cobrar&nbsp;investimentos exclusivos para educa\u00e7\u00e3o p\u00fablica e valoriza\u00e7\u00e3o profissional. A greve de tr\u00eas dias ser\u00e1 encerrada com um ato em frente ao Congresso Nacional, que tamb\u00e9m vai protestar contra o&nbsp;reajuste de 8,32% para o piso, em janeiro, que [&hellip;]","og_url":"https:\/\/psol50.org.br\/em-todo-o-pais-professores-da-rede-publica-de-ensino-fazem-paralisacao-de-tres-dias-a-partir-desta-segunda\/","og_site_name":"PSOL 50","article_publisher":"https:\/\/www.facebook.com\/psol50","article_published_time":"2014-03-17T17:31:03+00:00","og_image":[{"width":1350,"height":900,"url":"https:\/\/psol50.org.br\/inc\/uploads\/2018\/07\/capa.png","type":"image\/png"}],"author":"Comunica\u00e7\u00e3o PSOL","twitter_card":"summary_large_image","twitter_creator":"@psol50","twitter_site":"@psol50","twitter_misc":{"Escrito por":"Comunica\u00e7\u00e3o PSOL","Est. tempo de leitura":"1 minuto"},"schema":{"@context":"https:\/\/schema.org","@graph":[{"@type":"Article","@id":"https:\/\/psol50.org.br\/em-todo-o-pais-professores-da-rede-publica-de-ensino-fazem-paralisacao-de-tres-dias-a-partir-desta-segunda\/#article","isPartOf":{"@id":"https:\/\/psol50.org.br\/em-todo-o-pais-professores-da-rede-publica-de-ensino-fazem-paralisacao-de-tres-dias-a-partir-desta-segunda\/"},"author":{"name":"Comunica\u00e7\u00e3o PSOL","@id":"https:\/\/psol50.org.br\/#\/schema\/person\/475dfa57d0b815993c714c2e96491fcd"},"headline":"Em todo o pa\u00eds, professores da rede p\u00fablica de ensino fazem paralisa\u00e7\u00e3o de tr\u00eas dias a partir desta segunda","datePublished":"2014-03-17T17:31:03+00:00","mainEntityOfPage":{"@id":"https:\/\/psol50.org.br\/em-todo-o-pais-professores-da-rede-publica-de-ensino-fazem-paralisacao-de-tres-dias-a-partir-desta-segunda\/"},"wordCount":266,"commentCount":0,"publisher":{"@id":"https:\/\/psol50.org.br\/#organization"},"articleSection":["Arquivo","Not\u00edcias"],"inLanguage":"pt-BR","potentialAction":[{"@type":"CommentAction","name":"Comment","target":["https:\/\/psol50.org.br\/em-todo-o-pais-professores-da-rede-publica-de-ensino-fazem-paralisacao-de-tres-dias-a-partir-desta-segunda\/#respond"]}]},{"@type":"WebPage","@id":"https:\/\/psol50.org.br\/em-todo-o-pais-professores-da-rede-publica-de-ensino-fazem-paralisacao-de-tres-dias-a-partir-desta-segunda\/","url":"https:\/\/psol50.org.br\/em-todo-o-pais-professores-da-rede-publica-de-ensino-fazem-paralisacao-de-tres-dias-a-partir-desta-segunda\/","name":"Em todo o pa\u00eds, professores da rede p\u00fablica de ensino fazem paralisa\u00e7\u00e3o de tr\u00eas dias a partir desta segunda - PSOL 50","isPartOf":{"@id":"https:\/\/psol50.org.br\/#website"},"datePublished":"2014-03-17T17:31:03+00:00","breadcrumb":{"@id":"https:\/\/psol50.org.br\/em-todo-o-pais-professores-da-rede-publica-de-ensino-fazem-paralisacao-de-tres-dias-a-partir-desta-segunda\/#breadcrumb"},"inLanguage":"pt-BR","potentialAction":[{"@type":"ReadAction","target":["https:\/\/psol50.org.br\/em-todo-o-pais-professores-da-rede-publica-de-ensino-fazem-paralisacao-de-tres-dias-a-partir-desta-segunda\/"]}]},{"@type":"BreadcrumbList","@id":"https:\/\/psol50.org.br\/em-todo-o-pais-professores-da-rede-publica-de-ensino-fazem-paralisacao-de-tres-dias-a-partir-desta-segunda\/#breadcrumb","itemListElement":[{"@type":"ListItem","position":1,"name":"In\u00edcio","item":"https:\/\/psol50.org.br\/"},{"@type":"ListItem","position":2,"name":"Em todo o pa\u00eds, professores da rede p\u00fablica de ensino fazem paralisa\u00e7\u00e3o de tr\u00eas dias a partir desta segunda"}]},{"@type":"WebSite","@id":"https:\/\/psol50.org.br\/#website","url":"https:\/\/psol50.org.br\/","name":"PSOL 50","description":"Site oficial do Partido Socialismo e Liberdade","publisher":{"@id":"https:\/\/psol50.org.br\/#organization"},"alternateName":"PSOL50","potentialAction":[{"@type":"SearchAction","target":{"@type":"EntryPoint","urlTemplate":"https:\/\/psol50.org.br\/?s={search_term_string}"},"query-input":{"@type":"PropertyValueSpecification","valueRequired":true,"valueName":"search_term_string"}}],"inLanguage":"pt-BR"},{"@type":"Organization","@id":"https:\/\/psol50.org.br\/#organization","name":"PSOL 50","alternateName":"PSOL 50","url":"https:\/\/psol50.org.br\/","logo":{"@type":"ImageObject","inLanguage":"pt-BR","@id":"https:\/\/psol50.org.br\/#\/schema\/logo\/image\/","url":"https:\/\/psol50.org.br\/inc\/uploads\/2018\/07\/capa.png","contentUrl":"https:\/\/psol50.org.br\/inc\/uploads\/2018\/07\/capa.png","width":1350,"height":900,"caption":"PSOL 50"},"image":{"@id":"https:\/\/psol50.org.br\/#\/schema\/logo\/image\/"},"sameAs":["https:\/\/www.facebook.com\/psol50","https:\/\/x.com\/psol50","https:\/\/www.instagram.com\/psol50\/","https:\/\/www.youtube.com\/channel\/UC7SnJS5o1os7a6CaiNabzcg"]},{"@type":"Person","@id":"https:\/\/psol50.org.br\/#\/schema\/person\/475dfa57d0b815993c714c2e96491fcd","name":"Comunica\u00e7\u00e3o PSOL","image":{"@type":"ImageObject","inLanguage":"pt-BR","@id":"https:\/\/psol50.org.br\/#\/schema\/person\/image\/","url":"https:\/\/secure.gravatar.com\/avatar\/b34fc4f4e468a4e51785917065a3db57b841f5c95dba6ad8c73aaf8f66f8f9bf?s=96&d=mm&r=g","contentUrl":"https:\/\/secure.gravatar.com\/avatar\/b34fc4f4e468a4e51785917065a3db57b841f5c95dba6ad8c73aaf8f66f8f9bf?s=96&d=mm&r=g","caption":"Comunica\u00e7\u00e3o PSOL"}}]}},"_links":{"self":[{"href":"https:\/\/psol50.org.br\/rest\/wp\/v2\/posts\/33164","targetHints":{"allow":["GET"]}}],"collection":[{"href":"https:\/\/psol50.org.br\/rest\/wp\/v2\/posts"}],"about":[{"href":"https:\/\/psol50.org.br\/rest\/wp\/v2\/types\/post"}],"author":[{"embeddable":true,"href":"https:\/\/psol50.org.br\/rest\/wp\/v2\/users\/2"}],"replies":[{"embeddable":true,"href":"https:\/\/psol50.org.br\/rest\/wp\/v2\/comments?post=33164"}],"version-history":[{"count":0,"href":"https:\/\/psol50.org.br\/rest\/wp\/v2\/posts\/33164\/revisions"}],"wp:attachment":[{"href":"https:\/\/psol50.org.br\/rest\/wp\/v2\/media?parent=33164"}],"wp:term":[{"taxonomy":"category","embeddable":true,"href":"https:\/\/psol50.org.br\/rest\/wp\/v2\/categories?post=33164"},{"taxonomy":"post_tag","embeddable":true,"href":"https:\/\/psol50.org.br\/rest\/wp\/v2\/tags?post=33164"}],"curies":[{"name":"wp","href":"https:\/\/api.w.org\/{rel}","templated":true}]}}