{"id":33181,"date":"2012-09-04T00:00:00","date_gmt":"2012-09-04T00:00:00","guid":{"rendered":"http:\/\/psol50.org.br\/arquivo\/2012\/09\/04\/ivan-valente-alerta-sobre-denuncia-de-privatizacao-e-corrupcao-na-saude\/"},"modified":"2012-09-04T00:00:00","modified_gmt":"2012-09-04T00:00:00","slug":"ivan-valente-alerta-sobre-denuncia-de-privatizacao-e-corrupcao-na-saude","status":"publish","type":"post","link":"https:\/\/psol50.org.br\/ivan-valente-alerta-sobre-denuncia-de-privatizacao-e-corrupcao-na-saude\/","title":{"rendered":"Ivan Valente alerta sobre den\u00fancia de privatiza\u00e7\u00e3o e corrup\u00e7\u00e3o na sa\u00fade"},"content":{"rendered":"<p>Em discurso no plen\u00e1rio da C\u00e2mara, nesta ter\u00e7a-feira, 4, o deputado Ivan Valente destacou a den\u00fancia, feita pelo programa\u00a0<em>Fant\u00e1stico<\/em>, no \u00faltimo domingo, sobre a privatiza\u00e7\u00e3o e a corrup\u00e7\u00e3o na sa\u00fade do Brasil. \u201cN\u00f3s pudemos assistir \u00e0 rela\u00e7\u00e3o de assalto a verbas p\u00fablicas do SUS praticado por organiza\u00e7\u00f5es sociais\u201d.<\/p>\n<p>Ele lembrou os exemplos citados na reportagem: Macei\u00f3, onde centenas de crian\u00e7as que n\u00e3o tinham problemas de sa\u00fade foram internadas em cl\u00ednicas, diagnosticadas com pneumonia; no Rio de Janeiro, partos foram pagos em duplicidade, pela cliente e pelo SUS; e no Rio Grande do Norte e no interior de S\u00e3o Paulo, comprovou-se a exist\u00eancia de notas frias e caixa dois.<\/p>\n<p>\u201cO PSOL se posicionou desde o primeiro momento contra as privatiza\u00e7\u00f5es na sa\u00fade no nosso pa\u00eds. N\u00f3s entendemos que a\u00ed h\u00e1 uma drenagem de recursos p\u00fablicos para o setor privado \u2014 inaceit\u00e1vel, sob todos os aspectos. \u00c9 um roubo, um crime praticado por organiza\u00e7\u00f5es sem idoneidade\u201d, afirmou Ivan Valente.<\/p>\n<p>O deputado defendeu um Sistema \u00danico de Sa\u00fade (SUS) cem por cento p\u00fablico e o fim das terceiriza\u00e7\u00f5es e privatiza\u00e7\u00f5es.<\/p>\n","protected":false},"excerpt":{"rendered":"<p>Em discurso no plen\u00e1rio da C\u00e2mara, nesta ter\u00e7a-feira, 4, o deputado Ivan Valente destacou a den\u00fancia, feita pelo programa\u00a0Fant\u00e1stico, no \u00faltimo domingo, sobre a privatiza\u00e7\u00e3o e a corrup\u00e7\u00e3o na sa\u00fade do Brasil. \u201cN\u00f3s pudemos assistir \u00e0 rela\u00e7\u00e3o de assalto a verbas p\u00fablicas do SUS praticado por organiza\u00e7\u00f5es sociais\u201d. Ele lembrou os exemplos citados na reportagem: [&hellip;]<\/p>\n","protected":false},"author":2,"featured_media":0,"comment_status":"open","ping_status":"open","sticky":false,"template":"","format":"standard","meta":{"_acf_changed":false,"footnotes":""},"categories":[10,4766],"tags":[],"class_list":{"0":"post-33181","1":"post","2":"type-post","3":"status-publish","4":"format-standard","6":"category-acao-parlamentares","7":"category-arquivo"},"acf":[],"yoast_head":"<!-- This site is optimized with the Yoast SEO plugin v26.5 - https:\/\/yoast.com\/wordpress\/plugins\/seo\/ -->\n<title>Ivan Valente alerta sobre den\u00fancia de privatiza\u00e7\u00e3o e corrup\u00e7\u00e3o na sa\u00fade - PSOL 50<\/title>\n<meta name=\"robots\" content=\"index, follow, max-snippet:-1, max-image-preview:large, max-video-preview:-1\" \/>\n<link rel=\"canonical\" href=\"https:\/\/psol50.org.br\/ivan-valente-alerta-sobre-denuncia-de-privatizacao-e-corrupcao-na-saude\/\" \/>\n<meta property=\"og:locale\" content=\"pt_BR\" \/>\n<meta property=\"og:type\" content=\"article\" \/>\n<meta property=\"og:title\" content=\"Ivan Valente alerta sobre den\u00fancia de privatiza\u00e7\u00e3o e corrup\u00e7\u00e3o na sa\u00fade - PSOL 50\" \/>\n<meta property=\"og:description\" content=\"Em discurso no plen\u00e1rio da C\u00e2mara, nesta ter\u00e7a-feira, 4, o deputado Ivan Valente destacou a den\u00fancia, feita pelo programa\u00a0Fant\u00e1stico, no \u00faltimo domingo, sobre a privatiza\u00e7\u00e3o e a corrup\u00e7\u00e3o na sa\u00fade do Brasil. \u201cN\u00f3s pudemos assistir \u00e0 rela\u00e7\u00e3o de assalto a verbas p\u00fablicas do SUS praticado por organiza\u00e7\u00f5es sociais\u201d. Ele lembrou os exemplos citados na reportagem: [&hellip;]\" \/>\n<meta property=\"og:url\" content=\"https:\/\/psol50.org.br\/ivan-valente-alerta-sobre-denuncia-de-privatizacao-e-corrupcao-na-saude\/\" \/>\n<meta property=\"og:site_name\" content=\"PSOL 50\" \/>\n<meta property=\"article:publisher\" content=\"https:\/\/www.facebook.com\/psol50\" \/>\n<meta property=\"article:published_time\" content=\"2012-09-04T00:00:00+00:00\" \/>\n<meta property=\"og:image\" content=\"https:\/\/psol50.org.br\/inc\/uploads\/2018\/07\/capa.png\" \/>\n\t<meta property=\"og:image:width\" content=\"1350\" \/>\n\t<meta property=\"og:image:height\" content=\"900\" \/>\n\t<meta property=\"og:image:type\" content=\"image\/png\" \/>\n<meta name=\"author\" content=\"Comunica\u00e7\u00e3o PSOL\" \/>\n<meta name=\"twitter:card\" content=\"summary_large_image\" \/>\n<meta name=\"twitter:creator\" content=\"@psol50\" \/>\n<meta name=\"twitter:site\" content=\"@psol50\" \/>\n<meta name=\"twitter:label1\" content=\"Escrito por\" \/>\n\t<meta name=\"twitter:data1\" content=\"Comunica\u00e7\u00e3o PSOL\" \/>\n\t<meta name=\"twitter:label2\" content=\"Est. tempo de leitura\" \/>\n\t<meta name=\"twitter:data2\" content=\"1 minuto\" \/>\n<script type=\"application\/ld+json\" class=\"yoast-schema-graph\">{\"@context\":\"https:\/\/schema.org\",\"@graph\":[{\"@type\":\"Article\",\"@id\":\"https:\/\/psol50.org.br\/ivan-valente-alerta-sobre-denuncia-de-privatizacao-e-corrupcao-na-saude\/#article\",\"isPartOf\":{\"@id\":\"https:\/\/psol50.org.br\/ivan-valente-alerta-sobre-denuncia-de-privatizacao-e-corrupcao-na-saude\/\"},\"author\":{\"name\":\"Comunica\u00e7\u00e3o PSOL\",\"@id\":\"https:\/\/psol50.org.br\/#\/schema\/person\/475dfa57d0b815993c714c2e96491fcd\"},\"headline\":\"Ivan Valente alerta sobre den\u00fancia de privatiza\u00e7\u00e3o e corrup\u00e7\u00e3o na sa\u00fade\",\"datePublished\":\"2012-09-04T00:00:00+00:00\",\"mainEntityOfPage\":{\"@id\":\"https:\/\/psol50.org.br\/ivan-valente-alerta-sobre-denuncia-de-privatizacao-e-corrupcao-na-saude\/\"},\"wordCount\":218,\"commentCount\":0,\"publisher\":{\"@id\":\"https:\/\/psol50.org.br\/#organization\"},\"articleSection\":[\"A\u00e7\u00e3o Parlamentar\",\"Arquivo\"],\"inLanguage\":\"pt-BR\",\"potentialAction\":[{\"@type\":\"CommentAction\",\"name\":\"Comment\",\"target\":[\"https:\/\/psol50.org.br\/ivan-valente-alerta-sobre-denuncia-de-privatizacao-e-corrupcao-na-saude\/#respond\"]}]},{\"@type\":\"WebPage\",\"@id\":\"https:\/\/psol50.org.br\/ivan-valente-alerta-sobre-denuncia-de-privatizacao-e-corrupcao-na-saude\/\",\"url\":\"https:\/\/psol50.org.br\/ivan-valente-alerta-sobre-denuncia-de-privatizacao-e-corrupcao-na-saude\/\",\"name\":\"Ivan Valente alerta sobre den\u00fancia de privatiza\u00e7\u00e3o e corrup\u00e7\u00e3o na sa\u00fade - PSOL 50\",\"isPartOf\":{\"@id\":\"https:\/\/psol50.org.br\/#website\"},\"datePublished\":\"2012-09-04T00:00:00+00:00\",\"breadcrumb\":{\"@id\":\"https:\/\/psol50.org.br\/ivan-valente-alerta-sobre-denuncia-de-privatizacao-e-corrupcao-na-saude\/#breadcrumb\"},\"inLanguage\":\"pt-BR\",\"potentialAction\":[{\"@type\":\"ReadAction\",\"target\":[\"https:\/\/psol50.org.br\/ivan-valente-alerta-sobre-denuncia-de-privatizacao-e-corrupcao-na-saude\/\"]}]},{\"@type\":\"BreadcrumbList\",\"@id\":\"https:\/\/psol50.org.br\/ivan-valente-alerta-sobre-denuncia-de-privatizacao-e-corrupcao-na-saude\/#breadcrumb\",\"itemListElement\":[{\"@type\":\"ListItem\",\"position\":1,\"name\":\"In\u00edcio\",\"item\":\"https:\/\/psol50.org.br\/\"},{\"@type\":\"ListItem\",\"position\":2,\"name\":\"Ivan Valente alerta sobre den\u00fancia de privatiza\u00e7\u00e3o e corrup\u00e7\u00e3o na sa\u00fade\"}]},{\"@type\":\"WebSite\",\"@id\":\"https:\/\/psol50.org.br\/#website\",\"url\":\"https:\/\/psol50.org.br\/\",\"name\":\"PSOL 50\",\"description\":\"Site oficial do Partido Socialismo e Liberdade\",\"publisher\":{\"@id\":\"https:\/\/psol50.org.br\/#organization\"},\"alternateName\":\"PSOL50\",\"potentialAction\":[{\"@type\":\"SearchAction\",\"target\":{\"@type\":\"EntryPoint\",\"urlTemplate\":\"https:\/\/psol50.org.br\/?s={search_term_string}\"},\"query-input\":{\"@type\":\"PropertyValueSpecification\",\"valueRequired\":true,\"valueName\":\"search_term_string\"}}],\"inLanguage\":\"pt-BR\"},{\"@type\":\"Organization\",\"@id\":\"https:\/\/psol50.org.br\/#organization\",\"name\":\"PSOL 50\",\"alternateName\":\"PSOL 50\",\"url\":\"https:\/\/psol50.org.br\/\",\"logo\":{\"@type\":\"ImageObject\",\"inLanguage\":\"pt-BR\",\"@id\":\"https:\/\/psol50.org.br\/#\/schema\/logo\/image\/\",\"url\":\"https:\/\/psol50.org.br\/inc\/uploads\/2018\/07\/capa.png\",\"contentUrl\":\"https:\/\/psol50.org.br\/inc\/uploads\/2018\/07\/capa.png\",\"width\":1350,\"height\":900,\"caption\":\"PSOL 50\"},\"image\":{\"@id\":\"https:\/\/psol50.org.br\/#\/schema\/logo\/image\/\"},\"sameAs\":[\"https:\/\/www.facebook.com\/psol50\",\"https:\/\/x.com\/psol50\",\"https:\/\/www.instagram.com\/psol50\/\",\"https:\/\/www.youtube.com\/channel\/UC7SnJS5o1os7a6CaiNabzcg\"]},{\"@type\":\"Person\",\"@id\":\"https:\/\/psol50.org.br\/#\/schema\/person\/475dfa57d0b815993c714c2e96491fcd\",\"name\":\"Comunica\u00e7\u00e3o PSOL\",\"image\":{\"@type\":\"ImageObject\",\"inLanguage\":\"pt-BR\",\"@id\":\"https:\/\/psol50.org.br\/#\/schema\/person\/image\/\",\"url\":\"https:\/\/secure.gravatar.com\/avatar\/b34fc4f4e468a4e51785917065a3db57b841f5c95dba6ad8c73aaf8f66f8f9bf?s=96&d=mm&r=g\",\"contentUrl\":\"https:\/\/secure.gravatar.com\/avatar\/b34fc4f4e468a4e51785917065a3db57b841f5c95dba6ad8c73aaf8f66f8f9bf?s=96&d=mm&r=g\",\"caption\":\"Comunica\u00e7\u00e3o PSOL\"}}]}<\/script>\n<!-- \/ Yoast SEO plugin. -->","yoast_head_json":{"title":"Ivan Valente alerta sobre den\u00fancia de privatiza\u00e7\u00e3o e corrup\u00e7\u00e3o na sa\u00fade - PSOL 50","robots":{"index":"index","follow":"follow","max-snippet":"max-snippet:-1","max-image-preview":"max-image-preview:large","max-video-preview":"max-video-preview:-1"},"canonical":"https:\/\/psol50.org.br\/ivan-valente-alerta-sobre-denuncia-de-privatizacao-e-corrupcao-na-saude\/","og_locale":"pt_BR","og_type":"article","og_title":"Ivan Valente alerta sobre den\u00fancia de privatiza\u00e7\u00e3o e corrup\u00e7\u00e3o na sa\u00fade - PSOL 50","og_description":"Em discurso no plen\u00e1rio da C\u00e2mara, nesta ter\u00e7a-feira, 4, o deputado Ivan Valente destacou a den\u00fancia, feita pelo programa\u00a0Fant\u00e1stico, no \u00faltimo domingo, sobre a privatiza\u00e7\u00e3o e a corrup\u00e7\u00e3o na sa\u00fade do Brasil. \u201cN\u00f3s pudemos assistir \u00e0 rela\u00e7\u00e3o de assalto a verbas p\u00fablicas do SUS praticado por organiza\u00e7\u00f5es sociais\u201d. Ele lembrou os exemplos citados na reportagem: [&hellip;]","og_url":"https:\/\/psol50.org.br\/ivan-valente-alerta-sobre-denuncia-de-privatizacao-e-corrupcao-na-saude\/","og_site_name":"PSOL 50","article_publisher":"https:\/\/www.facebook.com\/psol50","article_published_time":"2012-09-04T00:00:00+00:00","og_image":[{"width":1350,"height":900,"url":"https:\/\/psol50.org.br\/inc\/uploads\/2018\/07\/capa.png","type":"image\/png"}],"author":"Comunica\u00e7\u00e3o PSOL","twitter_card":"summary_large_image","twitter_creator":"@psol50","twitter_site":"@psol50","twitter_misc":{"Escrito por":"Comunica\u00e7\u00e3o PSOL","Est. tempo de leitura":"1 minuto"},"schema":{"@context":"https:\/\/schema.org","@graph":[{"@type":"Article","@id":"https:\/\/psol50.org.br\/ivan-valente-alerta-sobre-denuncia-de-privatizacao-e-corrupcao-na-saude\/#article","isPartOf":{"@id":"https:\/\/psol50.org.br\/ivan-valente-alerta-sobre-denuncia-de-privatizacao-e-corrupcao-na-saude\/"},"author":{"name":"Comunica\u00e7\u00e3o PSOL","@id":"https:\/\/psol50.org.br\/#\/schema\/person\/475dfa57d0b815993c714c2e96491fcd"},"headline":"Ivan Valente alerta sobre den\u00fancia de privatiza\u00e7\u00e3o e corrup\u00e7\u00e3o na sa\u00fade","datePublished":"2012-09-04T00:00:00+00:00","mainEntityOfPage":{"@id":"https:\/\/psol50.org.br\/ivan-valente-alerta-sobre-denuncia-de-privatizacao-e-corrupcao-na-saude\/"},"wordCount":218,"commentCount":0,"publisher":{"@id":"https:\/\/psol50.org.br\/#organization"},"articleSection":["A\u00e7\u00e3o Parlamentar","Arquivo"],"inLanguage":"pt-BR","potentialAction":[{"@type":"CommentAction","name":"Comment","target":["https:\/\/psol50.org.br\/ivan-valente-alerta-sobre-denuncia-de-privatizacao-e-corrupcao-na-saude\/#respond"]}]},{"@type":"WebPage","@id":"https:\/\/psol50.org.br\/ivan-valente-alerta-sobre-denuncia-de-privatizacao-e-corrupcao-na-saude\/","url":"https:\/\/psol50.org.br\/ivan-valente-alerta-sobre-denuncia-de-privatizacao-e-corrupcao-na-saude\/","name":"Ivan Valente alerta sobre den\u00fancia de privatiza\u00e7\u00e3o e corrup\u00e7\u00e3o na sa\u00fade - PSOL 50","isPartOf":{"@id":"https:\/\/psol50.org.br\/#website"},"datePublished":"2012-09-04T00:00:00+00:00","breadcrumb":{"@id":"https:\/\/psol50.org.br\/ivan-valente-alerta-sobre-denuncia-de-privatizacao-e-corrupcao-na-saude\/#breadcrumb"},"inLanguage":"pt-BR","potentialAction":[{"@type":"ReadAction","target":["https:\/\/psol50.org.br\/ivan-valente-alerta-sobre-denuncia-de-privatizacao-e-corrupcao-na-saude\/"]}]},{"@type":"BreadcrumbList","@id":"https:\/\/psol50.org.br\/ivan-valente-alerta-sobre-denuncia-de-privatizacao-e-corrupcao-na-saude\/#breadcrumb","itemListElement":[{"@type":"ListItem","position":1,"name":"In\u00edcio","item":"https:\/\/psol50.org.br\/"},{"@type":"ListItem","position":2,"name":"Ivan Valente alerta sobre den\u00fancia de privatiza\u00e7\u00e3o e corrup\u00e7\u00e3o na sa\u00fade"}]},{"@type":"WebSite","@id":"https:\/\/psol50.org.br\/#website","url":"https:\/\/psol50.org.br\/","name":"PSOL 50","description":"Site oficial do Partido Socialismo e Liberdade","publisher":{"@id":"https:\/\/psol50.org.br\/#organization"},"alternateName":"PSOL50","potentialAction":[{"@type":"SearchAction","target":{"@type":"EntryPoint","urlTemplate":"https:\/\/psol50.org.br\/?s={search_term_string}"},"query-input":{"@type":"PropertyValueSpecification","valueRequired":true,"valueName":"search_term_string"}}],"inLanguage":"pt-BR"},{"@type":"Organization","@id":"https:\/\/psol50.org.br\/#organization","name":"PSOL 50","alternateName":"PSOL 50","url":"https:\/\/psol50.org.br\/","logo":{"@type":"ImageObject","inLanguage":"pt-BR","@id":"https:\/\/psol50.org.br\/#\/schema\/logo\/image\/","url":"https:\/\/psol50.org.br\/inc\/uploads\/2018\/07\/capa.png","contentUrl":"https:\/\/psol50.org.br\/inc\/uploads\/2018\/07\/capa.png","width":1350,"height":900,"caption":"PSOL 50"},"image":{"@id":"https:\/\/psol50.org.br\/#\/schema\/logo\/image\/"},"sameAs":["https:\/\/www.facebook.com\/psol50","https:\/\/x.com\/psol50","https:\/\/www.instagram.com\/psol50\/","https:\/\/www.youtube.com\/channel\/UC7SnJS5o1os7a6CaiNabzcg"]},{"@type":"Person","@id":"https:\/\/psol50.org.br\/#\/schema\/person\/475dfa57d0b815993c714c2e96491fcd","name":"Comunica\u00e7\u00e3o PSOL","image":{"@type":"ImageObject","inLanguage":"pt-BR","@id":"https:\/\/psol50.org.br\/#\/schema\/person\/image\/","url":"https:\/\/secure.gravatar.com\/avatar\/b34fc4f4e468a4e51785917065a3db57b841f5c95dba6ad8c73aaf8f66f8f9bf?s=96&d=mm&r=g","contentUrl":"https:\/\/secure.gravatar.com\/avatar\/b34fc4f4e468a4e51785917065a3db57b841f5c95dba6ad8c73aaf8f66f8f9bf?s=96&d=mm&r=g","caption":"Comunica\u00e7\u00e3o PSOL"}}]}},"_links":{"self":[{"href":"https:\/\/psol50.org.br\/rest\/wp\/v2\/posts\/33181","targetHints":{"allow":["GET"]}}],"collection":[{"href":"https:\/\/psol50.org.br\/rest\/wp\/v2\/posts"}],"about":[{"href":"https:\/\/psol50.org.br\/rest\/wp\/v2\/types\/post"}],"author":[{"embeddable":true,"href":"https:\/\/psol50.org.br\/rest\/wp\/v2\/users\/2"}],"replies":[{"embeddable":true,"href":"https:\/\/psol50.org.br\/rest\/wp\/v2\/comments?post=33181"}],"version-history":[{"count":0,"href":"https:\/\/psol50.org.br\/rest\/wp\/v2\/posts\/33181\/revisions"}],"wp:attachment":[{"href":"https:\/\/psol50.org.br\/rest\/wp\/v2\/media?parent=33181"}],"wp:term":[{"taxonomy":"category","embeddable":true,"href":"https:\/\/psol50.org.br\/rest\/wp\/v2\/categories?post=33181"},{"taxonomy":"post_tag","embeddable":true,"href":"https:\/\/psol50.org.br\/rest\/wp\/v2\/tags?post=33181"}],"curies":[{"name":"wp","href":"https:\/\/api.w.org\/{rel}","templated":true}]}}