{"id":33183,"date":"2012-09-15T00:00:00","date_gmt":"2012-09-15T00:00:00","guid":{"rendered":"http:\/\/psol50.org.br\/arquivo\/2012\/09\/15\/soltando-o-verbo-seguranca-pessoal-e-direitos-humanos\/"},"modified":"2012-09-15T00:00:00","modified_gmt":"2012-09-15T00:00:00","slug":"soltando-o-verbo-seguranca-pessoal-e-direitos-humanos","status":"publish","type":"post","link":"https:\/\/psol50.org.br\/soltando-o-verbo-seguranca-pessoal-e-direitos-humanos\/","title":{"rendered":"Soltando o verbo: Seguran\u00e7a Pessoal e Direitos Humanos"},"content":{"rendered":"<p>Todos, por \u00f3bvio, soubemos das mortes dos jovens no Rio ol\u00edmpico, eleitoral e seguro de Paes e Cabral. As v\u00edtimas do esc\u00e1rnio: Glauber Siqueira (17), Christian Vieira (19), Patrick Machado (16), Douglas Ribeiro (17), Josias Searles (17), Victor Hugo (16).<\/p>\n<p>Mais uma chacina de pobres, negros&#8230; favelados. O de sempre! Se n\u00e3o eram bandidos, eram drogados. Mesmo se n\u00e3o o fossem, seguiriam como meros favelados.<\/p>\n<p>Ali\u00e1s, note-se, chacina \u00e9 sempre coisa que envolve pobres. Essa nomenclatura n\u00e3o se utiliza quando se fala de nobres. Nas natas da sociedade, quando algo desse tipo acontece, as defini\u00e7\u00f5es s\u00e3o mais sofisticadas. Fala-se da a\u00e7\u00e3o criminosa de serial killer, de assassinatos em massa. Os do mal matando os do bem. Mas isso n\u00e3o vem ao caso, vem?<\/p>\n<p>Ali\u00e1s, isso &#8211; mortes dessa estirpe -, quando ocorre no varejo, nem sempre vira not\u00edcia, diria o velho Chico, o da MPB, o artista. Ou o caso \u00e9 tratado como se fossem, os mortos, meliantes que mereciam morrer. Punguistas &#8211; tinham antecedentes, indigentes, suspeitos, com seus grossos cord\u00f5es de lata doirada no peito. Perfeito, marcaram touca, tinham seus narizes nervosos muito pr\u00f3ximos da boca.<\/p>\n<p>\u00c9&#8230; tem muita gente boa, em todas as camadas da sociedade, inclusive entre os &#8220;meus&#8221;, diga-se de passagem, que acha que bandido tem mesmo \u00e9 que morrer. Pobres, eles n\u00e3o sabem o que fazem ou t\u00eam pouco, muito pouco a dizer.<\/p>\n<p>D\u00e1 d\u00f3. Pena. Pena de morte. \u00c9 pobre, \u00e9 favelado, \u00e9 preto, n\u00e3o branco, t\u00e1 de bobeira na \u00e1rea? Esculacha, senta o dedo, manda bala, joga na vala. \u00c9 bandido e merece morrer. Abafa o caso e nisso n\u00e3o mais se fala.<\/p>\n<p>E os ouvintes-leitores-telespectadores &#8211; nem todos, vejam &#8211; preocupados com seus pr\u00f3prios umbigos surdos, seguem sua vidinha vadia: &#8211; n\u00e3o \u00e9 comigo, n\u00e3o \u00e9 com os meus. Enquanto eles estiverem se matando&#8230;<\/p>\n<p>E a fila segue andando. O bonde, o rodo passando. A vida desabando.<\/p>\n<p>\u00c9&#8230; enquanto o mortic\u00ednio ocorre no interior das comunidades, tendo como v\u00edtimas os pr\u00f3prios moradores, apenas gerando estat\u00edsticas desinteressantes, sem comprometer os \u00edndices gerais de urbanidade, tudo certo.<\/p>\n<p>O abastado, o esperto, ent\u00e3o finge que n\u00e3o v\u00ea, tapa o nariz e vai romanceando o que \u00e9 de resto. &#8211; Sou um bom cidad\u00e3o, um ser honesto. Compro, logo evito, por isso mesmo me presto.<\/p>\n<p>Vai ao teatro, vai ao cinema&#8230; torce pelo Mengo &#8211; de maioria inobre &#8211; mas, na noite que brilha, alucina e aliena, vai azarar uma vagabunda nas belas sarjetas de Ipanema.<\/p>\n<p>O que importa, para alguns antolhados, \u00e9 o que a m\u00eddia grande e elitista estampa na p\u00e1gina primeira: &#8211; alunos de favelas com UPPs rendem mais. Mais pra quem, cara p\u00e1lida? Tenhamos um cadinho de vergonha na cara e vejamos o que nossas crian\u00e7as e jovens aprendem. Nesse caso, as estat\u00edsticas n\u00e3o mentem. Infelizmente, em termos regionais, nacionais e at\u00e9 internacionais, estamos formando um bando de analfabetos funcionais.<\/p>\n<p>E, o pior, pra seguir servindo a essa elite desavergonhada e voraz. Isso, quando \u00e9 pra dizer as verdades, a imprensa burguesa n\u00e3o traz.<\/p>\n<p>\u00c9 como se fosse uma guerra genocida &#8211; pleon\u00e1smica, portanto &#8211; num pa\u00eds alheio, bem distante de nossas consci\u00eancias pseudo-socialistas. Somos todos autistas?<\/p>\n<p>Quando se trata da vida na favela&#8230; a vida n\u00e3o \u00e9 f\u00e1cil. Pode at\u00e9, por vezes, ser bela. Mas ela n\u00e3o se confunde, de forma alguma, com o enredo de uma novela.<\/p>\n<p>E, como n\u00e3o podia deixar de ocorrer &#8211; pois parte da sociedade hip\u00f3crita implora &#8211; o truculento BOPE invadiu a favela, aterrorizando, ainda mais, a vida dos moradores. V\u00eam sequelas.<\/p>\n<p>Sequelas que j\u00e1 est\u00e3o incrustadas na alma dessa gente em abund\u00e2ncia. Que j\u00e1 sofre com o descaso do Estado, com o preconceito da maioria da sociedade e com sua pr\u00f3pria &#8220;ignor\u00e2ncia&#8221;.<\/p>\n<p>Aos que ainda creem, por qualquer motivo entorpecedor ou comodista, na efic\u00e1cia das UPPs, como instrumento de &#8220;pacifica\u00e7\u00e3o&#8221; das comunidades, abram o olho. Ponham suas hipocrisias de molho.<\/p>\n<p>Esse fato escabroso e muito do que vem ocorrendo nas periferias do Rio, no que tange \u00e0 viol\u00eancia, \u00e9 consequ\u00eancia direta da competente, eficaz e midi\u00e1tica campanha de ocupa\u00e7\u00e3o militarizada das favelas, com o intuito, quase que exclusivo, de varrer a pobreza e suas mazelas, pra debaixo dos tapetes. E que o pobre se dane, meu camarada, e v\u00e1 pro cacete.<\/p>\n<p><em><strong>Ricardo Cr\u00f4\u00a0<\/strong>\u00e9 Secret\u00e1rio de Comunica\u00e7\u00e2o da Associa\u00e7\u00e3o dos Moradores da Comunidade Cor\u00e9ia-Trapicheiro<\/em><\/p>\n<p><em>Fonte:\u00a0<a href=\"http:\/\/www.socialismo.org.br\/\">http:\/\/www.socialismo.org.br<\/a><\/em><\/p>\n","protected":false},"excerpt":{"rendered":"<p>Todos, por \u00f3bvio, soubemos das mortes dos jovens no Rio ol\u00edmpico, eleitoral e seguro de Paes e Cabral. As v\u00edtimas do esc\u00e1rnio: Glauber Siqueira (17), Christian Vieira (19), Patrick Machado (16), Douglas Ribeiro (17), Josias Searles (17), Victor Hugo (16). Mais uma chacina de pobres, negros&#8230; favelados. O de sempre! Se n\u00e3o eram bandidos, eram [&hellip;]<\/p>\n","protected":false},"author":2,"featured_media":0,"comment_status":"open","ping_status":"open","sticky":false,"template":"","format":"standard","meta":{"_acf_changed":false,"footnotes":""},"categories":[4766],"tags":[],"class_list":{"0":"post-33183","1":"post","2":"type-post","3":"status-publish","4":"format-standard","6":"category-arquivo"},"acf":[],"yoast_head":"<!-- This site is optimized with the Yoast SEO plugin v26.5 - https:\/\/yoast.com\/wordpress\/plugins\/seo\/ -->\n<title>Soltando o verbo: Seguran\u00e7a Pessoal e Direitos Humanos - PSOL 50<\/title>\n<meta name=\"robots\" content=\"index, follow, max-snippet:-1, max-image-preview:large, max-video-preview:-1\" \/>\n<link rel=\"canonical\" href=\"https:\/\/psol50.org.br\/soltando-o-verbo-seguranca-pessoal-e-direitos-humanos\/\" \/>\n<meta property=\"og:locale\" content=\"pt_BR\" \/>\n<meta property=\"og:type\" content=\"article\" \/>\n<meta property=\"og:title\" content=\"Soltando o verbo: Seguran\u00e7a Pessoal e Direitos Humanos - PSOL 50\" \/>\n<meta property=\"og:description\" content=\"Todos, por \u00f3bvio, soubemos das mortes dos jovens no Rio ol\u00edmpico, eleitoral e seguro de Paes e Cabral. As v\u00edtimas do esc\u00e1rnio: Glauber Siqueira (17), Christian Vieira (19), Patrick Machado (16), Douglas Ribeiro (17), Josias Searles (17), Victor Hugo (16). Mais uma chacina de pobres, negros&#8230; favelados. O de sempre! Se n\u00e3o eram bandidos, eram [&hellip;]\" \/>\n<meta property=\"og:url\" content=\"https:\/\/psol50.org.br\/soltando-o-verbo-seguranca-pessoal-e-direitos-humanos\/\" \/>\n<meta property=\"og:site_name\" content=\"PSOL 50\" \/>\n<meta property=\"article:publisher\" content=\"https:\/\/www.facebook.com\/psol50\" \/>\n<meta property=\"article:published_time\" content=\"2012-09-15T00:00:00+00:00\" \/>\n<meta property=\"og:image\" content=\"https:\/\/psol50.org.br\/inc\/uploads\/2018\/07\/capa.png\" \/>\n\t<meta property=\"og:image:width\" content=\"1350\" \/>\n\t<meta property=\"og:image:height\" content=\"900\" \/>\n\t<meta property=\"og:image:type\" content=\"image\/png\" \/>\n<meta name=\"author\" content=\"Comunica\u00e7\u00e3o PSOL\" \/>\n<meta name=\"twitter:card\" content=\"summary_large_image\" \/>\n<meta name=\"twitter:creator\" content=\"@psol50\" \/>\n<meta name=\"twitter:site\" content=\"@psol50\" \/>\n<meta name=\"twitter:label1\" content=\"Escrito por\" \/>\n\t<meta name=\"twitter:data1\" content=\"Comunica\u00e7\u00e3o PSOL\" \/>\n\t<meta name=\"twitter:label2\" content=\"Est. tempo de leitura\" \/>\n\t<meta name=\"twitter:data2\" content=\"4 minutos\" \/>\n<script type=\"application\/ld+json\" class=\"yoast-schema-graph\">{\"@context\":\"https:\/\/schema.org\",\"@graph\":[{\"@type\":\"Article\",\"@id\":\"https:\/\/psol50.org.br\/soltando-o-verbo-seguranca-pessoal-e-direitos-humanos\/#article\",\"isPartOf\":{\"@id\":\"https:\/\/psol50.org.br\/soltando-o-verbo-seguranca-pessoal-e-direitos-humanos\/\"},\"author\":{\"name\":\"Comunica\u00e7\u00e3o PSOL\",\"@id\":\"https:\/\/psol50.org.br\/#\/schema\/person\/475dfa57d0b815993c714c2e96491fcd\"},\"headline\":\"Soltando o verbo: Seguran\u00e7a Pessoal e Direitos Humanos\",\"datePublished\":\"2012-09-15T00:00:00+00:00\",\"mainEntityOfPage\":{\"@id\":\"https:\/\/psol50.org.br\/soltando-o-verbo-seguranca-pessoal-e-direitos-humanos\/\"},\"wordCount\":769,\"commentCount\":0,\"publisher\":{\"@id\":\"https:\/\/psol50.org.br\/#organization\"},\"articleSection\":[\"Arquivo\"],\"inLanguage\":\"pt-BR\",\"potentialAction\":[{\"@type\":\"CommentAction\",\"name\":\"Comment\",\"target\":[\"https:\/\/psol50.org.br\/soltando-o-verbo-seguranca-pessoal-e-direitos-humanos\/#respond\"]}]},{\"@type\":\"WebPage\",\"@id\":\"https:\/\/psol50.org.br\/soltando-o-verbo-seguranca-pessoal-e-direitos-humanos\/\",\"url\":\"https:\/\/psol50.org.br\/soltando-o-verbo-seguranca-pessoal-e-direitos-humanos\/\",\"name\":\"Soltando o verbo: Seguran\u00e7a Pessoal e Direitos Humanos - PSOL 50\",\"isPartOf\":{\"@id\":\"https:\/\/psol50.org.br\/#website\"},\"datePublished\":\"2012-09-15T00:00:00+00:00\",\"breadcrumb\":{\"@id\":\"https:\/\/psol50.org.br\/soltando-o-verbo-seguranca-pessoal-e-direitos-humanos\/#breadcrumb\"},\"inLanguage\":\"pt-BR\",\"potentialAction\":[{\"@type\":\"ReadAction\",\"target\":[\"https:\/\/psol50.org.br\/soltando-o-verbo-seguranca-pessoal-e-direitos-humanos\/\"]}]},{\"@type\":\"BreadcrumbList\",\"@id\":\"https:\/\/psol50.org.br\/soltando-o-verbo-seguranca-pessoal-e-direitos-humanos\/#breadcrumb\",\"itemListElement\":[{\"@type\":\"ListItem\",\"position\":1,\"name\":\"In\u00edcio\",\"item\":\"https:\/\/psol50.org.br\/\"},{\"@type\":\"ListItem\",\"position\":2,\"name\":\"Soltando o verbo: Seguran\u00e7a Pessoal e Direitos Humanos\"}]},{\"@type\":\"WebSite\",\"@id\":\"https:\/\/psol50.org.br\/#website\",\"url\":\"https:\/\/psol50.org.br\/\",\"name\":\"PSOL 50\",\"description\":\"Site oficial do Partido Socialismo e Liberdade\",\"publisher\":{\"@id\":\"https:\/\/psol50.org.br\/#organization\"},\"alternateName\":\"PSOL50\",\"potentialAction\":[{\"@type\":\"SearchAction\",\"target\":{\"@type\":\"EntryPoint\",\"urlTemplate\":\"https:\/\/psol50.org.br\/?s={search_term_string}\"},\"query-input\":{\"@type\":\"PropertyValueSpecification\",\"valueRequired\":true,\"valueName\":\"search_term_string\"}}],\"inLanguage\":\"pt-BR\"},{\"@type\":\"Organization\",\"@id\":\"https:\/\/psol50.org.br\/#organization\",\"name\":\"PSOL 50\",\"alternateName\":\"PSOL 50\",\"url\":\"https:\/\/psol50.org.br\/\",\"logo\":{\"@type\":\"ImageObject\",\"inLanguage\":\"pt-BR\",\"@id\":\"https:\/\/psol50.org.br\/#\/schema\/logo\/image\/\",\"url\":\"https:\/\/psol50.org.br\/inc\/uploads\/2018\/07\/capa.png\",\"contentUrl\":\"https:\/\/psol50.org.br\/inc\/uploads\/2018\/07\/capa.png\",\"width\":1350,\"height\":900,\"caption\":\"PSOL 50\"},\"image\":{\"@id\":\"https:\/\/psol50.org.br\/#\/schema\/logo\/image\/\"},\"sameAs\":[\"https:\/\/www.facebook.com\/psol50\",\"https:\/\/x.com\/psol50\",\"https:\/\/www.instagram.com\/psol50\/\",\"https:\/\/www.youtube.com\/channel\/UC7SnJS5o1os7a6CaiNabzcg\"]},{\"@type\":\"Person\",\"@id\":\"https:\/\/psol50.org.br\/#\/schema\/person\/475dfa57d0b815993c714c2e96491fcd\",\"name\":\"Comunica\u00e7\u00e3o PSOL\",\"image\":{\"@type\":\"ImageObject\",\"inLanguage\":\"pt-BR\",\"@id\":\"https:\/\/psol50.org.br\/#\/schema\/person\/image\/\",\"url\":\"https:\/\/secure.gravatar.com\/avatar\/b34fc4f4e468a4e51785917065a3db57b841f5c95dba6ad8c73aaf8f66f8f9bf?s=96&d=mm&r=g\",\"contentUrl\":\"https:\/\/secure.gravatar.com\/avatar\/b34fc4f4e468a4e51785917065a3db57b841f5c95dba6ad8c73aaf8f66f8f9bf?s=96&d=mm&r=g\",\"caption\":\"Comunica\u00e7\u00e3o PSOL\"}}]}<\/script>\n<!-- \/ Yoast SEO plugin. -->","yoast_head_json":{"title":"Soltando o verbo: Seguran\u00e7a Pessoal e Direitos Humanos - PSOL 50","robots":{"index":"index","follow":"follow","max-snippet":"max-snippet:-1","max-image-preview":"max-image-preview:large","max-video-preview":"max-video-preview:-1"},"canonical":"https:\/\/psol50.org.br\/soltando-o-verbo-seguranca-pessoal-e-direitos-humanos\/","og_locale":"pt_BR","og_type":"article","og_title":"Soltando o verbo: Seguran\u00e7a Pessoal e Direitos Humanos - PSOL 50","og_description":"Todos, por \u00f3bvio, soubemos das mortes dos jovens no Rio ol\u00edmpico, eleitoral e seguro de Paes e Cabral. As v\u00edtimas do esc\u00e1rnio: Glauber Siqueira (17), Christian Vieira (19), Patrick Machado (16), Douglas Ribeiro (17), Josias Searles (17), Victor Hugo (16). Mais uma chacina de pobres, negros&#8230; favelados. O de sempre! Se n\u00e3o eram bandidos, eram [&hellip;]","og_url":"https:\/\/psol50.org.br\/soltando-o-verbo-seguranca-pessoal-e-direitos-humanos\/","og_site_name":"PSOL 50","article_publisher":"https:\/\/www.facebook.com\/psol50","article_published_time":"2012-09-15T00:00:00+00:00","og_image":[{"width":1350,"height":900,"url":"https:\/\/psol50.org.br\/inc\/uploads\/2018\/07\/capa.png","type":"image\/png"}],"author":"Comunica\u00e7\u00e3o PSOL","twitter_card":"summary_large_image","twitter_creator":"@psol50","twitter_site":"@psol50","twitter_misc":{"Escrito por":"Comunica\u00e7\u00e3o PSOL","Est. tempo de leitura":"4 minutos"},"schema":{"@context":"https:\/\/schema.org","@graph":[{"@type":"Article","@id":"https:\/\/psol50.org.br\/soltando-o-verbo-seguranca-pessoal-e-direitos-humanos\/#article","isPartOf":{"@id":"https:\/\/psol50.org.br\/soltando-o-verbo-seguranca-pessoal-e-direitos-humanos\/"},"author":{"name":"Comunica\u00e7\u00e3o PSOL","@id":"https:\/\/psol50.org.br\/#\/schema\/person\/475dfa57d0b815993c714c2e96491fcd"},"headline":"Soltando o verbo: Seguran\u00e7a Pessoal e Direitos Humanos","datePublished":"2012-09-15T00:00:00+00:00","mainEntityOfPage":{"@id":"https:\/\/psol50.org.br\/soltando-o-verbo-seguranca-pessoal-e-direitos-humanos\/"},"wordCount":769,"commentCount":0,"publisher":{"@id":"https:\/\/psol50.org.br\/#organization"},"articleSection":["Arquivo"],"inLanguage":"pt-BR","potentialAction":[{"@type":"CommentAction","name":"Comment","target":["https:\/\/psol50.org.br\/soltando-o-verbo-seguranca-pessoal-e-direitos-humanos\/#respond"]}]},{"@type":"WebPage","@id":"https:\/\/psol50.org.br\/soltando-o-verbo-seguranca-pessoal-e-direitos-humanos\/","url":"https:\/\/psol50.org.br\/soltando-o-verbo-seguranca-pessoal-e-direitos-humanos\/","name":"Soltando o verbo: Seguran\u00e7a Pessoal e Direitos Humanos - PSOL 50","isPartOf":{"@id":"https:\/\/psol50.org.br\/#website"},"datePublished":"2012-09-15T00:00:00+00:00","breadcrumb":{"@id":"https:\/\/psol50.org.br\/soltando-o-verbo-seguranca-pessoal-e-direitos-humanos\/#breadcrumb"},"inLanguage":"pt-BR","potentialAction":[{"@type":"ReadAction","target":["https:\/\/psol50.org.br\/soltando-o-verbo-seguranca-pessoal-e-direitos-humanos\/"]}]},{"@type":"BreadcrumbList","@id":"https:\/\/psol50.org.br\/soltando-o-verbo-seguranca-pessoal-e-direitos-humanos\/#breadcrumb","itemListElement":[{"@type":"ListItem","position":1,"name":"In\u00edcio","item":"https:\/\/psol50.org.br\/"},{"@type":"ListItem","position":2,"name":"Soltando o verbo: Seguran\u00e7a Pessoal e Direitos Humanos"}]},{"@type":"WebSite","@id":"https:\/\/psol50.org.br\/#website","url":"https:\/\/psol50.org.br\/","name":"PSOL 50","description":"Site oficial do Partido Socialismo e Liberdade","publisher":{"@id":"https:\/\/psol50.org.br\/#organization"},"alternateName":"PSOL50","potentialAction":[{"@type":"SearchAction","target":{"@type":"EntryPoint","urlTemplate":"https:\/\/psol50.org.br\/?s={search_term_string}"},"query-input":{"@type":"PropertyValueSpecification","valueRequired":true,"valueName":"search_term_string"}}],"inLanguage":"pt-BR"},{"@type":"Organization","@id":"https:\/\/psol50.org.br\/#organization","name":"PSOL 50","alternateName":"PSOL 50","url":"https:\/\/psol50.org.br\/","logo":{"@type":"ImageObject","inLanguage":"pt-BR","@id":"https:\/\/psol50.org.br\/#\/schema\/logo\/image\/","url":"https:\/\/psol50.org.br\/inc\/uploads\/2018\/07\/capa.png","contentUrl":"https:\/\/psol50.org.br\/inc\/uploads\/2018\/07\/capa.png","width":1350,"height":900,"caption":"PSOL 50"},"image":{"@id":"https:\/\/psol50.org.br\/#\/schema\/logo\/image\/"},"sameAs":["https:\/\/www.facebook.com\/psol50","https:\/\/x.com\/psol50","https:\/\/www.instagram.com\/psol50\/","https:\/\/www.youtube.com\/channel\/UC7SnJS5o1os7a6CaiNabzcg"]},{"@type":"Person","@id":"https:\/\/psol50.org.br\/#\/schema\/person\/475dfa57d0b815993c714c2e96491fcd","name":"Comunica\u00e7\u00e3o PSOL","image":{"@type":"ImageObject","inLanguage":"pt-BR","@id":"https:\/\/psol50.org.br\/#\/schema\/person\/image\/","url":"https:\/\/secure.gravatar.com\/avatar\/b34fc4f4e468a4e51785917065a3db57b841f5c95dba6ad8c73aaf8f66f8f9bf?s=96&d=mm&r=g","contentUrl":"https:\/\/secure.gravatar.com\/avatar\/b34fc4f4e468a4e51785917065a3db57b841f5c95dba6ad8c73aaf8f66f8f9bf?s=96&d=mm&r=g","caption":"Comunica\u00e7\u00e3o PSOL"}}]}},"_links":{"self":[{"href":"https:\/\/psol50.org.br\/rest\/wp\/v2\/posts\/33183","targetHints":{"allow":["GET"]}}],"collection":[{"href":"https:\/\/psol50.org.br\/rest\/wp\/v2\/posts"}],"about":[{"href":"https:\/\/psol50.org.br\/rest\/wp\/v2\/types\/post"}],"author":[{"embeddable":true,"href":"https:\/\/psol50.org.br\/rest\/wp\/v2\/users\/2"}],"replies":[{"embeddable":true,"href":"https:\/\/psol50.org.br\/rest\/wp\/v2\/comments?post=33183"}],"version-history":[{"count":0,"href":"https:\/\/psol50.org.br\/rest\/wp\/v2\/posts\/33183\/revisions"}],"wp:attachment":[{"href":"https:\/\/psol50.org.br\/rest\/wp\/v2\/media?parent=33183"}],"wp:term":[{"taxonomy":"category","embeddable":true,"href":"https:\/\/psol50.org.br\/rest\/wp\/v2\/categories?post=33183"},{"taxonomy":"post_tag","embeddable":true,"href":"https:\/\/psol50.org.br\/rest\/wp\/v2\/tags?post=33183"}],"curies":[{"name":"wp","href":"https:\/\/api.w.org\/{rel}","templated":true}]}}