{"id":3323,"date":"2015-07-01T00:00:00","date_gmt":"2015-07-01T16:13:58","guid":{"rendered":"http:\/\/psol50.org.br\/arquivo\/2015\/07\/01\/executiva-do-psol-emite-nota-em-apoio-ao-povo-grego\/"},"modified":"2015-07-01T00:00:00","modified_gmt":"2015-07-01T16:13:58","slug":"executiva-do-psol-emite-nota-em-apoio-ao-povo-grego","status":"publish","type":"post","link":"https:\/\/psol50.org.br\/executiva-do-psol-emite-nota-em-apoio-ao-povo-grego\/","title":{"rendered":"Executiva do PSOL emite nota em apoio ao povo grego"},"content":{"rendered":"<p><strong>Do PSOL Nacional, Leonor Costa<\/strong><br \/>\nA Executiva Nacional do PSOL divulga nesta quarta-feira (01) a nota abaixo, em apoio ao povo grego e \u00e0s pol\u00edticas adotadas pelo governo de Alexis Tsipras, contra as imposi\u00e7\u00f5es da Troika, formada pelo FMI, Comiss\u00e3o Europeia e Banco Central Europeu. A manifesta\u00e7\u00e3o se d\u00e1 no momento em que o primeiro-ministro, que assumiu a condu\u00e7\u00e3o do pa\u00eds em 26 de janeiro deste ano, convoca a popula\u00e7\u00e3o grega a participar do referendo, marcado para o pr\u00f3ximo domingo (05), para saber a opini\u00e3o sobre as medidas propostas pelas institui\u00e7\u00f5es europeias.<br \/>\n\u201cEste referendo n\u00e3o \u00e9 sobre a perman\u00eancia ou n\u00e3o na zona euro\u201d, afirmou Alexis Tsipras, repetindo que o voto \u2018N\u00e3o\u2019 n\u00e3o significa uma ruptura com a Europa, \u201cmas um regresso aos valores europeus\u201d. \u201cO voto \u2018N\u00e3o\u2019 \u00e9 um apoio a um acordo que seja justo e n\u00e3o sacrifique mais os pensionistas e os pobres\u201d, disse. &#8220;Os eleitores est\u00e3o a ser chantageados para dizer &#8216;Sim&#8217; a todas as propostas dos credores, que n\u00e3o oferecem nenhuma solu\u00e7\u00e3o para a crise&#8221;, avisa o primeiro-ministro.<br \/>\nNo in\u00edcio desta semana, o l\u00edder do Syriza disse que a Gr\u00e9cia continua na mesa de negocia\u00e7\u00f5es e que est\u00e1 disposta a encontrar uma sa\u00edda que n\u00e3o prejudique a popula\u00e7\u00e3o mais pobre do pa\u00eds. \u201cO governo grego prop\u00f4s hoje um acordo de dois anos com o Mecanismo Europeu de Estabilidade (MEE) para cobrir por inteiro as suas necessidades financeiras e ao mesmo tempo fazer a restrutura\u00e7\u00e3o da d\u00edvida\u201d, disse, em nota divulgada em Atenas.<br \/>\nAlexis Tsipras pediu \u201cmudan\u00e7as graduais\u201d \u00e0s condi\u00e7\u00f5es impostas pelo Eurogrupo. Segundo disse \u00e0 Ag\u00eancia Reuters, ele pede reformas na previd\u00eancia e no mercado de trabalho, assim como a ado\u00e7\u00e3o de corte menor aos gastos militares neste ano.<br \/>\nOs credores, que seguem intransigentes no debate sobre a restrutura\u00e7\u00e3o da d\u00edvida, j\u00e1 v\u00eam admitindo a possibilidade de antecipar a discuss\u00e3o. No entanto, a concess\u00e3o seria apenas em caso de vit\u00f3ria do \u2018Sim\u2019 \u00e0 proposta de mais austeridade para os pr\u00f3ximos meses.<br \/>\nNa nota, a Executiva do PSOL entende que a chantagem da Troika contra a Gr\u00e9cia j\u00e1 era esperada.\u00a0\u201cDe nenhuma maneira podia se fazer as concess\u00f5es\u00a0que pedia o governo grego. N\u00e3o pode do ponto de vista econ\u00f4mico,\u00a0mas\u00a0tampouco pol\u00edtico. Significaria abrir a porta para que novos Syrizas sigam aparecendo na Europa, como j\u00e1 sucedeu na Espanha, com o Podemos. Significaria tamb\u00e9m\u00a0estimular que mais europeus tenham disposi\u00e7\u00e3o para rejeitar a pol\u00edtica de austeridade, implementada em toda zona do Euro,\u00a0tornando mais forte as rea\u00e7\u00f5es que j\u00e1 foram sentidas na Irlanda, Portugal e em outros pa\u00edses\u201d.<br \/>\nLeia abaixo a \u00edntegra do documento.<br \/>\n<strong>Todo o apoio ao povo grego na sua luta contra a Troika<\/strong><br \/>\nDepois de longos meses de negocia\u00e7\u00f5es, o governo grego decidiu deixar a mesa de negocia\u00e7\u00f5es com a Troika para que o povo grego decida se aceita\u00a0ou n\u00e3o\u00a0as condi\u00e7\u00f5es impostas por ela.\u00a0Ou seja, o povo grego est\u00e1 sendo chamado a manter sua altivez ou aceitar a ditadura financeira que comanda a Uni\u00e3o Europeia, sob a batuta imperialista da Angela Merkel.<br \/>\n<span id=\"yui_3_16_0_1_1435754089128_108978\">Pela primeira vez na\u00a0hist\u00f3ria\u00a0da Uni\u00e3o Europeia um partido no governo\u00a0 rejeita as medidas de austeridade. Nas palavras do discurso pronunciado por Alexis Tsipras ao povo\u00a0grego em 27 de junho: \u201cDepois de cinco meses de duras negocia\u00e7\u00f5es, nossos parceiros, infelizmente, emitiram no Eurogrupo anteontem um ultimato \u00e0 democracia grega e ao povo grego. Eles pediram ao governo grego que aceitasse uma proposta que acumula uma nova carga insustent\u00e1vel em cima do povo grego e prejudica a recupera\u00e7\u00e3o da economia e sociedade gregas, uma proposta que n\u00e3o s\u00f3 perpetua o estado de incerteza, mas acentua ainda mais as desigualdades sociais\u201d.<\/span><br \/>\n<span id=\"yui_3_16_0_1_1435754089128_108996\">Poucas horas depois uma declara\u00e7\u00e3o taxativa da dire\u00e7\u00e3o, o Syriza fazia o apelo ao povo grego a votar N\u00c3O no pr\u00f3ximo referendo convocado para\u00a0o dia 5 de julho.<\/span><br \/>\n<span id=\"yui_3_16_0_1_1435754089128_108998\">A chantagem da Troika contra a Gr\u00e9cia era esperada.\u00a0De nenhuma maneira podia se fazer as concess\u00f5es\u00a0que pedia o governo grego. N\u00e3o pode do ponto de vista econ\u00f4mico,\u00a0mas\u00a0tampouco pol\u00edtico. Significaria abrir a porta para que novos Syrizas sigam aparecendo na Europa, como j\u00e1 sucedeu na Espanha, com o Podemos. Significaria tamb\u00e9m\u00a0estimular que mais europeus tenham disposi\u00e7\u00e3o para rejeitar a pol\u00edtica de austeridade, implementada em toda zona do Euro,\u00a0tornando mais forte as rea\u00e7\u00f5es que j\u00e1 foram sentidas na Irlanda, Portugal e em outros pa\u00edses.\u00a0\u00a0N\u00e3o temos nenhuma d\u00favida que agora as mobiliza\u00e7\u00f5es de apoio se espalhar\u00e3o por toda Europa, como j\u00e1 come\u00e7ou a acontecer. \u00a0<\/span><br \/>\nO PSOL tem sido, desde o primeiro momento, solid\u00e1rio com o Syriza e o povo grego.\u00a0Nos momentos em que o governo Dilma\/Levy se curva ante os banqueiros americanos e o governo imperialista dos EUA, e\u00a0o conservadorismo parlamentar avan\u00e7a,\u00a0Gr\u00e9cia \u00e9 nosso exemplo.<br \/>\nAgora sua solidariedade ser\u00e1 mais forte que nunca. Chamamos a todos nossos militantes a organizarem manifesta\u00e7\u00f5es de apoio na embaixada e nos consulados gregos. Conclamamos tamb\u00e9m os nossos representantes parlamentares e vereadores a fazerem pronunciamentos a favor de Syriza e do governo grego.<br \/>\nToda solidariedade militante ao povo grego e ao seu altivo governo!<br \/>\n<strong>Executiva Nacional do PSOL<\/strong><br \/>\n<strong> Partido Socialismo e Liberdade<\/strong><\/p>\n","protected":false},"excerpt":{"rendered":"<p>Do PSOL Nacional, Leonor Costa A Executiva Nacional do PSOL divulga nesta quarta-feira (01) a nota abaixo, em apoio ao povo grego e \u00e0s pol\u00edticas adotadas pelo governo de Alexis Tsipras, contra as imposi\u00e7\u00f5es da Troika, formada pelo FMI, Comiss\u00e3o Europeia e Banco Central Europeu. A manifesta\u00e7\u00e3o se d\u00e1 no momento em que o primeiro-ministro, [&hellip;]<\/p>\n","protected":false},"author":2,"featured_media":10162,"comment_status":"open","ping_status":"open","sticky":false,"template":"","format":"standard","meta":{"_acf_changed":false,"footnotes":""},"categories":[4764,836],"tags":[790,3993,1216,22,4765],"class_list":{"0":"post-3323","1":"post","2":"type-post","3":"status-publish","4":"format-standard","5":"has-post-thumbnail","7":"category-grecia","8":"category-internacional","9":"tag-esquerda","10":"tag-grecia","11":"tag-internacional","12":"tag-psol","13":"tag-syriza"},"acf":[],"yoast_head":"<!-- This site is optimized with the Yoast SEO plugin v26.5 - https:\/\/yoast.com\/wordpress\/plugins\/seo\/ -->\n<title>Executiva do PSOL emite nota em apoio ao povo grego - PSOL 50<\/title>\n<meta name=\"robots\" content=\"index, follow, max-snippet:-1, max-image-preview:large, max-video-preview:-1\" \/>\n<link rel=\"canonical\" href=\"https:\/\/psol50.org.br\/executiva-do-psol-emite-nota-em-apoio-ao-povo-grego\/\" \/>\n<meta property=\"og:locale\" content=\"pt_BR\" \/>\n<meta property=\"og:type\" content=\"article\" \/>\n<meta property=\"og:title\" content=\"Executiva do PSOL emite nota em apoio ao povo grego - PSOL 50\" \/>\n<meta property=\"og:description\" content=\"Do PSOL Nacional, Leonor Costa A Executiva Nacional do PSOL divulga nesta quarta-feira (01) a nota abaixo, em apoio ao povo grego e \u00e0s pol\u00edticas adotadas pelo governo de Alexis Tsipras, contra as imposi\u00e7\u00f5es da Troika, formada pelo FMI, Comiss\u00e3o Europeia e Banco Central Europeu. A manifesta\u00e7\u00e3o se d\u00e1 no momento em que o primeiro-ministro, [&hellip;]\" \/>\n<meta property=\"og:url\" content=\"https:\/\/psol50.org.br\/executiva-do-psol-emite-nota-em-apoio-ao-povo-grego\/\" \/>\n<meta property=\"og:site_name\" content=\"PSOL 50\" \/>\n<meta property=\"article:publisher\" content=\"https:\/\/www.facebook.com\/psol50\" \/>\n<meta property=\"article:published_time\" content=\"2015-07-01T16:13:58+00:00\" \/>\n<meta property=\"og:image\" content=\"https:\/\/psol50.org.br\/inc\/uploads\/2015\/07\/Grecia_PSOL.jpg\" \/>\n\t<meta property=\"og:image:width\" content=\"619\" \/>\n\t<meta property=\"og:image:height\" content=\"412\" \/>\n\t<meta property=\"og:image:type\" content=\"image\/jpeg\" \/>\n<meta name=\"author\" content=\"Comunica\u00e7\u00e3o PSOL\" \/>\n<meta name=\"twitter:card\" content=\"summary_large_image\" \/>\n<meta name=\"twitter:creator\" content=\"@psol50\" \/>\n<meta name=\"twitter:site\" content=\"@psol50\" \/>\n<meta name=\"twitter:label1\" content=\"Escrito por\" \/>\n\t<meta name=\"twitter:data1\" content=\"Comunica\u00e7\u00e3o PSOL\" \/>\n\t<meta name=\"twitter:label2\" content=\"Est. tempo de leitura\" \/>\n\t<meta name=\"twitter:data2\" content=\"5 minutos\" \/>\n<script type=\"application\/ld+json\" class=\"yoast-schema-graph\">{\"@context\":\"https:\/\/schema.org\",\"@graph\":[{\"@type\":\"Article\",\"@id\":\"https:\/\/psol50.org.br\/executiva-do-psol-emite-nota-em-apoio-ao-povo-grego\/#article\",\"isPartOf\":{\"@id\":\"https:\/\/psol50.org.br\/executiva-do-psol-emite-nota-em-apoio-ao-povo-grego\/\"},\"author\":{\"name\":\"Comunica\u00e7\u00e3o PSOL\",\"@id\":\"https:\/\/psol50.org.br\/#\/schema\/person\/475dfa57d0b815993c714c2e96491fcd\"},\"headline\":\"Executiva do PSOL emite nota em apoio ao povo grego\",\"datePublished\":\"2015-07-01T16:13:58+00:00\",\"mainEntityOfPage\":{\"@id\":\"https:\/\/psol50.org.br\/executiva-do-psol-emite-nota-em-apoio-ao-povo-grego\/\"},\"wordCount\":935,\"commentCount\":0,\"publisher\":{\"@id\":\"https:\/\/psol50.org.br\/#organization\"},\"image\":{\"@id\":\"https:\/\/psol50.org.br\/executiva-do-psol-emite-nota-em-apoio-ao-povo-grego\/#primaryimage\"},\"thumbnailUrl\":\"https:\/\/psol50.org.br\/inc\/uploads\/2015\/07\/Grecia_PSOL.jpg\",\"keywords\":[\"esquerda\",\"Gr\u00e9cia\",\"Internacional\",\"PSOL\",\"Syriza\"],\"articleSection\":[\"Gr\u00e9cia\",\"Internacional\"],\"inLanguage\":\"pt-BR\",\"potentialAction\":[{\"@type\":\"CommentAction\",\"name\":\"Comment\",\"target\":[\"https:\/\/psol50.org.br\/executiva-do-psol-emite-nota-em-apoio-ao-povo-grego\/#respond\"]}]},{\"@type\":\"WebPage\",\"@id\":\"https:\/\/psol50.org.br\/executiva-do-psol-emite-nota-em-apoio-ao-povo-grego\/\",\"url\":\"https:\/\/psol50.org.br\/executiva-do-psol-emite-nota-em-apoio-ao-povo-grego\/\",\"name\":\"Executiva do PSOL emite nota em apoio ao povo grego - PSOL 50\",\"isPartOf\":{\"@id\":\"https:\/\/psol50.org.br\/#website\"},\"primaryImageOfPage\":{\"@id\":\"https:\/\/psol50.org.br\/executiva-do-psol-emite-nota-em-apoio-ao-povo-grego\/#primaryimage\"},\"image\":{\"@id\":\"https:\/\/psol50.org.br\/executiva-do-psol-emite-nota-em-apoio-ao-povo-grego\/#primaryimage\"},\"thumbnailUrl\":\"https:\/\/psol50.org.br\/inc\/uploads\/2015\/07\/Grecia_PSOL.jpg\",\"datePublished\":\"2015-07-01T16:13:58+00:00\",\"breadcrumb\":{\"@id\":\"https:\/\/psol50.org.br\/executiva-do-psol-emite-nota-em-apoio-ao-povo-grego\/#breadcrumb\"},\"inLanguage\":\"pt-BR\",\"potentialAction\":[{\"@type\":\"ReadAction\",\"target\":[\"https:\/\/psol50.org.br\/executiva-do-psol-emite-nota-em-apoio-ao-povo-grego\/\"]}]},{\"@type\":\"ImageObject\",\"inLanguage\":\"pt-BR\",\"@id\":\"https:\/\/psol50.org.br\/executiva-do-psol-emite-nota-em-apoio-ao-povo-grego\/#primaryimage\",\"url\":\"https:\/\/psol50.org.br\/inc\/uploads\/2015\/07\/Grecia_PSOL.jpg\",\"contentUrl\":\"https:\/\/psol50.org.br\/inc\/uploads\/2015\/07\/Grecia_PSOL.jpg\",\"width\":619,\"height\":412},{\"@type\":\"BreadcrumbList\",\"@id\":\"https:\/\/psol50.org.br\/executiva-do-psol-emite-nota-em-apoio-ao-povo-grego\/#breadcrumb\",\"itemListElement\":[{\"@type\":\"ListItem\",\"position\":1,\"name\":\"In\u00edcio\",\"item\":\"https:\/\/psol50.org.br\/\"},{\"@type\":\"ListItem\",\"position\":2,\"name\":\"Executiva do PSOL emite nota em apoio ao povo grego\"}]},{\"@type\":\"WebSite\",\"@id\":\"https:\/\/psol50.org.br\/#website\",\"url\":\"https:\/\/psol50.org.br\/\",\"name\":\"PSOL 50\",\"description\":\"Site oficial do Partido Socialismo e Liberdade\",\"publisher\":{\"@id\":\"https:\/\/psol50.org.br\/#organization\"},\"alternateName\":\"PSOL50\",\"potentialAction\":[{\"@type\":\"SearchAction\",\"target\":{\"@type\":\"EntryPoint\",\"urlTemplate\":\"https:\/\/psol50.org.br\/?s={search_term_string}\"},\"query-input\":{\"@type\":\"PropertyValueSpecification\",\"valueRequired\":true,\"valueName\":\"search_term_string\"}}],\"inLanguage\":\"pt-BR\"},{\"@type\":\"Organization\",\"@id\":\"https:\/\/psol50.org.br\/#organization\",\"name\":\"PSOL 50\",\"alternateName\":\"PSOL 50\",\"url\":\"https:\/\/psol50.org.br\/\",\"logo\":{\"@type\":\"ImageObject\",\"inLanguage\":\"pt-BR\",\"@id\":\"https:\/\/psol50.org.br\/#\/schema\/logo\/image\/\",\"url\":\"https:\/\/psol50.org.br\/inc\/uploads\/2018\/07\/capa.png\",\"contentUrl\":\"https:\/\/psol50.org.br\/inc\/uploads\/2018\/07\/capa.png\",\"width\":1350,\"height\":900,\"caption\":\"PSOL 50\"},\"image\":{\"@id\":\"https:\/\/psol50.org.br\/#\/schema\/logo\/image\/\"},\"sameAs\":[\"https:\/\/www.facebook.com\/psol50\",\"https:\/\/x.com\/psol50\",\"https:\/\/www.instagram.com\/psol50\/\",\"https:\/\/www.youtube.com\/channel\/UC7SnJS5o1os7a6CaiNabzcg\"]},{\"@type\":\"Person\",\"@id\":\"https:\/\/psol50.org.br\/#\/schema\/person\/475dfa57d0b815993c714c2e96491fcd\",\"name\":\"Comunica\u00e7\u00e3o PSOL\",\"image\":{\"@type\":\"ImageObject\",\"inLanguage\":\"pt-BR\",\"@id\":\"https:\/\/psol50.org.br\/#\/schema\/person\/image\/\",\"url\":\"https:\/\/secure.gravatar.com\/avatar\/b34fc4f4e468a4e51785917065a3db57b841f5c95dba6ad8c73aaf8f66f8f9bf?s=96&d=mm&r=g\",\"contentUrl\":\"https:\/\/secure.gravatar.com\/avatar\/b34fc4f4e468a4e51785917065a3db57b841f5c95dba6ad8c73aaf8f66f8f9bf?s=96&d=mm&r=g\",\"caption\":\"Comunica\u00e7\u00e3o PSOL\"}}]}<\/script>\n<!-- \/ Yoast SEO plugin. -->","yoast_head_json":{"title":"Executiva do PSOL emite nota em apoio ao povo grego - PSOL 50","robots":{"index":"index","follow":"follow","max-snippet":"max-snippet:-1","max-image-preview":"max-image-preview:large","max-video-preview":"max-video-preview:-1"},"canonical":"https:\/\/psol50.org.br\/executiva-do-psol-emite-nota-em-apoio-ao-povo-grego\/","og_locale":"pt_BR","og_type":"article","og_title":"Executiva do PSOL emite nota em apoio ao povo grego - PSOL 50","og_description":"Do PSOL Nacional, Leonor Costa A Executiva Nacional do PSOL divulga nesta quarta-feira (01) a nota abaixo, em apoio ao povo grego e \u00e0s pol\u00edticas adotadas pelo governo de Alexis Tsipras, contra as imposi\u00e7\u00f5es da Troika, formada pelo FMI, Comiss\u00e3o Europeia e Banco Central Europeu. A manifesta\u00e7\u00e3o se d\u00e1 no momento em que o primeiro-ministro, [&hellip;]","og_url":"https:\/\/psol50.org.br\/executiva-do-psol-emite-nota-em-apoio-ao-povo-grego\/","og_site_name":"PSOL 50","article_publisher":"https:\/\/www.facebook.com\/psol50","article_published_time":"2015-07-01T16:13:58+00:00","og_image":[{"width":619,"height":412,"url":"https:\/\/psol50.org.br\/inc\/uploads\/2015\/07\/Grecia_PSOL.jpg","type":"image\/jpeg"}],"author":"Comunica\u00e7\u00e3o PSOL","twitter_card":"summary_large_image","twitter_creator":"@psol50","twitter_site":"@psol50","twitter_misc":{"Escrito por":"Comunica\u00e7\u00e3o PSOL","Est. tempo de leitura":"5 minutos"},"schema":{"@context":"https:\/\/schema.org","@graph":[{"@type":"Article","@id":"https:\/\/psol50.org.br\/executiva-do-psol-emite-nota-em-apoio-ao-povo-grego\/#article","isPartOf":{"@id":"https:\/\/psol50.org.br\/executiva-do-psol-emite-nota-em-apoio-ao-povo-grego\/"},"author":{"name":"Comunica\u00e7\u00e3o PSOL","@id":"https:\/\/psol50.org.br\/#\/schema\/person\/475dfa57d0b815993c714c2e96491fcd"},"headline":"Executiva do PSOL emite nota em apoio ao povo grego","datePublished":"2015-07-01T16:13:58+00:00","mainEntityOfPage":{"@id":"https:\/\/psol50.org.br\/executiva-do-psol-emite-nota-em-apoio-ao-povo-grego\/"},"wordCount":935,"commentCount":0,"publisher":{"@id":"https:\/\/psol50.org.br\/#organization"},"image":{"@id":"https:\/\/psol50.org.br\/executiva-do-psol-emite-nota-em-apoio-ao-povo-grego\/#primaryimage"},"thumbnailUrl":"https:\/\/psol50.org.br\/inc\/uploads\/2015\/07\/Grecia_PSOL.jpg","keywords":["esquerda","Gr\u00e9cia","Internacional","PSOL","Syriza"],"articleSection":["Gr\u00e9cia","Internacional"],"inLanguage":"pt-BR","potentialAction":[{"@type":"CommentAction","name":"Comment","target":["https:\/\/psol50.org.br\/executiva-do-psol-emite-nota-em-apoio-ao-povo-grego\/#respond"]}]},{"@type":"WebPage","@id":"https:\/\/psol50.org.br\/executiva-do-psol-emite-nota-em-apoio-ao-povo-grego\/","url":"https:\/\/psol50.org.br\/executiva-do-psol-emite-nota-em-apoio-ao-povo-grego\/","name":"Executiva do PSOL emite nota em apoio ao povo grego - PSOL 50","isPartOf":{"@id":"https:\/\/psol50.org.br\/#website"},"primaryImageOfPage":{"@id":"https:\/\/psol50.org.br\/executiva-do-psol-emite-nota-em-apoio-ao-povo-grego\/#primaryimage"},"image":{"@id":"https:\/\/psol50.org.br\/executiva-do-psol-emite-nota-em-apoio-ao-povo-grego\/#primaryimage"},"thumbnailUrl":"https:\/\/psol50.org.br\/inc\/uploads\/2015\/07\/Grecia_PSOL.jpg","datePublished":"2015-07-01T16:13:58+00:00","breadcrumb":{"@id":"https:\/\/psol50.org.br\/executiva-do-psol-emite-nota-em-apoio-ao-povo-grego\/#breadcrumb"},"inLanguage":"pt-BR","potentialAction":[{"@type":"ReadAction","target":["https:\/\/psol50.org.br\/executiva-do-psol-emite-nota-em-apoio-ao-povo-grego\/"]}]},{"@type":"ImageObject","inLanguage":"pt-BR","@id":"https:\/\/psol50.org.br\/executiva-do-psol-emite-nota-em-apoio-ao-povo-grego\/#primaryimage","url":"https:\/\/psol50.org.br\/inc\/uploads\/2015\/07\/Grecia_PSOL.jpg","contentUrl":"https:\/\/psol50.org.br\/inc\/uploads\/2015\/07\/Grecia_PSOL.jpg","width":619,"height":412},{"@type":"BreadcrumbList","@id":"https:\/\/psol50.org.br\/executiva-do-psol-emite-nota-em-apoio-ao-povo-grego\/#breadcrumb","itemListElement":[{"@type":"ListItem","position":1,"name":"In\u00edcio","item":"https:\/\/psol50.org.br\/"},{"@type":"ListItem","position":2,"name":"Executiva do PSOL emite nota em apoio ao povo grego"}]},{"@type":"WebSite","@id":"https:\/\/psol50.org.br\/#website","url":"https:\/\/psol50.org.br\/","name":"PSOL 50","description":"Site oficial do Partido Socialismo e Liberdade","publisher":{"@id":"https:\/\/psol50.org.br\/#organization"},"alternateName":"PSOL50","potentialAction":[{"@type":"SearchAction","target":{"@type":"EntryPoint","urlTemplate":"https:\/\/psol50.org.br\/?s={search_term_string}"},"query-input":{"@type":"PropertyValueSpecification","valueRequired":true,"valueName":"search_term_string"}}],"inLanguage":"pt-BR"},{"@type":"Organization","@id":"https:\/\/psol50.org.br\/#organization","name":"PSOL 50","alternateName":"PSOL 50","url":"https:\/\/psol50.org.br\/","logo":{"@type":"ImageObject","inLanguage":"pt-BR","@id":"https:\/\/psol50.org.br\/#\/schema\/logo\/image\/","url":"https:\/\/psol50.org.br\/inc\/uploads\/2018\/07\/capa.png","contentUrl":"https:\/\/psol50.org.br\/inc\/uploads\/2018\/07\/capa.png","width":1350,"height":900,"caption":"PSOL 50"},"image":{"@id":"https:\/\/psol50.org.br\/#\/schema\/logo\/image\/"},"sameAs":["https:\/\/www.facebook.com\/psol50","https:\/\/x.com\/psol50","https:\/\/www.instagram.com\/psol50\/","https:\/\/www.youtube.com\/channel\/UC7SnJS5o1os7a6CaiNabzcg"]},{"@type":"Person","@id":"https:\/\/psol50.org.br\/#\/schema\/person\/475dfa57d0b815993c714c2e96491fcd","name":"Comunica\u00e7\u00e3o PSOL","image":{"@type":"ImageObject","inLanguage":"pt-BR","@id":"https:\/\/psol50.org.br\/#\/schema\/person\/image\/","url":"https:\/\/secure.gravatar.com\/avatar\/b34fc4f4e468a4e51785917065a3db57b841f5c95dba6ad8c73aaf8f66f8f9bf?s=96&d=mm&r=g","contentUrl":"https:\/\/secure.gravatar.com\/avatar\/b34fc4f4e468a4e51785917065a3db57b841f5c95dba6ad8c73aaf8f66f8f9bf?s=96&d=mm&r=g","caption":"Comunica\u00e7\u00e3o PSOL"}}]}},"_links":{"self":[{"href":"https:\/\/psol50.org.br\/rest\/wp\/v2\/posts\/3323","targetHints":{"allow":["GET"]}}],"collection":[{"href":"https:\/\/psol50.org.br\/rest\/wp\/v2\/posts"}],"about":[{"href":"https:\/\/psol50.org.br\/rest\/wp\/v2\/types\/post"}],"author":[{"embeddable":true,"href":"https:\/\/psol50.org.br\/rest\/wp\/v2\/users\/2"}],"replies":[{"embeddable":true,"href":"https:\/\/psol50.org.br\/rest\/wp\/v2\/comments?post=3323"}],"version-history":[{"count":0,"href":"https:\/\/psol50.org.br\/rest\/wp\/v2\/posts\/3323\/revisions"}],"wp:featuredmedia":[{"embeddable":true,"href":"https:\/\/psol50.org.br\/rest\/wp\/v2\/media\/10162"}],"wp:attachment":[{"href":"https:\/\/psol50.org.br\/rest\/wp\/v2\/media?parent=3323"}],"wp:term":[{"taxonomy":"category","embeddable":true,"href":"https:\/\/psol50.org.br\/rest\/wp\/v2\/categories?post=3323"},{"taxonomy":"post_tag","embeddable":true,"href":"https:\/\/psol50.org.br\/rest\/wp\/v2\/tags?post=3323"}],"curies":[{"name":"wp","href":"https:\/\/api.w.org\/{rel}","templated":true}]}}