{"id":3326,"date":"2015-07-06T00:00:00","date_gmt":"2015-07-06T00:00:00","guid":{"rendered":"http:\/\/psol50.org.br\/arquivo\/2015\/07\/06\/em-referendo-historico-gregos-dizem-nao-as-medidas-de-ajuste-internacionais\/"},"modified":"2015-07-06T00:00:00","modified_gmt":"2015-07-06T00:00:00","slug":"em-referendo-historico-gregos-dizem-nao-as-medidas-de-ajuste-internacionais","status":"publish","type":"post","link":"https:\/\/psol50.org.br\/em-referendo-historico-gregos-dizem-nao-as-medidas-de-ajuste-internacionais\/","title":{"rendered":"Em referendo hist\u00f3rico, gregos dizem n\u00e3o \u00e0s medidas de ajuste internacionais"},"content":{"rendered":"<p>Neste domingo que passou (05), 61,3% dos gregos rejeitaram que o governo de seu pa\u00eds aceite o pacote de medidas de ajustes e cortes proposto pela chamada Troika (Comiss\u00e3o Europeia, Banco Central Europeu e Fundo Monet\u00e1rio Internacional) em troca de ajuda financeira para enfrentar a forte crise econ\u00f4mica do pa\u00eds. A Gr\u00e9cia j\u00e1 deixou de pagar uma parcela de 1,5 bilh\u00f5es de euros ao FMI na semana passada.<br \/>\nPouco antes do an\u00fancio do resultado final do referendo na Gr\u00e9cia centenas de milhares de pessoas come\u00e7aram a se dirigir para a Pra\u00e7a Syntagma, em Atenas, onde se localiza o Parlamento Grego, para comemorar o resultado, considerado uma grande demonstra\u00e7\u00e3o de for\u00e7a do povo grego contra o poder econ\u00f4mico da Uni\u00e3o Europeia (EU) e contra a campanha de medo que vinha sendo feita pelos credores. Os gregos, com a vota\u00e7\u00e3o, repetiram o feito dos islandeses que, em 2011, disseram, em um referendo, que n\u00e3o iriam pagar seus credores sob condi\u00e7\u00f5es semelhantes.<br \/>\nAinda n\u00e3o se sabe qual ser\u00e1 a rea\u00e7\u00e3o das principais lideran\u00e7as da Troika ao resultado do referendo, ainda que muitos deles, incluindo a chanceler alem\u00e3 Angela Merkel, tenham manifestado desgosto pela convoca\u00e7\u00e3o da vota\u00e7\u00e3o. Novas conversas sobre a sa\u00edda para crise grega devem ser realizada durante essa semana, em Bruxelas, B\u00e9lgica, sede da Comiss\u00e3o Europeia.<br \/>\nO primeiro-ministro grego, Alexis Tsipras, disse que o referendo de ontem mostrou que a democracia n\u00e3o pode ser chantageada e negou que a prov\u00e1vel vit\u00f3ria do \u201cn\u00e3o\u201d signifique uma ruptura com a Europa.<\/p>\n<blockquote><p>\u201cQuero agradecer a todos, independentemente de como votaram. Os gregos fizeram uma escolha corajosa que vai mudar o debate na Europa\u201d, disse Alexis Tsipras em um discurso transmitido pela televis\u00e3o.<\/p><\/blockquote>\n<p><strong>PSOL apoia o povo grego<\/strong><br \/>\nO PSOL reafirma seu apoio ao povo grego e \u00e0s pol\u00edticas adotadas pelo governo de Alexis Tsipras, contra as imposi\u00e7\u00f5es da Troika, formada pelo FMI, Comiss\u00e3o Europeia e Banco Central Europeu. Na semana passada, em nota assinada pela Executiva Nacional, o partido considerou acertada a atitude do governo em convocar o referendo para consultar a popula\u00e7\u00e3o do pa\u00eds.<br \/>\n\u201cA chantagem da Troika contra a Gr\u00e9cia era esperada.\u00a0De nenhuma maneira podia se fazer as concess\u00f5es\u00a0que pedia o governo grego. N\u00e3o pode do ponto de vista econ\u00f4mico,\u00a0mas\u00a0tampouco pol\u00edtico. Significaria abrir a porta para que novos Syrizas sigam aparecendo na Europa, como j\u00e1 sucedeu na Espanha, com o Podemos. Significaria tamb\u00e9m\u00a0estimular que mais europeus tenham disposi\u00e7\u00e3o para rejeitar a pol\u00edtica de austeridade, implementada em toda zona do Euro,\u00a0tornando mais forte as rea\u00e7\u00f5es que j\u00e1 foram sentidas na Irlanda, Portugal e em outros pa\u00edses.\u00a0O PSOL tem sido, desde o primeiro momento, solid\u00e1rio com o Syriza e o povo grego.\u00a0Nos momentos em que o governo Dilma\/Levy se curva ante os banqueiros americanos e o governo imperialista dos EUA, e\u00a0o conservadorismo parlamentar avan\u00e7a,\u00a0Gr\u00e9cia \u00e9 nosso exemplo\u201d, reafirmou a dire\u00e7\u00e3o do PSOL.<br \/>\nLeia <a href=\"http:\/\/www.psol50.org.br\/site\/noticias\/3323\/executiva-do-psol-emite-nota-em-apoio-ao-povo-grego\">aqui<\/a> a nota completa.<\/p>\n","protected":false},"excerpt":{"rendered":"<p>Referendo da Gr\u00e9cia mostra que democracia n\u00e3o pode ser chantageada, diz Alexis Tsipras<\/p>\n","protected":false},"author":2,"featured_media":10160,"comment_status":"open","ping_status":"open","sticky":false,"template":"","format":"standard","meta":{"_acf_changed":false,"footnotes":""},"categories":[4764,836],"tags":[790,3993,1216,4765],"class_list":{"0":"post-3326","1":"post","2":"type-post","3":"status-publish","4":"format-standard","5":"has-post-thumbnail","7":"category-grecia","8":"category-internacional","9":"tag-esquerda","10":"tag-grecia","11":"tag-internacional","12":"tag-syriza"},"acf":[],"yoast_head":"<!-- This site is optimized with the Yoast SEO plugin v26.5 - https:\/\/yoast.com\/wordpress\/plugins\/seo\/ -->\n<title>Em referendo hist\u00f3rico, gregos dizem n\u00e3o \u00e0s medidas de ajuste internacionais - PSOL 50<\/title>\n<meta name=\"robots\" content=\"index, follow, max-snippet:-1, max-image-preview:large, max-video-preview:-1\" \/>\n<link rel=\"canonical\" href=\"https:\/\/psol50.org.br\/em-referendo-historico-gregos-dizem-nao-as-medidas-de-ajuste-internacionais\/\" \/>\n<meta property=\"og:locale\" content=\"pt_BR\" \/>\n<meta property=\"og:type\" content=\"article\" \/>\n<meta property=\"og:title\" content=\"Em referendo hist\u00f3rico, gregos dizem n\u00e3o \u00e0s medidas de ajuste internacionais - PSOL 50\" \/>\n<meta property=\"og:description\" content=\"Referendo da Gr\u00e9cia mostra que democracia n\u00e3o pode ser chantageada, diz Alexis Tsipras\" \/>\n<meta property=\"og:url\" content=\"https:\/\/psol50.org.br\/em-referendo-historico-gregos-dizem-nao-as-medidas-de-ajuste-internacionais\/\" \/>\n<meta property=\"og:site_name\" content=\"PSOL 50\" \/>\n<meta property=\"article:publisher\" content=\"https:\/\/www.facebook.com\/psol50\" \/>\n<meta property=\"article:published_time\" content=\"2015-07-06T00:00:00+00:00\" \/>\n<meta property=\"og:image\" content=\"https:\/\/psol50.org.br\/inc\/uploads\/2015\/07\/Grecia_referendo.jpg\" \/>\n\t<meta property=\"og:image:width\" content=\"1100\" \/>\n\t<meta property=\"og:image:height\" content=\"825\" \/>\n\t<meta property=\"og:image:type\" content=\"image\/jpeg\" \/>\n<meta name=\"author\" content=\"Comunica\u00e7\u00e3o PSOL\" \/>\n<meta name=\"twitter:card\" content=\"summary_large_image\" \/>\n<meta name=\"twitter:creator\" content=\"@psol50\" \/>\n<meta name=\"twitter:site\" content=\"@psol50\" \/>\n<meta name=\"twitter:label1\" content=\"Escrito por\" \/>\n\t<meta name=\"twitter:data1\" content=\"Comunica\u00e7\u00e3o PSOL\" \/>\n\t<meta name=\"twitter:label2\" content=\"Est. tempo de leitura\" \/>\n\t<meta name=\"twitter:data2\" content=\"3 minutos\" \/>\n<script type=\"application\/ld+json\" class=\"yoast-schema-graph\">{\"@context\":\"https:\/\/schema.org\",\"@graph\":[{\"@type\":\"Article\",\"@id\":\"https:\/\/psol50.org.br\/em-referendo-historico-gregos-dizem-nao-as-medidas-de-ajuste-internacionais\/#article\",\"isPartOf\":{\"@id\":\"https:\/\/psol50.org.br\/em-referendo-historico-gregos-dizem-nao-as-medidas-de-ajuste-internacionais\/\"},\"author\":{\"name\":\"Comunica\u00e7\u00e3o PSOL\",\"@id\":\"https:\/\/psol50.org.br\/#\/schema\/person\/475dfa57d0b815993c714c2e96491fcd\"},\"headline\":\"Em referendo hist\u00f3rico, gregos dizem n\u00e3o \u00e0s medidas de ajuste internacionais\",\"datePublished\":\"2015-07-06T00:00:00+00:00\",\"mainEntityOfPage\":{\"@id\":\"https:\/\/psol50.org.br\/em-referendo-historico-gregos-dizem-nao-as-medidas-de-ajuste-internacionais\/\"},\"wordCount\":541,\"commentCount\":0,\"publisher\":{\"@id\":\"https:\/\/psol50.org.br\/#organization\"},\"image\":{\"@id\":\"https:\/\/psol50.org.br\/em-referendo-historico-gregos-dizem-nao-as-medidas-de-ajuste-internacionais\/#primaryimage\"},\"thumbnailUrl\":\"https:\/\/psol50.org.br\/inc\/uploads\/2015\/07\/Grecia_referendo.jpg\",\"keywords\":[\"esquerda\",\"Gr\u00e9cia\",\"Internacional\",\"Syriza\"],\"articleSection\":[\"Gr\u00e9cia\",\"Internacional\"],\"inLanguage\":\"pt-BR\",\"potentialAction\":[{\"@type\":\"CommentAction\",\"name\":\"Comment\",\"target\":[\"https:\/\/psol50.org.br\/em-referendo-historico-gregos-dizem-nao-as-medidas-de-ajuste-internacionais\/#respond\"]}]},{\"@type\":\"WebPage\",\"@id\":\"https:\/\/psol50.org.br\/em-referendo-historico-gregos-dizem-nao-as-medidas-de-ajuste-internacionais\/\",\"url\":\"https:\/\/psol50.org.br\/em-referendo-historico-gregos-dizem-nao-as-medidas-de-ajuste-internacionais\/\",\"name\":\"Em referendo hist\u00f3rico, gregos dizem n\u00e3o \u00e0s medidas de ajuste internacionais - PSOL 50\",\"isPartOf\":{\"@id\":\"https:\/\/psol50.org.br\/#website\"},\"primaryImageOfPage\":{\"@id\":\"https:\/\/psol50.org.br\/em-referendo-historico-gregos-dizem-nao-as-medidas-de-ajuste-internacionais\/#primaryimage\"},\"image\":{\"@id\":\"https:\/\/psol50.org.br\/em-referendo-historico-gregos-dizem-nao-as-medidas-de-ajuste-internacionais\/#primaryimage\"},\"thumbnailUrl\":\"https:\/\/psol50.org.br\/inc\/uploads\/2015\/07\/Grecia_referendo.jpg\",\"datePublished\":\"2015-07-06T00:00:00+00:00\",\"breadcrumb\":{\"@id\":\"https:\/\/psol50.org.br\/em-referendo-historico-gregos-dizem-nao-as-medidas-de-ajuste-internacionais\/#breadcrumb\"},\"inLanguage\":\"pt-BR\",\"potentialAction\":[{\"@type\":\"ReadAction\",\"target\":[\"https:\/\/psol50.org.br\/em-referendo-historico-gregos-dizem-nao-as-medidas-de-ajuste-internacionais\/\"]}]},{\"@type\":\"ImageObject\",\"inLanguage\":\"pt-BR\",\"@id\":\"https:\/\/psol50.org.br\/em-referendo-historico-gregos-dizem-nao-as-medidas-de-ajuste-internacionais\/#primaryimage\",\"url\":\"https:\/\/psol50.org.br\/inc\/uploads\/2015\/07\/Grecia_referendo.jpg\",\"contentUrl\":\"https:\/\/psol50.org.br\/inc\/uploads\/2015\/07\/Grecia_referendo.jpg\",\"width\":1100,\"height\":825},{\"@type\":\"BreadcrumbList\",\"@id\":\"https:\/\/psol50.org.br\/em-referendo-historico-gregos-dizem-nao-as-medidas-de-ajuste-internacionais\/#breadcrumb\",\"itemListElement\":[{\"@type\":\"ListItem\",\"position\":1,\"name\":\"In\u00edcio\",\"item\":\"https:\/\/psol50.org.br\/\"},{\"@type\":\"ListItem\",\"position\":2,\"name\":\"Em referendo hist\u00f3rico, gregos dizem n\u00e3o \u00e0s medidas de ajuste internacionais\"}]},{\"@type\":\"WebSite\",\"@id\":\"https:\/\/psol50.org.br\/#website\",\"url\":\"https:\/\/psol50.org.br\/\",\"name\":\"PSOL 50\",\"description\":\"Site oficial do Partido Socialismo e Liberdade\",\"publisher\":{\"@id\":\"https:\/\/psol50.org.br\/#organization\"},\"alternateName\":\"PSOL50\",\"potentialAction\":[{\"@type\":\"SearchAction\",\"target\":{\"@type\":\"EntryPoint\",\"urlTemplate\":\"https:\/\/psol50.org.br\/?s={search_term_string}\"},\"query-input\":{\"@type\":\"PropertyValueSpecification\",\"valueRequired\":true,\"valueName\":\"search_term_string\"}}],\"inLanguage\":\"pt-BR\"},{\"@type\":\"Organization\",\"@id\":\"https:\/\/psol50.org.br\/#organization\",\"name\":\"PSOL 50\",\"alternateName\":\"PSOL 50\",\"url\":\"https:\/\/psol50.org.br\/\",\"logo\":{\"@type\":\"ImageObject\",\"inLanguage\":\"pt-BR\",\"@id\":\"https:\/\/psol50.org.br\/#\/schema\/logo\/image\/\",\"url\":\"https:\/\/psol50.org.br\/inc\/uploads\/2018\/07\/capa.png\",\"contentUrl\":\"https:\/\/psol50.org.br\/inc\/uploads\/2018\/07\/capa.png\",\"width\":1350,\"height\":900,\"caption\":\"PSOL 50\"},\"image\":{\"@id\":\"https:\/\/psol50.org.br\/#\/schema\/logo\/image\/\"},\"sameAs\":[\"https:\/\/www.facebook.com\/psol50\",\"https:\/\/x.com\/psol50\",\"https:\/\/www.instagram.com\/psol50\/\",\"https:\/\/www.youtube.com\/channel\/UC7SnJS5o1os7a6CaiNabzcg\"]},{\"@type\":\"Person\",\"@id\":\"https:\/\/psol50.org.br\/#\/schema\/person\/475dfa57d0b815993c714c2e96491fcd\",\"name\":\"Comunica\u00e7\u00e3o PSOL\",\"image\":{\"@type\":\"ImageObject\",\"inLanguage\":\"pt-BR\",\"@id\":\"https:\/\/psol50.org.br\/#\/schema\/person\/image\/\",\"url\":\"https:\/\/secure.gravatar.com\/avatar\/b34fc4f4e468a4e51785917065a3db57b841f5c95dba6ad8c73aaf8f66f8f9bf?s=96&d=mm&r=g\",\"contentUrl\":\"https:\/\/secure.gravatar.com\/avatar\/b34fc4f4e468a4e51785917065a3db57b841f5c95dba6ad8c73aaf8f66f8f9bf?s=96&d=mm&r=g\",\"caption\":\"Comunica\u00e7\u00e3o PSOL\"}}]}<\/script>\n<!-- \/ Yoast SEO plugin. -->","yoast_head_json":{"title":"Em referendo hist\u00f3rico, gregos dizem n\u00e3o \u00e0s medidas de ajuste internacionais - PSOL 50","robots":{"index":"index","follow":"follow","max-snippet":"max-snippet:-1","max-image-preview":"max-image-preview:large","max-video-preview":"max-video-preview:-1"},"canonical":"https:\/\/psol50.org.br\/em-referendo-historico-gregos-dizem-nao-as-medidas-de-ajuste-internacionais\/","og_locale":"pt_BR","og_type":"article","og_title":"Em referendo hist\u00f3rico, gregos dizem n\u00e3o \u00e0s medidas de ajuste internacionais - PSOL 50","og_description":"Referendo da Gr\u00e9cia mostra que democracia n\u00e3o pode ser chantageada, diz Alexis Tsipras","og_url":"https:\/\/psol50.org.br\/em-referendo-historico-gregos-dizem-nao-as-medidas-de-ajuste-internacionais\/","og_site_name":"PSOL 50","article_publisher":"https:\/\/www.facebook.com\/psol50","article_published_time":"2015-07-06T00:00:00+00:00","og_image":[{"width":1100,"height":825,"url":"https:\/\/psol50.org.br\/inc\/uploads\/2015\/07\/Grecia_referendo.jpg","type":"image\/jpeg"}],"author":"Comunica\u00e7\u00e3o PSOL","twitter_card":"summary_large_image","twitter_creator":"@psol50","twitter_site":"@psol50","twitter_misc":{"Escrito por":"Comunica\u00e7\u00e3o PSOL","Est. tempo de leitura":"3 minutos"},"schema":{"@context":"https:\/\/schema.org","@graph":[{"@type":"Article","@id":"https:\/\/psol50.org.br\/em-referendo-historico-gregos-dizem-nao-as-medidas-de-ajuste-internacionais\/#article","isPartOf":{"@id":"https:\/\/psol50.org.br\/em-referendo-historico-gregos-dizem-nao-as-medidas-de-ajuste-internacionais\/"},"author":{"name":"Comunica\u00e7\u00e3o PSOL","@id":"https:\/\/psol50.org.br\/#\/schema\/person\/475dfa57d0b815993c714c2e96491fcd"},"headline":"Em referendo hist\u00f3rico, gregos dizem n\u00e3o \u00e0s medidas de ajuste internacionais","datePublished":"2015-07-06T00:00:00+00:00","mainEntityOfPage":{"@id":"https:\/\/psol50.org.br\/em-referendo-historico-gregos-dizem-nao-as-medidas-de-ajuste-internacionais\/"},"wordCount":541,"commentCount":0,"publisher":{"@id":"https:\/\/psol50.org.br\/#organization"},"image":{"@id":"https:\/\/psol50.org.br\/em-referendo-historico-gregos-dizem-nao-as-medidas-de-ajuste-internacionais\/#primaryimage"},"thumbnailUrl":"https:\/\/psol50.org.br\/inc\/uploads\/2015\/07\/Grecia_referendo.jpg","keywords":["esquerda","Gr\u00e9cia","Internacional","Syriza"],"articleSection":["Gr\u00e9cia","Internacional"],"inLanguage":"pt-BR","potentialAction":[{"@type":"CommentAction","name":"Comment","target":["https:\/\/psol50.org.br\/em-referendo-historico-gregos-dizem-nao-as-medidas-de-ajuste-internacionais\/#respond"]}]},{"@type":"WebPage","@id":"https:\/\/psol50.org.br\/em-referendo-historico-gregos-dizem-nao-as-medidas-de-ajuste-internacionais\/","url":"https:\/\/psol50.org.br\/em-referendo-historico-gregos-dizem-nao-as-medidas-de-ajuste-internacionais\/","name":"Em referendo hist\u00f3rico, gregos dizem n\u00e3o \u00e0s medidas de ajuste internacionais - PSOL 50","isPartOf":{"@id":"https:\/\/psol50.org.br\/#website"},"primaryImageOfPage":{"@id":"https:\/\/psol50.org.br\/em-referendo-historico-gregos-dizem-nao-as-medidas-de-ajuste-internacionais\/#primaryimage"},"image":{"@id":"https:\/\/psol50.org.br\/em-referendo-historico-gregos-dizem-nao-as-medidas-de-ajuste-internacionais\/#primaryimage"},"thumbnailUrl":"https:\/\/psol50.org.br\/inc\/uploads\/2015\/07\/Grecia_referendo.jpg","datePublished":"2015-07-06T00:00:00+00:00","breadcrumb":{"@id":"https:\/\/psol50.org.br\/em-referendo-historico-gregos-dizem-nao-as-medidas-de-ajuste-internacionais\/#breadcrumb"},"inLanguage":"pt-BR","potentialAction":[{"@type":"ReadAction","target":["https:\/\/psol50.org.br\/em-referendo-historico-gregos-dizem-nao-as-medidas-de-ajuste-internacionais\/"]}]},{"@type":"ImageObject","inLanguage":"pt-BR","@id":"https:\/\/psol50.org.br\/em-referendo-historico-gregos-dizem-nao-as-medidas-de-ajuste-internacionais\/#primaryimage","url":"https:\/\/psol50.org.br\/inc\/uploads\/2015\/07\/Grecia_referendo.jpg","contentUrl":"https:\/\/psol50.org.br\/inc\/uploads\/2015\/07\/Grecia_referendo.jpg","width":1100,"height":825},{"@type":"BreadcrumbList","@id":"https:\/\/psol50.org.br\/em-referendo-historico-gregos-dizem-nao-as-medidas-de-ajuste-internacionais\/#breadcrumb","itemListElement":[{"@type":"ListItem","position":1,"name":"In\u00edcio","item":"https:\/\/psol50.org.br\/"},{"@type":"ListItem","position":2,"name":"Em referendo hist\u00f3rico, gregos dizem n\u00e3o \u00e0s medidas de ajuste internacionais"}]},{"@type":"WebSite","@id":"https:\/\/psol50.org.br\/#website","url":"https:\/\/psol50.org.br\/","name":"PSOL 50","description":"Site oficial do Partido Socialismo e Liberdade","publisher":{"@id":"https:\/\/psol50.org.br\/#organization"},"alternateName":"PSOL50","potentialAction":[{"@type":"SearchAction","target":{"@type":"EntryPoint","urlTemplate":"https:\/\/psol50.org.br\/?s={search_term_string}"},"query-input":{"@type":"PropertyValueSpecification","valueRequired":true,"valueName":"search_term_string"}}],"inLanguage":"pt-BR"},{"@type":"Organization","@id":"https:\/\/psol50.org.br\/#organization","name":"PSOL 50","alternateName":"PSOL 50","url":"https:\/\/psol50.org.br\/","logo":{"@type":"ImageObject","inLanguage":"pt-BR","@id":"https:\/\/psol50.org.br\/#\/schema\/logo\/image\/","url":"https:\/\/psol50.org.br\/inc\/uploads\/2018\/07\/capa.png","contentUrl":"https:\/\/psol50.org.br\/inc\/uploads\/2018\/07\/capa.png","width":1350,"height":900,"caption":"PSOL 50"},"image":{"@id":"https:\/\/psol50.org.br\/#\/schema\/logo\/image\/"},"sameAs":["https:\/\/www.facebook.com\/psol50","https:\/\/x.com\/psol50","https:\/\/www.instagram.com\/psol50\/","https:\/\/www.youtube.com\/channel\/UC7SnJS5o1os7a6CaiNabzcg"]},{"@type":"Person","@id":"https:\/\/psol50.org.br\/#\/schema\/person\/475dfa57d0b815993c714c2e96491fcd","name":"Comunica\u00e7\u00e3o PSOL","image":{"@type":"ImageObject","inLanguage":"pt-BR","@id":"https:\/\/psol50.org.br\/#\/schema\/person\/image\/","url":"https:\/\/secure.gravatar.com\/avatar\/b34fc4f4e468a4e51785917065a3db57b841f5c95dba6ad8c73aaf8f66f8f9bf?s=96&d=mm&r=g","contentUrl":"https:\/\/secure.gravatar.com\/avatar\/b34fc4f4e468a4e51785917065a3db57b841f5c95dba6ad8c73aaf8f66f8f9bf?s=96&d=mm&r=g","caption":"Comunica\u00e7\u00e3o PSOL"}}]}},"_links":{"self":[{"href":"https:\/\/psol50.org.br\/rest\/wp\/v2\/posts\/3326","targetHints":{"allow":["GET"]}}],"collection":[{"href":"https:\/\/psol50.org.br\/rest\/wp\/v2\/posts"}],"about":[{"href":"https:\/\/psol50.org.br\/rest\/wp\/v2\/types\/post"}],"author":[{"embeddable":true,"href":"https:\/\/psol50.org.br\/rest\/wp\/v2\/users\/2"}],"replies":[{"embeddable":true,"href":"https:\/\/psol50.org.br\/rest\/wp\/v2\/comments?post=3326"}],"version-history":[{"count":0,"href":"https:\/\/psol50.org.br\/rest\/wp\/v2\/posts\/3326\/revisions"}],"wp:featuredmedia":[{"embeddable":true,"href":"https:\/\/psol50.org.br\/rest\/wp\/v2\/media\/10160"}],"wp:attachment":[{"href":"https:\/\/psol50.org.br\/rest\/wp\/v2\/media?parent=3326"}],"wp:term":[{"taxonomy":"category","embeddable":true,"href":"https:\/\/psol50.org.br\/rest\/wp\/v2\/categories?post=3326"},{"taxonomy":"post_tag","embeddable":true,"href":"https:\/\/psol50.org.br\/rest\/wp\/v2\/tags?post=3326"}],"curies":[{"name":"wp","href":"https:\/\/api.w.org\/{rel}","templated":true}]}}