{"id":3327,"date":"2015-07-06T00:00:00","date_gmt":"2015-07-06T00:00:00","guid":{"rendered":"http:\/\/psol50.org.br\/arquivo\/2015\/07\/06\/edmilson-pede-ao-secretario-de-seguranca-do-para-que-apure-ameaca-de-morte\/"},"modified":"2015-07-06T00:00:00","modified_gmt":"2015-07-06T00:00:00","slug":"edmilson-pede-ao-secretario-de-seguranca-do-para-que-apure-ameaca-de-morte","status":"publish","type":"post","link":"https:\/\/psol50.org.br\/edmilson-pede-ao-secretario-de-seguranca-do-para-que-apure-ameaca-de-morte\/","title":{"rendered":"Edmilson pede ao Secret\u00e1rio de Seguran\u00e7a do Par\u00e1 que apure amea\u00e7a de morte"},"content":{"rendered":"<p style=\"text-align: justify;\">\n\t<span style=\"font-family:arial,helvetica,sans-serif;\">O deputado federal Edmilson Rodrigues (PSOL) teve audi\u00eancia com o secret\u00e1rio estadual de Seguran\u00e7a P\u00fablica e Defesa Social, Jeannot Jansen, na \u00faltima sexta-feira (03), em Bel\u00e9m, para pedir a apura\u00e7\u00e3o e provid\u00eancias acerca da amea\u00e7a de morte dirigidas ao pr\u00f3prio psolista, ao deputado estadual Carlos Bordalo (PT) e ao promotor de justi\u00e7a Armando Brasil. A den\u00fancia d\u00e1 conta de que teria sido definida uma lista de lideran\u00e7as marcadas para morrer por um grupo de mil\u00edcia que age no bairro do Guam\u00e1, na capital paraense. Edmilson tamb\u00e9m pediu celeridade na conclus\u00e3o do inqu\u00e9rito policial que apura a chacina ocorrida h\u00e1 oito meses, na capital paraense.<br \/>\n\t&nbsp;<br \/>\n\tO motivo das amea\u00e7as seria a Comiss\u00e3o Parlamentar de Inqu\u00e9rito (CPI) da Assembleia Legislativa do Par\u00e1, instalada quando Edmilson tinha mandato de deputado estadual. A CPI investigou a a\u00e7\u00e3o de grupos de exterm\u00ednio no Par\u00e1. Edmilson foi o proponente da comiss\u00e3o e Bordalo, o relator. O relat\u00f3rio da CPI apontou 60 nomes de integrantes de mil\u00edcias, dentre eles policiais civis e militares. J\u00e1 o promotor ajuizou a\u00e7\u00e3o contra 15 militares, acusados de homic\u00eddio por omiss\u00e3o, pois estavam de plant\u00e3o na noite da chacina ocorrida h\u00e1 oito meses, mas n\u00e3o atenderam aos chamados de Socorro da popula\u00e7\u00e3o. Na ocasi\u00e3o, dez pessoas foram executadas em bairros da periferia de Bel\u00e9m na sequ\u00eancia do assassinato do cabo Ant\u00f4nio Marcos Figueiredo, da Pol\u00edcia Militar, mais conhecido como \u201cPet\u201d, apontado como l\u00edder de uma mil\u00edcia do Guam\u00e1.<br \/>\n\t&nbsp;<br \/>\n\tTamb\u00e9m participaram da reuni\u00e3o, na sede da Secretaria de Estado de Seguran\u00e7a P\u00fablica (Segup), o delegado geral da Pol\u00edcia Civil, Rilmar Firmino, e o secret\u00e1rio adjunto de Intelig\u00eancia e An\u00e1lise Criminal, delegado Rog\u00e9rio Moraes. Eles demonstraram compromisso em atender ao pedido de provid\u00eancia formalizado por Edmilson.<br \/>\n\t&nbsp;<br \/>\n\t\u201cCom a formaliza\u00e7\u00e3o da den\u00fancia, a pol\u00edcia paraense ter\u00e1 mais condi\u00e7\u00f5es de averiguar o conte\u00fado e a Pol\u00edcia Federal poder\u00e1 colaborar na investiga\u00e7\u00e3o, tendo em vista que j\u00e1 solicitei as a\u00e7\u00f5es competentes junto \u00e0 Secretaria Especial de Direitos Humanos da Presid\u00eancia da Rep\u00fablica e tamb\u00e9m ao Minist\u00e9rio da Justi\u00e7a\u201d, declarou o deputado. Ele reuniu com o ministro de Direitos Humanos, Pepe Vargas, em Bras\u00edlia, na semana passada. Pepe se comprometeu em solicitar oficialmente informa\u00e7\u00f5es sobre as amea\u00e7as ao governo do Par\u00e1.<br \/>\n\t&nbsp;<br \/>\n\tLeia mais sobre o caso:&nbsp;<\/span><a href=\"http:\/\/www.psol50.org.br\/site\/noticias\/3321\/edmilson-rodrigues-afirma-que-ameacas-de-morte-nao-o-intimidarao\"><span style=\"font-size:12px;\"><span style=\"color: rgb(0, 0, 0); font-family: Arial, Helvetica, sans-serif;\">Edmilson Rodrigues afirma que amea\u00e7as de morte n\u00e3o o intimidar\u00e3o<\/span><\/span><\/a><\/p>\n","protected":false},"excerpt":{"rendered":"<p>O deputado federal Edmilson Rodrigues (PSOL) teve audi\u00eancia com o secret\u00e1rio estadual de Seguran\u00e7a P\u00fablica e Defesa Social, Jeannot Jansen, na \u00faltima sexta-feira (03), em Bel\u00e9m, para pedir a apura\u00e7\u00e3o e provid\u00eancias acerca da amea\u00e7a de morte dirigidas ao pr\u00f3prio psolista, ao deputado estadual Carlos Bordalo (PT) e ao promotor de justi\u00e7a Armando Brasil. A [&hellip;]<\/p>\n","protected":false},"author":2,"featured_media":0,"comment_status":"open","ping_status":"open","sticky":false,"template":"","format":"standard","meta":{"_acf_changed":false,"footnotes":""},"categories":[10,6],"tags":[973],"class_list":{"0":"post-3327","1":"post","2":"type-post","3":"status-publish","4":"format-standard","6":"category-acao-parlamentares","7":"category-noticias","8":"tag-edmilson-rodrigues"},"acf":[],"yoast_head":"<!-- This site is optimized with the Yoast SEO plugin v26.5 - https:\/\/yoast.com\/wordpress\/plugins\/seo\/ -->\n<title>Edmilson pede ao Secret\u00e1rio de Seguran\u00e7a do Par\u00e1 que apure amea\u00e7a de morte - PSOL 50<\/title>\n<meta name=\"robots\" content=\"index, follow, max-snippet:-1, max-image-preview:large, max-video-preview:-1\" \/>\n<link rel=\"canonical\" href=\"https:\/\/psol50.org.br\/edmilson-pede-ao-secretario-de-seguranca-do-para-que-apure-ameaca-de-morte\/\" \/>\n<meta property=\"og:locale\" content=\"pt_BR\" \/>\n<meta property=\"og:type\" content=\"article\" \/>\n<meta property=\"og:title\" content=\"Edmilson pede ao Secret\u00e1rio de Seguran\u00e7a do Par\u00e1 que apure amea\u00e7a de morte - PSOL 50\" \/>\n<meta property=\"og:description\" content=\"O deputado federal Edmilson Rodrigues (PSOL) teve audi\u00eancia com o secret\u00e1rio estadual de Seguran\u00e7a P\u00fablica e Defesa Social, Jeannot Jansen, na \u00faltima sexta-feira (03), em Bel\u00e9m, para pedir a apura\u00e7\u00e3o e provid\u00eancias acerca da amea\u00e7a de morte dirigidas ao pr\u00f3prio psolista, ao deputado estadual Carlos Bordalo (PT) e ao promotor de justi\u00e7a Armando Brasil. A [&hellip;]\" \/>\n<meta property=\"og:url\" content=\"https:\/\/psol50.org.br\/edmilson-pede-ao-secretario-de-seguranca-do-para-que-apure-ameaca-de-morte\/\" \/>\n<meta property=\"og:site_name\" content=\"PSOL 50\" \/>\n<meta property=\"article:publisher\" content=\"https:\/\/www.facebook.com\/psol50\" \/>\n<meta property=\"article:published_time\" content=\"2015-07-06T00:00:00+00:00\" \/>\n<meta property=\"og:image\" content=\"https:\/\/psol50.org.br\/inc\/uploads\/2018\/07\/capa.png\" \/>\n\t<meta property=\"og:image:width\" content=\"1350\" \/>\n\t<meta property=\"og:image:height\" content=\"900\" \/>\n\t<meta property=\"og:image:type\" content=\"image\/png\" \/>\n<meta name=\"author\" content=\"Comunica\u00e7\u00e3o PSOL\" \/>\n<meta name=\"twitter:card\" content=\"summary_large_image\" \/>\n<meta name=\"twitter:creator\" content=\"@psol50\" \/>\n<meta name=\"twitter:site\" content=\"@psol50\" \/>\n<meta name=\"twitter:label1\" content=\"Escrito por\" \/>\n\t<meta name=\"twitter:data1\" content=\"Comunica\u00e7\u00e3o PSOL\" \/>\n\t<meta name=\"twitter:label2\" content=\"Est. tempo de leitura\" \/>\n\t<meta name=\"twitter:data2\" content=\"2 minutos\" \/>\n<script type=\"application\/ld+json\" class=\"yoast-schema-graph\">{\"@context\":\"https:\/\/schema.org\",\"@graph\":[{\"@type\":\"Article\",\"@id\":\"https:\/\/psol50.org.br\/edmilson-pede-ao-secretario-de-seguranca-do-para-que-apure-ameaca-de-morte\/#article\",\"isPartOf\":{\"@id\":\"https:\/\/psol50.org.br\/edmilson-pede-ao-secretario-de-seguranca-do-para-que-apure-ameaca-de-morte\/\"},\"author\":{\"name\":\"Comunica\u00e7\u00e3o PSOL\",\"@id\":\"https:\/\/psol50.org.br\/#\/schema\/person\/475dfa57d0b815993c714c2e96491fcd\"},\"headline\":\"Edmilson pede ao Secret\u00e1rio de Seguran\u00e7a do Par\u00e1 que apure amea\u00e7a de morte\",\"datePublished\":\"2015-07-06T00:00:00+00:00\",\"mainEntityOfPage\":{\"@id\":\"https:\/\/psol50.org.br\/edmilson-pede-ao-secretario-de-seguranca-do-para-que-apure-ameaca-de-morte\/\"},\"wordCount\":461,\"commentCount\":0,\"publisher\":{\"@id\":\"https:\/\/psol50.org.br\/#organization\"},\"keywords\":[\"Edmilson Rodrigues\"],\"articleSection\":[\"A\u00e7\u00e3o Parlamentar\",\"Not\u00edcias\"],\"inLanguage\":\"pt-BR\",\"potentialAction\":[{\"@type\":\"CommentAction\",\"name\":\"Comment\",\"target\":[\"https:\/\/psol50.org.br\/edmilson-pede-ao-secretario-de-seguranca-do-para-que-apure-ameaca-de-morte\/#respond\"]}]},{\"@type\":\"WebPage\",\"@id\":\"https:\/\/psol50.org.br\/edmilson-pede-ao-secretario-de-seguranca-do-para-que-apure-ameaca-de-morte\/\",\"url\":\"https:\/\/psol50.org.br\/edmilson-pede-ao-secretario-de-seguranca-do-para-que-apure-ameaca-de-morte\/\",\"name\":\"Edmilson pede ao Secret\u00e1rio de Seguran\u00e7a do Par\u00e1 que apure amea\u00e7a de morte - PSOL 50\",\"isPartOf\":{\"@id\":\"https:\/\/psol50.org.br\/#website\"},\"datePublished\":\"2015-07-06T00:00:00+00:00\",\"breadcrumb\":{\"@id\":\"https:\/\/psol50.org.br\/edmilson-pede-ao-secretario-de-seguranca-do-para-que-apure-ameaca-de-morte\/#breadcrumb\"},\"inLanguage\":\"pt-BR\",\"potentialAction\":[{\"@type\":\"ReadAction\",\"target\":[\"https:\/\/psol50.org.br\/edmilson-pede-ao-secretario-de-seguranca-do-para-que-apure-ameaca-de-morte\/\"]}]},{\"@type\":\"BreadcrumbList\",\"@id\":\"https:\/\/psol50.org.br\/edmilson-pede-ao-secretario-de-seguranca-do-para-que-apure-ameaca-de-morte\/#breadcrumb\",\"itemListElement\":[{\"@type\":\"ListItem\",\"position\":1,\"name\":\"In\u00edcio\",\"item\":\"https:\/\/psol50.org.br\/\"},{\"@type\":\"ListItem\",\"position\":2,\"name\":\"Edmilson pede ao Secret\u00e1rio de Seguran\u00e7a do Par\u00e1 que apure amea\u00e7a de morte\"}]},{\"@type\":\"WebSite\",\"@id\":\"https:\/\/psol50.org.br\/#website\",\"url\":\"https:\/\/psol50.org.br\/\",\"name\":\"PSOL 50\",\"description\":\"Site oficial do Partido Socialismo e Liberdade\",\"publisher\":{\"@id\":\"https:\/\/psol50.org.br\/#organization\"},\"alternateName\":\"PSOL50\",\"potentialAction\":[{\"@type\":\"SearchAction\",\"target\":{\"@type\":\"EntryPoint\",\"urlTemplate\":\"https:\/\/psol50.org.br\/?s={search_term_string}\"},\"query-input\":{\"@type\":\"PropertyValueSpecification\",\"valueRequired\":true,\"valueName\":\"search_term_string\"}}],\"inLanguage\":\"pt-BR\"},{\"@type\":\"Organization\",\"@id\":\"https:\/\/psol50.org.br\/#organization\",\"name\":\"PSOL 50\",\"alternateName\":\"PSOL 50\",\"url\":\"https:\/\/psol50.org.br\/\",\"logo\":{\"@type\":\"ImageObject\",\"inLanguage\":\"pt-BR\",\"@id\":\"https:\/\/psol50.org.br\/#\/schema\/logo\/image\/\",\"url\":\"https:\/\/psol50.org.br\/inc\/uploads\/2018\/07\/capa.png\",\"contentUrl\":\"https:\/\/psol50.org.br\/inc\/uploads\/2018\/07\/capa.png\",\"width\":1350,\"height\":900,\"caption\":\"PSOL 50\"},\"image\":{\"@id\":\"https:\/\/psol50.org.br\/#\/schema\/logo\/image\/\"},\"sameAs\":[\"https:\/\/www.facebook.com\/psol50\",\"https:\/\/x.com\/psol50\",\"https:\/\/www.instagram.com\/psol50\/\",\"https:\/\/www.youtube.com\/channel\/UC7SnJS5o1os7a6CaiNabzcg\"]},{\"@type\":\"Person\",\"@id\":\"https:\/\/psol50.org.br\/#\/schema\/person\/475dfa57d0b815993c714c2e96491fcd\",\"name\":\"Comunica\u00e7\u00e3o PSOL\",\"image\":{\"@type\":\"ImageObject\",\"inLanguage\":\"pt-BR\",\"@id\":\"https:\/\/psol50.org.br\/#\/schema\/person\/image\/\",\"url\":\"https:\/\/secure.gravatar.com\/avatar\/b34fc4f4e468a4e51785917065a3db57b841f5c95dba6ad8c73aaf8f66f8f9bf?s=96&d=mm&r=g\",\"contentUrl\":\"https:\/\/secure.gravatar.com\/avatar\/b34fc4f4e468a4e51785917065a3db57b841f5c95dba6ad8c73aaf8f66f8f9bf?s=96&d=mm&r=g\",\"caption\":\"Comunica\u00e7\u00e3o PSOL\"}}]}<\/script>\n<!-- \/ Yoast SEO plugin. -->","yoast_head_json":{"title":"Edmilson pede ao Secret\u00e1rio de Seguran\u00e7a do Par\u00e1 que apure amea\u00e7a de morte - PSOL 50","robots":{"index":"index","follow":"follow","max-snippet":"max-snippet:-1","max-image-preview":"max-image-preview:large","max-video-preview":"max-video-preview:-1"},"canonical":"https:\/\/psol50.org.br\/edmilson-pede-ao-secretario-de-seguranca-do-para-que-apure-ameaca-de-morte\/","og_locale":"pt_BR","og_type":"article","og_title":"Edmilson pede ao Secret\u00e1rio de Seguran\u00e7a do Par\u00e1 que apure amea\u00e7a de morte - PSOL 50","og_description":"O deputado federal Edmilson Rodrigues (PSOL) teve audi\u00eancia com o secret\u00e1rio estadual de Seguran\u00e7a P\u00fablica e Defesa Social, Jeannot Jansen, na \u00faltima sexta-feira (03), em Bel\u00e9m, para pedir a apura\u00e7\u00e3o e provid\u00eancias acerca da amea\u00e7a de morte dirigidas ao pr\u00f3prio psolista, ao deputado estadual Carlos Bordalo (PT) e ao promotor de justi\u00e7a Armando Brasil. A [&hellip;]","og_url":"https:\/\/psol50.org.br\/edmilson-pede-ao-secretario-de-seguranca-do-para-que-apure-ameaca-de-morte\/","og_site_name":"PSOL 50","article_publisher":"https:\/\/www.facebook.com\/psol50","article_published_time":"2015-07-06T00:00:00+00:00","og_image":[{"width":1350,"height":900,"url":"https:\/\/psol50.org.br\/inc\/uploads\/2018\/07\/capa.png","type":"image\/png"}],"author":"Comunica\u00e7\u00e3o PSOL","twitter_card":"summary_large_image","twitter_creator":"@psol50","twitter_site":"@psol50","twitter_misc":{"Escrito por":"Comunica\u00e7\u00e3o PSOL","Est. tempo de leitura":"2 minutos"},"schema":{"@context":"https:\/\/schema.org","@graph":[{"@type":"Article","@id":"https:\/\/psol50.org.br\/edmilson-pede-ao-secretario-de-seguranca-do-para-que-apure-ameaca-de-morte\/#article","isPartOf":{"@id":"https:\/\/psol50.org.br\/edmilson-pede-ao-secretario-de-seguranca-do-para-que-apure-ameaca-de-morte\/"},"author":{"name":"Comunica\u00e7\u00e3o PSOL","@id":"https:\/\/psol50.org.br\/#\/schema\/person\/475dfa57d0b815993c714c2e96491fcd"},"headline":"Edmilson pede ao Secret\u00e1rio de Seguran\u00e7a do Par\u00e1 que apure amea\u00e7a de morte","datePublished":"2015-07-06T00:00:00+00:00","mainEntityOfPage":{"@id":"https:\/\/psol50.org.br\/edmilson-pede-ao-secretario-de-seguranca-do-para-que-apure-ameaca-de-morte\/"},"wordCount":461,"commentCount":0,"publisher":{"@id":"https:\/\/psol50.org.br\/#organization"},"keywords":["Edmilson Rodrigues"],"articleSection":["A\u00e7\u00e3o Parlamentar","Not\u00edcias"],"inLanguage":"pt-BR","potentialAction":[{"@type":"CommentAction","name":"Comment","target":["https:\/\/psol50.org.br\/edmilson-pede-ao-secretario-de-seguranca-do-para-que-apure-ameaca-de-morte\/#respond"]}]},{"@type":"WebPage","@id":"https:\/\/psol50.org.br\/edmilson-pede-ao-secretario-de-seguranca-do-para-que-apure-ameaca-de-morte\/","url":"https:\/\/psol50.org.br\/edmilson-pede-ao-secretario-de-seguranca-do-para-que-apure-ameaca-de-morte\/","name":"Edmilson pede ao Secret\u00e1rio de Seguran\u00e7a do Par\u00e1 que apure amea\u00e7a de morte - PSOL 50","isPartOf":{"@id":"https:\/\/psol50.org.br\/#website"},"datePublished":"2015-07-06T00:00:00+00:00","breadcrumb":{"@id":"https:\/\/psol50.org.br\/edmilson-pede-ao-secretario-de-seguranca-do-para-que-apure-ameaca-de-morte\/#breadcrumb"},"inLanguage":"pt-BR","potentialAction":[{"@type":"ReadAction","target":["https:\/\/psol50.org.br\/edmilson-pede-ao-secretario-de-seguranca-do-para-que-apure-ameaca-de-morte\/"]}]},{"@type":"BreadcrumbList","@id":"https:\/\/psol50.org.br\/edmilson-pede-ao-secretario-de-seguranca-do-para-que-apure-ameaca-de-morte\/#breadcrumb","itemListElement":[{"@type":"ListItem","position":1,"name":"In\u00edcio","item":"https:\/\/psol50.org.br\/"},{"@type":"ListItem","position":2,"name":"Edmilson pede ao Secret\u00e1rio de Seguran\u00e7a do Par\u00e1 que apure amea\u00e7a de morte"}]},{"@type":"WebSite","@id":"https:\/\/psol50.org.br\/#website","url":"https:\/\/psol50.org.br\/","name":"PSOL 50","description":"Site oficial do Partido Socialismo e Liberdade","publisher":{"@id":"https:\/\/psol50.org.br\/#organization"},"alternateName":"PSOL50","potentialAction":[{"@type":"SearchAction","target":{"@type":"EntryPoint","urlTemplate":"https:\/\/psol50.org.br\/?s={search_term_string}"},"query-input":{"@type":"PropertyValueSpecification","valueRequired":true,"valueName":"search_term_string"}}],"inLanguage":"pt-BR"},{"@type":"Organization","@id":"https:\/\/psol50.org.br\/#organization","name":"PSOL 50","alternateName":"PSOL 50","url":"https:\/\/psol50.org.br\/","logo":{"@type":"ImageObject","inLanguage":"pt-BR","@id":"https:\/\/psol50.org.br\/#\/schema\/logo\/image\/","url":"https:\/\/psol50.org.br\/inc\/uploads\/2018\/07\/capa.png","contentUrl":"https:\/\/psol50.org.br\/inc\/uploads\/2018\/07\/capa.png","width":1350,"height":900,"caption":"PSOL 50"},"image":{"@id":"https:\/\/psol50.org.br\/#\/schema\/logo\/image\/"},"sameAs":["https:\/\/www.facebook.com\/psol50","https:\/\/x.com\/psol50","https:\/\/www.instagram.com\/psol50\/","https:\/\/www.youtube.com\/channel\/UC7SnJS5o1os7a6CaiNabzcg"]},{"@type":"Person","@id":"https:\/\/psol50.org.br\/#\/schema\/person\/475dfa57d0b815993c714c2e96491fcd","name":"Comunica\u00e7\u00e3o PSOL","image":{"@type":"ImageObject","inLanguage":"pt-BR","@id":"https:\/\/psol50.org.br\/#\/schema\/person\/image\/","url":"https:\/\/secure.gravatar.com\/avatar\/b34fc4f4e468a4e51785917065a3db57b841f5c95dba6ad8c73aaf8f66f8f9bf?s=96&d=mm&r=g","contentUrl":"https:\/\/secure.gravatar.com\/avatar\/b34fc4f4e468a4e51785917065a3db57b841f5c95dba6ad8c73aaf8f66f8f9bf?s=96&d=mm&r=g","caption":"Comunica\u00e7\u00e3o PSOL"}}]}},"_links":{"self":[{"href":"https:\/\/psol50.org.br\/rest\/wp\/v2\/posts\/3327","targetHints":{"allow":["GET"]}}],"collection":[{"href":"https:\/\/psol50.org.br\/rest\/wp\/v2\/posts"}],"about":[{"href":"https:\/\/psol50.org.br\/rest\/wp\/v2\/types\/post"}],"author":[{"embeddable":true,"href":"https:\/\/psol50.org.br\/rest\/wp\/v2\/users\/2"}],"replies":[{"embeddable":true,"href":"https:\/\/psol50.org.br\/rest\/wp\/v2\/comments?post=3327"}],"version-history":[{"count":0,"href":"https:\/\/psol50.org.br\/rest\/wp\/v2\/posts\/3327\/revisions"}],"wp:attachment":[{"href":"https:\/\/psol50.org.br\/rest\/wp\/v2\/media?parent=3327"}],"wp:term":[{"taxonomy":"category","embeddable":true,"href":"https:\/\/psol50.org.br\/rest\/wp\/v2\/categories?post=3327"},{"taxonomy":"post_tag","embeddable":true,"href":"https:\/\/psol50.org.br\/rest\/wp\/v2\/tags?post=3327"}],"curies":[{"name":"wp","href":"https:\/\/api.w.org\/{rel}","templated":true}]}}