{"id":3329,"date":"2015-07-08T00:00:00","date_gmt":"2015-07-08T00:00:00","guid":{"rendered":"http:\/\/psol50.org.br\/arquivo\/2015\/07\/08\/um-ano-sem-plinio-1930-2014\/"},"modified":"2015-07-08T00:00:00","modified_gmt":"2015-07-08T00:00:00","slug":"um-ano-sem-plinio-1930-2014","status":"publish","type":"post","link":"https:\/\/psol50.org.br\/um-ano-sem-plinio-1930-2014\/","title":{"rendered":"Um ano sem Pl\u00ednio (1930 \u2013 2014)"},"content":{"rendered":"<p style=\"text-align: justify;\">\n\t<span style=\"font-family:arial,helvetica,sans-serif;\"><span style=\"font-size:12px;\">O deputado Ivan Valente (PSOL-SP) apresentou nesta quarta-feira (08), na C\u00e2mara dos Deputados, um pronunciamento em homenagem a Pl\u00ednio de Arruda Sampaio, que faleceu h\u00e1 exato um ano, aos 83 anos de idade, em S\u00e3o Paulo.<br \/>\n\t&nbsp;<br \/>\n\tMilitante h\u00e1 mais de cinco d\u00e9cadas, Pl\u00ednio iniciou sua atua\u00e7\u00e3o pol\u00edtica na Juventude Universit\u00e1ria Cat\u00f3lica. Graduado em Direito pela Universidade de S\u00e3o Paulo, foi promotor p\u00fablico.<br \/>\n\t&nbsp;<br \/>\n\tAl\u00e9m de integrante da dire\u00e7\u00e3o nacional do PSOL, foi tamb\u00e9m candidato ao Governo de S\u00e3o Paulo, em 2006, e \u00e0 Presid\u00eancia da Rep\u00fablica, em 2010. Nesse pen\u00faltimo pleito presidencial, cumpriu com garra e determina\u00e7\u00e3o a tarefa de apresentar o programa socialista do PSOL \u00e0 popula\u00e7\u00e3o brasileira.<br \/>\n\t&nbsp;<br \/>\n\t\u201cUm exemplo de coer\u00eancia e compromisso com os oprimidos, Pl\u00ednio foi uma importante refer\u00eancia para v\u00e1rias gera\u00e7\u00f5es de militantes pol\u00edticos e ativistas sociais, que lutaram e continuam a lutar por um Brasil mais democr\u00e1tico e mais justo. Mesmo aos oitenta anos, deu uma impressionante prova de juventude e vitalidade intelectual, com uma atua\u00e7\u00e3o aguerrida nas redes sociais, onde debatia diariamente sobre pol\u00edtica e religi\u00e3o com seus mais de 83 mil seguidores no Twitter. Seu legado e sua experi\u00eancia de vida constr\u00f3i uma refer\u00eancia profundamente \u00e9tica e humanista, pilares da constru\u00e7\u00e3o de uma sociedade socialista\u201d, lembrou Ivan.<br \/>\n\t&nbsp;<br \/>\n\tConfira abaixo a \u00edntegra do pronunciamento do deputado do PSOL.<br \/>\n\t&nbsp;<br \/>\n\t<strong>Um ano sem Pl\u00ednio (1930 \u2013 2014)<\/strong><br \/>\n\t&nbsp;<br \/>\n\tSr. Presidente, senhoras e senhores deputados,<br \/>\n\t&nbsp;<br \/>\n\tNo dia 8 de julho de 2014, faleceu nosso grande e querido companheiro Pl\u00ednio de Arruda Sampaio, aos 83 anos de vida. Neste primeiro anivers\u00e1rio de sua partida, queremos novamente render homenagem a este grande brasileiro, que dedicou a maior parte de sua exist\u00eancia \u00e0 luta pela democracia, a igualdade e o socialismo.<br \/>\n\t&nbsp;<br \/>\n\tPl\u00ednio iniciou sua milit\u00e2ncia na Juventude Universit\u00e1ria Cat\u00f3lica. Em 1950, assumiu a fun\u00e7\u00e3o de subchefe da Casa Civil do ent\u00e3o governador de S\u00e3o Paulo, Carvalho Pinto. Foi eleito pela primeira vez para a C\u00e2mara dos Deputados em 1962, pelo extinto Partido Democrata Crist\u00e3o (PDC). Ao longo da carreira pol\u00edtica, ele exerceu tr\u00eas mandatos como deputado federal.<br \/>\n\t&nbsp;<br \/>\n\tNa C\u00e2mara dos Deputados, Pl\u00ednio presenciou a sess\u00e3o que dep\u00f4s o presidente Jo\u00e3o Goulart, em 2 de abril de 1964, quando foi consagrado o golpe de estado e in\u00edcio da ditadura militar no Brasil. No mesmo ano, foi cassado pelo Ato Institucional n\u00ba 1 e teve que partir para o ex\u00edlio. Durante o regime militar (1964-1985), Pl\u00ednio de Arruda Sampaio viveu no Chile e nos Estados Unidos. Retornou ao Brasil em 1976, no in\u00edcio do processo de abertura pol\u00edtica. Em 1986, Pl\u00ednio Sampaio foi eleito pelo PT para a Assembleia Geral Constituinte. Durante a elabora\u00e7\u00e3o da atual Constitui\u00e7\u00e3o, ele defendeu um modelo de reforma agr\u00e1ria que previa o fim dos latif\u00fandios.<br \/>\n\t&nbsp;<br \/>\n\tPl\u00ednio ingressou no PSOL em 2005 e foi candidato do partido ao governo de S\u00e3o Paulo em 2006 e a Presid\u00eancia da Rep\u00fablica em 2010, quando representou um importante contraponto aos velhos partidos e a velha pol\u00edtica, apresentando propostas de mudan\u00e7as estruturais para o pa\u00eds, como a realiza\u00e7\u00e3o da reforma agr\u00e1ria e a distribui\u00e7\u00e3o de renda com objetivo de combater a extrema desigualdade social.<br \/>\n\t&nbsp;<br \/>\n\tUm exemplo de coer\u00eancia e compromisso com os oprimidos, Pl\u00ednio foi uma importante refer\u00eancia para v\u00e1rias gera\u00e7\u00f5es de militantes pol\u00edticos e ativistas sociais, que lutaram e continuam a lutar por um Brasil mais democr\u00e1tico e mais justo. Mesmo aos oitenta anos, deu uma impressionante prova de juventude e vitalidade intelectual, com uma atua\u00e7\u00e3o aguerrida nas redes sociais, onde debatia diariamente sobre pol\u00edtica e religi\u00e3o com seus mais de 83 mil seguidores no Twitter. Seu legado e sua experi\u00eancia de vida constr\u00f3i uma refer\u00eancia profundamente \u00e9tica e humanista, pilares da constru\u00e7\u00e3o de uma sociedade socialista.<br \/>\n\t&nbsp;<br \/>\n\tSe estivesse entre n\u00f3s, neste momento em que nosso pa\u00eds vive a amea\u00e7a do retrocesso e do conservadorismo, Pl\u00ednio certamente seria uma voz ativa a nos encorajar, um est\u00edmulo a n\u00e3o desistirmos de nossos sonhos e a termos coragem e ousadia para lutar por justi\u00e7a, igualdade e toda a forma de preconceito. \u00c9 esta inspira\u00e7\u00e3o que guardaremos para sempre do saudoso e querido Pl\u00ednio de Arruda Sampaio.<br \/>\n\t&nbsp;<br \/>\n\tPl\u00ednio, presente. Venceremos!<br \/>\n\tMuito obrigado,<br \/>\n\t&nbsp;<br \/>\n\t<strong>Ivan Valente \u2013 Deputado Federal do PSOL\/SP<br \/>\n\tC\u00e2mara dos Deputados, Bras\u00edlia, 08 de julho de 2015<\/strong>.<\/span><\/span><\/p>\n","protected":false},"excerpt":{"rendered":"<p>Em pronunciamento na C\u00e2mara, Ivan Valente lembra trajet\u00f3ria pol\u00edtica do colega e reafirma sua import\u00e2ncia para v\u00e1rias gera\u00e7\u00f5es de militantes pol\u00edticos e ativistas sociais, que lutaram e continuam a lutar por um Brasil mais democr\u00e1tico e justo<\/p>\n","protected":false},"author":2,"featured_media":0,"comment_status":"open","ping_status":"open","sticky":false,"template":"","format":"standard","meta":{"_acf_changed":false,"footnotes":""},"categories":[6],"tags":[],"class_list":{"0":"post-3329","1":"post","2":"type-post","3":"status-publish","4":"format-standard","6":"category-noticias"},"acf":[],"yoast_head":"<!-- This site is optimized with the Yoast SEO plugin v26.5 - https:\/\/yoast.com\/wordpress\/plugins\/seo\/ -->\n<title>Um ano sem Pl\u00ednio (1930 \u2013 2014) - PSOL 50<\/title>\n<meta name=\"robots\" content=\"index, follow, max-snippet:-1, max-image-preview:large, max-video-preview:-1\" \/>\n<link rel=\"canonical\" href=\"https:\/\/psol50.org.br\/um-ano-sem-plinio-1930-2014\/\" \/>\n<meta property=\"og:locale\" content=\"pt_BR\" \/>\n<meta property=\"og:type\" content=\"article\" \/>\n<meta property=\"og:title\" content=\"Um ano sem Pl\u00ednio (1930 \u2013 2014) - PSOL 50\" \/>\n<meta property=\"og:description\" content=\"Em pronunciamento na C\u00e2mara, Ivan Valente lembra trajet\u00f3ria pol\u00edtica do colega e reafirma sua import\u00e2ncia para v\u00e1rias gera\u00e7\u00f5es de militantes pol\u00edticos e ativistas sociais, que lutaram e continuam a lutar por um Brasil mais democr\u00e1tico e justo\" \/>\n<meta property=\"og:url\" content=\"https:\/\/psol50.org.br\/um-ano-sem-plinio-1930-2014\/\" \/>\n<meta property=\"og:site_name\" content=\"PSOL 50\" \/>\n<meta property=\"article:publisher\" content=\"https:\/\/www.facebook.com\/psol50\" \/>\n<meta property=\"article:published_time\" content=\"2015-07-08T00:00:00+00:00\" \/>\n<meta property=\"og:image\" content=\"https:\/\/psol50.org.br\/inc\/uploads\/2018\/07\/capa.png\" \/>\n\t<meta property=\"og:image:width\" content=\"1350\" \/>\n\t<meta property=\"og:image:height\" content=\"900\" \/>\n\t<meta property=\"og:image:type\" content=\"image\/png\" \/>\n<meta name=\"author\" content=\"Comunica\u00e7\u00e3o PSOL\" \/>\n<meta name=\"twitter:card\" content=\"summary_large_image\" \/>\n<meta name=\"twitter:creator\" content=\"@psol50\" \/>\n<meta name=\"twitter:site\" content=\"@psol50\" \/>\n<meta name=\"twitter:label1\" content=\"Escrito por\" \/>\n\t<meta name=\"twitter:data1\" content=\"Comunica\u00e7\u00e3o PSOL\" \/>\n\t<meta name=\"twitter:label2\" content=\"Est. tempo de leitura\" \/>\n\t<meta name=\"twitter:data2\" content=\"4 minutos\" \/>\n<script type=\"application\/ld+json\" class=\"yoast-schema-graph\">{\"@context\":\"https:\/\/schema.org\",\"@graph\":[{\"@type\":\"Article\",\"@id\":\"https:\/\/psol50.org.br\/um-ano-sem-plinio-1930-2014\/#article\",\"isPartOf\":{\"@id\":\"https:\/\/psol50.org.br\/um-ano-sem-plinio-1930-2014\/\"},\"author\":{\"name\":\"Comunica\u00e7\u00e3o PSOL\",\"@id\":\"https:\/\/psol50.org.br\/#\/schema\/person\/475dfa57d0b815993c714c2e96491fcd\"},\"headline\":\"Um ano sem Pl\u00ednio (1930 \u2013 2014)\",\"datePublished\":\"2015-07-08T00:00:00+00:00\",\"mainEntityOfPage\":{\"@id\":\"https:\/\/psol50.org.br\/um-ano-sem-plinio-1930-2014\/\"},\"wordCount\":784,\"commentCount\":0,\"publisher\":{\"@id\":\"https:\/\/psol50.org.br\/#organization\"},\"articleSection\":[\"Not\u00edcias\"],\"inLanguage\":\"pt-BR\",\"potentialAction\":[{\"@type\":\"CommentAction\",\"name\":\"Comment\",\"target\":[\"https:\/\/psol50.org.br\/um-ano-sem-plinio-1930-2014\/#respond\"]}]},{\"@type\":\"WebPage\",\"@id\":\"https:\/\/psol50.org.br\/um-ano-sem-plinio-1930-2014\/\",\"url\":\"https:\/\/psol50.org.br\/um-ano-sem-plinio-1930-2014\/\",\"name\":\"Um ano sem Pl\u00ednio (1930 \u2013 2014) - PSOL 50\",\"isPartOf\":{\"@id\":\"https:\/\/psol50.org.br\/#website\"},\"datePublished\":\"2015-07-08T00:00:00+00:00\",\"breadcrumb\":{\"@id\":\"https:\/\/psol50.org.br\/um-ano-sem-plinio-1930-2014\/#breadcrumb\"},\"inLanguage\":\"pt-BR\",\"potentialAction\":[{\"@type\":\"ReadAction\",\"target\":[\"https:\/\/psol50.org.br\/um-ano-sem-plinio-1930-2014\/\"]}]},{\"@type\":\"BreadcrumbList\",\"@id\":\"https:\/\/psol50.org.br\/um-ano-sem-plinio-1930-2014\/#breadcrumb\",\"itemListElement\":[{\"@type\":\"ListItem\",\"position\":1,\"name\":\"In\u00edcio\",\"item\":\"https:\/\/psol50.org.br\/\"},{\"@type\":\"ListItem\",\"position\":2,\"name\":\"Um ano sem Pl\u00ednio (1930 \u2013 2014)\"}]},{\"@type\":\"WebSite\",\"@id\":\"https:\/\/psol50.org.br\/#website\",\"url\":\"https:\/\/psol50.org.br\/\",\"name\":\"PSOL 50\",\"description\":\"Site oficial do Partido Socialismo e Liberdade\",\"publisher\":{\"@id\":\"https:\/\/psol50.org.br\/#organization\"},\"alternateName\":\"PSOL50\",\"potentialAction\":[{\"@type\":\"SearchAction\",\"target\":{\"@type\":\"EntryPoint\",\"urlTemplate\":\"https:\/\/psol50.org.br\/?s={search_term_string}\"},\"query-input\":{\"@type\":\"PropertyValueSpecification\",\"valueRequired\":true,\"valueName\":\"search_term_string\"}}],\"inLanguage\":\"pt-BR\"},{\"@type\":\"Organization\",\"@id\":\"https:\/\/psol50.org.br\/#organization\",\"name\":\"PSOL 50\",\"alternateName\":\"PSOL 50\",\"url\":\"https:\/\/psol50.org.br\/\",\"logo\":{\"@type\":\"ImageObject\",\"inLanguage\":\"pt-BR\",\"@id\":\"https:\/\/psol50.org.br\/#\/schema\/logo\/image\/\",\"url\":\"https:\/\/psol50.org.br\/inc\/uploads\/2018\/07\/capa.png\",\"contentUrl\":\"https:\/\/psol50.org.br\/inc\/uploads\/2018\/07\/capa.png\",\"width\":1350,\"height\":900,\"caption\":\"PSOL 50\"},\"image\":{\"@id\":\"https:\/\/psol50.org.br\/#\/schema\/logo\/image\/\"},\"sameAs\":[\"https:\/\/www.facebook.com\/psol50\",\"https:\/\/x.com\/psol50\",\"https:\/\/www.instagram.com\/psol50\/\",\"https:\/\/www.youtube.com\/channel\/UC7SnJS5o1os7a6CaiNabzcg\"]},{\"@type\":\"Person\",\"@id\":\"https:\/\/psol50.org.br\/#\/schema\/person\/475dfa57d0b815993c714c2e96491fcd\",\"name\":\"Comunica\u00e7\u00e3o PSOL\",\"image\":{\"@type\":\"ImageObject\",\"inLanguage\":\"pt-BR\",\"@id\":\"https:\/\/psol50.org.br\/#\/schema\/person\/image\/\",\"url\":\"https:\/\/secure.gravatar.com\/avatar\/b34fc4f4e468a4e51785917065a3db57b841f5c95dba6ad8c73aaf8f66f8f9bf?s=96&d=mm&r=g\",\"contentUrl\":\"https:\/\/secure.gravatar.com\/avatar\/b34fc4f4e468a4e51785917065a3db57b841f5c95dba6ad8c73aaf8f66f8f9bf?s=96&d=mm&r=g\",\"caption\":\"Comunica\u00e7\u00e3o PSOL\"}}]}<\/script>\n<!-- \/ Yoast SEO plugin. -->","yoast_head_json":{"title":"Um ano sem Pl\u00ednio (1930 \u2013 2014) - PSOL 50","robots":{"index":"index","follow":"follow","max-snippet":"max-snippet:-1","max-image-preview":"max-image-preview:large","max-video-preview":"max-video-preview:-1"},"canonical":"https:\/\/psol50.org.br\/um-ano-sem-plinio-1930-2014\/","og_locale":"pt_BR","og_type":"article","og_title":"Um ano sem Pl\u00ednio (1930 \u2013 2014) - PSOL 50","og_description":"Em pronunciamento na C\u00e2mara, Ivan Valente lembra trajet\u00f3ria pol\u00edtica do colega e reafirma sua import\u00e2ncia para v\u00e1rias gera\u00e7\u00f5es de militantes pol\u00edticos e ativistas sociais, que lutaram e continuam a lutar por um Brasil mais democr\u00e1tico e justo","og_url":"https:\/\/psol50.org.br\/um-ano-sem-plinio-1930-2014\/","og_site_name":"PSOL 50","article_publisher":"https:\/\/www.facebook.com\/psol50","article_published_time":"2015-07-08T00:00:00+00:00","og_image":[{"width":1350,"height":900,"url":"https:\/\/psol50.org.br\/inc\/uploads\/2018\/07\/capa.png","type":"image\/png"}],"author":"Comunica\u00e7\u00e3o PSOL","twitter_card":"summary_large_image","twitter_creator":"@psol50","twitter_site":"@psol50","twitter_misc":{"Escrito por":"Comunica\u00e7\u00e3o PSOL","Est. tempo de leitura":"4 minutos"},"schema":{"@context":"https:\/\/schema.org","@graph":[{"@type":"Article","@id":"https:\/\/psol50.org.br\/um-ano-sem-plinio-1930-2014\/#article","isPartOf":{"@id":"https:\/\/psol50.org.br\/um-ano-sem-plinio-1930-2014\/"},"author":{"name":"Comunica\u00e7\u00e3o PSOL","@id":"https:\/\/psol50.org.br\/#\/schema\/person\/475dfa57d0b815993c714c2e96491fcd"},"headline":"Um ano sem Pl\u00ednio (1930 \u2013 2014)","datePublished":"2015-07-08T00:00:00+00:00","mainEntityOfPage":{"@id":"https:\/\/psol50.org.br\/um-ano-sem-plinio-1930-2014\/"},"wordCount":784,"commentCount":0,"publisher":{"@id":"https:\/\/psol50.org.br\/#organization"},"articleSection":["Not\u00edcias"],"inLanguage":"pt-BR","potentialAction":[{"@type":"CommentAction","name":"Comment","target":["https:\/\/psol50.org.br\/um-ano-sem-plinio-1930-2014\/#respond"]}]},{"@type":"WebPage","@id":"https:\/\/psol50.org.br\/um-ano-sem-plinio-1930-2014\/","url":"https:\/\/psol50.org.br\/um-ano-sem-plinio-1930-2014\/","name":"Um ano sem Pl\u00ednio (1930 \u2013 2014) - PSOL 50","isPartOf":{"@id":"https:\/\/psol50.org.br\/#website"},"datePublished":"2015-07-08T00:00:00+00:00","breadcrumb":{"@id":"https:\/\/psol50.org.br\/um-ano-sem-plinio-1930-2014\/#breadcrumb"},"inLanguage":"pt-BR","potentialAction":[{"@type":"ReadAction","target":["https:\/\/psol50.org.br\/um-ano-sem-plinio-1930-2014\/"]}]},{"@type":"BreadcrumbList","@id":"https:\/\/psol50.org.br\/um-ano-sem-plinio-1930-2014\/#breadcrumb","itemListElement":[{"@type":"ListItem","position":1,"name":"In\u00edcio","item":"https:\/\/psol50.org.br\/"},{"@type":"ListItem","position":2,"name":"Um ano sem Pl\u00ednio (1930 \u2013 2014)"}]},{"@type":"WebSite","@id":"https:\/\/psol50.org.br\/#website","url":"https:\/\/psol50.org.br\/","name":"PSOL 50","description":"Site oficial do Partido Socialismo e Liberdade","publisher":{"@id":"https:\/\/psol50.org.br\/#organization"},"alternateName":"PSOL50","potentialAction":[{"@type":"SearchAction","target":{"@type":"EntryPoint","urlTemplate":"https:\/\/psol50.org.br\/?s={search_term_string}"},"query-input":{"@type":"PropertyValueSpecification","valueRequired":true,"valueName":"search_term_string"}}],"inLanguage":"pt-BR"},{"@type":"Organization","@id":"https:\/\/psol50.org.br\/#organization","name":"PSOL 50","alternateName":"PSOL 50","url":"https:\/\/psol50.org.br\/","logo":{"@type":"ImageObject","inLanguage":"pt-BR","@id":"https:\/\/psol50.org.br\/#\/schema\/logo\/image\/","url":"https:\/\/psol50.org.br\/inc\/uploads\/2018\/07\/capa.png","contentUrl":"https:\/\/psol50.org.br\/inc\/uploads\/2018\/07\/capa.png","width":1350,"height":900,"caption":"PSOL 50"},"image":{"@id":"https:\/\/psol50.org.br\/#\/schema\/logo\/image\/"},"sameAs":["https:\/\/www.facebook.com\/psol50","https:\/\/x.com\/psol50","https:\/\/www.instagram.com\/psol50\/","https:\/\/www.youtube.com\/channel\/UC7SnJS5o1os7a6CaiNabzcg"]},{"@type":"Person","@id":"https:\/\/psol50.org.br\/#\/schema\/person\/475dfa57d0b815993c714c2e96491fcd","name":"Comunica\u00e7\u00e3o PSOL","image":{"@type":"ImageObject","inLanguage":"pt-BR","@id":"https:\/\/psol50.org.br\/#\/schema\/person\/image\/","url":"https:\/\/secure.gravatar.com\/avatar\/b34fc4f4e468a4e51785917065a3db57b841f5c95dba6ad8c73aaf8f66f8f9bf?s=96&d=mm&r=g","contentUrl":"https:\/\/secure.gravatar.com\/avatar\/b34fc4f4e468a4e51785917065a3db57b841f5c95dba6ad8c73aaf8f66f8f9bf?s=96&d=mm&r=g","caption":"Comunica\u00e7\u00e3o PSOL"}}]}},"_links":{"self":[{"href":"https:\/\/psol50.org.br\/rest\/wp\/v2\/posts\/3329","targetHints":{"allow":["GET"]}}],"collection":[{"href":"https:\/\/psol50.org.br\/rest\/wp\/v2\/posts"}],"about":[{"href":"https:\/\/psol50.org.br\/rest\/wp\/v2\/types\/post"}],"author":[{"embeddable":true,"href":"https:\/\/psol50.org.br\/rest\/wp\/v2\/users\/2"}],"replies":[{"embeddable":true,"href":"https:\/\/psol50.org.br\/rest\/wp\/v2\/comments?post=3329"}],"version-history":[{"count":0,"href":"https:\/\/psol50.org.br\/rest\/wp\/v2\/posts\/3329\/revisions"}],"wp:attachment":[{"href":"https:\/\/psol50.org.br\/rest\/wp\/v2\/media?parent=3329"}],"wp:term":[{"taxonomy":"category","embeddable":true,"href":"https:\/\/psol50.org.br\/rest\/wp\/v2\/categories?post=3329"},{"taxonomy":"post_tag","embeddable":true,"href":"https:\/\/psol50.org.br\/rest\/wp\/v2\/tags?post=3329"}],"curies":[{"name":"wp","href":"https:\/\/api.w.org\/{rel}","templated":true}]}}