{"id":3330,"date":"2015-07-08T00:00:00","date_gmt":"2015-07-08T00:00:00","guid":{"rendered":"http:\/\/psol50.org.br\/arquivo\/2015\/07\/08\/entre-na-campanha-tocomedmilson\/"},"modified":"2015-07-08T00:00:00","modified_gmt":"2015-07-08T00:00:00","slug":"entre-na-campanha-tocomedmilson","status":"publish","type":"post","link":"https:\/\/psol50.org.br\/entre-na-campanha-tocomedmilson\/","title":{"rendered":"Entre na campanha #ToComEdmilson"},"content":{"rendered":"<p style=\"text-align: justify;\">\n\t<span style=\"font-family:arial,helvetica,sans-serif;\"><span style=\"font-size:12px;\">O deputado federal do PSOL do Par\u00e1&nbsp;<a data-hovercard=\"\/ajax\/hovercard\/page.php?id=267683643272117\" href=\"https:\/\/www.facebook.com\/edmilsonpsol\">Edmilson Rodrigues<\/a>&nbsp;\u00e9 alvo de amea\u00e7as de morte por integrantes de grupos de exterm\u00ednio investigados em janeiro passado, na CPI da Assembleia Legislativa do Par\u00e1 (Alepa), quando o psolista ainda exercia mandato parlamentar no estado. Al\u00e9m do nosso deputado, tamb\u00e9m est\u00e3o sendo amea\u00e7ados o deputado estadual Carlos Bordalo (PT) e o promotor de justi\u00e7a de Bel\u00e9m Armando Brasil. Edmilson foi o autor da CPI e Bordalo o relator. A&nbsp;CPI denunciou pessoas, entre civis, empres\u00e1rio, policiais e ex-policiais.<br \/>\n\t&nbsp;<br \/>\n\tNa \u00faltima sexta-feira (03), Edmilson teve audi\u00eancia com o secret\u00e1rio estadual de Seguran\u00e7a P\u00fablica e Defesa Social, Jeannot Jansen, em Bel\u00e9m, para pedir a apura\u00e7\u00e3o e provid\u00eancias acerca da amea\u00e7a de morte. A den\u00fancia d\u00e1 conta de que teria sido definida uma lista de lideran\u00e7as marcadas para morrer por um grupo de mil\u00edcia que age no bairro do Guam\u00e1, na capital paraense. Edmilson tamb\u00e9m pediu celeridade na conclus\u00e3o do inqu\u00e9rito policial que apura a chacina ocorrida h\u00e1 oito meses.<br \/>\n\t&nbsp;<br \/>\n\tA partir de agora o PSOL d\u00e1 in\u00edcio \u00e0 campanha&nbsp;<a data-ft=\"{&quot;tn&quot;:&quot;*N&quot;,&quot;type&quot;:104}\" href=\"https:\/\/www.facebook.com\/hashtag\/tocomedmilson?source=feed_text&amp;story_id=467030950125211\"><span aria-label=\"hashtag\">?#?<\/span>ToComEdmilson<\/a>&nbsp;e convida toda a milit\u00e2ncia e apoiadores a aderir. Edmilson est\u00e1 sendo perseguido pela sua atua\u00e7\u00e3o combativa, em defesa dos direitos humanos, desempenhada ao longo de seus mandatos como deputado estadual do Par\u00e1 e agora como deputado federal. Mas tais amea\u00e7as n\u00e3o nos intimidar\u00e3o e tamb\u00e9m n\u00e3o calar\u00e3o a voz do nosso parlamentar.<br \/>\n\t&nbsp;<br \/>\n\t#ToComEdmilson<br \/>\n\t&nbsp;<br \/>\n\tSaiba mais sobre o caso:&nbsp;<a href=\"http:\/\/l.facebook.com\/l.php?u=http%3A%2F%2Fbit.ly%2F1LVo14M&amp;h=sAQECg5iP&amp;enc=AZNjIZrZqv-n5dMyNVLRhhoi1fLWedsLMfILtkBpu-YuPCwa1pyVrUTlxlNpF685bU6ZbwN0sCrWylECqE33zHMn-C-6PeGahWiKXt6GKCmDIyZso7j2HXyEi6xvxfYnHeSH-xD4a4-UpWSUgTipQn-upFEyNmSa587WoUsuG9CZmvJZEgpbkbHSxpUG8VHxczL7svZJbZ6We5VecP2U4kJk&amp;s=1\" target=\"_blank\" rel=\"noopener\">http:\/\/bit.ly\/1LVo14M<\/a><br \/>\n\t<a href=\"http:\/\/bit.ly\/1LXtwN7\" target=\"_blank\" rel=\"noopener\">http:\/\/bit.ly\/1LXtwN7<\/a><br \/>\n\t<a href=\"http:\/\/bit.ly\/1S6UHHl\" target=\"_blank\" rel=\"noopener\">http:\/\/bit.ly\/1S6UHHl<\/a><\/span><\/span><\/p>\n<p>&nbsp;<\/p>\n","protected":false},"excerpt":{"rendered":"<p>O deputado federal do PSOL do Par\u00e1 Edmilson Rodrigues \u00e9 alvo de amea\u00e7as de morte por integrantes de grupos de exterm\u00ednio investigados em janeiro passado, na CPI da Assembleia Legislativa do Par\u00e1 (Alepa), quando o psolista ainda exercia mandato parlamentar no estado<\/p>\n","protected":false},"author":2,"featured_media":0,"comment_status":"open","ping_status":"open","sticky":false,"template":"","format":"standard","meta":{"_acf_changed":false,"footnotes":""},"categories":[6],"tags":[],"class_list":{"0":"post-3330","1":"post","2":"type-post","3":"status-publish","4":"format-standard","6":"category-noticias"},"acf":[],"yoast_head":"<!-- This site is optimized with the Yoast SEO plugin v26.5 - https:\/\/yoast.com\/wordpress\/plugins\/seo\/ -->\n<title>Entre na campanha #ToComEdmilson - PSOL 50<\/title>\n<meta name=\"robots\" content=\"index, follow, max-snippet:-1, max-image-preview:large, max-video-preview:-1\" \/>\n<link rel=\"canonical\" href=\"https:\/\/psol50.org.br\/entre-na-campanha-tocomedmilson\/\" \/>\n<meta property=\"og:locale\" content=\"pt_BR\" \/>\n<meta property=\"og:type\" content=\"article\" \/>\n<meta property=\"og:title\" content=\"Entre na campanha #ToComEdmilson - PSOL 50\" \/>\n<meta property=\"og:description\" content=\"O deputado federal do PSOL do Par\u00e1 Edmilson Rodrigues \u00e9 alvo de amea\u00e7as de morte por integrantes de grupos de exterm\u00ednio investigados em janeiro passado, na CPI da Assembleia Legislativa do Par\u00e1 (Alepa), quando o psolista ainda exercia mandato parlamentar no estado\" \/>\n<meta property=\"og:url\" content=\"https:\/\/psol50.org.br\/entre-na-campanha-tocomedmilson\/\" \/>\n<meta property=\"og:site_name\" content=\"PSOL 50\" \/>\n<meta property=\"article:publisher\" content=\"https:\/\/www.facebook.com\/psol50\" \/>\n<meta property=\"article:published_time\" content=\"2015-07-08T00:00:00+00:00\" \/>\n<meta property=\"og:image\" content=\"https:\/\/psol50.org.br\/inc\/uploads\/2018\/07\/capa.png\" \/>\n\t<meta property=\"og:image:width\" content=\"1350\" \/>\n\t<meta property=\"og:image:height\" content=\"900\" \/>\n\t<meta property=\"og:image:type\" content=\"image\/png\" \/>\n<meta name=\"author\" content=\"Comunica\u00e7\u00e3o PSOL\" \/>\n<meta name=\"twitter:card\" content=\"summary_large_image\" \/>\n<meta name=\"twitter:creator\" content=\"@psol50\" \/>\n<meta name=\"twitter:site\" content=\"@psol50\" \/>\n<meta name=\"twitter:label1\" content=\"Escrito por\" \/>\n\t<meta name=\"twitter:data1\" content=\"Comunica\u00e7\u00e3o PSOL\" \/>\n\t<meta name=\"twitter:label2\" content=\"Est. tempo de leitura\" \/>\n\t<meta name=\"twitter:data2\" content=\"1 minuto\" \/>\n<script type=\"application\/ld+json\" class=\"yoast-schema-graph\">{\"@context\":\"https:\/\/schema.org\",\"@graph\":[{\"@type\":\"Article\",\"@id\":\"https:\/\/psol50.org.br\/entre-na-campanha-tocomedmilson\/#article\",\"isPartOf\":{\"@id\":\"https:\/\/psol50.org.br\/entre-na-campanha-tocomedmilson\/\"},\"author\":{\"name\":\"Comunica\u00e7\u00e3o PSOL\",\"@id\":\"https:\/\/psol50.org.br\/#\/schema\/person\/475dfa57d0b815993c714c2e96491fcd\"},\"headline\":\"Entre na campanha #ToComEdmilson\",\"datePublished\":\"2015-07-08T00:00:00+00:00\",\"mainEntityOfPage\":{\"@id\":\"https:\/\/psol50.org.br\/entre-na-campanha-tocomedmilson\/\"},\"wordCount\":292,\"commentCount\":0,\"publisher\":{\"@id\":\"https:\/\/psol50.org.br\/#organization\"},\"articleSection\":[\"Not\u00edcias\"],\"inLanguage\":\"pt-BR\",\"potentialAction\":[{\"@type\":\"CommentAction\",\"name\":\"Comment\",\"target\":[\"https:\/\/psol50.org.br\/entre-na-campanha-tocomedmilson\/#respond\"]}]},{\"@type\":\"WebPage\",\"@id\":\"https:\/\/psol50.org.br\/entre-na-campanha-tocomedmilson\/\",\"url\":\"https:\/\/psol50.org.br\/entre-na-campanha-tocomedmilson\/\",\"name\":\"Entre na campanha #ToComEdmilson - PSOL 50\",\"isPartOf\":{\"@id\":\"https:\/\/psol50.org.br\/#website\"},\"datePublished\":\"2015-07-08T00:00:00+00:00\",\"breadcrumb\":{\"@id\":\"https:\/\/psol50.org.br\/entre-na-campanha-tocomedmilson\/#breadcrumb\"},\"inLanguage\":\"pt-BR\",\"potentialAction\":[{\"@type\":\"ReadAction\",\"target\":[\"https:\/\/psol50.org.br\/entre-na-campanha-tocomedmilson\/\"]}]},{\"@type\":\"BreadcrumbList\",\"@id\":\"https:\/\/psol50.org.br\/entre-na-campanha-tocomedmilson\/#breadcrumb\",\"itemListElement\":[{\"@type\":\"ListItem\",\"position\":1,\"name\":\"In\u00edcio\",\"item\":\"https:\/\/psol50.org.br\/\"},{\"@type\":\"ListItem\",\"position\":2,\"name\":\"Entre na campanha #ToComEdmilson\"}]},{\"@type\":\"WebSite\",\"@id\":\"https:\/\/psol50.org.br\/#website\",\"url\":\"https:\/\/psol50.org.br\/\",\"name\":\"PSOL 50\",\"description\":\"Site oficial do Partido Socialismo e Liberdade\",\"publisher\":{\"@id\":\"https:\/\/psol50.org.br\/#organization\"},\"alternateName\":\"PSOL50\",\"potentialAction\":[{\"@type\":\"SearchAction\",\"target\":{\"@type\":\"EntryPoint\",\"urlTemplate\":\"https:\/\/psol50.org.br\/?s={search_term_string}\"},\"query-input\":{\"@type\":\"PropertyValueSpecification\",\"valueRequired\":true,\"valueName\":\"search_term_string\"}}],\"inLanguage\":\"pt-BR\"},{\"@type\":\"Organization\",\"@id\":\"https:\/\/psol50.org.br\/#organization\",\"name\":\"PSOL 50\",\"alternateName\":\"PSOL 50\",\"url\":\"https:\/\/psol50.org.br\/\",\"logo\":{\"@type\":\"ImageObject\",\"inLanguage\":\"pt-BR\",\"@id\":\"https:\/\/psol50.org.br\/#\/schema\/logo\/image\/\",\"url\":\"https:\/\/psol50.org.br\/inc\/uploads\/2018\/07\/capa.png\",\"contentUrl\":\"https:\/\/psol50.org.br\/inc\/uploads\/2018\/07\/capa.png\",\"width\":1350,\"height\":900,\"caption\":\"PSOL 50\"},\"image\":{\"@id\":\"https:\/\/psol50.org.br\/#\/schema\/logo\/image\/\"},\"sameAs\":[\"https:\/\/www.facebook.com\/psol50\",\"https:\/\/x.com\/psol50\",\"https:\/\/www.instagram.com\/psol50\/\",\"https:\/\/www.youtube.com\/channel\/UC7SnJS5o1os7a6CaiNabzcg\"]},{\"@type\":\"Person\",\"@id\":\"https:\/\/psol50.org.br\/#\/schema\/person\/475dfa57d0b815993c714c2e96491fcd\",\"name\":\"Comunica\u00e7\u00e3o PSOL\",\"image\":{\"@type\":\"ImageObject\",\"inLanguage\":\"pt-BR\",\"@id\":\"https:\/\/psol50.org.br\/#\/schema\/person\/image\/\",\"url\":\"https:\/\/secure.gravatar.com\/avatar\/b34fc4f4e468a4e51785917065a3db57b841f5c95dba6ad8c73aaf8f66f8f9bf?s=96&d=mm&r=g\",\"contentUrl\":\"https:\/\/secure.gravatar.com\/avatar\/b34fc4f4e468a4e51785917065a3db57b841f5c95dba6ad8c73aaf8f66f8f9bf?s=96&d=mm&r=g\",\"caption\":\"Comunica\u00e7\u00e3o PSOL\"}}]}<\/script>\n<!-- \/ Yoast SEO plugin. -->","yoast_head_json":{"title":"Entre na campanha #ToComEdmilson - PSOL 50","robots":{"index":"index","follow":"follow","max-snippet":"max-snippet:-1","max-image-preview":"max-image-preview:large","max-video-preview":"max-video-preview:-1"},"canonical":"https:\/\/psol50.org.br\/entre-na-campanha-tocomedmilson\/","og_locale":"pt_BR","og_type":"article","og_title":"Entre na campanha #ToComEdmilson - PSOL 50","og_description":"O deputado federal do PSOL do Par\u00e1 Edmilson Rodrigues \u00e9 alvo de amea\u00e7as de morte por integrantes de grupos de exterm\u00ednio investigados em janeiro passado, na CPI da Assembleia Legislativa do Par\u00e1 (Alepa), quando o psolista ainda exercia mandato parlamentar no estado","og_url":"https:\/\/psol50.org.br\/entre-na-campanha-tocomedmilson\/","og_site_name":"PSOL 50","article_publisher":"https:\/\/www.facebook.com\/psol50","article_published_time":"2015-07-08T00:00:00+00:00","og_image":[{"width":1350,"height":900,"url":"https:\/\/psol50.org.br\/inc\/uploads\/2018\/07\/capa.png","type":"image\/png"}],"author":"Comunica\u00e7\u00e3o PSOL","twitter_card":"summary_large_image","twitter_creator":"@psol50","twitter_site":"@psol50","twitter_misc":{"Escrito por":"Comunica\u00e7\u00e3o PSOL","Est. tempo de leitura":"1 minuto"},"schema":{"@context":"https:\/\/schema.org","@graph":[{"@type":"Article","@id":"https:\/\/psol50.org.br\/entre-na-campanha-tocomedmilson\/#article","isPartOf":{"@id":"https:\/\/psol50.org.br\/entre-na-campanha-tocomedmilson\/"},"author":{"name":"Comunica\u00e7\u00e3o PSOL","@id":"https:\/\/psol50.org.br\/#\/schema\/person\/475dfa57d0b815993c714c2e96491fcd"},"headline":"Entre na campanha #ToComEdmilson","datePublished":"2015-07-08T00:00:00+00:00","mainEntityOfPage":{"@id":"https:\/\/psol50.org.br\/entre-na-campanha-tocomedmilson\/"},"wordCount":292,"commentCount":0,"publisher":{"@id":"https:\/\/psol50.org.br\/#organization"},"articleSection":["Not\u00edcias"],"inLanguage":"pt-BR","potentialAction":[{"@type":"CommentAction","name":"Comment","target":["https:\/\/psol50.org.br\/entre-na-campanha-tocomedmilson\/#respond"]}]},{"@type":"WebPage","@id":"https:\/\/psol50.org.br\/entre-na-campanha-tocomedmilson\/","url":"https:\/\/psol50.org.br\/entre-na-campanha-tocomedmilson\/","name":"Entre na campanha #ToComEdmilson - PSOL 50","isPartOf":{"@id":"https:\/\/psol50.org.br\/#website"},"datePublished":"2015-07-08T00:00:00+00:00","breadcrumb":{"@id":"https:\/\/psol50.org.br\/entre-na-campanha-tocomedmilson\/#breadcrumb"},"inLanguage":"pt-BR","potentialAction":[{"@type":"ReadAction","target":["https:\/\/psol50.org.br\/entre-na-campanha-tocomedmilson\/"]}]},{"@type":"BreadcrumbList","@id":"https:\/\/psol50.org.br\/entre-na-campanha-tocomedmilson\/#breadcrumb","itemListElement":[{"@type":"ListItem","position":1,"name":"In\u00edcio","item":"https:\/\/psol50.org.br\/"},{"@type":"ListItem","position":2,"name":"Entre na campanha #ToComEdmilson"}]},{"@type":"WebSite","@id":"https:\/\/psol50.org.br\/#website","url":"https:\/\/psol50.org.br\/","name":"PSOL 50","description":"Site oficial do Partido Socialismo e Liberdade","publisher":{"@id":"https:\/\/psol50.org.br\/#organization"},"alternateName":"PSOL50","potentialAction":[{"@type":"SearchAction","target":{"@type":"EntryPoint","urlTemplate":"https:\/\/psol50.org.br\/?s={search_term_string}"},"query-input":{"@type":"PropertyValueSpecification","valueRequired":true,"valueName":"search_term_string"}}],"inLanguage":"pt-BR"},{"@type":"Organization","@id":"https:\/\/psol50.org.br\/#organization","name":"PSOL 50","alternateName":"PSOL 50","url":"https:\/\/psol50.org.br\/","logo":{"@type":"ImageObject","inLanguage":"pt-BR","@id":"https:\/\/psol50.org.br\/#\/schema\/logo\/image\/","url":"https:\/\/psol50.org.br\/inc\/uploads\/2018\/07\/capa.png","contentUrl":"https:\/\/psol50.org.br\/inc\/uploads\/2018\/07\/capa.png","width":1350,"height":900,"caption":"PSOL 50"},"image":{"@id":"https:\/\/psol50.org.br\/#\/schema\/logo\/image\/"},"sameAs":["https:\/\/www.facebook.com\/psol50","https:\/\/x.com\/psol50","https:\/\/www.instagram.com\/psol50\/","https:\/\/www.youtube.com\/channel\/UC7SnJS5o1os7a6CaiNabzcg"]},{"@type":"Person","@id":"https:\/\/psol50.org.br\/#\/schema\/person\/475dfa57d0b815993c714c2e96491fcd","name":"Comunica\u00e7\u00e3o PSOL","image":{"@type":"ImageObject","inLanguage":"pt-BR","@id":"https:\/\/psol50.org.br\/#\/schema\/person\/image\/","url":"https:\/\/secure.gravatar.com\/avatar\/b34fc4f4e468a4e51785917065a3db57b841f5c95dba6ad8c73aaf8f66f8f9bf?s=96&d=mm&r=g","contentUrl":"https:\/\/secure.gravatar.com\/avatar\/b34fc4f4e468a4e51785917065a3db57b841f5c95dba6ad8c73aaf8f66f8f9bf?s=96&d=mm&r=g","caption":"Comunica\u00e7\u00e3o PSOL"}}]}},"_links":{"self":[{"href":"https:\/\/psol50.org.br\/rest\/wp\/v2\/posts\/3330","targetHints":{"allow":["GET"]}}],"collection":[{"href":"https:\/\/psol50.org.br\/rest\/wp\/v2\/posts"}],"about":[{"href":"https:\/\/psol50.org.br\/rest\/wp\/v2\/types\/post"}],"author":[{"embeddable":true,"href":"https:\/\/psol50.org.br\/rest\/wp\/v2\/users\/2"}],"replies":[{"embeddable":true,"href":"https:\/\/psol50.org.br\/rest\/wp\/v2\/comments?post=3330"}],"version-history":[{"count":0,"href":"https:\/\/psol50.org.br\/rest\/wp\/v2\/posts\/3330\/revisions"}],"wp:attachment":[{"href":"https:\/\/psol50.org.br\/rest\/wp\/v2\/media?parent=3330"}],"wp:term":[{"taxonomy":"category","embeddable":true,"href":"https:\/\/psol50.org.br\/rest\/wp\/v2\/categories?post=3330"},{"taxonomy":"post_tag","embeddable":true,"href":"https:\/\/psol50.org.br\/rest\/wp\/v2\/tags?post=3330"}],"curies":[{"name":"wp","href":"https:\/\/api.w.org\/{rel}","templated":true}]}}