{"id":3332,"date":"2015-07-09T00:00:00","date_gmt":"2015-07-09T00:00:00","guid":{"rendered":"http:\/\/psol50.org.br\/arquivo\/2015\/07\/09\/dirigente-da-intersindical-aponta-organizacao-da-esquerda-como-saida-para-barrar-retrocessos\/"},"modified":"2015-07-09T00:00:00","modified_gmt":"2015-07-09T00:00:00","slug":"dirigente-da-intersindical-aponta-organizacao-da-esquerda-como-saida-para-barrar-retrocessos","status":"publish","type":"post","link":"https:\/\/psol50.org.br\/dirigente-da-intersindical-aponta-organizacao-da-esquerda-como-saida-para-barrar-retrocessos\/","title":{"rendered":"Dirigente da Intersindical aponta organiza\u00e7\u00e3o da esquerda como sa\u00edda para barrar retrocessos"},"content":{"rendered":"<p style=\"text-align: justify;\">\n\t<span style=\"font-family:arial,helvetica,sans-serif;\"><span style=\"font-size:12px;\"><em>Do PSOL Nacional, Leonor Costa<\/em><\/p>\n<p>\tResistir e lutar contra todos os ataques, independentemente de onde venham, \u00e9 o principal desafio da esquerda e dos movimentos social e sindical neste contexto de ajuste fiscal por parte do governo Dilma e tamb\u00e9m de avan\u00e7o das pautas conservadoras, segundo avalia o secret\u00e1rio geral da Intersindical \u2013 Central da Classe Trabalhadora, Edson Carneiro \u00cdndio. Em entrevista \u00e0 imprensa do PSOL, o banc\u00e1rio considera que o pa\u00eds vive um momento que exige organiza\u00e7\u00e3o e uma forte resist\u00eancia dos setores populares e da classe trabalhadora. Segundo ele, uma Frente por Reformas Populares pode ser uma sa\u00edda para reunir v\u00e1rios lutadores dispostos a enfrentar o avan\u00e7o dessa conjuntura. \u201cA unidade de todos os setores \u00e9, mais do que nunca, uma necessidade para derrotar essa ofensiva reacion\u00e1ria, combater o ajuste fiscal, defender direitos sociais e ganhar for\u00e7a para recolocar em pauta as reformas que possam ir \u00e0s ra\u00edzes dos principais problemas que afligem a maioria do povo brasileiro\u201d. &nbsp;<br \/>\n\t&nbsp;<br \/>\n\t\u00cdndio enumera v\u00e1rias ofensivas que exigem a atua\u00e7\u00e3o qualificada das organiza\u00e7\u00f5es de esquerda. \u201cS\u00e3o muitos os ataques que partem do Congresso, do STF e do ajuste fiscal do governo. E \u00e9 preciso estar alerta e mobilizado\u201d.<br \/>\n\t&nbsp;<br \/>\n\tO PL da Terceiriza\u00e7\u00e3o (PLC 30, no Senado), a proposta de redu\u00e7\u00e3o da maioridade penal, o financiamento de empresas aos partidos e o ataque \u00e0s terras ind\u00edgenas s\u00e3o algumas das quest\u00f5es que o secret\u00e1rio geral da Intersindical considera que o movimento sindical precisa combater no \u00e2mbito do Congresso Nacional.&nbsp;J\u00e1 em rela\u00e7\u00e3o \u00e0 pol\u00edtica do governo federal, ele aponta os juros altos, a pol\u00edtica econ\u00f4mica recessiva que leva ao aumento do desemprego e os cortes em investimentos nas \u00e1reas sociais, na educa\u00e7\u00e3o e na sa\u00fade. \u201cAl\u00e9m disso, \u00e9 preciso pressionar para que o governo n\u00e3o vete a proposta de reajuste maior aos aposentados que recebem acima do sal\u00e1rio m\u00ednimo\u201d, ressalta.<br \/>\n\t&nbsp;<br \/>\n\tConfira abaixo a entrevista completa que o dirigente sindical concedeu \u00e0 imprensa do PSOL.<br \/>\n\t&nbsp;<br \/>\n\t<strong>PSOL- Qual a previs\u00e3o de vota\u00e7\u00e3o do projeto da terceiriza\u00e7\u00e3o, que agora tramita no Senado como PLC 30\/2015?<\/strong><br \/>\n\t&nbsp;<br \/>\n\t<strong>Edson Carneiro \u00cdndio:<\/strong> Temos de ficar atentos para que n\u00e3o aconte\u00e7a uma vota\u00e7\u00e3o em regime de urg\u00eancia, o que levaria a decis\u00e3o diretamente ao plen\u00e1rio do Senado. Isso pode ser feito se houver solicita\u00e7\u00e3o assinada de apenas 21 senadores, n\u00famero pequeno diante da bancada patronal naquela casa. Ou seja, com a composi\u00e7\u00e3o deste congresso, a vota\u00e7\u00e3o pode acontecer a qualquer momento. Se seguir a tramita\u00e7\u00e3o regular, o PLC 30 tem de ser apreciado por cinco comiss\u00f5es: CCJ, de Assuntos Econ\u00f4micos, de Direitos Humanos (CDH), de Assuntos Sociais e de Ci\u00eancia e Tecnologia. Portanto, \u00e9 preciso pressionar para que o projeto seja debatido em todas essas comiss\u00f5es. Se isso ocorrer, dificilmente a vota\u00e7\u00e3o se dar\u00e1 em 2015. Por isso, \u00e9 importante manter a vigil\u00e2ncia e a press\u00e3o sobre os senadores.<br \/>\n\t&nbsp;<br \/>\n\t<strong>PSOL- Como est\u00e1 a movimenta\u00e7\u00e3o do movimento sindical, em especial da Intersindical, em torno dessa pauta?<\/strong><br \/>\n\t&nbsp;<br \/>\n\t<strong>Edson Carneiro \u00cdndio:<\/strong> A Intersindical atuou nos \u00faltimos cinco anos na tentativa de barrar o projeto na C\u00e2mara. Ali\u00e1s, essa movimenta\u00e7\u00e3o foi bem sucedida, pois conseguimos adiar a vota\u00e7\u00e3o por todos esses anos. No entanto, ap\u00f3s a vota\u00e7\u00e3o na C\u00e2mara, o assunto ganhou destaque, entrou nas preocupa\u00e7\u00f5es dos trabalhadores e da sociedade e acabou por ampliar a resist\u00eancia a esse projeto nefasto para a classe trabalhadora.<br \/>\n\t&nbsp;<br \/>\n\tNeste momento, trata-se de ampliar esse debate com a base. Existem setores do movimento sindical, inclusive da esquerda, que n\u00e3o fizeram esse debate sequer com seus dirigentes. Com um amplo debate sobre as consequ\u00eancias brutais na vida do trabalhador, esse tema tem potencial de produzir uma greve geral para impedir sua aprova\u00e7\u00e3o.&nbsp;<br \/>\n\t&nbsp;<br \/>\n\tPor outro lado, os setores j\u00e1 comprometidos com essa pauta t\u00eam procurado pressionar os senadores em seus estados. Isso \u00e9 muito importante. Como s\u00e3o tr\u00eas senadores em cada estado, \u00e9 mais f\u00e1cil procur\u00e1-los diretamente em suas bases e exigir um posicionamento contr\u00e1rio ao projeto da precariza\u00e7\u00e3o.<br \/>\n\t&nbsp;<br \/>\n\tUma iniciativa muito importante tem sido as audi\u00eancias p\u00fablicas que est\u00e3o acontecendo em todas as Assembleias Legislativas do Pa\u00eds sobre o PLC 30. A de S\u00e3o Paulo, por exemplo, que aconteceu h\u00e1 duas semanas, reuniu mais de mil dirigentes sindicais e trabalhadores e ocupou tr\u00eas plen\u00e1rios da Alesp. Em todos os estados, a participa\u00e7\u00e3o nestas audi\u00eancias tem sido massivas. J\u00e1 houve tamb\u00e9m em Minas, Santa Catarina, Paran\u00e1, Rio Grande do Sul, Rio de Janeiro, Pernambuco. Dia 21 de julho ser\u00e1 no Cear\u00e1 e 22 de julho no Rio Grande do Norte. A milit\u00e2ncia da Intersindical tem participado ativamente de todas elas. Importante registrar que todas as audi\u00eancias s\u00e3o presididas pelo senador Paulo Paim e a Comiss\u00e3o de Direitos Humanos do Senado, e ir\u00e3o compor o relat\u00f3rio da CDH sobre a mat\u00e9ria. Os parlamentares do PSOL tamb\u00e9m t\u00eam comparecido nas audi\u00eancias e registrado a posi\u00e7\u00e3o contr\u00e1ria a esse projeto.<br \/>\n\t&nbsp;<br \/>\n\t<strong>PSOL- H\u00e1 algum calend\u00e1rio de lutas aprovado pelo movimento para barrar esse e outros projetos que representem retrocessos para o pa\u00eds? Quais as est\u00e3o entidades envolvidas?<\/strong><br \/>\n\t&nbsp;<br \/>\n\t<strong>Edson Carneiro \u00cdndio:<\/strong> Tivemos um calend\u00e1rio unit\u00e1rio no \u00faltimo per\u00edodo que foi importante, com destaque para os dias 15 de abril e 29 de maio. E existem articula\u00e7\u00f5es das centrais com o movimento popular para dar continuidade ao processo de luta.&nbsp;<br \/>\n\t&nbsp;<br \/>\n\t<strong>PSOL- Al\u00e9m do PL da terceiriza\u00e7\u00e3o, qual outra pauta tamb\u00e9m vem preocupando o movimento sindical no momento?<\/strong><br \/>\n\t&nbsp;<br \/>\n\t<strong>Edson Carneiro \u00cdndio:<\/strong> S\u00e3o muitos os ataques que partem do Congresso, do STF e do ajuste fiscal do governo. E \u00e9 preciso estar alerta e mobilizado. No Congresso, a redu\u00e7\u00e3o da maioridade penal, as tentativas de entregar a Petrobras ou acabar com o conte\u00fado nacional, que \u00e9 fundamental na garantia de mais de 600 mil empregos no Pa\u00eds, o financiamento empresarial de campanhas e o ataque \u00e0s terras ind\u00edgenas s\u00e3o quest\u00f5es que o movimento sindical precisa fazer o combate. Outra quest\u00e3o \u00e9 derrubar o veto presidencial \u00e0 emenda que criou a regra 85\/95, que \u00e9 um avan\u00e7o ao oferecer uma alternativa ao fator previdenci\u00e1rio. E temos de derrotar a proposta do governo Dilma de progressividade dessa regra. &nbsp;<br \/>\n\t&nbsp;<br \/>\n\tDo governo federal, os juros alt\u00edssimos, a pol\u00edtica econ\u00f4mica recessiva que leva ao aumento do desemprego e os cortes de investimentos exigem enfrentamentos. Al\u00e9m disso, \u00e9 preciso pressionar para que o governo n\u00e3o vete a proposta de reajuste maior aos aposentados que recebem acima do sal\u00e1rio m\u00ednimo.<br \/>\n\t&nbsp;<br \/>\n\tNingu\u00e9m fala, mas o STF tem tido um ativismo contra os trabalhadores muito parecido com o do Congresso, a exemplo da decis\u00e3o sobre a preval\u00eancia do negociado sobre o legislado e de considerar constitucional as OSs no setor p\u00fablico, o que possibilita ampliar a terceiriza\u00e7\u00e3o na sa\u00fade, educa\u00e7\u00e3o, cultura e desportos com grav\u00edssimas consequ\u00eancias. Por isso, \u00e9 necess\u00e1rio que os trabalhadores fiquem alertas sobre as decis\u00f5es do STF. &nbsp; &nbsp; &nbsp;&nbsp;<br \/>\n\t&nbsp;<br \/>\n\t<strong>PSOL- Em rela\u00e7\u00e3o \u00e0s lutas espec\u00edficas dos trabalhadores, quais categorias de maior peso est\u00e3o em processo de mobiliza\u00e7\u00e3o por campanha salarial neste momento? <\/strong><br \/>\n\t&nbsp;<br \/>\n\t<strong>Edson Carneiro \u00cdndio:<\/strong> Neste momento, os servidores federais realizam uma grande mobiliza\u00e7\u00e3o, em particular o pessoal da universidade que est\u00e1 em greve desde 29 de maio. A tend\u00eancia \u00e9 que os demais setores do funcionalismo federal se juntem ao processo. E logo mais, categorias importantes como banc\u00e1rios, metal\u00fargicos, petroleiros e qu\u00edmicos dever\u00e3o desenvolver suas lutas neste segundo semestre. Ao que tudo indica, ser\u00e3o campanhas dur\u00edssimas que enfrentar\u00e3o o velho argumento empresarial de que n\u00e3o se pode ter aumento real em per\u00edodo de crise. Por isso, \u00e9 muito importante a unidade desses setores, al\u00e9m de amplo di\u00e1logo com a sociedade.<br \/>\n\t&nbsp;<br \/>\n\t<strong>PSOL- O fato mais recente que deixou a esquerda e os movimentos sociais bastante indignados foi a manobra de Eduardo Cunha, presidente da C\u00e2mara, para aprovar a redu\u00e7\u00e3o da maioridade penal, demonstrando o grau de conservadorismo de sua gest\u00e3o \u00e0 frente da C\u00e2mara. Fora isso, como voc\u00ea mesmo j\u00e1 disse, tem as pol\u00edticas do governo Dilma de ajuste fiscal, em que as consequ\u00eancias recaem somente em cima dos trabalhadores. Na sua avalia\u00e7\u00e3o, como os movimentos social e sindical devem se preparar para impedir mais retrocessos?<\/strong><br \/>\n\t&nbsp;<br \/>\n\t<strong>Edson Carneiro \u00cdndio:<\/strong> Primeiro \u00e9 preciso que fique claro para todos os setores que \u00e9 necess\u00e1rio resistir e lutar contra todos os ataques, venham de onde vier. A direita est\u00e1 nas ruas, a ofensiva conservadora, principalmente atrav\u00e9s do papel da m\u00eddia, tem conseguido alargar sua influ\u00eancia social. Registro, tamb\u00e9m, que os ataques do governo federal aos trabalhadores e os erros do PT ajudam a direita a impor sua pauta absolutamente regressiva, como a terceiriza\u00e7\u00e3o, a maioridade penal e o financiamento empresarial de campanhas. E essa pauta, se aprovada, aprofundar\u00e1 a barb\u00e1rie social no Brasil e por isso precisa ser combatida.&nbsp;<br \/>\n\t&nbsp;<br \/>\n\tEsse \u00e9 um per\u00edodo de resist\u00eancia. A Intersindical entende que uma Frente por Reformas Populares, nos moldes propostos pelo MTST e que aglutine todos que querem lutar, \u00e9 a sa\u00edda para essa conjuntura. A unidade de todos os setores \u00e9, mais do que nunca, uma necessidade para derrotar essa ofensiva reacion\u00e1ria, combater o ajuste fiscal, defender direitos sociais e ganhar for\u00e7a para recolocar em pauta as reformas que possam ir \u00e0s ra\u00edzes dos principais problemas que afligem a maioria do povo brasileiro. &nbsp;<\/span><\/span><\/p>\n<p>\t<em>Foto de capa: Nelson Ez\u00eddio\/Intersindical<\/em><\/p>\n","protected":false},"excerpt":{"rendered":"<p>\u201cS\u00e3o muitos os ataques que partem do Congresso, do STF e do ajuste fiscal do governo. E \u00e9 preciso estar alerta e mobilizado\u201d, afirma Edson Carneiro \u00cdndio<\/p>\n","protected":false},"author":2,"featured_media":0,"comment_status":"open","ping_status":"open","sticky":false,"template":"","format":"standard","meta":{"_acf_changed":false,"footnotes":""},"categories":[1104,6],"tags":[],"class_list":{"0":"post-3332","1":"post","2":"type-post","3":"status-publish","4":"format-standard","6":"category-movimento","7":"category-noticias"},"acf":[],"yoast_head":"<!-- This site is optimized with the Yoast SEO plugin v26.5 - https:\/\/yoast.com\/wordpress\/plugins\/seo\/ -->\n<title>Dirigente da Intersindical aponta organiza\u00e7\u00e3o da esquerda como sa\u00edda para barrar retrocessos - PSOL 50<\/title>\n<meta name=\"robots\" content=\"index, follow, max-snippet:-1, max-image-preview:large, max-video-preview:-1\" \/>\n<link rel=\"canonical\" href=\"https:\/\/psol50.org.br\/dirigente-da-intersindical-aponta-organizacao-da-esquerda-como-saida-para-barrar-retrocessos\/\" \/>\n<meta property=\"og:locale\" content=\"pt_BR\" \/>\n<meta property=\"og:type\" content=\"article\" \/>\n<meta property=\"og:title\" content=\"Dirigente da Intersindical aponta organiza\u00e7\u00e3o da esquerda como sa\u00edda para barrar retrocessos - PSOL 50\" \/>\n<meta property=\"og:description\" content=\"\u201cS\u00e3o muitos os ataques que partem do Congresso, do STF e do ajuste fiscal do governo. E \u00e9 preciso estar alerta e mobilizado\u201d, afirma Edson Carneiro \u00cdndio\" \/>\n<meta property=\"og:url\" content=\"https:\/\/psol50.org.br\/dirigente-da-intersindical-aponta-organizacao-da-esquerda-como-saida-para-barrar-retrocessos\/\" \/>\n<meta property=\"og:site_name\" content=\"PSOL 50\" \/>\n<meta property=\"article:publisher\" content=\"https:\/\/www.facebook.com\/psol50\" \/>\n<meta property=\"article:published_time\" content=\"2015-07-09T00:00:00+00:00\" \/>\n<meta property=\"og:image\" content=\"https:\/\/psol50.org.br\/inc\/uploads\/2018\/07\/capa.png\" \/>\n\t<meta property=\"og:image:width\" content=\"1350\" \/>\n\t<meta property=\"og:image:height\" content=\"900\" \/>\n\t<meta property=\"og:image:type\" content=\"image\/png\" \/>\n<meta name=\"author\" content=\"Comunica\u00e7\u00e3o PSOL\" \/>\n<meta name=\"twitter:card\" content=\"summary_large_image\" \/>\n<meta name=\"twitter:creator\" content=\"@psol50\" \/>\n<meta name=\"twitter:site\" content=\"@psol50\" \/>\n<meta name=\"twitter:label1\" content=\"Escrito por\" \/>\n\t<meta name=\"twitter:data1\" content=\"Comunica\u00e7\u00e3o PSOL\" \/>\n\t<meta name=\"twitter:label2\" content=\"Est. tempo de leitura\" \/>\n\t<meta name=\"twitter:data2\" content=\"8 minutos\" \/>\n<script type=\"application\/ld+json\" class=\"yoast-schema-graph\">{\"@context\":\"https:\/\/schema.org\",\"@graph\":[{\"@type\":\"Article\",\"@id\":\"https:\/\/psol50.org.br\/dirigente-da-intersindical-aponta-organizacao-da-esquerda-como-saida-para-barrar-retrocessos\/#article\",\"isPartOf\":{\"@id\":\"https:\/\/psol50.org.br\/dirigente-da-intersindical-aponta-organizacao-da-esquerda-como-saida-para-barrar-retrocessos\/\"},\"author\":{\"name\":\"Comunica\u00e7\u00e3o PSOL\",\"@id\":\"https:\/\/psol50.org.br\/#\/schema\/person\/475dfa57d0b815993c714c2e96491fcd\"},\"headline\":\"Dirigente da Intersindical aponta organiza\u00e7\u00e3o da esquerda como sa\u00edda para barrar retrocessos\",\"datePublished\":\"2015-07-09T00:00:00+00:00\",\"mainEntityOfPage\":{\"@id\":\"https:\/\/psol50.org.br\/dirigente-da-intersindical-aponta-organizacao-da-esquerda-como-saida-para-barrar-retrocessos\/\"},\"wordCount\":1684,\"commentCount\":0,\"publisher\":{\"@id\":\"https:\/\/psol50.org.br\/#organization\"},\"articleSection\":[\"Movimento\",\"Not\u00edcias\"],\"inLanguage\":\"pt-BR\",\"potentialAction\":[{\"@type\":\"CommentAction\",\"name\":\"Comment\",\"target\":[\"https:\/\/psol50.org.br\/dirigente-da-intersindical-aponta-organizacao-da-esquerda-como-saida-para-barrar-retrocessos\/#respond\"]}]},{\"@type\":\"WebPage\",\"@id\":\"https:\/\/psol50.org.br\/dirigente-da-intersindical-aponta-organizacao-da-esquerda-como-saida-para-barrar-retrocessos\/\",\"url\":\"https:\/\/psol50.org.br\/dirigente-da-intersindical-aponta-organizacao-da-esquerda-como-saida-para-barrar-retrocessos\/\",\"name\":\"Dirigente da Intersindical aponta organiza\u00e7\u00e3o da esquerda como sa\u00edda para barrar retrocessos - PSOL 50\",\"isPartOf\":{\"@id\":\"https:\/\/psol50.org.br\/#website\"},\"datePublished\":\"2015-07-09T00:00:00+00:00\",\"breadcrumb\":{\"@id\":\"https:\/\/psol50.org.br\/dirigente-da-intersindical-aponta-organizacao-da-esquerda-como-saida-para-barrar-retrocessos\/#breadcrumb\"},\"inLanguage\":\"pt-BR\",\"potentialAction\":[{\"@type\":\"ReadAction\",\"target\":[\"https:\/\/psol50.org.br\/dirigente-da-intersindical-aponta-organizacao-da-esquerda-como-saida-para-barrar-retrocessos\/\"]}]},{\"@type\":\"BreadcrumbList\",\"@id\":\"https:\/\/psol50.org.br\/dirigente-da-intersindical-aponta-organizacao-da-esquerda-como-saida-para-barrar-retrocessos\/#breadcrumb\",\"itemListElement\":[{\"@type\":\"ListItem\",\"position\":1,\"name\":\"In\u00edcio\",\"item\":\"https:\/\/psol50.org.br\/\"},{\"@type\":\"ListItem\",\"position\":2,\"name\":\"Dirigente da Intersindical aponta organiza\u00e7\u00e3o da esquerda como sa\u00edda para barrar retrocessos\"}]},{\"@type\":\"WebSite\",\"@id\":\"https:\/\/psol50.org.br\/#website\",\"url\":\"https:\/\/psol50.org.br\/\",\"name\":\"PSOL 50\",\"description\":\"Site oficial do Partido Socialismo e Liberdade\",\"publisher\":{\"@id\":\"https:\/\/psol50.org.br\/#organization\"},\"alternateName\":\"PSOL50\",\"potentialAction\":[{\"@type\":\"SearchAction\",\"target\":{\"@type\":\"EntryPoint\",\"urlTemplate\":\"https:\/\/psol50.org.br\/?s={search_term_string}\"},\"query-input\":{\"@type\":\"PropertyValueSpecification\",\"valueRequired\":true,\"valueName\":\"search_term_string\"}}],\"inLanguage\":\"pt-BR\"},{\"@type\":\"Organization\",\"@id\":\"https:\/\/psol50.org.br\/#organization\",\"name\":\"PSOL 50\",\"alternateName\":\"PSOL 50\",\"url\":\"https:\/\/psol50.org.br\/\",\"logo\":{\"@type\":\"ImageObject\",\"inLanguage\":\"pt-BR\",\"@id\":\"https:\/\/psol50.org.br\/#\/schema\/logo\/image\/\",\"url\":\"https:\/\/psol50.org.br\/inc\/uploads\/2018\/07\/capa.png\",\"contentUrl\":\"https:\/\/psol50.org.br\/inc\/uploads\/2018\/07\/capa.png\",\"width\":1350,\"height\":900,\"caption\":\"PSOL 50\"},\"image\":{\"@id\":\"https:\/\/psol50.org.br\/#\/schema\/logo\/image\/\"},\"sameAs\":[\"https:\/\/www.facebook.com\/psol50\",\"https:\/\/x.com\/psol50\",\"https:\/\/www.instagram.com\/psol50\/\",\"https:\/\/www.youtube.com\/channel\/UC7SnJS5o1os7a6CaiNabzcg\"]},{\"@type\":\"Person\",\"@id\":\"https:\/\/psol50.org.br\/#\/schema\/person\/475dfa57d0b815993c714c2e96491fcd\",\"name\":\"Comunica\u00e7\u00e3o PSOL\",\"image\":{\"@type\":\"ImageObject\",\"inLanguage\":\"pt-BR\",\"@id\":\"https:\/\/psol50.org.br\/#\/schema\/person\/image\/\",\"url\":\"https:\/\/secure.gravatar.com\/avatar\/b34fc4f4e468a4e51785917065a3db57b841f5c95dba6ad8c73aaf8f66f8f9bf?s=96&d=mm&r=g\",\"contentUrl\":\"https:\/\/secure.gravatar.com\/avatar\/b34fc4f4e468a4e51785917065a3db57b841f5c95dba6ad8c73aaf8f66f8f9bf?s=96&d=mm&r=g\",\"caption\":\"Comunica\u00e7\u00e3o PSOL\"}}]}<\/script>\n<!-- \/ Yoast SEO plugin. -->","yoast_head_json":{"title":"Dirigente da Intersindical aponta organiza\u00e7\u00e3o da esquerda como sa\u00edda para barrar retrocessos - PSOL 50","robots":{"index":"index","follow":"follow","max-snippet":"max-snippet:-1","max-image-preview":"max-image-preview:large","max-video-preview":"max-video-preview:-1"},"canonical":"https:\/\/psol50.org.br\/dirigente-da-intersindical-aponta-organizacao-da-esquerda-como-saida-para-barrar-retrocessos\/","og_locale":"pt_BR","og_type":"article","og_title":"Dirigente da Intersindical aponta organiza\u00e7\u00e3o da esquerda como sa\u00edda para barrar retrocessos - PSOL 50","og_description":"\u201cS\u00e3o muitos os ataques que partem do Congresso, do STF e do ajuste fiscal do governo. E \u00e9 preciso estar alerta e mobilizado\u201d, afirma Edson Carneiro \u00cdndio","og_url":"https:\/\/psol50.org.br\/dirigente-da-intersindical-aponta-organizacao-da-esquerda-como-saida-para-barrar-retrocessos\/","og_site_name":"PSOL 50","article_publisher":"https:\/\/www.facebook.com\/psol50","article_published_time":"2015-07-09T00:00:00+00:00","og_image":[{"width":1350,"height":900,"url":"https:\/\/psol50.org.br\/inc\/uploads\/2018\/07\/capa.png","type":"image\/png"}],"author":"Comunica\u00e7\u00e3o PSOL","twitter_card":"summary_large_image","twitter_creator":"@psol50","twitter_site":"@psol50","twitter_misc":{"Escrito por":"Comunica\u00e7\u00e3o PSOL","Est. tempo de leitura":"8 minutos"},"schema":{"@context":"https:\/\/schema.org","@graph":[{"@type":"Article","@id":"https:\/\/psol50.org.br\/dirigente-da-intersindical-aponta-organizacao-da-esquerda-como-saida-para-barrar-retrocessos\/#article","isPartOf":{"@id":"https:\/\/psol50.org.br\/dirigente-da-intersindical-aponta-organizacao-da-esquerda-como-saida-para-barrar-retrocessos\/"},"author":{"name":"Comunica\u00e7\u00e3o PSOL","@id":"https:\/\/psol50.org.br\/#\/schema\/person\/475dfa57d0b815993c714c2e96491fcd"},"headline":"Dirigente da Intersindical aponta organiza\u00e7\u00e3o da esquerda como sa\u00edda para barrar retrocessos","datePublished":"2015-07-09T00:00:00+00:00","mainEntityOfPage":{"@id":"https:\/\/psol50.org.br\/dirigente-da-intersindical-aponta-organizacao-da-esquerda-como-saida-para-barrar-retrocessos\/"},"wordCount":1684,"commentCount":0,"publisher":{"@id":"https:\/\/psol50.org.br\/#organization"},"articleSection":["Movimento","Not\u00edcias"],"inLanguage":"pt-BR","potentialAction":[{"@type":"CommentAction","name":"Comment","target":["https:\/\/psol50.org.br\/dirigente-da-intersindical-aponta-organizacao-da-esquerda-como-saida-para-barrar-retrocessos\/#respond"]}]},{"@type":"WebPage","@id":"https:\/\/psol50.org.br\/dirigente-da-intersindical-aponta-organizacao-da-esquerda-como-saida-para-barrar-retrocessos\/","url":"https:\/\/psol50.org.br\/dirigente-da-intersindical-aponta-organizacao-da-esquerda-como-saida-para-barrar-retrocessos\/","name":"Dirigente da Intersindical aponta organiza\u00e7\u00e3o da esquerda como sa\u00edda para barrar retrocessos - PSOL 50","isPartOf":{"@id":"https:\/\/psol50.org.br\/#website"},"datePublished":"2015-07-09T00:00:00+00:00","breadcrumb":{"@id":"https:\/\/psol50.org.br\/dirigente-da-intersindical-aponta-organizacao-da-esquerda-como-saida-para-barrar-retrocessos\/#breadcrumb"},"inLanguage":"pt-BR","potentialAction":[{"@type":"ReadAction","target":["https:\/\/psol50.org.br\/dirigente-da-intersindical-aponta-organizacao-da-esquerda-como-saida-para-barrar-retrocessos\/"]}]},{"@type":"BreadcrumbList","@id":"https:\/\/psol50.org.br\/dirigente-da-intersindical-aponta-organizacao-da-esquerda-como-saida-para-barrar-retrocessos\/#breadcrumb","itemListElement":[{"@type":"ListItem","position":1,"name":"In\u00edcio","item":"https:\/\/psol50.org.br\/"},{"@type":"ListItem","position":2,"name":"Dirigente da Intersindical aponta organiza\u00e7\u00e3o da esquerda como sa\u00edda para barrar retrocessos"}]},{"@type":"WebSite","@id":"https:\/\/psol50.org.br\/#website","url":"https:\/\/psol50.org.br\/","name":"PSOL 50","description":"Site oficial do Partido Socialismo e Liberdade","publisher":{"@id":"https:\/\/psol50.org.br\/#organization"},"alternateName":"PSOL50","potentialAction":[{"@type":"SearchAction","target":{"@type":"EntryPoint","urlTemplate":"https:\/\/psol50.org.br\/?s={search_term_string}"},"query-input":{"@type":"PropertyValueSpecification","valueRequired":true,"valueName":"search_term_string"}}],"inLanguage":"pt-BR"},{"@type":"Organization","@id":"https:\/\/psol50.org.br\/#organization","name":"PSOL 50","alternateName":"PSOL 50","url":"https:\/\/psol50.org.br\/","logo":{"@type":"ImageObject","inLanguage":"pt-BR","@id":"https:\/\/psol50.org.br\/#\/schema\/logo\/image\/","url":"https:\/\/psol50.org.br\/inc\/uploads\/2018\/07\/capa.png","contentUrl":"https:\/\/psol50.org.br\/inc\/uploads\/2018\/07\/capa.png","width":1350,"height":900,"caption":"PSOL 50"},"image":{"@id":"https:\/\/psol50.org.br\/#\/schema\/logo\/image\/"},"sameAs":["https:\/\/www.facebook.com\/psol50","https:\/\/x.com\/psol50","https:\/\/www.instagram.com\/psol50\/","https:\/\/www.youtube.com\/channel\/UC7SnJS5o1os7a6CaiNabzcg"]},{"@type":"Person","@id":"https:\/\/psol50.org.br\/#\/schema\/person\/475dfa57d0b815993c714c2e96491fcd","name":"Comunica\u00e7\u00e3o PSOL","image":{"@type":"ImageObject","inLanguage":"pt-BR","@id":"https:\/\/psol50.org.br\/#\/schema\/person\/image\/","url":"https:\/\/secure.gravatar.com\/avatar\/b34fc4f4e468a4e51785917065a3db57b841f5c95dba6ad8c73aaf8f66f8f9bf?s=96&d=mm&r=g","contentUrl":"https:\/\/secure.gravatar.com\/avatar\/b34fc4f4e468a4e51785917065a3db57b841f5c95dba6ad8c73aaf8f66f8f9bf?s=96&d=mm&r=g","caption":"Comunica\u00e7\u00e3o PSOL"}}]}},"_links":{"self":[{"href":"https:\/\/psol50.org.br\/rest\/wp\/v2\/posts\/3332","targetHints":{"allow":["GET"]}}],"collection":[{"href":"https:\/\/psol50.org.br\/rest\/wp\/v2\/posts"}],"about":[{"href":"https:\/\/psol50.org.br\/rest\/wp\/v2\/types\/post"}],"author":[{"embeddable":true,"href":"https:\/\/psol50.org.br\/rest\/wp\/v2\/users\/2"}],"replies":[{"embeddable":true,"href":"https:\/\/psol50.org.br\/rest\/wp\/v2\/comments?post=3332"}],"version-history":[{"count":0,"href":"https:\/\/psol50.org.br\/rest\/wp\/v2\/posts\/3332\/revisions"}],"wp:attachment":[{"href":"https:\/\/psol50.org.br\/rest\/wp\/v2\/media?parent=3332"}],"wp:term":[{"taxonomy":"category","embeddable":true,"href":"https:\/\/psol50.org.br\/rest\/wp\/v2\/categories?post=3332"},{"taxonomy":"post_tag","embeddable":true,"href":"https:\/\/psol50.org.br\/rest\/wp\/v2\/tags?post=3332"}],"curies":[{"name":"wp","href":"https:\/\/api.w.org\/{rel}","templated":true}]}}