{"id":3336,"date":"2015-07-10T00:00:00","date_gmt":"2015-07-10T00:00:00","guid":{"rendered":"http:\/\/psol50.org.br\/arquivo\/2015\/07\/10\/psol-e-mais-13-partidos-entram-com-acao-no-stf-contra-reducao-da-maioridade\/"},"modified":"2015-07-10T00:00:00","modified_gmt":"2015-07-10T00:00:00","slug":"psol-e-mais-13-partidos-entram-com-acao-no-stf-contra-reducao-da-maioridade","status":"publish","type":"post","link":"https:\/\/psol50.org.br\/psol-e-mais-13-partidos-entram-com-acao-no-stf-contra-reducao-da-maioridade\/","title":{"rendered":"PSOL e mais 13 partidos entram com a\u00e7\u00e3o no STF contra redu\u00e7\u00e3o da maioridade"},"content":{"rendered":"<p style=\"text-align: justify;\">\n\t<span style=\"font-family:arial,helvetica,sans-serif;\">A bancada do PSOL e deputados federais de outros 13 partidos protocolaram, nesta quinta-feira (09), no Supremo Tribunal Federal (STF) Mandado de Seguran\u00e7a com pedido de anula\u00e7\u00e3o da vota\u00e7\u00e3o da redu\u00e7\u00e3o da maioridade penal, ocorrida na madrugada do dia 2 de julho. Para os parlamentares houve desrespeito \u00e0s regras regimentais da Casa e afronta \u00e0 Constitui\u00e7\u00e3o Federal.<\/p>\n<p>\t&#8220;Questionamos o modus operandi da vota\u00e7\u00e3o. Deve prevalecer o processo democr\u00e1tico no Parlamento. E este gesto [a a\u00e7\u00e3o] \u00e9 em respeito ao legislativo e ao povo brasileiro&#8221;,a firmou o l\u00edder do PSOL, deputado Chico Alencar. &#8220;O obscurantismo e a\u00e7\u00f5es autorit\u00e1rias n\u00e3o passar\u00e3o&#8221;.<\/p>\n<p>\tA Proposta de Emenda Constitucional (PEC) 171\/1993, que reduz a maioridade penal de 18 para 16 anos, nos casos de crimes hediondos (estupro, sequestro, latroc\u00ednio, homic\u00eddio qualificado e outros), homic\u00eddio doloso e les\u00e3o corporal seguida de morte, havia sido rejeitada na madrugada de quarta-feira, 1\u00ba de julho. No entanto, o presidente Eduardo Cunha n\u00e3o aceitou a derrota, orquestrou um golpe \u2013 atropelando o Regimento Interno \u2013 e colocou novamente em vota\u00e7\u00e3o a quest\u00e3o da maioridade, na madrugada do dia 2. Foram 323 a favor, 155 contra e 2 absten\u00e7\u00f5es. Foi o primeiro turno de vota\u00e7\u00e3o.<\/p>\n<p>\tNa peti\u00e7\u00e3o, o grupo de deputados alega que o presidente da Casa feriu o artigo 60 da Constitui\u00e7\u00e3o, tanto no par\u00e1grafo 5\u00ba, quanto no inciso primeiro. O par\u00e1grafo 5\u00ba afirma que &#8220;a mat\u00e9ria constante de proposta de emenda rejeitada n\u00e3o pode ser objeto de nova proposta na mesma sess\u00e3o legislativa&#8221;; j\u00e1 o inciso primeiro determina que qualquer PEC deve ter a assinatura de pelo menos um ter\u00e7o da C\u00e2mara. Esse grupo de parlamentares alega que o n\u00famero m\u00ednimo de 171 assinaturas n\u00e3o foi atingido.<\/p>\n<p>\tO Mandado de Seguran\u00e7a \u00e9 assinado por 102 deputados federais, os do PSOL \u2013 Chico Alencar, Edmilson, Rodrigues, Ivan Valente e Jean Wyllys \u2013 e parlamentares do PT, PSB, PCdoB, PMDB, PSDB, PV, PSC, PROS, PPS, PR, PTC, DEM E PDT.<\/span><\/p>\n<p>&nbsp;<\/p>\n","protected":false},"excerpt":{"rendered":"<p>&#8220;O obscurantismo e a\u00e7\u00f5es autorit\u00e1rias n\u00e3o passar\u00e3o&#8221;, afirmou o l\u00edder Chico Alencar<\/p>\n","protected":false},"author":2,"featured_media":0,"comment_status":"open","ping_status":"open","sticky":false,"template":"","format":"standard","meta":{"_acf_changed":false,"footnotes":""},"categories":[10,6],"tags":[22],"class_list":{"0":"post-3336","1":"post","2":"type-post","3":"status-publish","4":"format-standard","6":"category-acao-parlamentares","7":"category-noticias","8":"tag-psol"},"acf":[],"yoast_head":"<!-- This site is optimized with the Yoast SEO plugin v26.5 - https:\/\/yoast.com\/wordpress\/plugins\/seo\/ -->\n<title>PSOL e mais 13 partidos entram com a\u00e7\u00e3o no STF contra redu\u00e7\u00e3o da maioridade - PSOL 50<\/title>\n<meta name=\"robots\" content=\"index, follow, max-snippet:-1, max-image-preview:large, max-video-preview:-1\" \/>\n<link rel=\"canonical\" href=\"https:\/\/psol50.org.br\/psol-e-mais-13-partidos-entram-com-acao-no-stf-contra-reducao-da-maioridade\/\" \/>\n<meta property=\"og:locale\" content=\"pt_BR\" \/>\n<meta property=\"og:type\" content=\"article\" \/>\n<meta property=\"og:title\" content=\"PSOL e mais 13 partidos entram com a\u00e7\u00e3o no STF contra redu\u00e7\u00e3o da maioridade - PSOL 50\" \/>\n<meta property=\"og:description\" content=\"&quot;O obscurantismo e a\u00e7\u00f5es autorit\u00e1rias n\u00e3o passar\u00e3o&quot;, afirmou o l\u00edder Chico Alencar\" \/>\n<meta property=\"og:url\" content=\"https:\/\/psol50.org.br\/psol-e-mais-13-partidos-entram-com-acao-no-stf-contra-reducao-da-maioridade\/\" \/>\n<meta property=\"og:site_name\" content=\"PSOL 50\" \/>\n<meta property=\"article:publisher\" content=\"https:\/\/www.facebook.com\/psol50\" \/>\n<meta property=\"article:published_time\" content=\"2015-07-10T00:00:00+00:00\" \/>\n<meta property=\"og:image\" content=\"https:\/\/psol50.org.br\/inc\/uploads\/2018\/07\/capa.png\" \/>\n\t<meta property=\"og:image:width\" content=\"1350\" \/>\n\t<meta property=\"og:image:height\" content=\"900\" \/>\n\t<meta property=\"og:image:type\" content=\"image\/png\" \/>\n<meta name=\"author\" content=\"Comunica\u00e7\u00e3o PSOL\" \/>\n<meta name=\"twitter:card\" content=\"summary_large_image\" \/>\n<meta name=\"twitter:creator\" content=\"@psol50\" \/>\n<meta name=\"twitter:site\" content=\"@psol50\" \/>\n<meta name=\"twitter:label1\" content=\"Escrito por\" \/>\n\t<meta name=\"twitter:data1\" content=\"Comunica\u00e7\u00e3o PSOL\" \/>\n\t<meta name=\"twitter:label2\" content=\"Est. tempo de leitura\" \/>\n\t<meta name=\"twitter:data2\" content=\"2 minutos\" \/>\n<script type=\"application\/ld+json\" class=\"yoast-schema-graph\">{\"@context\":\"https:\/\/schema.org\",\"@graph\":[{\"@type\":\"Article\",\"@id\":\"https:\/\/psol50.org.br\/psol-e-mais-13-partidos-entram-com-acao-no-stf-contra-reducao-da-maioridade\/#article\",\"isPartOf\":{\"@id\":\"https:\/\/psol50.org.br\/psol-e-mais-13-partidos-entram-com-acao-no-stf-contra-reducao-da-maioridade\/\"},\"author\":{\"name\":\"Comunica\u00e7\u00e3o PSOL\",\"@id\":\"https:\/\/psol50.org.br\/#\/schema\/person\/475dfa57d0b815993c714c2e96491fcd\"},\"headline\":\"PSOL e mais 13 partidos entram com a\u00e7\u00e3o no STF contra redu\u00e7\u00e3o da maioridade\",\"datePublished\":\"2015-07-10T00:00:00+00:00\",\"mainEntityOfPage\":{\"@id\":\"https:\/\/psol50.org.br\/psol-e-mais-13-partidos-entram-com-acao-no-stf-contra-reducao-da-maioridade\/\"},\"wordCount\":348,\"commentCount\":0,\"publisher\":{\"@id\":\"https:\/\/psol50.org.br\/#organization\"},\"keywords\":[\"PSOL\"],\"articleSection\":[\"A\u00e7\u00e3o Parlamentar\",\"Not\u00edcias\"],\"inLanguage\":\"pt-BR\",\"potentialAction\":[{\"@type\":\"CommentAction\",\"name\":\"Comment\",\"target\":[\"https:\/\/psol50.org.br\/psol-e-mais-13-partidos-entram-com-acao-no-stf-contra-reducao-da-maioridade\/#respond\"]}]},{\"@type\":\"WebPage\",\"@id\":\"https:\/\/psol50.org.br\/psol-e-mais-13-partidos-entram-com-acao-no-stf-contra-reducao-da-maioridade\/\",\"url\":\"https:\/\/psol50.org.br\/psol-e-mais-13-partidos-entram-com-acao-no-stf-contra-reducao-da-maioridade\/\",\"name\":\"PSOL e mais 13 partidos entram com a\u00e7\u00e3o no STF contra redu\u00e7\u00e3o da maioridade - PSOL 50\",\"isPartOf\":{\"@id\":\"https:\/\/psol50.org.br\/#website\"},\"datePublished\":\"2015-07-10T00:00:00+00:00\",\"breadcrumb\":{\"@id\":\"https:\/\/psol50.org.br\/psol-e-mais-13-partidos-entram-com-acao-no-stf-contra-reducao-da-maioridade\/#breadcrumb\"},\"inLanguage\":\"pt-BR\",\"potentialAction\":[{\"@type\":\"ReadAction\",\"target\":[\"https:\/\/psol50.org.br\/psol-e-mais-13-partidos-entram-com-acao-no-stf-contra-reducao-da-maioridade\/\"]}]},{\"@type\":\"BreadcrumbList\",\"@id\":\"https:\/\/psol50.org.br\/psol-e-mais-13-partidos-entram-com-acao-no-stf-contra-reducao-da-maioridade\/#breadcrumb\",\"itemListElement\":[{\"@type\":\"ListItem\",\"position\":1,\"name\":\"In\u00edcio\",\"item\":\"https:\/\/psol50.org.br\/\"},{\"@type\":\"ListItem\",\"position\":2,\"name\":\"PSOL e mais 13 partidos entram com a\u00e7\u00e3o no STF contra redu\u00e7\u00e3o da maioridade\"}]},{\"@type\":\"WebSite\",\"@id\":\"https:\/\/psol50.org.br\/#website\",\"url\":\"https:\/\/psol50.org.br\/\",\"name\":\"PSOL 50\",\"description\":\"Site oficial do Partido Socialismo e Liberdade\",\"publisher\":{\"@id\":\"https:\/\/psol50.org.br\/#organization\"},\"alternateName\":\"PSOL50\",\"potentialAction\":[{\"@type\":\"SearchAction\",\"target\":{\"@type\":\"EntryPoint\",\"urlTemplate\":\"https:\/\/psol50.org.br\/?s={search_term_string}\"},\"query-input\":{\"@type\":\"PropertyValueSpecification\",\"valueRequired\":true,\"valueName\":\"search_term_string\"}}],\"inLanguage\":\"pt-BR\"},{\"@type\":\"Organization\",\"@id\":\"https:\/\/psol50.org.br\/#organization\",\"name\":\"PSOL 50\",\"alternateName\":\"PSOL 50\",\"url\":\"https:\/\/psol50.org.br\/\",\"logo\":{\"@type\":\"ImageObject\",\"inLanguage\":\"pt-BR\",\"@id\":\"https:\/\/psol50.org.br\/#\/schema\/logo\/image\/\",\"url\":\"https:\/\/psol50.org.br\/inc\/uploads\/2018\/07\/capa.png\",\"contentUrl\":\"https:\/\/psol50.org.br\/inc\/uploads\/2018\/07\/capa.png\",\"width\":1350,\"height\":900,\"caption\":\"PSOL 50\"},\"image\":{\"@id\":\"https:\/\/psol50.org.br\/#\/schema\/logo\/image\/\"},\"sameAs\":[\"https:\/\/www.facebook.com\/psol50\",\"https:\/\/x.com\/psol50\",\"https:\/\/www.instagram.com\/psol50\/\",\"https:\/\/www.youtube.com\/channel\/UC7SnJS5o1os7a6CaiNabzcg\"]},{\"@type\":\"Person\",\"@id\":\"https:\/\/psol50.org.br\/#\/schema\/person\/475dfa57d0b815993c714c2e96491fcd\",\"name\":\"Comunica\u00e7\u00e3o PSOL\",\"image\":{\"@type\":\"ImageObject\",\"inLanguage\":\"pt-BR\",\"@id\":\"https:\/\/psol50.org.br\/#\/schema\/person\/image\/\",\"url\":\"https:\/\/secure.gravatar.com\/avatar\/b34fc4f4e468a4e51785917065a3db57b841f5c95dba6ad8c73aaf8f66f8f9bf?s=96&d=mm&r=g\",\"contentUrl\":\"https:\/\/secure.gravatar.com\/avatar\/b34fc4f4e468a4e51785917065a3db57b841f5c95dba6ad8c73aaf8f66f8f9bf?s=96&d=mm&r=g\",\"caption\":\"Comunica\u00e7\u00e3o PSOL\"}}]}<\/script>\n<!-- \/ Yoast SEO plugin. -->","yoast_head_json":{"title":"PSOL e mais 13 partidos entram com a\u00e7\u00e3o no STF contra redu\u00e7\u00e3o da maioridade - PSOL 50","robots":{"index":"index","follow":"follow","max-snippet":"max-snippet:-1","max-image-preview":"max-image-preview:large","max-video-preview":"max-video-preview:-1"},"canonical":"https:\/\/psol50.org.br\/psol-e-mais-13-partidos-entram-com-acao-no-stf-contra-reducao-da-maioridade\/","og_locale":"pt_BR","og_type":"article","og_title":"PSOL e mais 13 partidos entram com a\u00e7\u00e3o no STF contra redu\u00e7\u00e3o da maioridade - PSOL 50","og_description":"\"O obscurantismo e a\u00e7\u00f5es autorit\u00e1rias n\u00e3o passar\u00e3o\", afirmou o l\u00edder Chico Alencar","og_url":"https:\/\/psol50.org.br\/psol-e-mais-13-partidos-entram-com-acao-no-stf-contra-reducao-da-maioridade\/","og_site_name":"PSOL 50","article_publisher":"https:\/\/www.facebook.com\/psol50","article_published_time":"2015-07-10T00:00:00+00:00","og_image":[{"width":1350,"height":900,"url":"https:\/\/psol50.org.br\/inc\/uploads\/2018\/07\/capa.png","type":"image\/png"}],"author":"Comunica\u00e7\u00e3o PSOL","twitter_card":"summary_large_image","twitter_creator":"@psol50","twitter_site":"@psol50","twitter_misc":{"Escrito por":"Comunica\u00e7\u00e3o PSOL","Est. tempo de leitura":"2 minutos"},"schema":{"@context":"https:\/\/schema.org","@graph":[{"@type":"Article","@id":"https:\/\/psol50.org.br\/psol-e-mais-13-partidos-entram-com-acao-no-stf-contra-reducao-da-maioridade\/#article","isPartOf":{"@id":"https:\/\/psol50.org.br\/psol-e-mais-13-partidos-entram-com-acao-no-stf-contra-reducao-da-maioridade\/"},"author":{"name":"Comunica\u00e7\u00e3o PSOL","@id":"https:\/\/psol50.org.br\/#\/schema\/person\/475dfa57d0b815993c714c2e96491fcd"},"headline":"PSOL e mais 13 partidos entram com a\u00e7\u00e3o no STF contra redu\u00e7\u00e3o da maioridade","datePublished":"2015-07-10T00:00:00+00:00","mainEntityOfPage":{"@id":"https:\/\/psol50.org.br\/psol-e-mais-13-partidos-entram-com-acao-no-stf-contra-reducao-da-maioridade\/"},"wordCount":348,"commentCount":0,"publisher":{"@id":"https:\/\/psol50.org.br\/#organization"},"keywords":["PSOL"],"articleSection":["A\u00e7\u00e3o Parlamentar","Not\u00edcias"],"inLanguage":"pt-BR","potentialAction":[{"@type":"CommentAction","name":"Comment","target":["https:\/\/psol50.org.br\/psol-e-mais-13-partidos-entram-com-acao-no-stf-contra-reducao-da-maioridade\/#respond"]}]},{"@type":"WebPage","@id":"https:\/\/psol50.org.br\/psol-e-mais-13-partidos-entram-com-acao-no-stf-contra-reducao-da-maioridade\/","url":"https:\/\/psol50.org.br\/psol-e-mais-13-partidos-entram-com-acao-no-stf-contra-reducao-da-maioridade\/","name":"PSOL e mais 13 partidos entram com a\u00e7\u00e3o no STF contra redu\u00e7\u00e3o da maioridade - PSOL 50","isPartOf":{"@id":"https:\/\/psol50.org.br\/#website"},"datePublished":"2015-07-10T00:00:00+00:00","breadcrumb":{"@id":"https:\/\/psol50.org.br\/psol-e-mais-13-partidos-entram-com-acao-no-stf-contra-reducao-da-maioridade\/#breadcrumb"},"inLanguage":"pt-BR","potentialAction":[{"@type":"ReadAction","target":["https:\/\/psol50.org.br\/psol-e-mais-13-partidos-entram-com-acao-no-stf-contra-reducao-da-maioridade\/"]}]},{"@type":"BreadcrumbList","@id":"https:\/\/psol50.org.br\/psol-e-mais-13-partidos-entram-com-acao-no-stf-contra-reducao-da-maioridade\/#breadcrumb","itemListElement":[{"@type":"ListItem","position":1,"name":"In\u00edcio","item":"https:\/\/psol50.org.br\/"},{"@type":"ListItem","position":2,"name":"PSOL e mais 13 partidos entram com a\u00e7\u00e3o no STF contra redu\u00e7\u00e3o da maioridade"}]},{"@type":"WebSite","@id":"https:\/\/psol50.org.br\/#website","url":"https:\/\/psol50.org.br\/","name":"PSOL 50","description":"Site oficial do Partido Socialismo e Liberdade","publisher":{"@id":"https:\/\/psol50.org.br\/#organization"},"alternateName":"PSOL50","potentialAction":[{"@type":"SearchAction","target":{"@type":"EntryPoint","urlTemplate":"https:\/\/psol50.org.br\/?s={search_term_string}"},"query-input":{"@type":"PropertyValueSpecification","valueRequired":true,"valueName":"search_term_string"}}],"inLanguage":"pt-BR"},{"@type":"Organization","@id":"https:\/\/psol50.org.br\/#organization","name":"PSOL 50","alternateName":"PSOL 50","url":"https:\/\/psol50.org.br\/","logo":{"@type":"ImageObject","inLanguage":"pt-BR","@id":"https:\/\/psol50.org.br\/#\/schema\/logo\/image\/","url":"https:\/\/psol50.org.br\/inc\/uploads\/2018\/07\/capa.png","contentUrl":"https:\/\/psol50.org.br\/inc\/uploads\/2018\/07\/capa.png","width":1350,"height":900,"caption":"PSOL 50"},"image":{"@id":"https:\/\/psol50.org.br\/#\/schema\/logo\/image\/"},"sameAs":["https:\/\/www.facebook.com\/psol50","https:\/\/x.com\/psol50","https:\/\/www.instagram.com\/psol50\/","https:\/\/www.youtube.com\/channel\/UC7SnJS5o1os7a6CaiNabzcg"]},{"@type":"Person","@id":"https:\/\/psol50.org.br\/#\/schema\/person\/475dfa57d0b815993c714c2e96491fcd","name":"Comunica\u00e7\u00e3o PSOL","image":{"@type":"ImageObject","inLanguage":"pt-BR","@id":"https:\/\/psol50.org.br\/#\/schema\/person\/image\/","url":"https:\/\/secure.gravatar.com\/avatar\/b34fc4f4e468a4e51785917065a3db57b841f5c95dba6ad8c73aaf8f66f8f9bf?s=96&d=mm&r=g","contentUrl":"https:\/\/secure.gravatar.com\/avatar\/b34fc4f4e468a4e51785917065a3db57b841f5c95dba6ad8c73aaf8f66f8f9bf?s=96&d=mm&r=g","caption":"Comunica\u00e7\u00e3o PSOL"}}]}},"_links":{"self":[{"href":"https:\/\/psol50.org.br\/rest\/wp\/v2\/posts\/3336","targetHints":{"allow":["GET"]}}],"collection":[{"href":"https:\/\/psol50.org.br\/rest\/wp\/v2\/posts"}],"about":[{"href":"https:\/\/psol50.org.br\/rest\/wp\/v2\/types\/post"}],"author":[{"embeddable":true,"href":"https:\/\/psol50.org.br\/rest\/wp\/v2\/users\/2"}],"replies":[{"embeddable":true,"href":"https:\/\/psol50.org.br\/rest\/wp\/v2\/comments?post=3336"}],"version-history":[{"count":0,"href":"https:\/\/psol50.org.br\/rest\/wp\/v2\/posts\/3336\/revisions"}],"wp:attachment":[{"href":"https:\/\/psol50.org.br\/rest\/wp\/v2\/media?parent=3336"}],"wp:term":[{"taxonomy":"category","embeddable":true,"href":"https:\/\/psol50.org.br\/rest\/wp\/v2\/categories?post=3336"},{"taxonomy":"post_tag","embeddable":true,"href":"https:\/\/psol50.org.br\/rest\/wp\/v2\/tags?post=3336"}],"curies":[{"name":"wp","href":"https:\/\/api.w.org\/{rel}","templated":true}]}}