{"id":3347,"date":"2015-07-20T00:00:00","date_gmt":"2015-07-20T15:00:00","guid":{"rendered":"http:\/\/psol50.org.br\/arquivo\/2015\/07\/20\/principal-problema-persiste-influencia-do-poder-economico-na-receita-federal\/"},"modified":"2015-07-20T00:00:00","modified_gmt":"2015-07-20T15:00:00","slug":"principal-problema-persiste-influencia-do-poder-economico-na-receita-federal","status":"publish","type":"post","link":"https:\/\/psol50.org.br\/principal-problema-persiste-influencia-do-poder-economico-na-receita-federal\/","title":{"rendered":"Principal problema persiste: influ\u00eancia do poder econ\u00f4mico na Receita Federal"},"content":{"rendered":"<p style=\"text-align: justify;\">\n\t<span style=\"font-family:arial,helvetica,sans-serif;\"><span style=\"font-size: 14px;\">Em audi\u00eancia p\u00fablica, realizada pela Comiss\u00e3o de Defesa do Consumidor da C\u00e2mara com a presen\u00e7a do ministro da Fazenda, Joaquim Levy, para prestar esclarecimentos sobre a Opera\u00e7\u00e3o Zelotes, da Pol\u00edcia Federal, o deputado Ivan Valente (PSOL\/SP) afirmou que o principal problema, que \u00e9 a influ\u00eancia das grandes empresas na Receita Federal, persiste.<br \/>\n\t&nbsp;<br \/>\n\t\u201cEra preciso criar uma estrutura blindada no CARF ou n\u00e3o ter CARF, como est\u00e1 propondo a Pol\u00edcia Federal\u201d, afirmou o parlamentar.<br \/>\n\t&nbsp;<br \/>\n\tPara Ivan Valente, autor do pedido de audi\u00eancia p\u00fablica, as explica\u00e7\u00f5es dadas pelo ministro Levy, durante a audi\u00eancia, s\u00e3o insuficientes. \u201cA Opera\u00e7\u00e3o Zelotes trabalhou com n\u00fameros simb\u00f3licos, mostrando apenas um pedacinho de toda a corrup\u00e7\u00e3o que ocorre no CARF e somente essa amostragem j\u00e1 denunciam n\u00fameros espetaculares. Ali\u00e1s, os 19 bilh\u00f5es de sonega\u00e7\u00e3o fiscal no CARF representam o tamanho do ajuste fiscal que o ministro enviou para a C\u00e2mara com as medidas provis\u00f3rias 664 e 665, que sacrificam milh\u00f5es de brasileiros retirando direitos. O governo deveria ser o primeiro interessado em atuar para recuperar esses ativos ao inv\u00e9s de sacrificar o povo\u201d, denunciou o parlamentar.<br \/>\n\t&nbsp;<br \/>\n\tLembrando que os maiores bancos que atuam no pa\u00eds s\u00e3o os que mais lucraram nos \u00faltimos anos e s\u00e3o justamente os que est\u00e3o implicados nesse gigantesco esquema de sonega\u00e7\u00e3o fiscal, Ivan Valente tamb\u00e9m questionou a atitude do ministro (ex-diretor do Bradesco) que nomeou a advogada do Bradesco, Maria Teresa Martinez Lopez, para vice-presid\u00eancia do CARF.<br \/>\n\t&nbsp;<br \/>\n\t\u201cColocar na vice-presid\u00eancia do CARF algu\u00e9m que vem justamente da empresa que tem processos no valor de 2,7 bilh\u00f5es, \u00e9 claro que gera desconfian\u00e7a e a pr\u00f3pria Pol\u00edcia Federal est\u00e1 levantando suspeitas nesse sentido\u201d, ressaltou Ivan Valente.<br \/>\n\t&nbsp;<br \/>\n\tO parlamentar lamentou ainda que os grandes ve\u00edculos de comunica\u00e7\u00e3o do Brasil n\u00e3o estejam dando a cobertura necess\u00e1ria para a Opera\u00e7\u00e3o Zelotes. \u201cPra se ter uma ideia, com a Opera\u00e7\u00e3o Lava Jato, o preju\u00edzo chega a 6 bilh\u00f5es de reais, e s\u00f3 essa amostragem da Opera\u00e7\u00e3o Zelotes apresenta um rombo de 19 bilh\u00f5es de reais, ou seja, tr\u00eas vezes mais que o rombo da Petrobras. \u00c9 um esquema gigantesco, mas como envolve grandes empresas, inclusive empresas de comunica\u00e7\u00e3o, o tema n\u00e3o aparece nas manchetes\u201d.<br \/>\n\t&nbsp;<br \/>\n\tValente sugeriu que todos os conselheiros do \u00f3rg\u00e3o passem a ser escolhidos por meio de concursos p\u00fablicos.&nbsp;<\/span><\/span><br \/>\n\t&nbsp;<\/p>\n","protected":false},"excerpt":{"rendered":"<p>Para Ivan Valente, autor do pedido de audi\u00eancia p\u00fablica, as explica\u00e7\u00f5es dadas pelo ministro Levy, durante a audi\u00eancia, s\u00e3o insuficientes<\/p>\n","protected":false},"author":2,"featured_media":0,"comment_status":"open","ping_status":"open","sticky":false,"template":"","format":"standard","meta":{"_acf_changed":false,"footnotes":""},"categories":[6],"tags":[],"class_list":{"0":"post-3347","1":"post","2":"type-post","3":"status-publish","4":"format-standard","6":"category-noticias"},"acf":[],"yoast_head":"<!-- This site is optimized with the Yoast SEO plugin v26.5 - https:\/\/yoast.com\/wordpress\/plugins\/seo\/ -->\n<title>Principal problema persiste: influ\u00eancia do poder econ\u00f4mico na Receita Federal - PSOL 50<\/title>\n<meta name=\"robots\" content=\"index, follow, max-snippet:-1, max-image-preview:large, max-video-preview:-1\" \/>\n<link rel=\"canonical\" href=\"https:\/\/psol50.org.br\/principal-problema-persiste-influencia-do-poder-economico-na-receita-federal\/\" \/>\n<meta property=\"og:locale\" content=\"pt_BR\" \/>\n<meta property=\"og:type\" content=\"article\" \/>\n<meta property=\"og:title\" content=\"Principal problema persiste: influ\u00eancia do poder econ\u00f4mico na Receita Federal - PSOL 50\" \/>\n<meta property=\"og:description\" content=\"Para Ivan Valente, autor do pedido de audi\u00eancia p\u00fablica, as explica\u00e7\u00f5es dadas pelo ministro Levy, durante a audi\u00eancia, s\u00e3o insuficientes\" \/>\n<meta property=\"og:url\" content=\"https:\/\/psol50.org.br\/principal-problema-persiste-influencia-do-poder-economico-na-receita-federal\/\" \/>\n<meta property=\"og:site_name\" content=\"PSOL 50\" \/>\n<meta property=\"article:publisher\" content=\"https:\/\/www.facebook.com\/psol50\" \/>\n<meta property=\"article:published_time\" content=\"2015-07-20T15:00:00+00:00\" \/>\n<meta property=\"og:image\" content=\"https:\/\/psol50.org.br\/inc\/uploads\/2018\/07\/capa.png\" \/>\n\t<meta property=\"og:image:width\" content=\"1350\" \/>\n\t<meta property=\"og:image:height\" content=\"900\" \/>\n\t<meta property=\"og:image:type\" content=\"image\/png\" \/>\n<meta name=\"author\" content=\"Comunica\u00e7\u00e3o PSOL\" \/>\n<meta name=\"twitter:card\" content=\"summary_large_image\" \/>\n<meta name=\"twitter:creator\" content=\"@psol50\" \/>\n<meta name=\"twitter:site\" content=\"@psol50\" \/>\n<meta name=\"twitter:label1\" content=\"Escrito por\" \/>\n\t<meta name=\"twitter:data1\" content=\"Comunica\u00e7\u00e3o PSOL\" \/>\n\t<meta name=\"twitter:label2\" content=\"Est. tempo de leitura\" \/>\n\t<meta name=\"twitter:data2\" content=\"2 minutos\" \/>\n<script type=\"application\/ld+json\" class=\"yoast-schema-graph\">{\"@context\":\"https:\/\/schema.org\",\"@graph\":[{\"@type\":\"Article\",\"@id\":\"https:\/\/psol50.org.br\/principal-problema-persiste-influencia-do-poder-economico-na-receita-federal\/#article\",\"isPartOf\":{\"@id\":\"https:\/\/psol50.org.br\/principal-problema-persiste-influencia-do-poder-economico-na-receita-federal\/\"},\"author\":{\"name\":\"Comunica\u00e7\u00e3o PSOL\",\"@id\":\"https:\/\/psol50.org.br\/#\/schema\/person\/475dfa57d0b815993c714c2e96491fcd\"},\"headline\":\"Principal problema persiste: influ\u00eancia do poder econ\u00f4mico na Receita Federal\",\"datePublished\":\"2015-07-20T15:00:00+00:00\",\"mainEntityOfPage\":{\"@id\":\"https:\/\/psol50.org.br\/principal-problema-persiste-influencia-do-poder-economico-na-receita-federal\/\"},\"wordCount\":438,\"commentCount\":0,\"publisher\":{\"@id\":\"https:\/\/psol50.org.br\/#organization\"},\"articleSection\":[\"Not\u00edcias\"],\"inLanguage\":\"pt-BR\",\"potentialAction\":[{\"@type\":\"CommentAction\",\"name\":\"Comment\",\"target\":[\"https:\/\/psol50.org.br\/principal-problema-persiste-influencia-do-poder-economico-na-receita-federal\/#respond\"]}]},{\"@type\":\"WebPage\",\"@id\":\"https:\/\/psol50.org.br\/principal-problema-persiste-influencia-do-poder-economico-na-receita-federal\/\",\"url\":\"https:\/\/psol50.org.br\/principal-problema-persiste-influencia-do-poder-economico-na-receita-federal\/\",\"name\":\"Principal problema persiste: influ\u00eancia do poder econ\u00f4mico na Receita Federal - PSOL 50\",\"isPartOf\":{\"@id\":\"https:\/\/psol50.org.br\/#website\"},\"datePublished\":\"2015-07-20T15:00:00+00:00\",\"breadcrumb\":{\"@id\":\"https:\/\/psol50.org.br\/principal-problema-persiste-influencia-do-poder-economico-na-receita-federal\/#breadcrumb\"},\"inLanguage\":\"pt-BR\",\"potentialAction\":[{\"@type\":\"ReadAction\",\"target\":[\"https:\/\/psol50.org.br\/principal-problema-persiste-influencia-do-poder-economico-na-receita-federal\/\"]}]},{\"@type\":\"BreadcrumbList\",\"@id\":\"https:\/\/psol50.org.br\/principal-problema-persiste-influencia-do-poder-economico-na-receita-federal\/#breadcrumb\",\"itemListElement\":[{\"@type\":\"ListItem\",\"position\":1,\"name\":\"In\u00edcio\",\"item\":\"https:\/\/psol50.org.br\/\"},{\"@type\":\"ListItem\",\"position\":2,\"name\":\"Principal problema persiste: influ\u00eancia do poder econ\u00f4mico na Receita Federal\"}]},{\"@type\":\"WebSite\",\"@id\":\"https:\/\/psol50.org.br\/#website\",\"url\":\"https:\/\/psol50.org.br\/\",\"name\":\"PSOL 50\",\"description\":\"Site oficial do Partido Socialismo e Liberdade\",\"publisher\":{\"@id\":\"https:\/\/psol50.org.br\/#organization\"},\"alternateName\":\"PSOL50\",\"potentialAction\":[{\"@type\":\"SearchAction\",\"target\":{\"@type\":\"EntryPoint\",\"urlTemplate\":\"https:\/\/psol50.org.br\/?s={search_term_string}\"},\"query-input\":{\"@type\":\"PropertyValueSpecification\",\"valueRequired\":true,\"valueName\":\"search_term_string\"}}],\"inLanguage\":\"pt-BR\"},{\"@type\":\"Organization\",\"@id\":\"https:\/\/psol50.org.br\/#organization\",\"name\":\"PSOL 50\",\"alternateName\":\"PSOL 50\",\"url\":\"https:\/\/psol50.org.br\/\",\"logo\":{\"@type\":\"ImageObject\",\"inLanguage\":\"pt-BR\",\"@id\":\"https:\/\/psol50.org.br\/#\/schema\/logo\/image\/\",\"url\":\"https:\/\/psol50.org.br\/inc\/uploads\/2018\/07\/capa.png\",\"contentUrl\":\"https:\/\/psol50.org.br\/inc\/uploads\/2018\/07\/capa.png\",\"width\":1350,\"height\":900,\"caption\":\"PSOL 50\"},\"image\":{\"@id\":\"https:\/\/psol50.org.br\/#\/schema\/logo\/image\/\"},\"sameAs\":[\"https:\/\/www.facebook.com\/psol50\",\"https:\/\/x.com\/psol50\",\"https:\/\/www.instagram.com\/psol50\/\",\"https:\/\/www.youtube.com\/channel\/UC7SnJS5o1os7a6CaiNabzcg\"]},{\"@type\":\"Person\",\"@id\":\"https:\/\/psol50.org.br\/#\/schema\/person\/475dfa57d0b815993c714c2e96491fcd\",\"name\":\"Comunica\u00e7\u00e3o PSOL\",\"image\":{\"@type\":\"ImageObject\",\"inLanguage\":\"pt-BR\",\"@id\":\"https:\/\/psol50.org.br\/#\/schema\/person\/image\/\",\"url\":\"https:\/\/secure.gravatar.com\/avatar\/b34fc4f4e468a4e51785917065a3db57b841f5c95dba6ad8c73aaf8f66f8f9bf?s=96&d=mm&r=g\",\"contentUrl\":\"https:\/\/secure.gravatar.com\/avatar\/b34fc4f4e468a4e51785917065a3db57b841f5c95dba6ad8c73aaf8f66f8f9bf?s=96&d=mm&r=g\",\"caption\":\"Comunica\u00e7\u00e3o PSOL\"}}]}<\/script>\n<!-- \/ Yoast SEO plugin. -->","yoast_head_json":{"title":"Principal problema persiste: influ\u00eancia do poder econ\u00f4mico na Receita Federal - PSOL 50","robots":{"index":"index","follow":"follow","max-snippet":"max-snippet:-1","max-image-preview":"max-image-preview:large","max-video-preview":"max-video-preview:-1"},"canonical":"https:\/\/psol50.org.br\/principal-problema-persiste-influencia-do-poder-economico-na-receita-federal\/","og_locale":"pt_BR","og_type":"article","og_title":"Principal problema persiste: influ\u00eancia do poder econ\u00f4mico na Receita Federal - PSOL 50","og_description":"Para Ivan Valente, autor do pedido de audi\u00eancia p\u00fablica, as explica\u00e7\u00f5es dadas pelo ministro Levy, durante a audi\u00eancia, s\u00e3o insuficientes","og_url":"https:\/\/psol50.org.br\/principal-problema-persiste-influencia-do-poder-economico-na-receita-federal\/","og_site_name":"PSOL 50","article_publisher":"https:\/\/www.facebook.com\/psol50","article_published_time":"2015-07-20T15:00:00+00:00","og_image":[{"width":1350,"height":900,"url":"https:\/\/psol50.org.br\/inc\/uploads\/2018\/07\/capa.png","type":"image\/png"}],"author":"Comunica\u00e7\u00e3o PSOL","twitter_card":"summary_large_image","twitter_creator":"@psol50","twitter_site":"@psol50","twitter_misc":{"Escrito por":"Comunica\u00e7\u00e3o PSOL","Est. tempo de leitura":"2 minutos"},"schema":{"@context":"https:\/\/schema.org","@graph":[{"@type":"Article","@id":"https:\/\/psol50.org.br\/principal-problema-persiste-influencia-do-poder-economico-na-receita-federal\/#article","isPartOf":{"@id":"https:\/\/psol50.org.br\/principal-problema-persiste-influencia-do-poder-economico-na-receita-federal\/"},"author":{"name":"Comunica\u00e7\u00e3o PSOL","@id":"https:\/\/psol50.org.br\/#\/schema\/person\/475dfa57d0b815993c714c2e96491fcd"},"headline":"Principal problema persiste: influ\u00eancia do poder econ\u00f4mico na Receita Federal","datePublished":"2015-07-20T15:00:00+00:00","mainEntityOfPage":{"@id":"https:\/\/psol50.org.br\/principal-problema-persiste-influencia-do-poder-economico-na-receita-federal\/"},"wordCount":438,"commentCount":0,"publisher":{"@id":"https:\/\/psol50.org.br\/#organization"},"articleSection":["Not\u00edcias"],"inLanguage":"pt-BR","potentialAction":[{"@type":"CommentAction","name":"Comment","target":["https:\/\/psol50.org.br\/principal-problema-persiste-influencia-do-poder-economico-na-receita-federal\/#respond"]}]},{"@type":"WebPage","@id":"https:\/\/psol50.org.br\/principal-problema-persiste-influencia-do-poder-economico-na-receita-federal\/","url":"https:\/\/psol50.org.br\/principal-problema-persiste-influencia-do-poder-economico-na-receita-federal\/","name":"Principal problema persiste: influ\u00eancia do poder econ\u00f4mico na Receita Federal - PSOL 50","isPartOf":{"@id":"https:\/\/psol50.org.br\/#website"},"datePublished":"2015-07-20T15:00:00+00:00","breadcrumb":{"@id":"https:\/\/psol50.org.br\/principal-problema-persiste-influencia-do-poder-economico-na-receita-federal\/#breadcrumb"},"inLanguage":"pt-BR","potentialAction":[{"@type":"ReadAction","target":["https:\/\/psol50.org.br\/principal-problema-persiste-influencia-do-poder-economico-na-receita-federal\/"]}]},{"@type":"BreadcrumbList","@id":"https:\/\/psol50.org.br\/principal-problema-persiste-influencia-do-poder-economico-na-receita-federal\/#breadcrumb","itemListElement":[{"@type":"ListItem","position":1,"name":"In\u00edcio","item":"https:\/\/psol50.org.br\/"},{"@type":"ListItem","position":2,"name":"Principal problema persiste: influ\u00eancia do poder econ\u00f4mico na Receita Federal"}]},{"@type":"WebSite","@id":"https:\/\/psol50.org.br\/#website","url":"https:\/\/psol50.org.br\/","name":"PSOL 50","description":"Site oficial do Partido Socialismo e Liberdade","publisher":{"@id":"https:\/\/psol50.org.br\/#organization"},"alternateName":"PSOL50","potentialAction":[{"@type":"SearchAction","target":{"@type":"EntryPoint","urlTemplate":"https:\/\/psol50.org.br\/?s={search_term_string}"},"query-input":{"@type":"PropertyValueSpecification","valueRequired":true,"valueName":"search_term_string"}}],"inLanguage":"pt-BR"},{"@type":"Organization","@id":"https:\/\/psol50.org.br\/#organization","name":"PSOL 50","alternateName":"PSOL 50","url":"https:\/\/psol50.org.br\/","logo":{"@type":"ImageObject","inLanguage":"pt-BR","@id":"https:\/\/psol50.org.br\/#\/schema\/logo\/image\/","url":"https:\/\/psol50.org.br\/inc\/uploads\/2018\/07\/capa.png","contentUrl":"https:\/\/psol50.org.br\/inc\/uploads\/2018\/07\/capa.png","width":1350,"height":900,"caption":"PSOL 50"},"image":{"@id":"https:\/\/psol50.org.br\/#\/schema\/logo\/image\/"},"sameAs":["https:\/\/www.facebook.com\/psol50","https:\/\/x.com\/psol50","https:\/\/www.instagram.com\/psol50\/","https:\/\/www.youtube.com\/channel\/UC7SnJS5o1os7a6CaiNabzcg"]},{"@type":"Person","@id":"https:\/\/psol50.org.br\/#\/schema\/person\/475dfa57d0b815993c714c2e96491fcd","name":"Comunica\u00e7\u00e3o PSOL","image":{"@type":"ImageObject","inLanguage":"pt-BR","@id":"https:\/\/psol50.org.br\/#\/schema\/person\/image\/","url":"https:\/\/secure.gravatar.com\/avatar\/b34fc4f4e468a4e51785917065a3db57b841f5c95dba6ad8c73aaf8f66f8f9bf?s=96&d=mm&r=g","contentUrl":"https:\/\/secure.gravatar.com\/avatar\/b34fc4f4e468a4e51785917065a3db57b841f5c95dba6ad8c73aaf8f66f8f9bf?s=96&d=mm&r=g","caption":"Comunica\u00e7\u00e3o PSOL"}}]}},"_links":{"self":[{"href":"https:\/\/psol50.org.br\/rest\/wp\/v2\/posts\/3347","targetHints":{"allow":["GET"]}}],"collection":[{"href":"https:\/\/psol50.org.br\/rest\/wp\/v2\/posts"}],"about":[{"href":"https:\/\/psol50.org.br\/rest\/wp\/v2\/types\/post"}],"author":[{"embeddable":true,"href":"https:\/\/psol50.org.br\/rest\/wp\/v2\/users\/2"}],"replies":[{"embeddable":true,"href":"https:\/\/psol50.org.br\/rest\/wp\/v2\/comments?post=3347"}],"version-history":[{"count":0,"href":"https:\/\/psol50.org.br\/rest\/wp\/v2\/posts\/3347\/revisions"}],"wp:attachment":[{"href":"https:\/\/psol50.org.br\/rest\/wp\/v2\/media?parent=3347"}],"wp:term":[{"taxonomy":"category","embeddable":true,"href":"https:\/\/psol50.org.br\/rest\/wp\/v2\/categories?post=3347"},{"taxonomy":"post_tag","embeddable":true,"href":"https:\/\/psol50.org.br\/rest\/wp\/v2\/tags?post=3347"}],"curies":[{"name":"wp","href":"https:\/\/api.w.org\/{rel}","templated":true}]}}