{"id":336,"date":"2008-07-14T00:00:00","date_gmt":"2008-07-14T00:00:00","guid":{"rendered":"http:\/\/psol50.org.br\/arquivo\/2008\/07\/14\/greve-geral-contra-neoliberalismo-no-governo-e-tlc-para-o-peru\/"},"modified":"2008-07-14T00:00:00","modified_gmt":"2008-07-14T00:00:00","slug":"greve-geral-contra-neoliberalismo-no-governo-e-tlc-para-o-peru","status":"publish","type":"post","link":"https:\/\/psol50.org.br\/greve-geral-contra-neoliberalismo-no-governo-e-tlc-para-o-peru\/","title":{"rendered":"Greve geral contra neoliberalismo no governo e TLC p\u00e1ra o Peru"},"content":{"rendered":"<p>O Peru viveu no dia de ontem uma memor\u00e1vel jornada de lutas. A paralisa\u00e7\u00e3o foi declarada ilegal pelo governo, que destinou 100 mil efetivos das for\u00e7as de seguran\u00e7a para controlar os grevistas. Ainda assim, milhares de manifestantes sa\u00edram \u00e0s ruas das maiores cidades do pa\u00eds e bloquearam estradas. O resultado foi que o pr\u00f3prio governo teve que reconhecer que mais \u201cde 60% da popula\u00e7\u00e3o apoiou a medida e que est\u00e1 descontente com seu governo, devido \u00e0 alta nos pre\u00e7os dos alimentos\u201d.<\/p>\n<p><!--more--><\/p>\n<p>A greve foi convocada pela Confedera\u00e7\u00e3o Geral de Trabalhadores do Peru (CGTP), a maior central oper\u00e1ria do pa\u00eds, para protestar justamente contra a alta de pre\u00e7os dos alimentos e exigir do governo a mudan\u00e7a de sua pol\u00edtica econ\u00f4mica neoliberal. A paralisa\u00e7\u00e3o ocorreu ainda contra o Tratado de Livre Com\u00e9rcio (TLC) com os Estados Unidos, a alta do custo de vida e as recentes leis propostas pelo governo para promover a venda de terras de comunidades campesinas e de bosques na Amaz\u00f4nia, al\u00e9m da privatiza\u00e7\u00e3o dos portos e de servi\u00e7os b\u00e1sicos, como a \u00e1gua.<\/p>\n<p>Os grevistas tamb\u00e9m exigiram aumento de sal\u00e1rios, uma melhor distribui\u00e7\u00e3o do crescimento econ\u00f4mico, entre 7% e 8% da receita do pa\u00eds para beneficiar aos setores mais pobres, e a restitui\u00e7\u00e3o de uma s\u00e9rie de direitos trabalhistas que t\u00eam sido eliminados. O secret\u00e1rio-geral da CGTP qualificou \u00e0 administra\u00e7\u00e3o de Alan Garc\u00eda como \u201cum governo dos ricos e das transnacionais\u201d e exigiu que ele \u201cabandone a soberba e dialogue com os trabalhadores para atender a suas demandas\u201d.<\/p>\n<p>Em Cuzco, uma das cidades onde a greve se sentiu com maior for\u00e7a, cerca de 20 mil pessoas, entre funcion\u00e1rios p\u00fablicos, oper\u00e1rios, professores, estudantes e campesinos, marcharam ontem pelas principais ruas da cidade gritando palavras contra a pol\u00edtica neoliberal do governo e as inten\u00e7\u00f5es governamentais de promover o retorno do latif\u00fandio, a partir da venda de terras de campesinos. \u201cUrgente, urgente, novo presidente\u201d era um dos gritos mais escutados durante a marcha dos grevistas, que durou v\u00e1rias horas.<\/p>\n<p>O governo quer privatizar tudo, at\u00e9 as terras das comunidades campesinas, e isso n\u00e3o permitiremos. O protesto \u00e9 massivo e demonstra o recha\u00e7o ao governo.<\/p>\n<p><em>Fonte: Informa\u00e7\u00e3o da corrente do PNP A Luta Continua<\/em><\/p>\n","protected":false},"excerpt":{"rendered":"<p>O Peru viveu no dia de ontem uma memor\u00e1vel jornada de lutas. A paralisa\u00e7\u00e3o foi declarada ilegal pelo governo, que destinou 100 mil efetivos das for\u00e7as de seguran\u00e7a para controlar os grevistas. Ainda assim, milhares de manifestantes sa\u00edram \u00e0s ruas das maiores cidades do pa\u00eds e bloquearam estradas. O resultado foi que o pr\u00f3prio governo [&hellip;]<\/p>\n","protected":false},"author":2,"featured_media":0,"comment_status":"open","ping_status":"open","sticky":false,"template":"","format":"standard","meta":{"_acf_changed":false,"footnotes":""},"categories":[4766],"tags":[],"class_list":{"0":"post-336","1":"post","2":"type-post","3":"status-publish","4":"format-standard","6":"category-arquivo"},"acf":[],"yoast_head":"<!-- This site is optimized with the Yoast SEO plugin v26.5 - https:\/\/yoast.com\/wordpress\/plugins\/seo\/ -->\n<title>Greve geral contra neoliberalismo no governo e TLC p\u00e1ra o Peru - PSOL 50<\/title>\n<meta name=\"robots\" content=\"index, follow, max-snippet:-1, max-image-preview:large, max-video-preview:-1\" \/>\n<link rel=\"canonical\" href=\"https:\/\/psol50.org.br\/greve-geral-contra-neoliberalismo-no-governo-e-tlc-para-o-peru\/\" \/>\n<meta property=\"og:locale\" content=\"pt_BR\" \/>\n<meta property=\"og:type\" content=\"article\" \/>\n<meta property=\"og:title\" content=\"Greve geral contra neoliberalismo no governo e TLC p\u00e1ra o Peru - PSOL 50\" \/>\n<meta property=\"og:description\" content=\"O Peru viveu no dia de ontem uma memor\u00e1vel jornada de lutas. A paralisa\u00e7\u00e3o foi declarada ilegal pelo governo, que destinou 100 mil efetivos das for\u00e7as de seguran\u00e7a para controlar os grevistas. Ainda assim, milhares de manifestantes sa\u00edram \u00e0s ruas das maiores cidades do pa\u00eds e bloquearam estradas. O resultado foi que o pr\u00f3prio governo [&hellip;]\" \/>\n<meta property=\"og:url\" content=\"https:\/\/psol50.org.br\/greve-geral-contra-neoliberalismo-no-governo-e-tlc-para-o-peru\/\" \/>\n<meta property=\"og:site_name\" content=\"PSOL 50\" \/>\n<meta property=\"article:publisher\" content=\"https:\/\/www.facebook.com\/psol50\" \/>\n<meta property=\"article:published_time\" content=\"2008-07-14T00:00:00+00:00\" \/>\n<meta property=\"og:image\" content=\"https:\/\/psol50.org.br\/inc\/uploads\/2018\/07\/capa.png\" \/>\n\t<meta property=\"og:image:width\" content=\"1350\" \/>\n\t<meta property=\"og:image:height\" content=\"900\" \/>\n\t<meta property=\"og:image:type\" content=\"image\/png\" \/>\n<meta name=\"author\" content=\"Comunica\u00e7\u00e3o PSOL\" \/>\n<meta name=\"twitter:card\" content=\"summary_large_image\" \/>\n<meta name=\"twitter:creator\" content=\"@psol50\" \/>\n<meta name=\"twitter:site\" content=\"@psol50\" \/>\n<meta name=\"twitter:label1\" content=\"Escrito por\" \/>\n\t<meta name=\"twitter:data1\" content=\"Comunica\u00e7\u00e3o PSOL\" \/>\n\t<meta name=\"twitter:label2\" content=\"Est. tempo de leitura\" \/>\n\t<meta name=\"twitter:data2\" content=\"2 minutos\" \/>\n<script type=\"application\/ld+json\" class=\"yoast-schema-graph\">{\"@context\":\"https:\/\/schema.org\",\"@graph\":[{\"@type\":\"Article\",\"@id\":\"https:\/\/psol50.org.br\/greve-geral-contra-neoliberalismo-no-governo-e-tlc-para-o-peru\/#article\",\"isPartOf\":{\"@id\":\"https:\/\/psol50.org.br\/greve-geral-contra-neoliberalismo-no-governo-e-tlc-para-o-peru\/\"},\"author\":{\"name\":\"Comunica\u00e7\u00e3o PSOL\",\"@id\":\"https:\/\/psol50.org.br\/#\/schema\/person\/475dfa57d0b815993c714c2e96491fcd\"},\"headline\":\"Greve geral contra neoliberalismo no governo e TLC p\u00e1ra o Peru\",\"datePublished\":\"2008-07-14T00:00:00+00:00\",\"mainEntityOfPage\":{\"@id\":\"https:\/\/psol50.org.br\/greve-geral-contra-neoliberalismo-no-governo-e-tlc-para-o-peru\/\"},\"wordCount\":410,\"commentCount\":0,\"publisher\":{\"@id\":\"https:\/\/psol50.org.br\/#organization\"},\"articleSection\":[\"Arquivo\"],\"inLanguage\":\"pt-BR\",\"potentialAction\":[{\"@type\":\"CommentAction\",\"name\":\"Comment\",\"target\":[\"https:\/\/psol50.org.br\/greve-geral-contra-neoliberalismo-no-governo-e-tlc-para-o-peru\/#respond\"]}]},{\"@type\":\"WebPage\",\"@id\":\"https:\/\/psol50.org.br\/greve-geral-contra-neoliberalismo-no-governo-e-tlc-para-o-peru\/\",\"url\":\"https:\/\/psol50.org.br\/greve-geral-contra-neoliberalismo-no-governo-e-tlc-para-o-peru\/\",\"name\":\"Greve geral contra neoliberalismo no governo e TLC p\u00e1ra o Peru - PSOL 50\",\"isPartOf\":{\"@id\":\"https:\/\/psol50.org.br\/#website\"},\"datePublished\":\"2008-07-14T00:00:00+00:00\",\"breadcrumb\":{\"@id\":\"https:\/\/psol50.org.br\/greve-geral-contra-neoliberalismo-no-governo-e-tlc-para-o-peru\/#breadcrumb\"},\"inLanguage\":\"pt-BR\",\"potentialAction\":[{\"@type\":\"ReadAction\",\"target\":[\"https:\/\/psol50.org.br\/greve-geral-contra-neoliberalismo-no-governo-e-tlc-para-o-peru\/\"]}]},{\"@type\":\"BreadcrumbList\",\"@id\":\"https:\/\/psol50.org.br\/greve-geral-contra-neoliberalismo-no-governo-e-tlc-para-o-peru\/#breadcrumb\",\"itemListElement\":[{\"@type\":\"ListItem\",\"position\":1,\"name\":\"In\u00edcio\",\"item\":\"https:\/\/psol50.org.br\/\"},{\"@type\":\"ListItem\",\"position\":2,\"name\":\"Greve geral contra neoliberalismo no governo e TLC p\u00e1ra o Peru\"}]},{\"@type\":\"WebSite\",\"@id\":\"https:\/\/psol50.org.br\/#website\",\"url\":\"https:\/\/psol50.org.br\/\",\"name\":\"PSOL 50\",\"description\":\"Site oficial do Partido Socialismo e Liberdade\",\"publisher\":{\"@id\":\"https:\/\/psol50.org.br\/#organization\"},\"alternateName\":\"PSOL50\",\"potentialAction\":[{\"@type\":\"SearchAction\",\"target\":{\"@type\":\"EntryPoint\",\"urlTemplate\":\"https:\/\/psol50.org.br\/?s={search_term_string}\"},\"query-input\":{\"@type\":\"PropertyValueSpecification\",\"valueRequired\":true,\"valueName\":\"search_term_string\"}}],\"inLanguage\":\"pt-BR\"},{\"@type\":\"Organization\",\"@id\":\"https:\/\/psol50.org.br\/#organization\",\"name\":\"PSOL 50\",\"alternateName\":\"PSOL 50\",\"url\":\"https:\/\/psol50.org.br\/\",\"logo\":{\"@type\":\"ImageObject\",\"inLanguage\":\"pt-BR\",\"@id\":\"https:\/\/psol50.org.br\/#\/schema\/logo\/image\/\",\"url\":\"https:\/\/psol50.org.br\/inc\/uploads\/2018\/07\/capa.png\",\"contentUrl\":\"https:\/\/psol50.org.br\/inc\/uploads\/2018\/07\/capa.png\",\"width\":1350,\"height\":900,\"caption\":\"PSOL 50\"},\"image\":{\"@id\":\"https:\/\/psol50.org.br\/#\/schema\/logo\/image\/\"},\"sameAs\":[\"https:\/\/www.facebook.com\/psol50\",\"https:\/\/x.com\/psol50\",\"https:\/\/www.instagram.com\/psol50\/\",\"https:\/\/www.youtube.com\/channel\/UC7SnJS5o1os7a6CaiNabzcg\"]},{\"@type\":\"Person\",\"@id\":\"https:\/\/psol50.org.br\/#\/schema\/person\/475dfa57d0b815993c714c2e96491fcd\",\"name\":\"Comunica\u00e7\u00e3o PSOL\",\"image\":{\"@type\":\"ImageObject\",\"inLanguage\":\"pt-BR\",\"@id\":\"https:\/\/psol50.org.br\/#\/schema\/person\/image\/\",\"url\":\"https:\/\/secure.gravatar.com\/avatar\/b34fc4f4e468a4e51785917065a3db57b841f5c95dba6ad8c73aaf8f66f8f9bf?s=96&d=mm&r=g\",\"contentUrl\":\"https:\/\/secure.gravatar.com\/avatar\/b34fc4f4e468a4e51785917065a3db57b841f5c95dba6ad8c73aaf8f66f8f9bf?s=96&d=mm&r=g\",\"caption\":\"Comunica\u00e7\u00e3o PSOL\"}}]}<\/script>\n<!-- \/ Yoast SEO plugin. -->","yoast_head_json":{"title":"Greve geral contra neoliberalismo no governo e TLC p\u00e1ra o Peru - PSOL 50","robots":{"index":"index","follow":"follow","max-snippet":"max-snippet:-1","max-image-preview":"max-image-preview:large","max-video-preview":"max-video-preview:-1"},"canonical":"https:\/\/psol50.org.br\/greve-geral-contra-neoliberalismo-no-governo-e-tlc-para-o-peru\/","og_locale":"pt_BR","og_type":"article","og_title":"Greve geral contra neoliberalismo no governo e TLC p\u00e1ra o Peru - PSOL 50","og_description":"O Peru viveu no dia de ontem uma memor\u00e1vel jornada de lutas. A paralisa\u00e7\u00e3o foi declarada ilegal pelo governo, que destinou 100 mil efetivos das for\u00e7as de seguran\u00e7a para controlar os grevistas. Ainda assim, milhares de manifestantes sa\u00edram \u00e0s ruas das maiores cidades do pa\u00eds e bloquearam estradas. O resultado foi que o pr\u00f3prio governo [&hellip;]","og_url":"https:\/\/psol50.org.br\/greve-geral-contra-neoliberalismo-no-governo-e-tlc-para-o-peru\/","og_site_name":"PSOL 50","article_publisher":"https:\/\/www.facebook.com\/psol50","article_published_time":"2008-07-14T00:00:00+00:00","og_image":[{"width":1350,"height":900,"url":"https:\/\/psol50.org.br\/inc\/uploads\/2018\/07\/capa.png","type":"image\/png"}],"author":"Comunica\u00e7\u00e3o PSOL","twitter_card":"summary_large_image","twitter_creator":"@psol50","twitter_site":"@psol50","twitter_misc":{"Escrito por":"Comunica\u00e7\u00e3o PSOL","Est. tempo de leitura":"2 minutos"},"schema":{"@context":"https:\/\/schema.org","@graph":[{"@type":"Article","@id":"https:\/\/psol50.org.br\/greve-geral-contra-neoliberalismo-no-governo-e-tlc-para-o-peru\/#article","isPartOf":{"@id":"https:\/\/psol50.org.br\/greve-geral-contra-neoliberalismo-no-governo-e-tlc-para-o-peru\/"},"author":{"name":"Comunica\u00e7\u00e3o PSOL","@id":"https:\/\/psol50.org.br\/#\/schema\/person\/475dfa57d0b815993c714c2e96491fcd"},"headline":"Greve geral contra neoliberalismo no governo e TLC p\u00e1ra o Peru","datePublished":"2008-07-14T00:00:00+00:00","mainEntityOfPage":{"@id":"https:\/\/psol50.org.br\/greve-geral-contra-neoliberalismo-no-governo-e-tlc-para-o-peru\/"},"wordCount":410,"commentCount":0,"publisher":{"@id":"https:\/\/psol50.org.br\/#organization"},"articleSection":["Arquivo"],"inLanguage":"pt-BR","potentialAction":[{"@type":"CommentAction","name":"Comment","target":["https:\/\/psol50.org.br\/greve-geral-contra-neoliberalismo-no-governo-e-tlc-para-o-peru\/#respond"]}]},{"@type":"WebPage","@id":"https:\/\/psol50.org.br\/greve-geral-contra-neoliberalismo-no-governo-e-tlc-para-o-peru\/","url":"https:\/\/psol50.org.br\/greve-geral-contra-neoliberalismo-no-governo-e-tlc-para-o-peru\/","name":"Greve geral contra neoliberalismo no governo e TLC p\u00e1ra o Peru - PSOL 50","isPartOf":{"@id":"https:\/\/psol50.org.br\/#website"},"datePublished":"2008-07-14T00:00:00+00:00","breadcrumb":{"@id":"https:\/\/psol50.org.br\/greve-geral-contra-neoliberalismo-no-governo-e-tlc-para-o-peru\/#breadcrumb"},"inLanguage":"pt-BR","potentialAction":[{"@type":"ReadAction","target":["https:\/\/psol50.org.br\/greve-geral-contra-neoliberalismo-no-governo-e-tlc-para-o-peru\/"]}]},{"@type":"BreadcrumbList","@id":"https:\/\/psol50.org.br\/greve-geral-contra-neoliberalismo-no-governo-e-tlc-para-o-peru\/#breadcrumb","itemListElement":[{"@type":"ListItem","position":1,"name":"In\u00edcio","item":"https:\/\/psol50.org.br\/"},{"@type":"ListItem","position":2,"name":"Greve geral contra neoliberalismo no governo e TLC p\u00e1ra o Peru"}]},{"@type":"WebSite","@id":"https:\/\/psol50.org.br\/#website","url":"https:\/\/psol50.org.br\/","name":"PSOL 50","description":"Site oficial do Partido Socialismo e Liberdade","publisher":{"@id":"https:\/\/psol50.org.br\/#organization"},"alternateName":"PSOL50","potentialAction":[{"@type":"SearchAction","target":{"@type":"EntryPoint","urlTemplate":"https:\/\/psol50.org.br\/?s={search_term_string}"},"query-input":{"@type":"PropertyValueSpecification","valueRequired":true,"valueName":"search_term_string"}}],"inLanguage":"pt-BR"},{"@type":"Organization","@id":"https:\/\/psol50.org.br\/#organization","name":"PSOL 50","alternateName":"PSOL 50","url":"https:\/\/psol50.org.br\/","logo":{"@type":"ImageObject","inLanguage":"pt-BR","@id":"https:\/\/psol50.org.br\/#\/schema\/logo\/image\/","url":"https:\/\/psol50.org.br\/inc\/uploads\/2018\/07\/capa.png","contentUrl":"https:\/\/psol50.org.br\/inc\/uploads\/2018\/07\/capa.png","width":1350,"height":900,"caption":"PSOL 50"},"image":{"@id":"https:\/\/psol50.org.br\/#\/schema\/logo\/image\/"},"sameAs":["https:\/\/www.facebook.com\/psol50","https:\/\/x.com\/psol50","https:\/\/www.instagram.com\/psol50\/","https:\/\/www.youtube.com\/channel\/UC7SnJS5o1os7a6CaiNabzcg"]},{"@type":"Person","@id":"https:\/\/psol50.org.br\/#\/schema\/person\/475dfa57d0b815993c714c2e96491fcd","name":"Comunica\u00e7\u00e3o PSOL","image":{"@type":"ImageObject","inLanguage":"pt-BR","@id":"https:\/\/psol50.org.br\/#\/schema\/person\/image\/","url":"https:\/\/secure.gravatar.com\/avatar\/b34fc4f4e468a4e51785917065a3db57b841f5c95dba6ad8c73aaf8f66f8f9bf?s=96&d=mm&r=g","contentUrl":"https:\/\/secure.gravatar.com\/avatar\/b34fc4f4e468a4e51785917065a3db57b841f5c95dba6ad8c73aaf8f66f8f9bf?s=96&d=mm&r=g","caption":"Comunica\u00e7\u00e3o PSOL"}}]}},"_links":{"self":[{"href":"https:\/\/psol50.org.br\/rest\/wp\/v2\/posts\/336","targetHints":{"allow":["GET"]}}],"collection":[{"href":"https:\/\/psol50.org.br\/rest\/wp\/v2\/posts"}],"about":[{"href":"https:\/\/psol50.org.br\/rest\/wp\/v2\/types\/post"}],"author":[{"embeddable":true,"href":"https:\/\/psol50.org.br\/rest\/wp\/v2\/users\/2"}],"replies":[{"embeddable":true,"href":"https:\/\/psol50.org.br\/rest\/wp\/v2\/comments?post=336"}],"version-history":[{"count":0,"href":"https:\/\/psol50.org.br\/rest\/wp\/v2\/posts\/336\/revisions"}],"wp:attachment":[{"href":"https:\/\/psol50.org.br\/rest\/wp\/v2\/media?parent=336"}],"wp:term":[{"taxonomy":"category","embeddable":true,"href":"https:\/\/psol50.org.br\/rest\/wp\/v2\/categories?post=336"},{"taxonomy":"post_tag","embeddable":true,"href":"https:\/\/psol50.org.br\/rest\/wp\/v2\/tags?post=336"}],"curies":[{"name":"wp","href":"https:\/\/api.w.org\/{rel}","templated":true}]}}