{"id":3389,"date":"2015-08-20T00:00:00","date_gmt":"2015-08-20T18:41:16","guid":{"rendered":"http:\/\/psol50.org.br\/arquivo\/2015\/08\/20\/apos-denuncia-no-stf-psol-pede-afastamento-imediato-de-cunha-da-presidencia-da-camara\/"},"modified":"2015-08-20T00:00:00","modified_gmt":"2015-08-20T18:41:16","slug":"apos-denuncia-no-stf-psol-pede-afastamento-imediato-de-cunha-da-presidencia-da-camara","status":"publish","type":"post","link":"https:\/\/psol50.org.br\/apos-denuncia-no-stf-psol-pede-afastamento-imediato-de-cunha-da-presidencia-da-camara\/","title":{"rendered":"Ap\u00f3s den\u00fancia no STF, PSOL pede afastamento imediato de Cunha da Presid\u00eancia da C\u00e2mara"},"content":{"rendered":"<p style=\"text-align: justify;\">\n\t<span style=\"font-size:14px;\"><em>Do PSOL Nacional, Leonor Costa<\/em><br \/>\n\t&nbsp;<br \/>\n\tLogo ap\u00f3s a confirma\u00e7\u00e3o de que o procurador-geral da Rep\u00fablica, Rodrigo Janot, protocolou, no Supremo Tribunal Federal (STF), den\u00fancia contra o presidente da C\u00e2mara, deputado Eduardo Cunha (PMDB), deputados do PSOL e de outros partidos lan\u00e7aram uma nota em que exigem o imediato afastamento de Cunha da Presid\u00eancia da Casa. No documento, apresentado no final desta tarde em coletiva \u00e0 imprensa no Sal\u00e3o Verde da Casa, os deputados afirmam que \u201cexercer a Presid\u00eancia da C\u00e2mara dos Deputados exige equil\u00edbrio, postura \u00e9tica e credibilidade. A responsabilidade de dirigente maior de uma das casas do Poder Legislativo \u00e9 incompat\u00edvel com a condi\u00e7\u00e3o de denunciado. Em defesa do Parlamento, clamamos pelo afastamento imediato de Eduardo Cunha da Presid\u00eancia da C\u00e2mara dos Deputados\u201d.<br \/>\n\t&nbsp;<br \/>\n\tA iniciativa de pedir o afastamento de Eduardo Cunha, caso a den\u00fancia de Rodrigo Janot se confirmasse, foi da bancada do PSOL, que j\u00e1 havia apresentado esse posicionamento anteriormente na C\u00e2mara dos Deputados, quando o presidente foi citado nas investiga\u00e7\u00f5es da Opera\u00e7\u00e3o Lava Jato.<br \/>\n\t&nbsp;<br \/>\n\t<strong>A den\u00fancia<\/strong><br \/>\n\tO presidente da C\u00e2mara, Eduardo Cunha (PMDB-RJ), foi denunciado ao STF por corrup\u00e7\u00e3o passiva e lavagem de dinheiro pelo&nbsp;procurador-geral da Rep\u00fablica, Rodrigo Janot, na tarde desta quinta-feira (20). Janot acusa Cunha, investigado na Opera\u00e7\u00e3o Lava Jato, de ter recebido propina no valor de pelo menos 5 milh\u00f5es de d\u00f3lares para viabilizar a constru\u00e7\u00e3o de dois navios-sondas da Petrobras, entre junho de 2006 e outubro de 2012.<br \/>\n\t&nbsp;<br \/>\n\tAl\u00e9m de Cunha, o procurador geral tamb\u00e9m apresentou den\u00fancia contra a ex-deputada federal&nbsp;Solange Almeida, acusada de ter participado de press\u00e3o pelo pagamento de valores retidos, incorrendo em corrup\u00e7\u00e3o passiva. Se o STF aceitar a den\u00fancia, Cunha e Almeida se tornar\u00e3o r\u00e9us.<br \/>\n\t&nbsp;<br \/>\n\tSegundo a den\u00fancia, Cunha recebeu vantagens indevidas para facilitar e viabilizar a contrata\u00e7\u00e3o do estaleiro Samsung, respons\u00e1vel pela constru\u00e7\u00e3o dos navios-sondas Petrobras 10000 e Vitoria 10000, sem licita\u00e7\u00e3o, por meio de contratos firmados em 2006 e 2007. A intermedia\u00e7\u00e3o foi feita, segundo a PGR, por Fernando Soares, o &#8220;Fernando Baiano&#8221;, apontado como operador do PMDB na Diretoria Internacional da Petrobras. A propina foi oferecida, prometida e paga por J\u00falio Camargo,&nbsp;ex-consultor da empresa Toyo Setal.<br \/>\n\t&nbsp;<br \/>\n\tO ministro Teori Zavascki, relator dos casos relacionados \u00e0 Lava Jato no STF, deve encaminhar a den\u00fancia aos demais ministros do Supremo, que decidir\u00e3o, em sess\u00e3o plen\u00e1ria, se acolhem ou n\u00e3o a den\u00fancia de Janot. Na hip\u00f3tese de ser aceita, a den\u00fancia torna-se a\u00e7\u00e3o penal e Eduardo Cunha se tornar\u00e1 r\u00e9u.<br \/>\n\t&nbsp;<br \/>\n\t<strong>A posi\u00e7\u00e3o do PSOL<\/strong><br \/>\n\tO presidente nacional do PSOL, Luiz Ara\u00fajo, diz esperar que, com a den\u00fancia do Minist\u00e9rio P\u00fablico Federal ao STF, outros partidos se esforcem na campanha pela sa\u00edda de Eduardo Cunha da Presid\u00eancia da C\u00e2mara. \u201cEspero que n\u00e3o s\u00f3 o PSOL, mas que outros partidos tenham coragem de tirar da Presid\u00eancia da C\u00e2mara um pol\u00edtico envolvido num esc\u00e2ndalo comprovado, e que al\u00e9m de estar envolvido nesse esc\u00e2ndalo tem patrocinado uma pauta conservadora de retirada de diretos, tentando se cacifar junto \u00e0 elite para justamente n\u00e3o ser preso\u201d, ressaltou.<br \/>\n\t&nbsp;<br \/>\n\tAra\u00fajo lembra, ainda, que o PSOL, por meio de sua bancada na C\u00e2mara, tem atuado de forma incans\u00e1vel contra as manobras e a pauta imposta pelo deputado peemedebista. \u201c\u00c9 inconceb\u00edvel o terceiro homem da hierarquia de sucess\u00e3o do pa\u00eds ser denunciado no STF e, al\u00e9m de estar livre, leve e solto, ainda estar presidindo a C\u00e2mara. O m\u00ednimo que n\u00f3s esperamos \u00e9 que a Casa retire esse sujeito da Presid\u00eancia e que a justi\u00e7a seja feita\u201d.<br \/>\n\t&nbsp;<br \/>\n\tO presidente do PSOL ressalta, tamb\u00e9m, que o partido j\u00e1 havia apresentado pedido formal para que Cunha fosse afastado do cargo, mas \u00e0 \u00e9poca n\u00e3o contou com o apoio de outros partidos. \u201cEu espero que manifesta\u00e7\u00f5es de solidariedade, como teve da primeira vez, n\u00e3o aconte\u00e7am novamente. Porque na \u00faltima vez n\u00f3s ficamos isolados e todo mundo mantendo ele na Presid\u00eancia. Agora que aconteceu (a den\u00fancia), espero que os partidos criem vergonha e ajudem a tirar Cunha do cargo\u201d. &nbsp;&nbsp;<br \/>\n\t&nbsp;<br \/>\n\tConfira abaixo a nota divulgada nesta quinta-feira (20).<br \/>\n\t&nbsp;<br \/>\n\t<strong><em>Em defesa da representa\u00e7\u00e3o popular<\/em><\/strong><br \/>\n\t<em>A den\u00fancia contra o presidente da C\u00e2mara dos Deputados, Eduardo Cunha, por corrup\u00e7\u00e3o e lavagem de dinheiro, apresentada pela Procuradoria Geral da Rep\u00fablica, \u00e9 grav\u00edssima. Com robusto conjunto probat\u00f3rio, ela n\u00e3o apenas refor\u00e7a as informa\u00e7\u00f5es sobre o envolvimento de Cunha no esquema criminoso investigado pela Opera\u00e7\u00e3o Lava Jato, como exp\u00f5e o Parlamento brasileiro e torna insustent\u00e1vel a sua perman\u00eancia na Presid\u00eancia da Casa.<\/em><\/p>\n<p>\t<em>O Minist\u00e9rio P\u00fablico acusa Eduardo Cunha de corrup\u00e7\u00e3o e lavagem de dinheiro \u2013 referente ao recebimento de US$ 5 milh\u00f5es de um lobista e outras milion\u00e1rias transa\u00e7\u00f5es. Apurou-se tamb\u00e9m que Cunha se utilizou de requerimentos de informa\u00e7\u00e3o para chantagear empres\u00e1rios que estariam com parcelas de propina em atraso \u2013 requerimentos esses originados em seu gabinete e assinados pela ent\u00e3o deputada Solange Almeida. <\/em><\/p>\n<p>\t<em>A diferen\u00e7a da condi\u00e7\u00e3o de um investigado em inqu\u00e9rito para a de um denunciado \u00e9 not\u00f3ria. Neste caso, Cunha \u00e9 formalmente acusado de ter praticado crimes. Com a den\u00fancia do Minist\u00e9rio P\u00fablico, a situa\u00e7\u00e3o torna-se insustent\u00e1vel para o deputado, que j\u00e1 demonstrou utilizar o poder derivado do cargo em sua pr\u00f3pria defesa. <\/em><\/p>\n<p>\t<em>Exercer a Presid\u00eancia da C\u00e2mara dos Deputados exige equil\u00edbrio, postura \u00e9tica e credibilidade. A responsabilidade de dirigente maior de uma das casas do Poder Legislativo \u00e9 incompat\u00edvel com a condi\u00e7\u00e3o de denunciado. Em defesa do Parlamento, clamamos pelo afastamento imediato de Eduardo Cunha da Presid\u00eancia da C\u00e2mara dos Deputados.<\/em><br \/>\n\t&nbsp;<br \/>\n\t<em>Parlamentares do PSOL, PSB, PT, PPS, PDT, PMDB, PR, PSC, PROS, PTB.<\/em><br \/>\n\t<em>Bras\u00edlia, 20 de agosto de 2015.<\/em><br \/>\n\t&nbsp;<\/span><\/p>\n","protected":false},"excerpt":{"rendered":"<p>Para presidente do partido, \u201c\u00e9 inconceb\u00edvel o terceiro homem da hierarquia de sucess\u00e3o do pa\u00eds ser denunciado no STF e, al\u00e9m de estar livre, leve e solto, ainda estar presidindo a C\u00e2mara\u201d<\/p>\n","protected":false},"author":2,"featured_media":0,"comment_status":"open","ping_status":"open","sticky":false,"template":"","format":"standard","meta":{"_acf_changed":false,"footnotes":""},"categories":[6],"tags":[22],"class_list":{"0":"post-3389","1":"post","2":"type-post","3":"status-publish","4":"format-standard","6":"category-noticias","7":"tag-psol"},"acf":[],"yoast_head":"<!-- This site is optimized with the Yoast SEO plugin v26.5 - https:\/\/yoast.com\/wordpress\/plugins\/seo\/ -->\n<title>Ap\u00f3s den\u00fancia no STF, PSOL pede afastamento imediato de Cunha da Presid\u00eancia da C\u00e2mara - PSOL 50<\/title>\n<meta name=\"robots\" content=\"index, follow, max-snippet:-1, max-image-preview:large, max-video-preview:-1\" \/>\n<link rel=\"canonical\" href=\"https:\/\/psol50.org.br\/apos-denuncia-no-stf-psol-pede-afastamento-imediato-de-cunha-da-presidencia-da-camara\/\" \/>\n<meta property=\"og:locale\" content=\"pt_BR\" \/>\n<meta property=\"og:type\" content=\"article\" \/>\n<meta property=\"og:title\" content=\"Ap\u00f3s den\u00fancia no STF, PSOL pede afastamento imediato de Cunha da Presid\u00eancia da C\u00e2mara - PSOL 50\" \/>\n<meta property=\"og:description\" content=\"Para presidente do partido, \u201c\u00e9 inconceb\u00edvel o terceiro homem da hierarquia de sucess\u00e3o do pa\u00eds ser denunciado no STF e, al\u00e9m de estar livre, leve e solto, ainda estar presidindo a C\u00e2mara\u201d\" \/>\n<meta property=\"og:url\" content=\"https:\/\/psol50.org.br\/apos-denuncia-no-stf-psol-pede-afastamento-imediato-de-cunha-da-presidencia-da-camara\/\" \/>\n<meta property=\"og:site_name\" content=\"PSOL 50\" \/>\n<meta property=\"article:publisher\" content=\"https:\/\/www.facebook.com\/psol50\" \/>\n<meta property=\"article:published_time\" content=\"2015-08-20T18:41:16+00:00\" \/>\n<meta property=\"og:image\" content=\"https:\/\/psol50.org.br\/inc\/uploads\/2018\/07\/capa.png\" \/>\n\t<meta property=\"og:image:width\" content=\"1350\" \/>\n\t<meta property=\"og:image:height\" content=\"900\" \/>\n\t<meta property=\"og:image:type\" content=\"image\/png\" \/>\n<meta name=\"author\" content=\"Comunica\u00e7\u00e3o PSOL\" \/>\n<meta name=\"twitter:card\" content=\"summary_large_image\" \/>\n<meta name=\"twitter:creator\" content=\"@psol50\" \/>\n<meta name=\"twitter:site\" content=\"@psol50\" \/>\n<meta name=\"twitter:label1\" content=\"Escrito por\" \/>\n\t<meta name=\"twitter:data1\" content=\"Comunica\u00e7\u00e3o PSOL\" \/>\n\t<meta name=\"twitter:label2\" content=\"Est. tempo de leitura\" \/>\n\t<meta name=\"twitter:data2\" content=\"5 minutos\" \/>\n<script type=\"application\/ld+json\" class=\"yoast-schema-graph\">{\"@context\":\"https:\/\/schema.org\",\"@graph\":[{\"@type\":\"Article\",\"@id\":\"https:\/\/psol50.org.br\/apos-denuncia-no-stf-psol-pede-afastamento-imediato-de-cunha-da-presidencia-da-camara\/#article\",\"isPartOf\":{\"@id\":\"https:\/\/psol50.org.br\/apos-denuncia-no-stf-psol-pede-afastamento-imediato-de-cunha-da-presidencia-da-camara\/\"},\"author\":{\"name\":\"Comunica\u00e7\u00e3o PSOL\",\"@id\":\"https:\/\/psol50.org.br\/#\/schema\/person\/475dfa57d0b815993c714c2e96491fcd\"},\"headline\":\"Ap\u00f3s den\u00fancia no STF, PSOL pede afastamento imediato de Cunha da Presid\u00eancia da C\u00e2mara\",\"datePublished\":\"2015-08-20T18:41:16+00:00\",\"mainEntityOfPage\":{\"@id\":\"https:\/\/psol50.org.br\/apos-denuncia-no-stf-psol-pede-afastamento-imediato-de-cunha-da-presidencia-da-camara\/\"},\"wordCount\":1049,\"commentCount\":0,\"publisher\":{\"@id\":\"https:\/\/psol50.org.br\/#organization\"},\"keywords\":[\"PSOL\"],\"articleSection\":[\"Not\u00edcias\"],\"inLanguage\":\"pt-BR\",\"potentialAction\":[{\"@type\":\"CommentAction\",\"name\":\"Comment\",\"target\":[\"https:\/\/psol50.org.br\/apos-denuncia-no-stf-psol-pede-afastamento-imediato-de-cunha-da-presidencia-da-camara\/#respond\"]}]},{\"@type\":\"WebPage\",\"@id\":\"https:\/\/psol50.org.br\/apos-denuncia-no-stf-psol-pede-afastamento-imediato-de-cunha-da-presidencia-da-camara\/\",\"url\":\"https:\/\/psol50.org.br\/apos-denuncia-no-stf-psol-pede-afastamento-imediato-de-cunha-da-presidencia-da-camara\/\",\"name\":\"Ap\u00f3s den\u00fancia no STF, PSOL pede afastamento imediato de Cunha da Presid\u00eancia da C\u00e2mara - PSOL 50\",\"isPartOf\":{\"@id\":\"https:\/\/psol50.org.br\/#website\"},\"datePublished\":\"2015-08-20T18:41:16+00:00\",\"breadcrumb\":{\"@id\":\"https:\/\/psol50.org.br\/apos-denuncia-no-stf-psol-pede-afastamento-imediato-de-cunha-da-presidencia-da-camara\/#breadcrumb\"},\"inLanguage\":\"pt-BR\",\"potentialAction\":[{\"@type\":\"ReadAction\",\"target\":[\"https:\/\/psol50.org.br\/apos-denuncia-no-stf-psol-pede-afastamento-imediato-de-cunha-da-presidencia-da-camara\/\"]}]},{\"@type\":\"BreadcrumbList\",\"@id\":\"https:\/\/psol50.org.br\/apos-denuncia-no-stf-psol-pede-afastamento-imediato-de-cunha-da-presidencia-da-camara\/#breadcrumb\",\"itemListElement\":[{\"@type\":\"ListItem\",\"position\":1,\"name\":\"In\u00edcio\",\"item\":\"https:\/\/psol50.org.br\/\"},{\"@type\":\"ListItem\",\"position\":2,\"name\":\"Ap\u00f3s den\u00fancia no STF, PSOL pede afastamento imediato de Cunha da Presid\u00eancia da C\u00e2mara\"}]},{\"@type\":\"WebSite\",\"@id\":\"https:\/\/psol50.org.br\/#website\",\"url\":\"https:\/\/psol50.org.br\/\",\"name\":\"PSOL 50\",\"description\":\"Site oficial do Partido Socialismo e Liberdade\",\"publisher\":{\"@id\":\"https:\/\/psol50.org.br\/#organization\"},\"alternateName\":\"PSOL50\",\"potentialAction\":[{\"@type\":\"SearchAction\",\"target\":{\"@type\":\"EntryPoint\",\"urlTemplate\":\"https:\/\/psol50.org.br\/?s={search_term_string}\"},\"query-input\":{\"@type\":\"PropertyValueSpecification\",\"valueRequired\":true,\"valueName\":\"search_term_string\"}}],\"inLanguage\":\"pt-BR\"},{\"@type\":\"Organization\",\"@id\":\"https:\/\/psol50.org.br\/#organization\",\"name\":\"PSOL 50\",\"alternateName\":\"PSOL 50\",\"url\":\"https:\/\/psol50.org.br\/\",\"logo\":{\"@type\":\"ImageObject\",\"inLanguage\":\"pt-BR\",\"@id\":\"https:\/\/psol50.org.br\/#\/schema\/logo\/image\/\",\"url\":\"https:\/\/psol50.org.br\/inc\/uploads\/2018\/07\/capa.png\",\"contentUrl\":\"https:\/\/psol50.org.br\/inc\/uploads\/2018\/07\/capa.png\",\"width\":1350,\"height\":900,\"caption\":\"PSOL 50\"},\"image\":{\"@id\":\"https:\/\/psol50.org.br\/#\/schema\/logo\/image\/\"},\"sameAs\":[\"https:\/\/www.facebook.com\/psol50\",\"https:\/\/x.com\/psol50\",\"https:\/\/www.instagram.com\/psol50\/\",\"https:\/\/www.youtube.com\/channel\/UC7SnJS5o1os7a6CaiNabzcg\"]},{\"@type\":\"Person\",\"@id\":\"https:\/\/psol50.org.br\/#\/schema\/person\/475dfa57d0b815993c714c2e96491fcd\",\"name\":\"Comunica\u00e7\u00e3o PSOL\",\"image\":{\"@type\":\"ImageObject\",\"inLanguage\":\"pt-BR\",\"@id\":\"https:\/\/psol50.org.br\/#\/schema\/person\/image\/\",\"url\":\"https:\/\/secure.gravatar.com\/avatar\/b34fc4f4e468a4e51785917065a3db57b841f5c95dba6ad8c73aaf8f66f8f9bf?s=96&d=mm&r=g\",\"contentUrl\":\"https:\/\/secure.gravatar.com\/avatar\/b34fc4f4e468a4e51785917065a3db57b841f5c95dba6ad8c73aaf8f66f8f9bf?s=96&d=mm&r=g\",\"caption\":\"Comunica\u00e7\u00e3o PSOL\"}}]}<\/script>\n<!-- \/ Yoast SEO plugin. -->","yoast_head_json":{"title":"Ap\u00f3s den\u00fancia no STF, PSOL pede afastamento imediato de Cunha da Presid\u00eancia da C\u00e2mara - PSOL 50","robots":{"index":"index","follow":"follow","max-snippet":"max-snippet:-1","max-image-preview":"max-image-preview:large","max-video-preview":"max-video-preview:-1"},"canonical":"https:\/\/psol50.org.br\/apos-denuncia-no-stf-psol-pede-afastamento-imediato-de-cunha-da-presidencia-da-camara\/","og_locale":"pt_BR","og_type":"article","og_title":"Ap\u00f3s den\u00fancia no STF, PSOL pede afastamento imediato de Cunha da Presid\u00eancia da C\u00e2mara - PSOL 50","og_description":"Para presidente do partido, \u201c\u00e9 inconceb\u00edvel o terceiro homem da hierarquia de sucess\u00e3o do pa\u00eds ser denunciado no STF e, al\u00e9m de estar livre, leve e solto, ainda estar presidindo a C\u00e2mara\u201d","og_url":"https:\/\/psol50.org.br\/apos-denuncia-no-stf-psol-pede-afastamento-imediato-de-cunha-da-presidencia-da-camara\/","og_site_name":"PSOL 50","article_publisher":"https:\/\/www.facebook.com\/psol50","article_published_time":"2015-08-20T18:41:16+00:00","og_image":[{"width":1350,"height":900,"url":"https:\/\/psol50.org.br\/inc\/uploads\/2018\/07\/capa.png","type":"image\/png"}],"author":"Comunica\u00e7\u00e3o PSOL","twitter_card":"summary_large_image","twitter_creator":"@psol50","twitter_site":"@psol50","twitter_misc":{"Escrito por":"Comunica\u00e7\u00e3o PSOL","Est. tempo de leitura":"5 minutos"},"schema":{"@context":"https:\/\/schema.org","@graph":[{"@type":"Article","@id":"https:\/\/psol50.org.br\/apos-denuncia-no-stf-psol-pede-afastamento-imediato-de-cunha-da-presidencia-da-camara\/#article","isPartOf":{"@id":"https:\/\/psol50.org.br\/apos-denuncia-no-stf-psol-pede-afastamento-imediato-de-cunha-da-presidencia-da-camara\/"},"author":{"name":"Comunica\u00e7\u00e3o PSOL","@id":"https:\/\/psol50.org.br\/#\/schema\/person\/475dfa57d0b815993c714c2e96491fcd"},"headline":"Ap\u00f3s den\u00fancia no STF, PSOL pede afastamento imediato de Cunha da Presid\u00eancia da C\u00e2mara","datePublished":"2015-08-20T18:41:16+00:00","mainEntityOfPage":{"@id":"https:\/\/psol50.org.br\/apos-denuncia-no-stf-psol-pede-afastamento-imediato-de-cunha-da-presidencia-da-camara\/"},"wordCount":1049,"commentCount":0,"publisher":{"@id":"https:\/\/psol50.org.br\/#organization"},"keywords":["PSOL"],"articleSection":["Not\u00edcias"],"inLanguage":"pt-BR","potentialAction":[{"@type":"CommentAction","name":"Comment","target":["https:\/\/psol50.org.br\/apos-denuncia-no-stf-psol-pede-afastamento-imediato-de-cunha-da-presidencia-da-camara\/#respond"]}]},{"@type":"WebPage","@id":"https:\/\/psol50.org.br\/apos-denuncia-no-stf-psol-pede-afastamento-imediato-de-cunha-da-presidencia-da-camara\/","url":"https:\/\/psol50.org.br\/apos-denuncia-no-stf-psol-pede-afastamento-imediato-de-cunha-da-presidencia-da-camara\/","name":"Ap\u00f3s den\u00fancia no STF, PSOL pede afastamento imediato de Cunha da Presid\u00eancia da C\u00e2mara - PSOL 50","isPartOf":{"@id":"https:\/\/psol50.org.br\/#website"},"datePublished":"2015-08-20T18:41:16+00:00","breadcrumb":{"@id":"https:\/\/psol50.org.br\/apos-denuncia-no-stf-psol-pede-afastamento-imediato-de-cunha-da-presidencia-da-camara\/#breadcrumb"},"inLanguage":"pt-BR","potentialAction":[{"@type":"ReadAction","target":["https:\/\/psol50.org.br\/apos-denuncia-no-stf-psol-pede-afastamento-imediato-de-cunha-da-presidencia-da-camara\/"]}]},{"@type":"BreadcrumbList","@id":"https:\/\/psol50.org.br\/apos-denuncia-no-stf-psol-pede-afastamento-imediato-de-cunha-da-presidencia-da-camara\/#breadcrumb","itemListElement":[{"@type":"ListItem","position":1,"name":"In\u00edcio","item":"https:\/\/psol50.org.br\/"},{"@type":"ListItem","position":2,"name":"Ap\u00f3s den\u00fancia no STF, PSOL pede afastamento imediato de Cunha da Presid\u00eancia da C\u00e2mara"}]},{"@type":"WebSite","@id":"https:\/\/psol50.org.br\/#website","url":"https:\/\/psol50.org.br\/","name":"PSOL 50","description":"Site oficial do Partido Socialismo e Liberdade","publisher":{"@id":"https:\/\/psol50.org.br\/#organization"},"alternateName":"PSOL50","potentialAction":[{"@type":"SearchAction","target":{"@type":"EntryPoint","urlTemplate":"https:\/\/psol50.org.br\/?s={search_term_string}"},"query-input":{"@type":"PropertyValueSpecification","valueRequired":true,"valueName":"search_term_string"}}],"inLanguage":"pt-BR"},{"@type":"Organization","@id":"https:\/\/psol50.org.br\/#organization","name":"PSOL 50","alternateName":"PSOL 50","url":"https:\/\/psol50.org.br\/","logo":{"@type":"ImageObject","inLanguage":"pt-BR","@id":"https:\/\/psol50.org.br\/#\/schema\/logo\/image\/","url":"https:\/\/psol50.org.br\/inc\/uploads\/2018\/07\/capa.png","contentUrl":"https:\/\/psol50.org.br\/inc\/uploads\/2018\/07\/capa.png","width":1350,"height":900,"caption":"PSOL 50"},"image":{"@id":"https:\/\/psol50.org.br\/#\/schema\/logo\/image\/"},"sameAs":["https:\/\/www.facebook.com\/psol50","https:\/\/x.com\/psol50","https:\/\/www.instagram.com\/psol50\/","https:\/\/www.youtube.com\/channel\/UC7SnJS5o1os7a6CaiNabzcg"]},{"@type":"Person","@id":"https:\/\/psol50.org.br\/#\/schema\/person\/475dfa57d0b815993c714c2e96491fcd","name":"Comunica\u00e7\u00e3o PSOL","image":{"@type":"ImageObject","inLanguage":"pt-BR","@id":"https:\/\/psol50.org.br\/#\/schema\/person\/image\/","url":"https:\/\/secure.gravatar.com\/avatar\/b34fc4f4e468a4e51785917065a3db57b841f5c95dba6ad8c73aaf8f66f8f9bf?s=96&d=mm&r=g","contentUrl":"https:\/\/secure.gravatar.com\/avatar\/b34fc4f4e468a4e51785917065a3db57b841f5c95dba6ad8c73aaf8f66f8f9bf?s=96&d=mm&r=g","caption":"Comunica\u00e7\u00e3o PSOL"}}]}},"_links":{"self":[{"href":"https:\/\/psol50.org.br\/rest\/wp\/v2\/posts\/3389","targetHints":{"allow":["GET"]}}],"collection":[{"href":"https:\/\/psol50.org.br\/rest\/wp\/v2\/posts"}],"about":[{"href":"https:\/\/psol50.org.br\/rest\/wp\/v2\/types\/post"}],"author":[{"embeddable":true,"href":"https:\/\/psol50.org.br\/rest\/wp\/v2\/users\/2"}],"replies":[{"embeddable":true,"href":"https:\/\/psol50.org.br\/rest\/wp\/v2\/comments?post=3389"}],"version-history":[{"count":0,"href":"https:\/\/psol50.org.br\/rest\/wp\/v2\/posts\/3389\/revisions"}],"wp:attachment":[{"href":"https:\/\/psol50.org.br\/rest\/wp\/v2\/media?parent=3389"}],"wp:term":[{"taxonomy":"category","embeddable":true,"href":"https:\/\/psol50.org.br\/rest\/wp\/v2\/categories?post=3389"},{"taxonomy":"post_tag","embeddable":true,"href":"https:\/\/psol50.org.br\/rest\/wp\/v2\/tags?post=3389"}],"curies":[{"name":"wp","href":"https:\/\/api.w.org\/{rel}","templated":true}]}}