{"id":339,"date":"2008-09-15T00:00:00","date_gmt":"2008-09-15T00:00:00","guid":{"rendered":"http:\/\/psol50.org.br\/arquivo\/2008\/09\/15\/contra-o-golpismo-fascista-em-defesa-da-bolivia-independente\/"},"modified":"2008-09-15T00:00:00","modified_gmt":"2008-09-15T00:00:00","slug":"contra-o-golpismo-fascista-em-defesa-da-bolivia-independente","status":"publish","type":"post","link":"https:\/\/psol50.org.br\/contra-o-golpismo-fascista-em-defesa-da-bolivia-independente\/","title":{"rendered":"Contra o golpismo fascista! Em defesa da Bol\u00edvia independente!"},"content":{"rendered":"<p>A direita reacion\u00e1ria boliviana, no poder dos departamentos da chamada \u201cmeia-lua\u201d, fez uma ofensiva violenta contra o governo de Evo Morales. Empregando m\u00e9todos do fascismo, atacaram e assassinaram mais de 30 camponeses em Pando com bandos armados, nos quais Evo tem denunciado inclusive a participa\u00e7\u00e3o de pistoleiros peruanos e brasileiros. Nos outros departamentos semearam o terror assaltando depend\u00eancias do governo nacional e agredindo os partid\u00e1rios do povo pobre que ap\u00f3ia Evo Morales. Os jovens da Uni\u00e3o Juvenil Santa Cruce\u00f1a o fizeram em Santa Cruz usando como um dos seus s\u00edmbolos, a cruz su\u00e1stica.<\/p>\n<p><!--more--><\/p>\n<p>Nesses departamentos se colocou no poder uma direita que, utilizando m\u00e9todos fascistas, tem ganho setores de classe m\u00e9dia sob a id\u00e9ia da divis\u00e3o do pa\u00eds para usufruir dos recursos naturais em sua regi\u00e3o. Esta direita n\u00e3o parou desde que a Bol\u00edvia se uniu \u00e0 Venezuela e come\u00e7ou o processo de nacionaliza\u00e7\u00e3o do gas e petroleo e elaborou uma nova constitui\u00e7\u00e3o que favorece aos setores ind\u00edgenas exclu\u00eddos.<\/p>\n<p>Os movimentos dos \u00faltimos dias s\u00e3o claros. Est\u00e3o levando a situa\u00e7\u00e3o ao limite, \u00e0 beira da guerra civil para for\u00e7ar a ingovernabilidade do pa\u00eds, derrubar o governo mediante o golpe militar ou levar a cabo a divis\u00e3o do pa\u00eds. A negocia\u00e7\u00e3o que estam fazendo agora n\u00e3o vai a mudar a ess\u00eancia de sua pol\u00edtica.<\/p>\n<p>Os golpistas podem recuar momentaneamente, mas n\u00e3o abandonar\u00e3o sua estrat\u00e9gia j\u00e1 que seu projeto \u00e9 irreconcili\u00e1vel com o povo boliviano. Eles s\u00e3o os representantes das classes dominantes associadas ao imperialismo, em uma zona na qual se encontram o g\u00e1s e as grandes extens\u00f5es de terra onde se desenvolve o agroneg\u00f3cio. Nem os Estados Unidos nem a grande burguesia do sul podem aceitar o governo de Evo Morales, que representam ind\u00edgenas e camponeses que protagonizam um projeto nacionalista democr\u00e1tico e popular que defende reivindica\u00e7\u00f5es hist\u00f3ricas dos ind\u00edgenas, e avan\u00e7am em uma pol\u00edtica de recupera\u00e7\u00e3o dos recursos naturais e de independ\u00eancia do imperialismo.<\/p>\n<p>Por isso hoje na Bol\u00edvia est\u00e1 em jogo o futuro da Am\u00e9rica Latina. Estes movimentos t\u00eam sido abertamente apoiados pelo embaixador Golberg dos Estados Unidos, que publicamente tem se manifestado com estes setores e que foi denunciado pelo governo de Evo por incentivar e promover o movimento golpista. Esta pol\u00edtica dos Estados Unidos em Am\u00e9rica Latina n\u00e3o \u00e9 nova. Quando ocorrem processos\u00a0 em pa\u00edses que se rebelam de seu dom\u00ednio, os yankees recorrem aos golpes, como no Chile, e como voltou a ocorrer em\u00a0 2002 na Venezuela. Agora novamente tantam passar \u00e0 ofensiva sobre Ch\u00e1vez e Evo Morales. A recria\u00e7\u00e3o da IV Frota da Marinha dos EUA com a fun\u00e7\u00e3o de vigiar o Caribe e a Am\u00e9rica Latina \u00e9 parte desta pol\u00edtica para enfrentar os governos populares e nacionalistas que surgiram nos \u00faltimos anos.<\/p>\n<p>Neste contexto se faz necess\u00e1rio dar todo o apoio \u00e0 decis\u00e3o dos governos de expulsar os embaixadores dos Estados Unidos de seus pa\u00edses. (Medida que Honduras tamb\u00e9m tomou, pois tem postergado o reconhecimento do embaixador yankee de seu pa\u00eds). As declara\u00e7\u00f5es do presidente Ch\u00e1vez foram absolutamente claras na defesa da Bol\u00edvia, afirmando que, se Evo \u00e9 derrotado por uma a\u00e7\u00e3o militar golpista, o ex\u00e9rcito bolivariano intervir\u00e1 para defend\u00ea-lo. Saudamos sua firmeza e determina\u00e7\u00e3o j\u00e1 que neste momento n\u00e3o existe meio termo. Temos que estar decididamente do\u00a0 lado do povo e do governo boliviano contra o golpismo dos separatistas e do imperialismo.<\/p>\n<p>Por isso mesmo o Brasil tem que se pronunciar pela legitimidade das medidas tomadas pelo governo da Venezuela e Bol\u00edvia de retirar os embaixadores estadunidenses. A direita golpista e o imperialismo n\u00e3o passar\u00e3o nem na Bol\u00edvia, nem na Venezuela, e nem em nenhum pa\u00eds da Am\u00e9rica Latina que seja independente dos ditames dos Estados Unidos.<\/p>\n<p>Esse \u00e9 o lugar que tem que ocupar o povo brasileiro neste conflito. \u00c9 o momento de fortalecer uma frente antiimperialista de massas na Am\u00e9rica Latina, que permita derrotar a direita que quer terminar com os processos independentes de nosso continente.<\/p>\n<p>Pedro Fuentes<\/p>\n<p>Secret\u00e1rio de Rela\u00e7\u00f5es Internacionais do PSOL<\/p>\n","protected":false},"excerpt":{"rendered":"<p>A direita reacion\u00e1ria boliviana, no poder dos departamentos da chamada \u201cmeia-lua\u201d, fez uma ofensiva violenta contra o governo de Evo Morales. Empregando m\u00e9todos do fascismo, atacaram e assassinaram mais de 30 camponeses em Pando com bandos armados, nos quais Evo tem denunciado inclusive a participa\u00e7\u00e3o de pistoleiros peruanos e brasileiros. Nos outros departamentos semearam o [&hellip;]<\/p>\n","protected":false},"author":2,"featured_media":0,"comment_status":"open","ping_status":"open","sticky":false,"template":"","format":"standard","meta":{"_acf_changed":false,"footnotes":""},"categories":[4766],"tags":[],"class_list":{"0":"post-339","1":"post","2":"type-post","3":"status-publish","4":"format-standard","6":"category-arquivo"},"acf":[],"yoast_head":"<!-- This site is optimized with the Yoast SEO plugin v26.5 - https:\/\/yoast.com\/wordpress\/plugins\/seo\/ -->\n<title>Contra o golpismo fascista! Em defesa da Bol\u00edvia independente! - PSOL 50<\/title>\n<meta name=\"robots\" content=\"index, follow, max-snippet:-1, max-image-preview:large, max-video-preview:-1\" \/>\n<link rel=\"canonical\" href=\"https:\/\/psol50.org.br\/contra-o-golpismo-fascista-em-defesa-da-bolivia-independente\/\" \/>\n<meta property=\"og:locale\" content=\"pt_BR\" \/>\n<meta property=\"og:type\" content=\"article\" \/>\n<meta property=\"og:title\" content=\"Contra o golpismo fascista! Em defesa da Bol\u00edvia independente! - PSOL 50\" \/>\n<meta property=\"og:description\" content=\"A direita reacion\u00e1ria boliviana, no poder dos departamentos da chamada \u201cmeia-lua\u201d, fez uma ofensiva violenta contra o governo de Evo Morales. Empregando m\u00e9todos do fascismo, atacaram e assassinaram mais de 30 camponeses em Pando com bandos armados, nos quais Evo tem denunciado inclusive a participa\u00e7\u00e3o de pistoleiros peruanos e brasileiros. Nos outros departamentos semearam o [&hellip;]\" \/>\n<meta property=\"og:url\" content=\"https:\/\/psol50.org.br\/contra-o-golpismo-fascista-em-defesa-da-bolivia-independente\/\" \/>\n<meta property=\"og:site_name\" content=\"PSOL 50\" \/>\n<meta property=\"article:publisher\" content=\"https:\/\/www.facebook.com\/psol50\" \/>\n<meta property=\"article:published_time\" content=\"2008-09-15T00:00:00+00:00\" \/>\n<meta property=\"og:image\" content=\"https:\/\/psol50.org.br\/inc\/uploads\/2018\/07\/capa.png\" \/>\n\t<meta property=\"og:image:width\" content=\"1350\" \/>\n\t<meta property=\"og:image:height\" content=\"900\" \/>\n\t<meta property=\"og:image:type\" content=\"image\/png\" \/>\n<meta name=\"author\" content=\"Comunica\u00e7\u00e3o PSOL\" \/>\n<meta name=\"twitter:card\" content=\"summary_large_image\" \/>\n<meta name=\"twitter:creator\" content=\"@psol50\" \/>\n<meta name=\"twitter:site\" content=\"@psol50\" \/>\n<meta name=\"twitter:label1\" content=\"Escrito por\" \/>\n\t<meta name=\"twitter:data1\" content=\"Comunica\u00e7\u00e3o PSOL\" \/>\n\t<meta name=\"twitter:label2\" content=\"Est. tempo de leitura\" \/>\n\t<meta name=\"twitter:data2\" content=\"4 minutos\" \/>\n<script type=\"application\/ld+json\" class=\"yoast-schema-graph\">{\"@context\":\"https:\/\/schema.org\",\"@graph\":[{\"@type\":\"Article\",\"@id\":\"https:\/\/psol50.org.br\/contra-o-golpismo-fascista-em-defesa-da-bolivia-independente\/#article\",\"isPartOf\":{\"@id\":\"https:\/\/psol50.org.br\/contra-o-golpismo-fascista-em-defesa-da-bolivia-independente\/\"},\"author\":{\"name\":\"Comunica\u00e7\u00e3o PSOL\",\"@id\":\"https:\/\/psol50.org.br\/#\/schema\/person\/475dfa57d0b815993c714c2e96491fcd\"},\"headline\":\"Contra o golpismo fascista! Em defesa da Bol\u00edvia independente!\",\"datePublished\":\"2008-09-15T00:00:00+00:00\",\"mainEntityOfPage\":{\"@id\":\"https:\/\/psol50.org.br\/contra-o-golpismo-fascista-em-defesa-da-bolivia-independente\/\"},\"wordCount\":737,\"commentCount\":0,\"publisher\":{\"@id\":\"https:\/\/psol50.org.br\/#organization\"},\"articleSection\":[\"Arquivo\"],\"inLanguage\":\"pt-BR\",\"potentialAction\":[{\"@type\":\"CommentAction\",\"name\":\"Comment\",\"target\":[\"https:\/\/psol50.org.br\/contra-o-golpismo-fascista-em-defesa-da-bolivia-independente\/#respond\"]}]},{\"@type\":\"WebPage\",\"@id\":\"https:\/\/psol50.org.br\/contra-o-golpismo-fascista-em-defesa-da-bolivia-independente\/\",\"url\":\"https:\/\/psol50.org.br\/contra-o-golpismo-fascista-em-defesa-da-bolivia-independente\/\",\"name\":\"Contra o golpismo fascista! Em defesa da Bol\u00edvia independente! - PSOL 50\",\"isPartOf\":{\"@id\":\"https:\/\/psol50.org.br\/#website\"},\"datePublished\":\"2008-09-15T00:00:00+00:00\",\"breadcrumb\":{\"@id\":\"https:\/\/psol50.org.br\/contra-o-golpismo-fascista-em-defesa-da-bolivia-independente\/#breadcrumb\"},\"inLanguage\":\"pt-BR\",\"potentialAction\":[{\"@type\":\"ReadAction\",\"target\":[\"https:\/\/psol50.org.br\/contra-o-golpismo-fascista-em-defesa-da-bolivia-independente\/\"]}]},{\"@type\":\"BreadcrumbList\",\"@id\":\"https:\/\/psol50.org.br\/contra-o-golpismo-fascista-em-defesa-da-bolivia-independente\/#breadcrumb\",\"itemListElement\":[{\"@type\":\"ListItem\",\"position\":1,\"name\":\"In\u00edcio\",\"item\":\"https:\/\/psol50.org.br\/\"},{\"@type\":\"ListItem\",\"position\":2,\"name\":\"Contra o golpismo fascista! Em defesa da Bol\u00edvia independente!\"}]},{\"@type\":\"WebSite\",\"@id\":\"https:\/\/psol50.org.br\/#website\",\"url\":\"https:\/\/psol50.org.br\/\",\"name\":\"PSOL 50\",\"description\":\"Site oficial do Partido Socialismo e Liberdade\",\"publisher\":{\"@id\":\"https:\/\/psol50.org.br\/#organization\"},\"alternateName\":\"PSOL50\",\"potentialAction\":[{\"@type\":\"SearchAction\",\"target\":{\"@type\":\"EntryPoint\",\"urlTemplate\":\"https:\/\/psol50.org.br\/?s={search_term_string}\"},\"query-input\":{\"@type\":\"PropertyValueSpecification\",\"valueRequired\":true,\"valueName\":\"search_term_string\"}}],\"inLanguage\":\"pt-BR\"},{\"@type\":\"Organization\",\"@id\":\"https:\/\/psol50.org.br\/#organization\",\"name\":\"PSOL 50\",\"alternateName\":\"PSOL 50\",\"url\":\"https:\/\/psol50.org.br\/\",\"logo\":{\"@type\":\"ImageObject\",\"inLanguage\":\"pt-BR\",\"@id\":\"https:\/\/psol50.org.br\/#\/schema\/logo\/image\/\",\"url\":\"https:\/\/psol50.org.br\/inc\/uploads\/2018\/07\/capa.png\",\"contentUrl\":\"https:\/\/psol50.org.br\/inc\/uploads\/2018\/07\/capa.png\",\"width\":1350,\"height\":900,\"caption\":\"PSOL 50\"},\"image\":{\"@id\":\"https:\/\/psol50.org.br\/#\/schema\/logo\/image\/\"},\"sameAs\":[\"https:\/\/www.facebook.com\/psol50\",\"https:\/\/x.com\/psol50\",\"https:\/\/www.instagram.com\/psol50\/\",\"https:\/\/www.youtube.com\/channel\/UC7SnJS5o1os7a6CaiNabzcg\"]},{\"@type\":\"Person\",\"@id\":\"https:\/\/psol50.org.br\/#\/schema\/person\/475dfa57d0b815993c714c2e96491fcd\",\"name\":\"Comunica\u00e7\u00e3o PSOL\",\"image\":{\"@type\":\"ImageObject\",\"inLanguage\":\"pt-BR\",\"@id\":\"https:\/\/psol50.org.br\/#\/schema\/person\/image\/\",\"url\":\"https:\/\/secure.gravatar.com\/avatar\/b34fc4f4e468a4e51785917065a3db57b841f5c95dba6ad8c73aaf8f66f8f9bf?s=96&d=mm&r=g\",\"contentUrl\":\"https:\/\/secure.gravatar.com\/avatar\/b34fc4f4e468a4e51785917065a3db57b841f5c95dba6ad8c73aaf8f66f8f9bf?s=96&d=mm&r=g\",\"caption\":\"Comunica\u00e7\u00e3o PSOL\"}}]}<\/script>\n<!-- \/ Yoast SEO plugin. -->","yoast_head_json":{"title":"Contra o golpismo fascista! Em defesa da Bol\u00edvia independente! - PSOL 50","robots":{"index":"index","follow":"follow","max-snippet":"max-snippet:-1","max-image-preview":"max-image-preview:large","max-video-preview":"max-video-preview:-1"},"canonical":"https:\/\/psol50.org.br\/contra-o-golpismo-fascista-em-defesa-da-bolivia-independente\/","og_locale":"pt_BR","og_type":"article","og_title":"Contra o golpismo fascista! Em defesa da Bol\u00edvia independente! - PSOL 50","og_description":"A direita reacion\u00e1ria boliviana, no poder dos departamentos da chamada \u201cmeia-lua\u201d, fez uma ofensiva violenta contra o governo de Evo Morales. Empregando m\u00e9todos do fascismo, atacaram e assassinaram mais de 30 camponeses em Pando com bandos armados, nos quais Evo tem denunciado inclusive a participa\u00e7\u00e3o de pistoleiros peruanos e brasileiros. Nos outros departamentos semearam o [&hellip;]","og_url":"https:\/\/psol50.org.br\/contra-o-golpismo-fascista-em-defesa-da-bolivia-independente\/","og_site_name":"PSOL 50","article_publisher":"https:\/\/www.facebook.com\/psol50","article_published_time":"2008-09-15T00:00:00+00:00","og_image":[{"width":1350,"height":900,"url":"https:\/\/psol50.org.br\/inc\/uploads\/2018\/07\/capa.png","type":"image\/png"}],"author":"Comunica\u00e7\u00e3o PSOL","twitter_card":"summary_large_image","twitter_creator":"@psol50","twitter_site":"@psol50","twitter_misc":{"Escrito por":"Comunica\u00e7\u00e3o PSOL","Est. tempo de leitura":"4 minutos"},"schema":{"@context":"https:\/\/schema.org","@graph":[{"@type":"Article","@id":"https:\/\/psol50.org.br\/contra-o-golpismo-fascista-em-defesa-da-bolivia-independente\/#article","isPartOf":{"@id":"https:\/\/psol50.org.br\/contra-o-golpismo-fascista-em-defesa-da-bolivia-independente\/"},"author":{"name":"Comunica\u00e7\u00e3o PSOL","@id":"https:\/\/psol50.org.br\/#\/schema\/person\/475dfa57d0b815993c714c2e96491fcd"},"headline":"Contra o golpismo fascista! Em defesa da Bol\u00edvia independente!","datePublished":"2008-09-15T00:00:00+00:00","mainEntityOfPage":{"@id":"https:\/\/psol50.org.br\/contra-o-golpismo-fascista-em-defesa-da-bolivia-independente\/"},"wordCount":737,"commentCount":0,"publisher":{"@id":"https:\/\/psol50.org.br\/#organization"},"articleSection":["Arquivo"],"inLanguage":"pt-BR","potentialAction":[{"@type":"CommentAction","name":"Comment","target":["https:\/\/psol50.org.br\/contra-o-golpismo-fascista-em-defesa-da-bolivia-independente\/#respond"]}]},{"@type":"WebPage","@id":"https:\/\/psol50.org.br\/contra-o-golpismo-fascista-em-defesa-da-bolivia-independente\/","url":"https:\/\/psol50.org.br\/contra-o-golpismo-fascista-em-defesa-da-bolivia-independente\/","name":"Contra o golpismo fascista! Em defesa da Bol\u00edvia independente! - PSOL 50","isPartOf":{"@id":"https:\/\/psol50.org.br\/#website"},"datePublished":"2008-09-15T00:00:00+00:00","breadcrumb":{"@id":"https:\/\/psol50.org.br\/contra-o-golpismo-fascista-em-defesa-da-bolivia-independente\/#breadcrumb"},"inLanguage":"pt-BR","potentialAction":[{"@type":"ReadAction","target":["https:\/\/psol50.org.br\/contra-o-golpismo-fascista-em-defesa-da-bolivia-independente\/"]}]},{"@type":"BreadcrumbList","@id":"https:\/\/psol50.org.br\/contra-o-golpismo-fascista-em-defesa-da-bolivia-independente\/#breadcrumb","itemListElement":[{"@type":"ListItem","position":1,"name":"In\u00edcio","item":"https:\/\/psol50.org.br\/"},{"@type":"ListItem","position":2,"name":"Contra o golpismo fascista! Em defesa da Bol\u00edvia independente!"}]},{"@type":"WebSite","@id":"https:\/\/psol50.org.br\/#website","url":"https:\/\/psol50.org.br\/","name":"PSOL 50","description":"Site oficial do Partido Socialismo e Liberdade","publisher":{"@id":"https:\/\/psol50.org.br\/#organization"},"alternateName":"PSOL50","potentialAction":[{"@type":"SearchAction","target":{"@type":"EntryPoint","urlTemplate":"https:\/\/psol50.org.br\/?s={search_term_string}"},"query-input":{"@type":"PropertyValueSpecification","valueRequired":true,"valueName":"search_term_string"}}],"inLanguage":"pt-BR"},{"@type":"Organization","@id":"https:\/\/psol50.org.br\/#organization","name":"PSOL 50","alternateName":"PSOL 50","url":"https:\/\/psol50.org.br\/","logo":{"@type":"ImageObject","inLanguage":"pt-BR","@id":"https:\/\/psol50.org.br\/#\/schema\/logo\/image\/","url":"https:\/\/psol50.org.br\/inc\/uploads\/2018\/07\/capa.png","contentUrl":"https:\/\/psol50.org.br\/inc\/uploads\/2018\/07\/capa.png","width":1350,"height":900,"caption":"PSOL 50"},"image":{"@id":"https:\/\/psol50.org.br\/#\/schema\/logo\/image\/"},"sameAs":["https:\/\/www.facebook.com\/psol50","https:\/\/x.com\/psol50","https:\/\/www.instagram.com\/psol50\/","https:\/\/www.youtube.com\/channel\/UC7SnJS5o1os7a6CaiNabzcg"]},{"@type":"Person","@id":"https:\/\/psol50.org.br\/#\/schema\/person\/475dfa57d0b815993c714c2e96491fcd","name":"Comunica\u00e7\u00e3o PSOL","image":{"@type":"ImageObject","inLanguage":"pt-BR","@id":"https:\/\/psol50.org.br\/#\/schema\/person\/image\/","url":"https:\/\/secure.gravatar.com\/avatar\/b34fc4f4e468a4e51785917065a3db57b841f5c95dba6ad8c73aaf8f66f8f9bf?s=96&d=mm&r=g","contentUrl":"https:\/\/secure.gravatar.com\/avatar\/b34fc4f4e468a4e51785917065a3db57b841f5c95dba6ad8c73aaf8f66f8f9bf?s=96&d=mm&r=g","caption":"Comunica\u00e7\u00e3o PSOL"}}]}},"_links":{"self":[{"href":"https:\/\/psol50.org.br\/rest\/wp\/v2\/posts\/339","targetHints":{"allow":["GET"]}}],"collection":[{"href":"https:\/\/psol50.org.br\/rest\/wp\/v2\/posts"}],"about":[{"href":"https:\/\/psol50.org.br\/rest\/wp\/v2\/types\/post"}],"author":[{"embeddable":true,"href":"https:\/\/psol50.org.br\/rest\/wp\/v2\/users\/2"}],"replies":[{"embeddable":true,"href":"https:\/\/psol50.org.br\/rest\/wp\/v2\/comments?post=339"}],"version-history":[{"count":0,"href":"https:\/\/psol50.org.br\/rest\/wp\/v2\/posts\/339\/revisions"}],"wp:attachment":[{"href":"https:\/\/psol50.org.br\/rest\/wp\/v2\/media?parent=339"}],"wp:term":[{"taxonomy":"category","embeddable":true,"href":"https:\/\/psol50.org.br\/rest\/wp\/v2\/categories?post=339"},{"taxonomy":"post_tag","embeddable":true,"href":"https:\/\/psol50.org.br\/rest\/wp\/v2\/tags?post=339"}],"curies":[{"name":"wp","href":"https:\/\/api.w.org\/{rel}","templated":true}]}}