{"id":33939,"date":"2021-06-25T12:12:46","date_gmt":"2021-06-25T15:12:46","guid":{"rendered":"https:\/\/psol50.org.br\/?p=32842"},"modified":"2021-06-25T12:12:46","modified_gmt":"2021-06-25T15:12:46","slug":"psol-participara-de-superpedido-de-impeachment-protocolado-na-proxima-quarta-30-as-14h","status":"publish","type":"post","link":"https:\/\/psol50.org.br\/psol-participara-de-superpedido-de-impeachment-protocolado-na-proxima-quarta-30-as-14h\/","title":{"rendered":"PSOL participar\u00e1 de superpedido de impeachment protocolado na pr\u00f3xima quarta (30) \u00e0s 14h"},"content":{"rendered":"<p style=\"text-align: center;\"><a href=\"https:\/\/psol50.org.br\/psolcontraafome\/\" target=\"_blank\" rel=\"noopener\"><img loading=\"lazy\" decoding=\"async\" class=\"alignnone size-full wp-image-32462\" src=\"https:\/\/psol50.org.br\/inc\/uploads\/2021\/04\/PSOLContraAFome_Variacoes_Email.png\" alt=\"\" width=\"811\" height=\"189\" srcset=\"https:\/\/psol50.org.br\/inc\/uploads\/2021\/04\/PSOLContraAFome_Variacoes_Email.png 811w, https:\/\/psol50.org.br\/inc\/uploads\/2021\/04\/PSOLContraAFome_Variacoes_Email-300x70.png 300w, https:\/\/psol50.org.br\/inc\/uploads\/2021\/04\/PSOLContraAFome_Variacoes_Email-768x179.png 768w, https:\/\/psol50.org.br\/inc\/uploads\/2021\/04\/PSOLContraAFome_Variacoes_Email-150x35.png 150w, https:\/\/psol50.org.br\/inc\/uploads\/2021\/04\/PSOLContraAFome_Variacoes_Email-696x162.png 696w\" sizes=\"auto, (max-width: 811px) 100vw, 811px\" \/><\/a><\/p>\n<p>Na pr\u00f3xima quarta-feira (30), \u00e0s 14h, ser\u00e1 protocolado na C\u00e2mara dos Deputados um pedido de impeachment do presidente Jair Bolsonaro que reunir\u00e1 partidos e movimentos de diversas tend\u00eancias pol\u00edticas. No dia acontecer\u00e1 tamb\u00e9m um ato pol\u00edtico aberto \u00e0 participa\u00e7\u00e3o popular para registar o maior pedido de impeachment protocolado na C\u00e2mara.<\/p>\n<p>A decis\u00e3o de apresentar o &#8220;superpedido de impeachment&#8221; foi tomada em uma reuni\u00e3o virtual ampliada que aconteceu na \u00faltima quinta-feira (24). A pe\u00e7a inclui o conjunto de crimes cometidos pelo atual presidente da Rep\u00fablica desde que tomou posse em 2019, entre eles os cometidos durante a pandemia e que resultaram na morte de mais de 500 mil brasileiros e brasileiras.<\/p>\n<p>O presidente do PSOL, Juliano Medeiros, aponta que esse \u00e9 o momento de aumentar a press\u00e3o pelo impeachment de Jair Bolsonaro. &#8220;A rejei\u00e7\u00e3o popular ao governo Bolsonaro n\u00e3o para de crescer. A retomada das mobiliza\u00e7\u00f5es de rua s\u00e3o um novo elemento da crise pol\u00edtica e a CPI do Genoc\u00eddio, no Senado, revela cada vez mais crimes deste governo. Por isso a hora de unir todos pelo impeachment \u00e9 agora. Podemos derrotar Bolsonaro!&#8221;, disse Medeiros.<\/p>\n<p>O pedido conjunto agrupa mais de uma centena de iniciativas apresentadas junto \u00e0 C\u00e2mara dos Deputados por partidos, parlamentares, associa\u00e7\u00f5es profissionais, entidades de classe e pessoas f\u00edsicas, por diversos motivos, desde a posse de Bolsonaro.<\/p>\n<p>Os respons\u00e1veis pela apresenta\u00e7\u00e3o do pedido conceder\u00e3o entrevista coletiva ap\u00f3s protocolar o documento.<\/p>\n<p><a href=\"https:\/\/psol50.org.br\/rendajusta\/\" target=\"_blank\" rel=\"noopener\"><img loading=\"lazy\" decoding=\"async\" class=\"alignnone size-full wp-image-30552\" src=\"https:\/\/psol50.org.br\/inc\/uploads\/2020\/08\/21-08-2020_LancamentoRendaJusta-2.png\" alt=\"\" width=\"1920\" height=\"383\" srcset=\"https:\/\/psol50.org.br\/inc\/uploads\/2020\/08\/21-08-2020_LancamentoRendaJusta-2.png 1920w, https:\/\/psol50.org.br\/inc\/uploads\/2020\/08\/21-08-2020_LancamentoRendaJusta-2-300x60.png 300w, https:\/\/psol50.org.br\/inc\/uploads\/2020\/08\/21-08-2020_LancamentoRendaJusta-2-1024x204.png 1024w, https:\/\/psol50.org.br\/inc\/uploads\/2020\/08\/21-08-2020_LancamentoRendaJusta-2-768x153.png 768w, https:\/\/psol50.org.br\/inc\/uploads\/2020\/08\/21-08-2020_LancamentoRendaJusta-2-1536x306.png 1536w, https:\/\/psol50.org.br\/inc\/uploads\/2020\/08\/21-08-2020_LancamentoRendaJusta-2-150x30.png 150w, https:\/\/psol50.org.br\/inc\/uploads\/2020\/08\/21-08-2020_LancamentoRendaJusta-2-696x139.png 696w, https:\/\/psol50.org.br\/inc\/uploads\/2020\/08\/21-08-2020_LancamentoRendaJusta-2-1068x213.png 1068w\" sizes=\"auto, (max-width: 1920px) 100vw, 1920px\" \/><\/a><\/p>\n","protected":false},"excerpt":{"rendered":"<p>Na pr\u00f3xima quarta-feira (30), \u00e0s 14h, ser\u00e1 protocolado na C\u00e2mara dos Deputados um pedido de impeachment do presidente Jair Bolsonaro que reunir\u00e1 partidos e movimentos de diversas tend\u00eancias pol\u00edticas. No dia acontecer\u00e1 tamb\u00e9m um ato pol\u00edtico aberto \u00e0 participa\u00e7\u00e3o popular para registar o maior pedido de impeachment protocolado na C\u00e2mara. A decis\u00e3o de apresentar o [&hellip;]<\/p>\n","protected":false},"author":2,"featured_media":32843,"comment_status":"closed","ping_status":"open","sticky":false,"template":"","format":"standard","meta":{"_acf_changed":false,"footnotes":""},"categories":[10,6],"tags":[56,220,4993],"class_list":{"0":"post-33939","1":"post","2":"type-post","3":"status-publish","4":"format-standard","5":"has-post-thumbnail","7":"category-acao-parlamentares","8":"category-noticias","9":"tag-bolsonaro","10":"tag-impeachment","11":"tag-pedido"},"acf":[],"yoast_head":"<!-- This site is optimized with the Yoast SEO plugin v26.5 - https:\/\/yoast.com\/wordpress\/plugins\/seo\/ -->\n<title>PSOL participar\u00e1 de superpedido de impeachment protocolado na pr\u00f3xima quarta (30) \u00e0s 14h<\/title>\n<meta name=\"description\" content=\"No dia acontecer\u00e1 tamb\u00e9m um ato pol\u00edtico aberto \u00e0 participa\u00e7\u00e3o popular para registar o maior pedido de impeachment protocolado na C\u00e2mara.\" \/>\n<meta name=\"robots\" content=\"index, follow, max-snippet:-1, max-image-preview:large, max-video-preview:-1\" \/>\n<link rel=\"canonical\" href=\"https:\/\/psol50.org.br\/psol-participara-de-superpedido-de-impeachment-protocolado-na-proxima-quarta-30-as-14h\/\" \/>\n<meta property=\"og:locale\" content=\"pt_BR\" \/>\n<meta property=\"og:type\" content=\"article\" \/>\n<meta property=\"og:title\" content=\"PSOL participar\u00e1 de superpedido de impeachment protocolado na pr\u00f3xima quarta (30) \u00e0s 14h\" \/>\n<meta property=\"og:description\" content=\"No dia acontecer\u00e1 tamb\u00e9m um ato pol\u00edtico aberto \u00e0 participa\u00e7\u00e3o popular para registar o maior pedido de impeachment protocolado na C\u00e2mara.\" \/>\n<meta property=\"og:url\" content=\"https:\/\/psol50.org.br\/psol-participara-de-superpedido-de-impeachment-protocolado-na-proxima-quarta-30-as-14h\/\" \/>\n<meta property=\"og:site_name\" content=\"PSOL 50\" \/>\n<meta property=\"article:publisher\" content=\"https:\/\/www.facebook.com\/psol50\" \/>\n<meta property=\"article:published_time\" content=\"2021-06-25T15:12:46+00:00\" \/>\n<meta property=\"og:image\" content=\"https:\/\/psol50.org.br\/inc\/uploads\/2021\/06\/recl1.jpg\" \/>\n\t<meta property=\"og:image:width\" content=\"728\" \/>\n\t<meta property=\"og:image:height\" content=\"90\" \/>\n\t<meta property=\"og:image:type\" content=\"image\/jpeg\" \/>\n<meta name=\"author\" content=\"Comunica\u00e7\u00e3o PSOL\" \/>\n<meta name=\"twitter:card\" content=\"summary_large_image\" \/>\n<meta name=\"twitter:title\" content=\"PSOL participar\u00e1 de superpedido de impeachment protocolado na pr\u00f3xima quarta (30) \u00e0s 14h\" \/>\n<meta name=\"twitter:description\" content=\"No dia acontecer\u00e1 tamb\u00e9m um ato pol\u00edtico aberto \u00e0 participa\u00e7\u00e3o popular para registar o maior pedido de impeachment protocolado na C\u00e2mara.\" \/>\n<meta name=\"twitter:image\" content=\"https:\/\/psol50.org.br\/inc\/uploads\/2021\/06\/recl1.jpg\" \/>\n<meta name=\"twitter:creator\" content=\"@psol50\" \/>\n<meta name=\"twitter:site\" content=\"@psol50\" \/>\n<meta name=\"twitter:label1\" content=\"Escrito por\" \/>\n\t<meta name=\"twitter:data1\" content=\"Comunica\u00e7\u00e3o PSOL\" \/>\n\t<meta name=\"twitter:label2\" content=\"Est. tempo de leitura\" \/>\n\t<meta name=\"twitter:data2\" content=\"2 minutos\" \/>\n<script type=\"application\/ld+json\" class=\"yoast-schema-graph\">{\"@context\":\"https:\/\/schema.org\",\"@graph\":[{\"@type\":\"Article\",\"@id\":\"https:\/\/psol50.org.br\/psol-participara-de-superpedido-de-impeachment-protocolado-na-proxima-quarta-30-as-14h\/#article\",\"isPartOf\":{\"@id\":\"https:\/\/psol50.org.br\/psol-participara-de-superpedido-de-impeachment-protocolado-na-proxima-quarta-30-as-14h\/\"},\"author\":{\"name\":\"Comunica\u00e7\u00e3o PSOL\",\"@id\":\"https:\/\/psol50.org.br\/#\/schema\/person\/475dfa57d0b815993c714c2e96491fcd\"},\"headline\":\"PSOL participar\u00e1 de superpedido de impeachment protocolado na pr\u00f3xima quarta (30) \u00e0s 14h\",\"datePublished\":\"2021-06-25T15:12:46+00:00\",\"mainEntityOfPage\":{\"@id\":\"https:\/\/psol50.org.br\/psol-participara-de-superpedido-de-impeachment-protocolado-na-proxima-quarta-30-as-14h\/\"},\"wordCount\":263,\"publisher\":{\"@id\":\"https:\/\/psol50.org.br\/#organization\"},\"image\":{\"@id\":\"https:\/\/psol50.org.br\/psol-participara-de-superpedido-de-impeachment-protocolado-na-proxima-quarta-30-as-14h\/#primaryimage\"},\"thumbnailUrl\":\"https:\/\/psol50.org.br\/inc\/uploads\/2021\/06\/recl1.jpg\",\"keywords\":[\"Bolsonaro\",\"impeachment\",\"pedido\"],\"articleSection\":[\"A\u00e7\u00e3o Parlamentar\",\"Not\u00edcias\"],\"inLanguage\":\"pt-BR\"},{\"@type\":\"WebPage\",\"@id\":\"https:\/\/psol50.org.br\/psol-participara-de-superpedido-de-impeachment-protocolado-na-proxima-quarta-30-as-14h\/\",\"url\":\"https:\/\/psol50.org.br\/psol-participara-de-superpedido-de-impeachment-protocolado-na-proxima-quarta-30-as-14h\/\",\"name\":\"PSOL participar\u00e1 de superpedido de impeachment protocolado na pr\u00f3xima quarta (30) \u00e0s 14h\",\"isPartOf\":{\"@id\":\"https:\/\/psol50.org.br\/#website\"},\"primaryImageOfPage\":{\"@id\":\"https:\/\/psol50.org.br\/psol-participara-de-superpedido-de-impeachment-protocolado-na-proxima-quarta-30-as-14h\/#primaryimage\"},\"image\":{\"@id\":\"https:\/\/psol50.org.br\/psol-participara-de-superpedido-de-impeachment-protocolado-na-proxima-quarta-30-as-14h\/#primaryimage\"},\"thumbnailUrl\":\"https:\/\/psol50.org.br\/inc\/uploads\/2021\/06\/recl1.jpg\",\"datePublished\":\"2021-06-25T15:12:46+00:00\",\"description\":\"No dia acontecer\u00e1 tamb\u00e9m um ato pol\u00edtico aberto \u00e0 participa\u00e7\u00e3o popular para registar o maior pedido de impeachment protocolado na C\u00e2mara.\",\"breadcrumb\":{\"@id\":\"https:\/\/psol50.org.br\/psol-participara-de-superpedido-de-impeachment-protocolado-na-proxima-quarta-30-as-14h\/#breadcrumb\"},\"inLanguage\":\"pt-BR\",\"potentialAction\":[{\"@type\":\"ReadAction\",\"target\":[\"https:\/\/psol50.org.br\/psol-participara-de-superpedido-de-impeachment-protocolado-na-proxima-quarta-30-as-14h\/\"]}]},{\"@type\":\"ImageObject\",\"inLanguage\":\"pt-BR\",\"@id\":\"https:\/\/psol50.org.br\/psol-participara-de-superpedido-de-impeachment-protocolado-na-proxima-quarta-30-as-14h\/#primaryimage\",\"url\":\"https:\/\/psol50.org.br\/inc\/uploads\/2021\/06\/recl1.jpg\",\"contentUrl\":\"https:\/\/psol50.org.br\/inc\/uploads\/2021\/06\/recl1.jpg\",\"width\":728,\"height\":90},{\"@type\":\"BreadcrumbList\",\"@id\":\"https:\/\/psol50.org.br\/psol-participara-de-superpedido-de-impeachment-protocolado-na-proxima-quarta-30-as-14h\/#breadcrumb\",\"itemListElement\":[{\"@type\":\"ListItem\",\"position\":1,\"name\":\"In\u00edcio\",\"item\":\"https:\/\/psol50.org.br\/\"},{\"@type\":\"ListItem\",\"position\":2,\"name\":\"PSOL participar\u00e1 de superpedido de impeachment protocolado na pr\u00f3xima quarta (30) \u00e0s 14h\"}]},{\"@type\":\"WebSite\",\"@id\":\"https:\/\/psol50.org.br\/#website\",\"url\":\"https:\/\/psol50.org.br\/\",\"name\":\"PSOL 50\",\"description\":\"Site oficial do Partido Socialismo e Liberdade\",\"publisher\":{\"@id\":\"https:\/\/psol50.org.br\/#organization\"},\"alternateName\":\"PSOL50\",\"potentialAction\":[{\"@type\":\"SearchAction\",\"target\":{\"@type\":\"EntryPoint\",\"urlTemplate\":\"https:\/\/psol50.org.br\/?s={search_term_string}\"},\"query-input\":{\"@type\":\"PropertyValueSpecification\",\"valueRequired\":true,\"valueName\":\"search_term_string\"}}],\"inLanguage\":\"pt-BR\"},{\"@type\":\"Organization\",\"@id\":\"https:\/\/psol50.org.br\/#organization\",\"name\":\"PSOL 50\",\"alternateName\":\"PSOL 50\",\"url\":\"https:\/\/psol50.org.br\/\",\"logo\":{\"@type\":\"ImageObject\",\"inLanguage\":\"pt-BR\",\"@id\":\"https:\/\/psol50.org.br\/#\/schema\/logo\/image\/\",\"url\":\"https:\/\/psol50.org.br\/inc\/uploads\/2018\/07\/capa.png\",\"contentUrl\":\"https:\/\/psol50.org.br\/inc\/uploads\/2018\/07\/capa.png\",\"width\":1350,\"height\":900,\"caption\":\"PSOL 50\"},\"image\":{\"@id\":\"https:\/\/psol50.org.br\/#\/schema\/logo\/image\/\"},\"sameAs\":[\"https:\/\/www.facebook.com\/psol50\",\"https:\/\/x.com\/psol50\",\"https:\/\/www.instagram.com\/psol50\/\",\"https:\/\/www.youtube.com\/channel\/UC7SnJS5o1os7a6CaiNabzcg\"]},{\"@type\":\"Person\",\"@id\":\"https:\/\/psol50.org.br\/#\/schema\/person\/475dfa57d0b815993c714c2e96491fcd\",\"name\":\"Comunica\u00e7\u00e3o PSOL\",\"image\":{\"@type\":\"ImageObject\",\"inLanguage\":\"pt-BR\",\"@id\":\"https:\/\/psol50.org.br\/#\/schema\/person\/image\/\",\"url\":\"https:\/\/secure.gravatar.com\/avatar\/b34fc4f4e468a4e51785917065a3db57b841f5c95dba6ad8c73aaf8f66f8f9bf?s=96&d=mm&r=g\",\"contentUrl\":\"https:\/\/secure.gravatar.com\/avatar\/b34fc4f4e468a4e51785917065a3db57b841f5c95dba6ad8c73aaf8f66f8f9bf?s=96&d=mm&r=g\",\"caption\":\"Comunica\u00e7\u00e3o PSOL\"}}]}<\/script>\n<!-- \/ Yoast SEO plugin. -->","yoast_head_json":{"title":"PSOL participar\u00e1 de superpedido de impeachment protocolado na pr\u00f3xima quarta (30) \u00e0s 14h","description":"No dia acontecer\u00e1 tamb\u00e9m um ato pol\u00edtico aberto \u00e0 participa\u00e7\u00e3o popular para registar o maior pedido de impeachment protocolado na C\u00e2mara.","robots":{"index":"index","follow":"follow","max-snippet":"max-snippet:-1","max-image-preview":"max-image-preview:large","max-video-preview":"max-video-preview:-1"},"canonical":"https:\/\/psol50.org.br\/psol-participara-de-superpedido-de-impeachment-protocolado-na-proxima-quarta-30-as-14h\/","og_locale":"pt_BR","og_type":"article","og_title":"PSOL participar\u00e1 de superpedido de impeachment protocolado na pr\u00f3xima quarta (30) \u00e0s 14h","og_description":"No dia acontecer\u00e1 tamb\u00e9m um ato pol\u00edtico aberto \u00e0 participa\u00e7\u00e3o popular para registar o maior pedido de impeachment protocolado na C\u00e2mara.","og_url":"https:\/\/psol50.org.br\/psol-participara-de-superpedido-de-impeachment-protocolado-na-proxima-quarta-30-as-14h\/","og_site_name":"PSOL 50","article_publisher":"https:\/\/www.facebook.com\/psol50","article_published_time":"2021-06-25T15:12:46+00:00","og_image":[{"width":728,"height":90,"url":"https:\/\/psol50.org.br\/inc\/uploads\/2021\/06\/recl1.jpg","type":"image\/jpeg"}],"author":"Comunica\u00e7\u00e3o PSOL","twitter_card":"summary_large_image","twitter_title":"PSOL participar\u00e1 de superpedido de impeachment protocolado na pr\u00f3xima quarta (30) \u00e0s 14h","twitter_description":"No dia acontecer\u00e1 tamb\u00e9m um ato pol\u00edtico aberto \u00e0 participa\u00e7\u00e3o popular para registar o maior pedido de impeachment protocolado na C\u00e2mara.","twitter_image":"https:\/\/psol50.org.br\/inc\/uploads\/2021\/06\/recl1.jpg","twitter_creator":"@psol50","twitter_site":"@psol50","twitter_misc":{"Escrito por":"Comunica\u00e7\u00e3o PSOL","Est. tempo de leitura":"2 minutos"},"schema":{"@context":"https:\/\/schema.org","@graph":[{"@type":"Article","@id":"https:\/\/psol50.org.br\/psol-participara-de-superpedido-de-impeachment-protocolado-na-proxima-quarta-30-as-14h\/#article","isPartOf":{"@id":"https:\/\/psol50.org.br\/psol-participara-de-superpedido-de-impeachment-protocolado-na-proxima-quarta-30-as-14h\/"},"author":{"name":"Comunica\u00e7\u00e3o PSOL","@id":"https:\/\/psol50.org.br\/#\/schema\/person\/475dfa57d0b815993c714c2e96491fcd"},"headline":"PSOL participar\u00e1 de superpedido de impeachment protocolado na pr\u00f3xima quarta (30) \u00e0s 14h","datePublished":"2021-06-25T15:12:46+00:00","mainEntityOfPage":{"@id":"https:\/\/psol50.org.br\/psol-participara-de-superpedido-de-impeachment-protocolado-na-proxima-quarta-30-as-14h\/"},"wordCount":263,"publisher":{"@id":"https:\/\/psol50.org.br\/#organization"},"image":{"@id":"https:\/\/psol50.org.br\/psol-participara-de-superpedido-de-impeachment-protocolado-na-proxima-quarta-30-as-14h\/#primaryimage"},"thumbnailUrl":"https:\/\/psol50.org.br\/inc\/uploads\/2021\/06\/recl1.jpg","keywords":["Bolsonaro","impeachment","pedido"],"articleSection":["A\u00e7\u00e3o Parlamentar","Not\u00edcias"],"inLanguage":"pt-BR"},{"@type":"WebPage","@id":"https:\/\/psol50.org.br\/psol-participara-de-superpedido-de-impeachment-protocolado-na-proxima-quarta-30-as-14h\/","url":"https:\/\/psol50.org.br\/psol-participara-de-superpedido-de-impeachment-protocolado-na-proxima-quarta-30-as-14h\/","name":"PSOL participar\u00e1 de superpedido de impeachment protocolado na pr\u00f3xima quarta (30) \u00e0s 14h","isPartOf":{"@id":"https:\/\/psol50.org.br\/#website"},"primaryImageOfPage":{"@id":"https:\/\/psol50.org.br\/psol-participara-de-superpedido-de-impeachment-protocolado-na-proxima-quarta-30-as-14h\/#primaryimage"},"image":{"@id":"https:\/\/psol50.org.br\/psol-participara-de-superpedido-de-impeachment-protocolado-na-proxima-quarta-30-as-14h\/#primaryimage"},"thumbnailUrl":"https:\/\/psol50.org.br\/inc\/uploads\/2021\/06\/recl1.jpg","datePublished":"2021-06-25T15:12:46+00:00","description":"No dia acontecer\u00e1 tamb\u00e9m um ato pol\u00edtico aberto \u00e0 participa\u00e7\u00e3o popular para registar o maior pedido de impeachment protocolado na C\u00e2mara.","breadcrumb":{"@id":"https:\/\/psol50.org.br\/psol-participara-de-superpedido-de-impeachment-protocolado-na-proxima-quarta-30-as-14h\/#breadcrumb"},"inLanguage":"pt-BR","potentialAction":[{"@type":"ReadAction","target":["https:\/\/psol50.org.br\/psol-participara-de-superpedido-de-impeachment-protocolado-na-proxima-quarta-30-as-14h\/"]}]},{"@type":"ImageObject","inLanguage":"pt-BR","@id":"https:\/\/psol50.org.br\/psol-participara-de-superpedido-de-impeachment-protocolado-na-proxima-quarta-30-as-14h\/#primaryimage","url":"https:\/\/psol50.org.br\/inc\/uploads\/2021\/06\/recl1.jpg","contentUrl":"https:\/\/psol50.org.br\/inc\/uploads\/2021\/06\/recl1.jpg","width":728,"height":90},{"@type":"BreadcrumbList","@id":"https:\/\/psol50.org.br\/psol-participara-de-superpedido-de-impeachment-protocolado-na-proxima-quarta-30-as-14h\/#breadcrumb","itemListElement":[{"@type":"ListItem","position":1,"name":"In\u00edcio","item":"https:\/\/psol50.org.br\/"},{"@type":"ListItem","position":2,"name":"PSOL participar\u00e1 de superpedido de impeachment protocolado na pr\u00f3xima quarta (30) \u00e0s 14h"}]},{"@type":"WebSite","@id":"https:\/\/psol50.org.br\/#website","url":"https:\/\/psol50.org.br\/","name":"PSOL 50","description":"Site oficial do Partido Socialismo e Liberdade","publisher":{"@id":"https:\/\/psol50.org.br\/#organization"},"alternateName":"PSOL50","potentialAction":[{"@type":"SearchAction","target":{"@type":"EntryPoint","urlTemplate":"https:\/\/psol50.org.br\/?s={search_term_string}"},"query-input":{"@type":"PropertyValueSpecification","valueRequired":true,"valueName":"search_term_string"}}],"inLanguage":"pt-BR"},{"@type":"Organization","@id":"https:\/\/psol50.org.br\/#organization","name":"PSOL 50","alternateName":"PSOL 50","url":"https:\/\/psol50.org.br\/","logo":{"@type":"ImageObject","inLanguage":"pt-BR","@id":"https:\/\/psol50.org.br\/#\/schema\/logo\/image\/","url":"https:\/\/psol50.org.br\/inc\/uploads\/2018\/07\/capa.png","contentUrl":"https:\/\/psol50.org.br\/inc\/uploads\/2018\/07\/capa.png","width":1350,"height":900,"caption":"PSOL 50"},"image":{"@id":"https:\/\/psol50.org.br\/#\/schema\/logo\/image\/"},"sameAs":["https:\/\/www.facebook.com\/psol50","https:\/\/x.com\/psol50","https:\/\/www.instagram.com\/psol50\/","https:\/\/www.youtube.com\/channel\/UC7SnJS5o1os7a6CaiNabzcg"]},{"@type":"Person","@id":"https:\/\/psol50.org.br\/#\/schema\/person\/475dfa57d0b815993c714c2e96491fcd","name":"Comunica\u00e7\u00e3o PSOL","image":{"@type":"ImageObject","inLanguage":"pt-BR","@id":"https:\/\/psol50.org.br\/#\/schema\/person\/image\/","url":"https:\/\/secure.gravatar.com\/avatar\/b34fc4f4e468a4e51785917065a3db57b841f5c95dba6ad8c73aaf8f66f8f9bf?s=96&d=mm&r=g","contentUrl":"https:\/\/secure.gravatar.com\/avatar\/b34fc4f4e468a4e51785917065a3db57b841f5c95dba6ad8c73aaf8f66f8f9bf?s=96&d=mm&r=g","caption":"Comunica\u00e7\u00e3o PSOL"}}]}},"_links":{"self":[{"href":"https:\/\/psol50.org.br\/rest\/wp\/v2\/posts\/33939","targetHints":{"allow":["GET"]}}],"collection":[{"href":"https:\/\/psol50.org.br\/rest\/wp\/v2\/posts"}],"about":[{"href":"https:\/\/psol50.org.br\/rest\/wp\/v2\/types\/post"}],"author":[{"embeddable":true,"href":"https:\/\/psol50.org.br\/rest\/wp\/v2\/users\/2"}],"replies":[{"embeddable":true,"href":"https:\/\/psol50.org.br\/rest\/wp\/v2\/comments?post=33939"}],"version-history":[{"count":0,"href":"https:\/\/psol50.org.br\/rest\/wp\/v2\/posts\/33939\/revisions"}],"wp:featuredmedia":[{"embeddable":true,"href":"https:\/\/psol50.org.br\/rest\/wp\/v2\/media\/32843"}],"wp:attachment":[{"href":"https:\/\/psol50.org.br\/rest\/wp\/v2\/media?parent=33939"}],"wp:term":[{"taxonomy":"category","embeddable":true,"href":"https:\/\/psol50.org.br\/rest\/wp\/v2\/categories?post=33939"},{"taxonomy":"post_tag","embeddable":true,"href":"https:\/\/psol50.org.br\/rest\/wp\/v2\/tags?post=33939"}],"curies":[{"name":"wp","href":"https:\/\/api.w.org\/{rel}","templated":true}]}}