{"id":3409,"date":"2015-09-02T00:00:00","date_gmt":"2015-09-02T18:50:15","guid":{"rendered":"http:\/\/psol50.org.br\/arquivo\/2015\/09\/02\/perdeu-o-programa-de-tvdopsol-entao-confira\/"},"modified":"2015-09-02T00:00:00","modified_gmt":"2015-09-02T18:50:15","slug":"perdeu-o-programa-de-tvdopsol-entao-confira","status":"publish","type":"post","link":"https:\/\/psol50.org.br\/perdeu-o-programa-de-tvdopsol-entao-confira\/","title":{"rendered":"Perdeu o programa de #TVdoPSOL? Ent\u00e3o confira!"},"content":{"rendered":"<p style=\"text-align: justify;\">\n\t<span style=\"font-family:arial,helvetica,sans-serif;\"><span style=\"font-size:14px;\">O PSOL exibiu no dia 1\u00ba de setembro, em cadeia nacional de r\u00e1dio e televis\u00e3o, o seu primeiro programa pol\u00edtico de 2015. Durante dez minutos, os parlamentares do PSOL &#8211; deputados Chico Alencar (RJ), Ivan Valente (SP), Jean Wyllys (RJ) e Edmilson Rodrigues (PA) e o senador Randolfe Rodrigues (AP) -, e a presidente da Funda\u00e7\u00e3o Lauro Campos e candidata \u00e0 Presid\u00eancia da Rep\u00fablica em 2014, Luciana Genro, falaram da necessidade de uma nova forma de se fazer pol\u00edtica, em que sejam respeitadas as diferen\u00e7as e os direitos da popula\u00e7\u00e3o e tamb\u00e9m combatido o avan\u00e7o conservador, em especial no Congresso Nacional. Eles tamb\u00e9m apresentaram o posicionamento do PSOL em rela\u00e7\u00e3o \u00e0 pol\u00edtica de ajuste fiscal e de retirada de direitos, adotada pelo governo da presidente Dilma Rousseff.<\/p>\n<p>\tTamb\u00e9m participaram do programa lideran\u00e7as e militantes dos movimentos sociais, como de moradia, de mulheres, LGBT, sindical e estudantil.<\/p>\n<p>\tO programa foi produzido pela Molotov Filmes, com roteiro e dire\u00e7\u00e3o de Pedro Ekman e produ\u00e7\u00e3o executiva de Diogo Moyses.<\/p>\n<p>\t<a href=\"https:\/\/www.facebook.com\/hashtag\/psolnatv?source=feed_text&amp;story_id=483823361779303\" style=\"font-size: 12px;\"><span aria-label=\"hashtag\">#?<\/span>PSOLnaTV<\/a><br \/>\n\t<a data-ft=\"{&quot;tn&quot;:&quot;*N&quot;,&quot;type&quot;:104}\" href=\"https:\/\/www.facebook.com\/hashtag\/programapsol?source=feed_text&amp;story_id=483823361779303\" style=\"font-size: 12px;\"><span aria-label=\"hashtag\">?#?<\/span>ProgramaPSOL<\/a><br \/>\n\t<a data-ft=\"{&quot;tn&quot;:&quot;*N&quot;,&quot;type&quot;:104}\" href=\"https:\/\/www.facebook.com\/hashtag\/propagandapol%C3%ADtica?source=feed_text&amp;story_id=483823361779303\" style=\"font-size: 12px;\"><span aria-label=\"hashtag\">?#?<\/span>PropagandaPol\u00edtica<\/a><br \/>\n\t<a data-ft=\"{&quot;tn&quot;:&quot;*N&quot;,&quot;type&quot;:104}\" href=\"https:\/\/www.facebook.com\/hashtag\/ocupeapol%C3%ADtica?source=feed_text&amp;story_id=483823361779303\" style=\"font-size: 12px;\"><span aria-label=\"hashtag\">?#?<\/span>OcupeaPol\u00edtica<\/a><br \/>\n\t<a data-ft=\"{&quot;tn&quot;:&quot;*N&quot;,&quot;type&quot;:104}\" href=\"https:\/\/www.facebook.com\/hashtag\/oucpearua?source=feed_text&amp;story_id=483823361779303\" style=\"font-size: 12px;\"><span aria-label=\"hashtag\">?#?<\/span>OucpeaRua<\/a><br \/>\n\t<a data-ft=\"{&quot;tn&quot;:&quot;*N&quot;,&quot;type&quot;:104}\" href=\"https:\/\/www.facebook.com\/hashtag\/maisdireitosmenosbancos?source=feed_text&amp;story_id=483823361779303\" style=\"font-size: 12px;\"><span aria-label=\"hashtag\">?#?<\/span>MaisDireitosMenosBancos<\/a><br \/>\n\t<a data-ft=\"{&quot;tn&quot;:&quot;*N&quot;,&quot;type&quot;:104}\" href=\"https:\/\/www.facebook.com\/hashtag\/menosjurosmaissa%C3%BAde?source=feed_text&amp;story_id=483823361779303\" style=\"font-size: 12px;\"><span aria-label=\"hashtag\">?#?<\/span>MenosJurosMaisSa\u00fade<\/a><\/p>\n<p>\tAssista abaixo o programa completo.<\/span><\/span><\/p>\n<p>\t<object data=\"http:\/\/www.youtube.com\/v\/SzhM9awk3xY\" height=\"400\" hspace=\"3\" vspace=\"3\" width=\"650\"><param name=\"quality\" value=\"high\" \/><param name=\"allowScriptAccess\" value=\"always\" \/><param name=\"movie\" value=\"http:\/\/www.youtube.com\/v\/SzhM9awk3xY\" \/><param name=\"allowscriptaccess\" value=\"always\" \/><embed allowscriptaccess=\"always\" height=\"400\" hspace=\"3\" quality=\"high\" src=\"http:\/\/www.youtube.com\/v\/SzhM9awk3xY\" type=\"application\/x-shockwave-flash\" vspace=\"3\" width=\"650\"><\/embed><\/object><\/p>\n<p>&nbsp;<br \/>\n&nbsp;<\/p>\n","protected":false},"excerpt":{"rendered":"<p>Partido critica pol\u00edtica de ajuste fiscal e avan\u00e7o conservador. Luciana Genro e parlamentares falaram da necessidade de uma nova forma de se fazer pol\u00edtica, em que sejam respeitadas as diferen\u00e7as e os direitos da popula\u00e7\u00e3o. Programa tamb\u00e9m contou com a participa\u00e7\u00e3o de lideran\u00e7as sociais <\/p>\n","protected":false},"author":2,"featured_media":0,"comment_status":"open","ping_status":"open","sticky":false,"template":"","format":"standard","meta":{"_acf_changed":false,"footnotes":""},"categories":[6],"tags":[22],"class_list":{"0":"post-3409","1":"post","2":"type-post","3":"status-publish","4":"format-standard","6":"category-noticias","7":"tag-psol"},"acf":[],"yoast_head":"<!-- This site is optimized with the Yoast SEO plugin v26.5 - https:\/\/yoast.com\/wordpress\/plugins\/seo\/ -->\n<title>Perdeu o programa de #TVdoPSOL? Ent\u00e3o confira! - PSOL 50<\/title>\n<meta name=\"robots\" content=\"index, follow, max-snippet:-1, max-image-preview:large, max-video-preview:-1\" \/>\n<link rel=\"canonical\" href=\"https:\/\/psol50.org.br\/perdeu-o-programa-de-tvdopsol-entao-confira\/\" \/>\n<meta property=\"og:locale\" content=\"pt_BR\" \/>\n<meta property=\"og:type\" content=\"article\" \/>\n<meta property=\"og:title\" content=\"Perdeu o programa de #TVdoPSOL? Ent\u00e3o confira! - PSOL 50\" \/>\n<meta property=\"og:description\" content=\"Partido critica pol\u00edtica de ajuste fiscal e avan\u00e7o conservador. Luciana Genro e parlamentares falaram da necessidade de uma nova forma de se fazer pol\u00edtica, em que sejam respeitadas as diferen\u00e7as e os direitos da popula\u00e7\u00e3o. Programa tamb\u00e9m contou com a participa\u00e7\u00e3o de lideran\u00e7as sociais\" \/>\n<meta property=\"og:url\" content=\"https:\/\/psol50.org.br\/perdeu-o-programa-de-tvdopsol-entao-confira\/\" \/>\n<meta property=\"og:site_name\" content=\"PSOL 50\" \/>\n<meta property=\"article:publisher\" content=\"https:\/\/www.facebook.com\/psol50\" \/>\n<meta property=\"article:published_time\" content=\"2015-09-02T18:50:15+00:00\" \/>\n<meta property=\"og:image\" content=\"https:\/\/psol50.org.br\/inc\/uploads\/2018\/07\/capa.png\" \/>\n\t<meta property=\"og:image:width\" content=\"1350\" \/>\n\t<meta property=\"og:image:height\" content=\"900\" \/>\n\t<meta property=\"og:image:type\" content=\"image\/png\" \/>\n<meta name=\"author\" content=\"Comunica\u00e7\u00e3o PSOL\" \/>\n<meta name=\"twitter:card\" content=\"summary_large_image\" \/>\n<meta name=\"twitter:creator\" content=\"@psol50\" \/>\n<meta name=\"twitter:site\" content=\"@psol50\" \/>\n<meta name=\"twitter:label1\" content=\"Escrito por\" \/>\n\t<meta name=\"twitter:data1\" content=\"Comunica\u00e7\u00e3o PSOL\" \/>\n\t<meta name=\"twitter:label2\" content=\"Est. tempo de leitura\" \/>\n\t<meta name=\"twitter:data2\" content=\"1 minuto\" \/>\n<script type=\"application\/ld+json\" class=\"yoast-schema-graph\">{\"@context\":\"https:\/\/schema.org\",\"@graph\":[{\"@type\":\"Article\",\"@id\":\"https:\/\/psol50.org.br\/perdeu-o-programa-de-tvdopsol-entao-confira\/#article\",\"isPartOf\":{\"@id\":\"https:\/\/psol50.org.br\/perdeu-o-programa-de-tvdopsol-entao-confira\/\"},\"author\":{\"name\":\"Comunica\u00e7\u00e3o PSOL\",\"@id\":\"https:\/\/psol50.org.br\/#\/schema\/person\/475dfa57d0b815993c714c2e96491fcd\"},\"headline\":\"Perdeu o programa de #TVdoPSOL? Ent\u00e3o confira!\",\"datePublished\":\"2015-09-02T18:50:15+00:00\",\"mainEntityOfPage\":{\"@id\":\"https:\/\/psol50.org.br\/perdeu-o-programa-de-tvdopsol-entao-confira\/\"},\"wordCount\":204,\"commentCount\":0,\"publisher\":{\"@id\":\"https:\/\/psol50.org.br\/#organization\"},\"keywords\":[\"PSOL\"],\"articleSection\":[\"Not\u00edcias\"],\"inLanguage\":\"pt-BR\",\"potentialAction\":[{\"@type\":\"CommentAction\",\"name\":\"Comment\",\"target\":[\"https:\/\/psol50.org.br\/perdeu-o-programa-de-tvdopsol-entao-confira\/#respond\"]}]},{\"@type\":\"WebPage\",\"@id\":\"https:\/\/psol50.org.br\/perdeu-o-programa-de-tvdopsol-entao-confira\/\",\"url\":\"https:\/\/psol50.org.br\/perdeu-o-programa-de-tvdopsol-entao-confira\/\",\"name\":\"Perdeu o programa de #TVdoPSOL? Ent\u00e3o confira! - PSOL 50\",\"isPartOf\":{\"@id\":\"https:\/\/psol50.org.br\/#website\"},\"datePublished\":\"2015-09-02T18:50:15+00:00\",\"breadcrumb\":{\"@id\":\"https:\/\/psol50.org.br\/perdeu-o-programa-de-tvdopsol-entao-confira\/#breadcrumb\"},\"inLanguage\":\"pt-BR\",\"potentialAction\":[{\"@type\":\"ReadAction\",\"target\":[\"https:\/\/psol50.org.br\/perdeu-o-programa-de-tvdopsol-entao-confira\/\"]}]},{\"@type\":\"BreadcrumbList\",\"@id\":\"https:\/\/psol50.org.br\/perdeu-o-programa-de-tvdopsol-entao-confira\/#breadcrumb\",\"itemListElement\":[{\"@type\":\"ListItem\",\"position\":1,\"name\":\"In\u00edcio\",\"item\":\"https:\/\/psol50.org.br\/\"},{\"@type\":\"ListItem\",\"position\":2,\"name\":\"Perdeu o programa de #TVdoPSOL? Ent\u00e3o confira!\"}]},{\"@type\":\"WebSite\",\"@id\":\"https:\/\/psol50.org.br\/#website\",\"url\":\"https:\/\/psol50.org.br\/\",\"name\":\"PSOL 50\",\"description\":\"Site oficial do Partido Socialismo e Liberdade\",\"publisher\":{\"@id\":\"https:\/\/psol50.org.br\/#organization\"},\"alternateName\":\"PSOL50\",\"potentialAction\":[{\"@type\":\"SearchAction\",\"target\":{\"@type\":\"EntryPoint\",\"urlTemplate\":\"https:\/\/psol50.org.br\/?s={search_term_string}\"},\"query-input\":{\"@type\":\"PropertyValueSpecification\",\"valueRequired\":true,\"valueName\":\"search_term_string\"}}],\"inLanguage\":\"pt-BR\"},{\"@type\":\"Organization\",\"@id\":\"https:\/\/psol50.org.br\/#organization\",\"name\":\"PSOL 50\",\"alternateName\":\"PSOL 50\",\"url\":\"https:\/\/psol50.org.br\/\",\"logo\":{\"@type\":\"ImageObject\",\"inLanguage\":\"pt-BR\",\"@id\":\"https:\/\/psol50.org.br\/#\/schema\/logo\/image\/\",\"url\":\"https:\/\/psol50.org.br\/inc\/uploads\/2018\/07\/capa.png\",\"contentUrl\":\"https:\/\/psol50.org.br\/inc\/uploads\/2018\/07\/capa.png\",\"width\":1350,\"height\":900,\"caption\":\"PSOL 50\"},\"image\":{\"@id\":\"https:\/\/psol50.org.br\/#\/schema\/logo\/image\/\"},\"sameAs\":[\"https:\/\/www.facebook.com\/psol50\",\"https:\/\/x.com\/psol50\",\"https:\/\/www.instagram.com\/psol50\/\",\"https:\/\/www.youtube.com\/channel\/UC7SnJS5o1os7a6CaiNabzcg\"]},{\"@type\":\"Person\",\"@id\":\"https:\/\/psol50.org.br\/#\/schema\/person\/475dfa57d0b815993c714c2e96491fcd\",\"name\":\"Comunica\u00e7\u00e3o PSOL\",\"image\":{\"@type\":\"ImageObject\",\"inLanguage\":\"pt-BR\",\"@id\":\"https:\/\/psol50.org.br\/#\/schema\/person\/image\/\",\"url\":\"https:\/\/secure.gravatar.com\/avatar\/b34fc4f4e468a4e51785917065a3db57b841f5c95dba6ad8c73aaf8f66f8f9bf?s=96&d=mm&r=g\",\"contentUrl\":\"https:\/\/secure.gravatar.com\/avatar\/b34fc4f4e468a4e51785917065a3db57b841f5c95dba6ad8c73aaf8f66f8f9bf?s=96&d=mm&r=g\",\"caption\":\"Comunica\u00e7\u00e3o PSOL\"}}]}<\/script>\n<!-- \/ Yoast SEO plugin. -->","yoast_head_json":{"title":"Perdeu o programa de #TVdoPSOL? Ent\u00e3o confira! - PSOL 50","robots":{"index":"index","follow":"follow","max-snippet":"max-snippet:-1","max-image-preview":"max-image-preview:large","max-video-preview":"max-video-preview:-1"},"canonical":"https:\/\/psol50.org.br\/perdeu-o-programa-de-tvdopsol-entao-confira\/","og_locale":"pt_BR","og_type":"article","og_title":"Perdeu o programa de #TVdoPSOL? Ent\u00e3o confira! - PSOL 50","og_description":"Partido critica pol\u00edtica de ajuste fiscal e avan\u00e7o conservador. Luciana Genro e parlamentares falaram da necessidade de uma nova forma de se fazer pol\u00edtica, em que sejam respeitadas as diferen\u00e7as e os direitos da popula\u00e7\u00e3o. Programa tamb\u00e9m contou com a participa\u00e7\u00e3o de lideran\u00e7as sociais","og_url":"https:\/\/psol50.org.br\/perdeu-o-programa-de-tvdopsol-entao-confira\/","og_site_name":"PSOL 50","article_publisher":"https:\/\/www.facebook.com\/psol50","article_published_time":"2015-09-02T18:50:15+00:00","og_image":[{"width":1350,"height":900,"url":"https:\/\/psol50.org.br\/inc\/uploads\/2018\/07\/capa.png","type":"image\/png"}],"author":"Comunica\u00e7\u00e3o PSOL","twitter_card":"summary_large_image","twitter_creator":"@psol50","twitter_site":"@psol50","twitter_misc":{"Escrito por":"Comunica\u00e7\u00e3o PSOL","Est. tempo de leitura":"1 minuto"},"schema":{"@context":"https:\/\/schema.org","@graph":[{"@type":"Article","@id":"https:\/\/psol50.org.br\/perdeu-o-programa-de-tvdopsol-entao-confira\/#article","isPartOf":{"@id":"https:\/\/psol50.org.br\/perdeu-o-programa-de-tvdopsol-entao-confira\/"},"author":{"name":"Comunica\u00e7\u00e3o PSOL","@id":"https:\/\/psol50.org.br\/#\/schema\/person\/475dfa57d0b815993c714c2e96491fcd"},"headline":"Perdeu o programa de #TVdoPSOL? Ent\u00e3o confira!","datePublished":"2015-09-02T18:50:15+00:00","mainEntityOfPage":{"@id":"https:\/\/psol50.org.br\/perdeu-o-programa-de-tvdopsol-entao-confira\/"},"wordCount":204,"commentCount":0,"publisher":{"@id":"https:\/\/psol50.org.br\/#organization"},"keywords":["PSOL"],"articleSection":["Not\u00edcias"],"inLanguage":"pt-BR","potentialAction":[{"@type":"CommentAction","name":"Comment","target":["https:\/\/psol50.org.br\/perdeu-o-programa-de-tvdopsol-entao-confira\/#respond"]}]},{"@type":"WebPage","@id":"https:\/\/psol50.org.br\/perdeu-o-programa-de-tvdopsol-entao-confira\/","url":"https:\/\/psol50.org.br\/perdeu-o-programa-de-tvdopsol-entao-confira\/","name":"Perdeu o programa de #TVdoPSOL? Ent\u00e3o confira! - PSOL 50","isPartOf":{"@id":"https:\/\/psol50.org.br\/#website"},"datePublished":"2015-09-02T18:50:15+00:00","breadcrumb":{"@id":"https:\/\/psol50.org.br\/perdeu-o-programa-de-tvdopsol-entao-confira\/#breadcrumb"},"inLanguage":"pt-BR","potentialAction":[{"@type":"ReadAction","target":["https:\/\/psol50.org.br\/perdeu-o-programa-de-tvdopsol-entao-confira\/"]}]},{"@type":"BreadcrumbList","@id":"https:\/\/psol50.org.br\/perdeu-o-programa-de-tvdopsol-entao-confira\/#breadcrumb","itemListElement":[{"@type":"ListItem","position":1,"name":"In\u00edcio","item":"https:\/\/psol50.org.br\/"},{"@type":"ListItem","position":2,"name":"Perdeu o programa de #TVdoPSOL? Ent\u00e3o confira!"}]},{"@type":"WebSite","@id":"https:\/\/psol50.org.br\/#website","url":"https:\/\/psol50.org.br\/","name":"PSOL 50","description":"Site oficial do Partido Socialismo e Liberdade","publisher":{"@id":"https:\/\/psol50.org.br\/#organization"},"alternateName":"PSOL50","potentialAction":[{"@type":"SearchAction","target":{"@type":"EntryPoint","urlTemplate":"https:\/\/psol50.org.br\/?s={search_term_string}"},"query-input":{"@type":"PropertyValueSpecification","valueRequired":true,"valueName":"search_term_string"}}],"inLanguage":"pt-BR"},{"@type":"Organization","@id":"https:\/\/psol50.org.br\/#organization","name":"PSOL 50","alternateName":"PSOL 50","url":"https:\/\/psol50.org.br\/","logo":{"@type":"ImageObject","inLanguage":"pt-BR","@id":"https:\/\/psol50.org.br\/#\/schema\/logo\/image\/","url":"https:\/\/psol50.org.br\/inc\/uploads\/2018\/07\/capa.png","contentUrl":"https:\/\/psol50.org.br\/inc\/uploads\/2018\/07\/capa.png","width":1350,"height":900,"caption":"PSOL 50"},"image":{"@id":"https:\/\/psol50.org.br\/#\/schema\/logo\/image\/"},"sameAs":["https:\/\/www.facebook.com\/psol50","https:\/\/x.com\/psol50","https:\/\/www.instagram.com\/psol50\/","https:\/\/www.youtube.com\/channel\/UC7SnJS5o1os7a6CaiNabzcg"]},{"@type":"Person","@id":"https:\/\/psol50.org.br\/#\/schema\/person\/475dfa57d0b815993c714c2e96491fcd","name":"Comunica\u00e7\u00e3o PSOL","image":{"@type":"ImageObject","inLanguage":"pt-BR","@id":"https:\/\/psol50.org.br\/#\/schema\/person\/image\/","url":"https:\/\/secure.gravatar.com\/avatar\/b34fc4f4e468a4e51785917065a3db57b841f5c95dba6ad8c73aaf8f66f8f9bf?s=96&d=mm&r=g","contentUrl":"https:\/\/secure.gravatar.com\/avatar\/b34fc4f4e468a4e51785917065a3db57b841f5c95dba6ad8c73aaf8f66f8f9bf?s=96&d=mm&r=g","caption":"Comunica\u00e7\u00e3o PSOL"}}]}},"_links":{"self":[{"href":"https:\/\/psol50.org.br\/rest\/wp\/v2\/posts\/3409","targetHints":{"allow":["GET"]}}],"collection":[{"href":"https:\/\/psol50.org.br\/rest\/wp\/v2\/posts"}],"about":[{"href":"https:\/\/psol50.org.br\/rest\/wp\/v2\/types\/post"}],"author":[{"embeddable":true,"href":"https:\/\/psol50.org.br\/rest\/wp\/v2\/users\/2"}],"replies":[{"embeddable":true,"href":"https:\/\/psol50.org.br\/rest\/wp\/v2\/comments?post=3409"}],"version-history":[{"count":0,"href":"https:\/\/psol50.org.br\/rest\/wp\/v2\/posts\/3409\/revisions"}],"wp:attachment":[{"href":"https:\/\/psol50.org.br\/rest\/wp\/v2\/media?parent=3409"}],"wp:term":[{"taxonomy":"category","embeddable":true,"href":"https:\/\/psol50.org.br\/rest\/wp\/v2\/categories?post=3409"},{"taxonomy":"post_tag","embeddable":true,"href":"https:\/\/psol50.org.br\/rest\/wp\/v2\/tags?post=3409"}],"curies":[{"name":"wp","href":"https:\/\/api.w.org\/{rel}","templated":true}]}}