{"id":3412,"date":"2015-09-03T00:00:00","date_gmt":"2015-09-03T18:10:50","guid":{"rendered":"http:\/\/psol50.org.br\/arquivo\/2015\/09\/03\/setorial-de-mulheres-do-psol-ms-repudia-violencia-contra-povos-indigenas-no-estado\/"},"modified":"2015-09-03T00:00:00","modified_gmt":"2015-09-03T18:10:50","slug":"setorial-de-mulheres-do-psol-ms-repudia-violencia-contra-povos-indigenas-no-estado","status":"publish","type":"post","link":"https:\/\/psol50.org.br\/setorial-de-mulheres-do-psol-ms-repudia-violencia-contra-povos-indigenas-no-estado\/","title":{"rendered":"Setorial de Mulheres do PSOL-MS repudia viol\u00eancia contra povos ind\u00edgenas no Estado"},"content":{"rendered":"<p style=\"text-align: justify;\">\n\t<span style=\"font-family:arial,helvetica,sans-serif;\"><span style=\"font-size: 14px;\">As militantes do PSOL de Mato Grosso do Sul, organizadas no Setorial de Mulheres, divulgaram, nesta quinta-feira (03), uma nota em que repudiam a viol\u00eancia praticada contra as comunidades ind\u00edgenas no Estado e tamb\u00e9m a postura adotada por algumas parlamentares que, segundo elas, se manifestaram favor\u00e1veis a pr\u00e1ticas de opress\u00e3o. A posi\u00e7\u00e3o p\u00fablica do Setorial de Mulheres do PSOL-MS foi impulsionada pelo assassinato do jovem guarani-kaio\u00e1 de 24 anos, Semi\u00e3o Fernandes Vilhalva, no \u00faltimo dia 29.<br \/>\n\t&nbsp;<br \/>\n\t\u201cDeclaramos nosso rep\u00fadio \u00e0 l\u00f3gica destrutiva e de massacre promovida pelo latif\u00fandio e o agroneg\u00f3cio e incentivadas pelo atual governo e suas pol\u00edticas. E repelimos a incita\u00e7\u00e3o \u00e0 viol\u00eancia que as parlamentares e as ruralistas acima citadas utilizaram, reproduzindo as pr\u00e1ticas nefastas, do oportunismo, do manique\u00edsmo e pior, do ego\u00edsmo. Demonstram tamb\u00e9m que a luta das mulheres n\u00e3o cabe no discurso de quem representa o agroneg\u00f3cio, as elites e a estrutura de explora\u00e7\u00e3o em nossa sociedade\u201d, afirmam as militantes.<br \/>\n\t&nbsp;<br \/>\n\tLeia abaixo a nota completa.<\/p>\n<p>\t<strong><em>N\u00e3o seremos meras espectadoras da barb\u00e1rie e do genoc\u00eddio dos povos originais em MS<\/em><\/strong><br \/>\n\t&nbsp;<br \/>\n\t<strong><em>Mulheres do PSOL, presentes na Luta!<\/em><\/strong><br \/>\n\t&nbsp;<br \/>\n\t<em>O Setorial de Mulheres do Partido Socialismo e Liberdade de Mato Grosso do Sul repudia, veementemente, a viol\u00eancia contra os povos ind\u00edgenas, bem como as posturas da deputada estadual Mara Caseiro (PTdoB),&nbsp; da deputada federal Tereza Cristina (PSB),&nbsp; da presidente do Sindicato Rural do munic\u00edpio de Antonio Jo\u00e3o, Roseli Maria Ruiz Silva (propriet\u00e1ria da fazenda Fronteira) e sua advogada e filha Luana Ruiz Silva, que de forma acintosa e inescrupulosa&nbsp; manifestaram-se em defesa das pr\u00e1ticas de opress\u00e3o e de torturas que historicamente combatemos. <\/em><br \/>\n\t&nbsp;<br \/>\n\t<em>Na tarde do dia 29 de agosto, fazendeiros e pol\u00edticos ruralistas locais estiveram reunidos e decidiram pelo uso da for\u00e7a para expulsarem as fam\u00edlias Guarani e Kaiow\u00e1 de suas terras. Assassinaram com tr\u00eas tiros Semi\u00e3o Fernandes Vilhalva, lideran\u00e7a Guarani Kaiow\u00e1 de apenas 24 anos, enquanto grupo de fazendeiros brigava pela posse da \u00e1rea ocupada pelos \u00edndios h\u00e1 uma semana.<\/em><br \/>\n\t&nbsp;<br \/>\n\t<em>Isso tem virado rotina em MS. Nos \u00faltimos 31 anos, as comunidades Guarani Kaiow\u00e1 e Terena amargam assassinato de, pelo menos, 12 lideran\u00e7as. Em novembro, completa 32 anos o assassinato de Mar\u00e7al de Souza, conhecido tamb\u00e9m como Mar\u00e7al Tup\u00e3-i. O l\u00edder da etnia Guarani \u00d1handeva foi assassinado em 25 de novembro de 1983, na aldeia Campestre, local destinado \u00e0s fam\u00edlias que choram a morte de Semi\u00e3o Fernandes Vilhalva.<\/em><br \/>\n\t&nbsp;<br \/>\n\t<em>Declaramos nosso rep\u00fadio \u00e0 l\u00f3gica destrutiva e de massacre promovida pelo latif\u00fandio e o agroneg\u00f3cio e incentivadas pelo atual governo e suas pol\u00edticas. E repelimos a incita\u00e7\u00e3o \u00e0 viol\u00eancia que as parlamentares e as ruralistas acima citadas utilizaram, reproduzindo as pr\u00e1ticas nefastas, do oportunismo, do manique\u00edsmo e pior, do ego\u00edsmo. Demonstram tamb\u00e9m que a luta das mulheres n\u00e3o cabe no discurso de quem representa o agroneg\u00f3cio, as elites e a estrutura de explora\u00e7\u00e3o em nossa sociedade.<\/em><br \/>\n\t&nbsp;<br \/>\n\t<em>A luta contra a opress\u00e3o das mulheres \u00e9 aliada da luta contra toda e qualquer opress\u00e3o. <\/em><br \/>\n\t&nbsp;<br \/>\n\t<em>Os parlamentares de Mato Grosso do Sul que s\u00e3o coniventes com a pol\u00edtica do agroneg\u00f3cio n\u00e3o nos representam!<\/em><br \/>\n\t&nbsp;<br \/>\n\t<em>Campo Grande, 03 de setembro de 2015<\/em><br \/>\n\t<em>Setorial de Mulheres do PSOL de Mato Grosso do Sul<\/em><\/span><\/span><\/p>\n<p>&nbsp;<\/p>\n","protected":false},"excerpt":{"rendered":"<p>Militantes denunciam deputadas de Mato Grosso do Sul coniventes com o agroneg\u00f3cio e com as pr\u00e1ticas de opress\u00e3o e tortura<\/p>\n","protected":false},"author":2,"featured_media":0,"comment_status":"open","ping_status":"open","sticky":false,"template":"","format":"standard","meta":{"_acf_changed":false,"footnotes":""},"categories":[6],"tags":[22],"class_list":{"0":"post-3412","1":"post","2":"type-post","3":"status-publish","4":"format-standard","6":"category-noticias","7":"tag-psol"},"acf":[],"yoast_head":"<!-- This site is optimized with the Yoast SEO plugin v26.5 - https:\/\/yoast.com\/wordpress\/plugins\/seo\/ -->\n<title>Setorial de Mulheres do PSOL-MS repudia viol\u00eancia contra povos ind\u00edgenas no Estado - PSOL 50<\/title>\n<meta name=\"robots\" content=\"index, follow, max-snippet:-1, max-image-preview:large, max-video-preview:-1\" \/>\n<link rel=\"canonical\" href=\"https:\/\/psol50.org.br\/setorial-de-mulheres-do-psol-ms-repudia-violencia-contra-povos-indigenas-no-estado\/\" \/>\n<meta property=\"og:locale\" content=\"pt_BR\" \/>\n<meta property=\"og:type\" content=\"article\" \/>\n<meta property=\"og:title\" content=\"Setorial de Mulheres do PSOL-MS repudia viol\u00eancia contra povos ind\u00edgenas no Estado - PSOL 50\" \/>\n<meta property=\"og:description\" content=\"Militantes denunciam deputadas de Mato Grosso do Sul coniventes com o agroneg\u00f3cio e com as pr\u00e1ticas de opress\u00e3o e tortura\" \/>\n<meta property=\"og:url\" content=\"https:\/\/psol50.org.br\/setorial-de-mulheres-do-psol-ms-repudia-violencia-contra-povos-indigenas-no-estado\/\" \/>\n<meta property=\"og:site_name\" content=\"PSOL 50\" \/>\n<meta property=\"article:publisher\" content=\"https:\/\/www.facebook.com\/psol50\" \/>\n<meta property=\"article:published_time\" content=\"2015-09-03T18:10:50+00:00\" \/>\n<meta property=\"og:image\" content=\"https:\/\/psol50.org.br\/inc\/uploads\/2018\/07\/capa.png\" \/>\n\t<meta property=\"og:image:width\" content=\"1350\" \/>\n\t<meta property=\"og:image:height\" content=\"900\" \/>\n\t<meta property=\"og:image:type\" content=\"image\/png\" \/>\n<meta name=\"author\" content=\"Comunica\u00e7\u00e3o PSOL\" \/>\n<meta name=\"twitter:card\" content=\"summary_large_image\" \/>\n<meta name=\"twitter:creator\" content=\"@psol50\" \/>\n<meta name=\"twitter:site\" content=\"@psol50\" \/>\n<meta name=\"twitter:label1\" content=\"Escrito por\" \/>\n\t<meta name=\"twitter:data1\" content=\"Comunica\u00e7\u00e3o PSOL\" \/>\n\t<meta name=\"twitter:label2\" content=\"Est. tempo de leitura\" \/>\n\t<meta name=\"twitter:data2\" content=\"3 minutos\" \/>\n<script type=\"application\/ld+json\" class=\"yoast-schema-graph\">{\"@context\":\"https:\/\/schema.org\",\"@graph\":[{\"@type\":\"Article\",\"@id\":\"https:\/\/psol50.org.br\/setorial-de-mulheres-do-psol-ms-repudia-violencia-contra-povos-indigenas-no-estado\/#article\",\"isPartOf\":{\"@id\":\"https:\/\/psol50.org.br\/setorial-de-mulheres-do-psol-ms-repudia-violencia-contra-povos-indigenas-no-estado\/\"},\"author\":{\"name\":\"Comunica\u00e7\u00e3o PSOL\",\"@id\":\"https:\/\/psol50.org.br\/#\/schema\/person\/475dfa57d0b815993c714c2e96491fcd\"},\"headline\":\"Setorial de Mulheres do PSOL-MS repudia viol\u00eancia contra povos ind\u00edgenas no Estado\",\"datePublished\":\"2015-09-03T18:10:50+00:00\",\"mainEntityOfPage\":{\"@id\":\"https:\/\/psol50.org.br\/setorial-de-mulheres-do-psol-ms-repudia-violencia-contra-povos-indigenas-no-estado\/\"},\"wordCount\":595,\"commentCount\":0,\"publisher\":{\"@id\":\"https:\/\/psol50.org.br\/#organization\"},\"keywords\":[\"PSOL\"],\"articleSection\":[\"Not\u00edcias\"],\"inLanguage\":\"pt-BR\",\"potentialAction\":[{\"@type\":\"CommentAction\",\"name\":\"Comment\",\"target\":[\"https:\/\/psol50.org.br\/setorial-de-mulheres-do-psol-ms-repudia-violencia-contra-povos-indigenas-no-estado\/#respond\"]}]},{\"@type\":\"WebPage\",\"@id\":\"https:\/\/psol50.org.br\/setorial-de-mulheres-do-psol-ms-repudia-violencia-contra-povos-indigenas-no-estado\/\",\"url\":\"https:\/\/psol50.org.br\/setorial-de-mulheres-do-psol-ms-repudia-violencia-contra-povos-indigenas-no-estado\/\",\"name\":\"Setorial de Mulheres do PSOL-MS repudia viol\u00eancia contra povos ind\u00edgenas no Estado - PSOL 50\",\"isPartOf\":{\"@id\":\"https:\/\/psol50.org.br\/#website\"},\"datePublished\":\"2015-09-03T18:10:50+00:00\",\"breadcrumb\":{\"@id\":\"https:\/\/psol50.org.br\/setorial-de-mulheres-do-psol-ms-repudia-violencia-contra-povos-indigenas-no-estado\/#breadcrumb\"},\"inLanguage\":\"pt-BR\",\"potentialAction\":[{\"@type\":\"ReadAction\",\"target\":[\"https:\/\/psol50.org.br\/setorial-de-mulheres-do-psol-ms-repudia-violencia-contra-povos-indigenas-no-estado\/\"]}]},{\"@type\":\"BreadcrumbList\",\"@id\":\"https:\/\/psol50.org.br\/setorial-de-mulheres-do-psol-ms-repudia-violencia-contra-povos-indigenas-no-estado\/#breadcrumb\",\"itemListElement\":[{\"@type\":\"ListItem\",\"position\":1,\"name\":\"In\u00edcio\",\"item\":\"https:\/\/psol50.org.br\/\"},{\"@type\":\"ListItem\",\"position\":2,\"name\":\"Setorial de Mulheres do PSOL-MS repudia viol\u00eancia contra povos ind\u00edgenas no Estado\"}]},{\"@type\":\"WebSite\",\"@id\":\"https:\/\/psol50.org.br\/#website\",\"url\":\"https:\/\/psol50.org.br\/\",\"name\":\"PSOL 50\",\"description\":\"Site oficial do Partido Socialismo e Liberdade\",\"publisher\":{\"@id\":\"https:\/\/psol50.org.br\/#organization\"},\"alternateName\":\"PSOL50\",\"potentialAction\":[{\"@type\":\"SearchAction\",\"target\":{\"@type\":\"EntryPoint\",\"urlTemplate\":\"https:\/\/psol50.org.br\/?s={search_term_string}\"},\"query-input\":{\"@type\":\"PropertyValueSpecification\",\"valueRequired\":true,\"valueName\":\"search_term_string\"}}],\"inLanguage\":\"pt-BR\"},{\"@type\":\"Organization\",\"@id\":\"https:\/\/psol50.org.br\/#organization\",\"name\":\"PSOL 50\",\"alternateName\":\"PSOL 50\",\"url\":\"https:\/\/psol50.org.br\/\",\"logo\":{\"@type\":\"ImageObject\",\"inLanguage\":\"pt-BR\",\"@id\":\"https:\/\/psol50.org.br\/#\/schema\/logo\/image\/\",\"url\":\"https:\/\/psol50.org.br\/inc\/uploads\/2018\/07\/capa.png\",\"contentUrl\":\"https:\/\/psol50.org.br\/inc\/uploads\/2018\/07\/capa.png\",\"width\":1350,\"height\":900,\"caption\":\"PSOL 50\"},\"image\":{\"@id\":\"https:\/\/psol50.org.br\/#\/schema\/logo\/image\/\"},\"sameAs\":[\"https:\/\/www.facebook.com\/psol50\",\"https:\/\/x.com\/psol50\",\"https:\/\/www.instagram.com\/psol50\/\",\"https:\/\/www.youtube.com\/channel\/UC7SnJS5o1os7a6CaiNabzcg\"]},{\"@type\":\"Person\",\"@id\":\"https:\/\/psol50.org.br\/#\/schema\/person\/475dfa57d0b815993c714c2e96491fcd\",\"name\":\"Comunica\u00e7\u00e3o PSOL\",\"image\":{\"@type\":\"ImageObject\",\"inLanguage\":\"pt-BR\",\"@id\":\"https:\/\/psol50.org.br\/#\/schema\/person\/image\/\",\"url\":\"https:\/\/secure.gravatar.com\/avatar\/b34fc4f4e468a4e51785917065a3db57b841f5c95dba6ad8c73aaf8f66f8f9bf?s=96&d=mm&r=g\",\"contentUrl\":\"https:\/\/secure.gravatar.com\/avatar\/b34fc4f4e468a4e51785917065a3db57b841f5c95dba6ad8c73aaf8f66f8f9bf?s=96&d=mm&r=g\",\"caption\":\"Comunica\u00e7\u00e3o PSOL\"}}]}<\/script>\n<!-- \/ Yoast SEO plugin. -->","yoast_head_json":{"title":"Setorial de Mulheres do PSOL-MS repudia viol\u00eancia contra povos ind\u00edgenas no Estado - PSOL 50","robots":{"index":"index","follow":"follow","max-snippet":"max-snippet:-1","max-image-preview":"max-image-preview:large","max-video-preview":"max-video-preview:-1"},"canonical":"https:\/\/psol50.org.br\/setorial-de-mulheres-do-psol-ms-repudia-violencia-contra-povos-indigenas-no-estado\/","og_locale":"pt_BR","og_type":"article","og_title":"Setorial de Mulheres do PSOL-MS repudia viol\u00eancia contra povos ind\u00edgenas no Estado - PSOL 50","og_description":"Militantes denunciam deputadas de Mato Grosso do Sul coniventes com o agroneg\u00f3cio e com as pr\u00e1ticas de opress\u00e3o e tortura","og_url":"https:\/\/psol50.org.br\/setorial-de-mulheres-do-psol-ms-repudia-violencia-contra-povos-indigenas-no-estado\/","og_site_name":"PSOL 50","article_publisher":"https:\/\/www.facebook.com\/psol50","article_published_time":"2015-09-03T18:10:50+00:00","og_image":[{"width":1350,"height":900,"url":"https:\/\/psol50.org.br\/inc\/uploads\/2018\/07\/capa.png","type":"image\/png"}],"author":"Comunica\u00e7\u00e3o PSOL","twitter_card":"summary_large_image","twitter_creator":"@psol50","twitter_site":"@psol50","twitter_misc":{"Escrito por":"Comunica\u00e7\u00e3o PSOL","Est. tempo de leitura":"3 minutos"},"schema":{"@context":"https:\/\/schema.org","@graph":[{"@type":"Article","@id":"https:\/\/psol50.org.br\/setorial-de-mulheres-do-psol-ms-repudia-violencia-contra-povos-indigenas-no-estado\/#article","isPartOf":{"@id":"https:\/\/psol50.org.br\/setorial-de-mulheres-do-psol-ms-repudia-violencia-contra-povos-indigenas-no-estado\/"},"author":{"name":"Comunica\u00e7\u00e3o PSOL","@id":"https:\/\/psol50.org.br\/#\/schema\/person\/475dfa57d0b815993c714c2e96491fcd"},"headline":"Setorial de Mulheres do PSOL-MS repudia viol\u00eancia contra povos ind\u00edgenas no Estado","datePublished":"2015-09-03T18:10:50+00:00","mainEntityOfPage":{"@id":"https:\/\/psol50.org.br\/setorial-de-mulheres-do-psol-ms-repudia-violencia-contra-povos-indigenas-no-estado\/"},"wordCount":595,"commentCount":0,"publisher":{"@id":"https:\/\/psol50.org.br\/#organization"},"keywords":["PSOL"],"articleSection":["Not\u00edcias"],"inLanguage":"pt-BR","potentialAction":[{"@type":"CommentAction","name":"Comment","target":["https:\/\/psol50.org.br\/setorial-de-mulheres-do-psol-ms-repudia-violencia-contra-povos-indigenas-no-estado\/#respond"]}]},{"@type":"WebPage","@id":"https:\/\/psol50.org.br\/setorial-de-mulheres-do-psol-ms-repudia-violencia-contra-povos-indigenas-no-estado\/","url":"https:\/\/psol50.org.br\/setorial-de-mulheres-do-psol-ms-repudia-violencia-contra-povos-indigenas-no-estado\/","name":"Setorial de Mulheres do PSOL-MS repudia viol\u00eancia contra povos ind\u00edgenas no Estado - PSOL 50","isPartOf":{"@id":"https:\/\/psol50.org.br\/#website"},"datePublished":"2015-09-03T18:10:50+00:00","breadcrumb":{"@id":"https:\/\/psol50.org.br\/setorial-de-mulheres-do-psol-ms-repudia-violencia-contra-povos-indigenas-no-estado\/#breadcrumb"},"inLanguage":"pt-BR","potentialAction":[{"@type":"ReadAction","target":["https:\/\/psol50.org.br\/setorial-de-mulheres-do-psol-ms-repudia-violencia-contra-povos-indigenas-no-estado\/"]}]},{"@type":"BreadcrumbList","@id":"https:\/\/psol50.org.br\/setorial-de-mulheres-do-psol-ms-repudia-violencia-contra-povos-indigenas-no-estado\/#breadcrumb","itemListElement":[{"@type":"ListItem","position":1,"name":"In\u00edcio","item":"https:\/\/psol50.org.br\/"},{"@type":"ListItem","position":2,"name":"Setorial de Mulheres do PSOL-MS repudia viol\u00eancia contra povos ind\u00edgenas no Estado"}]},{"@type":"WebSite","@id":"https:\/\/psol50.org.br\/#website","url":"https:\/\/psol50.org.br\/","name":"PSOL 50","description":"Site oficial do Partido Socialismo e Liberdade","publisher":{"@id":"https:\/\/psol50.org.br\/#organization"},"alternateName":"PSOL50","potentialAction":[{"@type":"SearchAction","target":{"@type":"EntryPoint","urlTemplate":"https:\/\/psol50.org.br\/?s={search_term_string}"},"query-input":{"@type":"PropertyValueSpecification","valueRequired":true,"valueName":"search_term_string"}}],"inLanguage":"pt-BR"},{"@type":"Organization","@id":"https:\/\/psol50.org.br\/#organization","name":"PSOL 50","alternateName":"PSOL 50","url":"https:\/\/psol50.org.br\/","logo":{"@type":"ImageObject","inLanguage":"pt-BR","@id":"https:\/\/psol50.org.br\/#\/schema\/logo\/image\/","url":"https:\/\/psol50.org.br\/inc\/uploads\/2018\/07\/capa.png","contentUrl":"https:\/\/psol50.org.br\/inc\/uploads\/2018\/07\/capa.png","width":1350,"height":900,"caption":"PSOL 50"},"image":{"@id":"https:\/\/psol50.org.br\/#\/schema\/logo\/image\/"},"sameAs":["https:\/\/www.facebook.com\/psol50","https:\/\/x.com\/psol50","https:\/\/www.instagram.com\/psol50\/","https:\/\/www.youtube.com\/channel\/UC7SnJS5o1os7a6CaiNabzcg"]},{"@type":"Person","@id":"https:\/\/psol50.org.br\/#\/schema\/person\/475dfa57d0b815993c714c2e96491fcd","name":"Comunica\u00e7\u00e3o PSOL","image":{"@type":"ImageObject","inLanguage":"pt-BR","@id":"https:\/\/psol50.org.br\/#\/schema\/person\/image\/","url":"https:\/\/secure.gravatar.com\/avatar\/b34fc4f4e468a4e51785917065a3db57b841f5c95dba6ad8c73aaf8f66f8f9bf?s=96&d=mm&r=g","contentUrl":"https:\/\/secure.gravatar.com\/avatar\/b34fc4f4e468a4e51785917065a3db57b841f5c95dba6ad8c73aaf8f66f8f9bf?s=96&d=mm&r=g","caption":"Comunica\u00e7\u00e3o PSOL"}}]}},"_links":{"self":[{"href":"https:\/\/psol50.org.br\/rest\/wp\/v2\/posts\/3412","targetHints":{"allow":["GET"]}}],"collection":[{"href":"https:\/\/psol50.org.br\/rest\/wp\/v2\/posts"}],"about":[{"href":"https:\/\/psol50.org.br\/rest\/wp\/v2\/types\/post"}],"author":[{"embeddable":true,"href":"https:\/\/psol50.org.br\/rest\/wp\/v2\/users\/2"}],"replies":[{"embeddable":true,"href":"https:\/\/psol50.org.br\/rest\/wp\/v2\/comments?post=3412"}],"version-history":[{"count":0,"href":"https:\/\/psol50.org.br\/rest\/wp\/v2\/posts\/3412\/revisions"}],"wp:attachment":[{"href":"https:\/\/psol50.org.br\/rest\/wp\/v2\/media?parent=3412"}],"wp:term":[{"taxonomy":"category","embeddable":true,"href":"https:\/\/psol50.org.br\/rest\/wp\/v2\/categories?post=3412"},{"taxonomy":"post_tag","embeddable":true,"href":"https:\/\/psol50.org.br\/rest\/wp\/v2\/tags?post=3412"}],"curies":[{"name":"wp","href":"https:\/\/api.w.org\/{rel}","templated":true}]}}