{"id":34144,"date":"2021-08-31T17:27:25","date_gmt":"2021-08-31T20:27:25","guid":{"rendered":"https:\/\/psol50.org.br\/?p=34144"},"modified":"2021-09-08T17:16:28","modified_gmt":"2021-09-08T20:16:28","slug":"apos-acao-do-psol-mpf-tera-que-tomar-providencias-sobre-falas-discriminatorias-de-milton-ribeiro","status":"publish","type":"post","link":"https:\/\/psol50.org.br\/apos-acao-do-psol-mpf-tera-que-tomar-providencias-sobre-falas-discriminatorias-de-milton-ribeiro\/","title":{"rendered":"Ap\u00f3s a\u00e7\u00e3o do PSOL, MPF ter\u00e1 que tomar provid\u00eancias sobre falas discriminat\u00f3rias de Milton Ribeiro"},"content":{"rendered":"<p>A Procuradoria Federal dos Direitos do Cidad\u00e3o (PFDC), em resposta a uma representa\u00e7\u00e3o dos deputados do PSOL na C\u00e2mara, determinou ao Minist\u00e9rio P\u00fablico Federal (MPF) que tome provid\u00eancias sobre as falas discriminat\u00f3rias do ministro da Educa\u00e7\u00e3o, Milton Ribeiro, que criticou a inclus\u00e3o de estudantes com defici\u00eancia nas escolas regulares.<\/p>\n<p>Em sua representa\u00e7\u00e3o, o PSOL denunciou ao \u00f3rg\u00e3o as cr\u00edticas feitas pelo ministro ao modelo educacional que chamou de &#8220;inclusivista&#8221;. O ministro afirmou que, integrada em salas de aula com alunos sem defici\u00eancia, a crian\u00e7a com defici\u00eancia \u201catrapalha\u201d o aprendizado dos demais.<\/p>\n<p>O procurador Carlos Alberto Vilhena encaminhou a solicita\u00e7\u00e3o de provid\u00eancias ao Minist\u00e9rio P\u00fablico Federal, j\u00e1 que a PFDC n\u00e3o tem o poder de abrir a\u00e7\u00f5es judiciais e fazer investiga\u00e7\u00f5es. &#8221;Pondero, todavia, que extrapola o \u00e2mbito de atua\u00e7\u00e3o desta Procuradoria a ado\u00e7\u00e3o de provid\u00eancias especificamente quanto ao pedido de responsabiliza\u00e7\u00e3o da autoridade por danos morais coletivos e por ato de improbidade, pleitos necessariamente veiculados por meio de a\u00e7\u00e3o judicial, a qual poder\u00e1 ser proposta pelo \u00f3rg\u00e3o do Minist\u00e9rio P\u00fablico Federal (MPF) com atua\u00e7\u00e3o judicial perante a Justi\u00e7a Federal de primeira inst\u00e2ncia&#8221;, explicou o magistrado.<\/p>\n<p>&#8220;Em face de todo exposto, determino o encaminhamento de c\u00f3pia da representa\u00e7\u00e3o epigrafada \u00e0 Procuradoria da Rep\u00fablica no Distrito Federal, por meio de of\u00edcio dirigido a seu Procurador-Chefe, para conhecimento e ado\u00e7\u00e3o das provid\u00eancias cab\u00edveis diante das den\u00fancias quanto \u00e0 poss\u00edvel ocorr\u00eancia de ato de improbidade administrativa e de dano moral coletivo praticado pelo Ministro da Educa\u00e7\u00e3o&#8221;, concluiu o procurador ao recomendar a tomada de provid\u00eancias pelo Minist\u00e9rio P\u00fablico Federal.<\/p>\n","protected":false},"excerpt":{"rendered":"<p>A Procuradoria Federal dos Direitos do Cidad\u00e3o (PFDC), em resposta a uma representa\u00e7\u00e3o dos deputados do PSOL na C\u00e2mara, determinou ao Minist\u00e9rio P\u00fablico Federal (MPF) que tome provid\u00eancias sobre as falas discriminat\u00f3rias do ministro da Educa\u00e7\u00e3o, Milton Ribeiro, que criticou a inclus\u00e3o de estudantes com defici\u00eancia nas escolas regulares. Em sua representa\u00e7\u00e3o, o PSOL denunciou [&hellip;]<\/p>\n","protected":false},"author":2,"featured_media":34145,"comment_status":"open","ping_status":"open","sticky":false,"template":"","format":"standard","meta":{"_acf_changed":false,"footnotes":""},"categories":[10,2208],"tags":[4825],"class_list":{"0":"post-34144","1":"post","2":"type-post","3":"status-publish","4":"format-standard","5":"has-post-thumbnail","7":"category-acao-parlamentares","8":"category-educacao","9":"tag-noticias"},"acf":[],"yoast_head":"<!-- This site is optimized with the Yoast SEO plugin v26.5 - https:\/\/yoast.com\/wordpress\/plugins\/seo\/ -->\n<title>Ap\u00f3s a\u00e7\u00e3o do PSOL, MPF ter\u00e1 que tomar provid\u00eancias sobre falas discriminat\u00f3rias de Milton Ribeiro - PSOL 50<\/title>\n<meta name=\"description\" content=\"Procuradoria Federal dos Direitos do Cidad\u00e3o determinou que o Minist\u00e9rio P\u00fablico Federal aja sobre as falas discriminat\u00f3rias do Ministro da Educa\u00e7\u00e3o.\" \/>\n<meta name=\"robots\" content=\"index, follow, max-snippet:-1, max-image-preview:large, max-video-preview:-1\" \/>\n<link rel=\"canonical\" href=\"https:\/\/psol50.org.br\/apos-acao-do-psol-mpf-tera-que-tomar-providencias-sobre-falas-discriminatorias-de-milton-ribeiro\/\" \/>\n<meta property=\"og:locale\" content=\"pt_BR\" \/>\n<meta property=\"og:type\" content=\"article\" \/>\n<meta property=\"og:title\" content=\"Ap\u00f3s a\u00e7\u00e3o do PSOL, MPF ter\u00e1 que tomar provid\u00eancias sobre falas discriminat\u00f3rias de Milton Ribeiro\" \/>\n<meta property=\"og:description\" content=\"Procuradoria Federal dos Direitos do Cidad\u00e3o determinou que o Minist\u00e9rio P\u00fablico Federal aja sobre as falas discriminat\u00f3rias do Ministro da Educa\u00e7\u00e3o.\" \/>\n<meta property=\"og:url\" content=\"https:\/\/psol50.org.br\/apos-acao-do-psol-mpf-tera-que-tomar-providencias-sobre-falas-discriminatorias-de-milton-ribeiro\/\" \/>\n<meta property=\"og:site_name\" content=\"PSOL 50\" \/>\n<meta property=\"article:publisher\" content=\"https:\/\/www.facebook.com\/psol50\" \/>\n<meta property=\"article:published_time\" content=\"2021-08-31T20:27:25+00:00\" \/>\n<meta property=\"article:modified_time\" content=\"2021-09-08T20:16:28+00:00\" \/>\n<meta property=\"og:image\" content=\"https:\/\/psol50.org.br\/inc\/uploads\/2021\/08\/WP-MiltonRibeiro-Educacao-Ministro-117-scaled-1.jpg\" \/>\n\t<meta property=\"og:image:width\" content=\"2560\" \/>\n\t<meta property=\"og:image:height\" content=\"1707\" \/>\n\t<meta property=\"og:image:type\" content=\"image\/jpeg\" \/>\n<meta name=\"author\" content=\"Comunica\u00e7\u00e3o PSOL\" \/>\n<meta name=\"twitter:card\" content=\"summary_large_image\" \/>\n<meta name=\"twitter:title\" content=\"Ap\u00f3s a\u00e7\u00e3o do PSOL, MPF ter\u00e1 que tomar provid\u00eancias sobre falas discriminat\u00f3rias de Milton Ribeiro\" \/>\n<meta name=\"twitter:description\" content=\"Procuradoria Federal dos Direitos do Cidad\u00e3o determinou que o Minist\u00e9rio P\u00fablico Federal aja sobre as falas discriminat\u00f3rias do Ministro da Educa\u00e7\u00e3o.\" \/>\n<meta name=\"twitter:image\" content=\"https:\/\/psol50.org.br\/inc\/uploads\/2021\/08\/WP-MiltonRibeiro-Educacao-Ministro-117-scaled-1.jpg\" \/>\n<meta name=\"twitter:creator\" content=\"@psol50\" \/>\n<meta name=\"twitter:site\" content=\"@psol50\" \/>\n<meta name=\"twitter:label1\" content=\"Escrito por\" \/>\n\t<meta name=\"twitter:data1\" content=\"Comunica\u00e7\u00e3o PSOL\" \/>\n\t<meta name=\"twitter:label2\" content=\"Est. tempo de leitura\" \/>\n\t<meta name=\"twitter:data2\" content=\"2 minutos\" \/>\n<script type=\"application\/ld+json\" class=\"yoast-schema-graph\">{\"@context\":\"https:\/\/schema.org\",\"@graph\":[{\"@type\":\"Article\",\"@id\":\"https:\/\/psol50.org.br\/apos-acao-do-psol-mpf-tera-que-tomar-providencias-sobre-falas-discriminatorias-de-milton-ribeiro\/#article\",\"isPartOf\":{\"@id\":\"https:\/\/psol50.org.br\/apos-acao-do-psol-mpf-tera-que-tomar-providencias-sobre-falas-discriminatorias-de-milton-ribeiro\/\"},\"author\":{\"name\":\"Comunica\u00e7\u00e3o PSOL\",\"@id\":\"https:\/\/psol50.org.br\/#\/schema\/person\/475dfa57d0b815993c714c2e96491fcd\"},\"headline\":\"Ap\u00f3s a\u00e7\u00e3o do PSOL, MPF ter\u00e1 que tomar provid\u00eancias sobre falas discriminat\u00f3rias de Milton Ribeiro\",\"datePublished\":\"2021-08-31T20:27:25+00:00\",\"dateModified\":\"2021-09-08T20:16:28+00:00\",\"mainEntityOfPage\":{\"@id\":\"https:\/\/psol50.org.br\/apos-acao-do-psol-mpf-tera-que-tomar-providencias-sobre-falas-discriminatorias-de-milton-ribeiro\/\"},\"wordCount\":319,\"commentCount\":0,\"publisher\":{\"@id\":\"https:\/\/psol50.org.br\/#organization\"},\"image\":{\"@id\":\"https:\/\/psol50.org.br\/apos-acao-do-psol-mpf-tera-que-tomar-providencias-sobre-falas-discriminatorias-de-milton-ribeiro\/#primaryimage\"},\"thumbnailUrl\":\"https:\/\/psol50.org.br\/inc\/uploads\/2021\/08\/WP-MiltonRibeiro-Educacao-Ministro-117-scaled-1.jpg\",\"keywords\":[\"Not\u00edcias\"],\"articleSection\":[\"A\u00e7\u00e3o Parlamentar\",\"Educa\u00e7\u00e3o\"],\"inLanguage\":\"pt-BR\",\"potentialAction\":[{\"@type\":\"CommentAction\",\"name\":\"Comment\",\"target\":[\"https:\/\/psol50.org.br\/apos-acao-do-psol-mpf-tera-que-tomar-providencias-sobre-falas-discriminatorias-de-milton-ribeiro\/#respond\"]}]},{\"@type\":\"WebPage\",\"@id\":\"https:\/\/psol50.org.br\/apos-acao-do-psol-mpf-tera-que-tomar-providencias-sobre-falas-discriminatorias-de-milton-ribeiro\/\",\"url\":\"https:\/\/psol50.org.br\/apos-acao-do-psol-mpf-tera-que-tomar-providencias-sobre-falas-discriminatorias-de-milton-ribeiro\/\",\"name\":\"Ap\u00f3s a\u00e7\u00e3o do PSOL, MPF ter\u00e1 que tomar provid\u00eancias sobre falas discriminat\u00f3rias de Milton Ribeiro - PSOL 50\",\"isPartOf\":{\"@id\":\"https:\/\/psol50.org.br\/#website\"},\"primaryImageOfPage\":{\"@id\":\"https:\/\/psol50.org.br\/apos-acao-do-psol-mpf-tera-que-tomar-providencias-sobre-falas-discriminatorias-de-milton-ribeiro\/#primaryimage\"},\"image\":{\"@id\":\"https:\/\/psol50.org.br\/apos-acao-do-psol-mpf-tera-que-tomar-providencias-sobre-falas-discriminatorias-de-milton-ribeiro\/#primaryimage\"},\"thumbnailUrl\":\"https:\/\/psol50.org.br\/inc\/uploads\/2021\/08\/WP-MiltonRibeiro-Educacao-Ministro-117-scaled-1.jpg\",\"datePublished\":\"2021-08-31T20:27:25+00:00\",\"dateModified\":\"2021-09-08T20:16:28+00:00\",\"description\":\"Procuradoria Federal dos Direitos do Cidad\u00e3o determinou que o Minist\u00e9rio P\u00fablico Federal aja sobre as falas discriminat\u00f3rias do Ministro da Educa\u00e7\u00e3o.\",\"breadcrumb\":{\"@id\":\"https:\/\/psol50.org.br\/apos-acao-do-psol-mpf-tera-que-tomar-providencias-sobre-falas-discriminatorias-de-milton-ribeiro\/#breadcrumb\"},\"inLanguage\":\"pt-BR\",\"potentialAction\":[{\"@type\":\"ReadAction\",\"target\":[\"https:\/\/psol50.org.br\/apos-acao-do-psol-mpf-tera-que-tomar-providencias-sobre-falas-discriminatorias-de-milton-ribeiro\/\"]}]},{\"@type\":\"ImageObject\",\"inLanguage\":\"pt-BR\",\"@id\":\"https:\/\/psol50.org.br\/apos-acao-do-psol-mpf-tera-que-tomar-providencias-sobre-falas-discriminatorias-de-milton-ribeiro\/#primaryimage\",\"url\":\"https:\/\/psol50.org.br\/inc\/uploads\/2021\/08\/WP-MiltonRibeiro-Educacao-Ministro-117-scaled-1.jpg\",\"contentUrl\":\"https:\/\/psol50.org.br\/inc\/uploads\/2021\/08\/WP-MiltonRibeiro-Educacao-Ministro-117-scaled-1.jpg\",\"width\":2560,\"height\":1707,\"caption\":\"Foto: S\u00e9rgio Lima\/Poder360\"},{\"@type\":\"BreadcrumbList\",\"@id\":\"https:\/\/psol50.org.br\/apos-acao-do-psol-mpf-tera-que-tomar-providencias-sobre-falas-discriminatorias-de-milton-ribeiro\/#breadcrumb\",\"itemListElement\":[{\"@type\":\"ListItem\",\"position\":1,\"name\":\"In\u00edcio\",\"item\":\"https:\/\/psol50.org.br\/\"},{\"@type\":\"ListItem\",\"position\":2,\"name\":\"Ap\u00f3s a\u00e7\u00e3o do PSOL, MPF ter\u00e1 que tomar provid\u00eancias sobre falas discriminat\u00f3rias de Milton Ribeiro\"}]},{\"@type\":\"WebSite\",\"@id\":\"https:\/\/psol50.org.br\/#website\",\"url\":\"https:\/\/psol50.org.br\/\",\"name\":\"PSOL 50\",\"description\":\"Site oficial do Partido Socialismo e Liberdade\",\"publisher\":{\"@id\":\"https:\/\/psol50.org.br\/#organization\"},\"alternateName\":\"PSOL50\",\"potentialAction\":[{\"@type\":\"SearchAction\",\"target\":{\"@type\":\"EntryPoint\",\"urlTemplate\":\"https:\/\/psol50.org.br\/?s={search_term_string}\"},\"query-input\":{\"@type\":\"PropertyValueSpecification\",\"valueRequired\":true,\"valueName\":\"search_term_string\"}}],\"inLanguage\":\"pt-BR\"},{\"@type\":\"Organization\",\"@id\":\"https:\/\/psol50.org.br\/#organization\",\"name\":\"PSOL 50\",\"alternateName\":\"PSOL 50\",\"url\":\"https:\/\/psol50.org.br\/\",\"logo\":{\"@type\":\"ImageObject\",\"inLanguage\":\"pt-BR\",\"@id\":\"https:\/\/psol50.org.br\/#\/schema\/logo\/image\/\",\"url\":\"https:\/\/psol50.org.br\/inc\/uploads\/2018\/07\/capa.png\",\"contentUrl\":\"https:\/\/psol50.org.br\/inc\/uploads\/2018\/07\/capa.png\",\"width\":1350,\"height\":900,\"caption\":\"PSOL 50\"},\"image\":{\"@id\":\"https:\/\/psol50.org.br\/#\/schema\/logo\/image\/\"},\"sameAs\":[\"https:\/\/www.facebook.com\/psol50\",\"https:\/\/x.com\/psol50\",\"https:\/\/www.instagram.com\/psol50\/\",\"https:\/\/www.youtube.com\/channel\/UC7SnJS5o1os7a6CaiNabzcg\"]},{\"@type\":\"Person\",\"@id\":\"https:\/\/psol50.org.br\/#\/schema\/person\/475dfa57d0b815993c714c2e96491fcd\",\"name\":\"Comunica\u00e7\u00e3o PSOL\",\"image\":{\"@type\":\"ImageObject\",\"inLanguage\":\"pt-BR\",\"@id\":\"https:\/\/psol50.org.br\/#\/schema\/person\/image\/\",\"url\":\"https:\/\/secure.gravatar.com\/avatar\/b34fc4f4e468a4e51785917065a3db57b841f5c95dba6ad8c73aaf8f66f8f9bf?s=96&d=mm&r=g\",\"contentUrl\":\"https:\/\/secure.gravatar.com\/avatar\/b34fc4f4e468a4e51785917065a3db57b841f5c95dba6ad8c73aaf8f66f8f9bf?s=96&d=mm&r=g\",\"caption\":\"Comunica\u00e7\u00e3o PSOL\"}}]}<\/script>\n<!-- \/ Yoast SEO plugin. -->","yoast_head_json":{"title":"Ap\u00f3s a\u00e7\u00e3o do PSOL, MPF ter\u00e1 que tomar provid\u00eancias sobre falas discriminat\u00f3rias de Milton Ribeiro - PSOL 50","description":"Procuradoria Federal dos Direitos do Cidad\u00e3o determinou que o Minist\u00e9rio P\u00fablico Federal aja sobre as falas discriminat\u00f3rias do Ministro da Educa\u00e7\u00e3o.","robots":{"index":"index","follow":"follow","max-snippet":"max-snippet:-1","max-image-preview":"max-image-preview:large","max-video-preview":"max-video-preview:-1"},"canonical":"https:\/\/psol50.org.br\/apos-acao-do-psol-mpf-tera-que-tomar-providencias-sobre-falas-discriminatorias-de-milton-ribeiro\/","og_locale":"pt_BR","og_type":"article","og_title":"Ap\u00f3s a\u00e7\u00e3o do PSOL, MPF ter\u00e1 que tomar provid\u00eancias sobre falas discriminat\u00f3rias de Milton Ribeiro","og_description":"Procuradoria Federal dos Direitos do Cidad\u00e3o determinou que o Minist\u00e9rio P\u00fablico Federal aja sobre as falas discriminat\u00f3rias do Ministro da Educa\u00e7\u00e3o.","og_url":"https:\/\/psol50.org.br\/apos-acao-do-psol-mpf-tera-que-tomar-providencias-sobre-falas-discriminatorias-de-milton-ribeiro\/","og_site_name":"PSOL 50","article_publisher":"https:\/\/www.facebook.com\/psol50","article_published_time":"2021-08-31T20:27:25+00:00","article_modified_time":"2021-09-08T20:16:28+00:00","og_image":[{"width":2560,"height":1707,"url":"https:\/\/psol50.org.br\/inc\/uploads\/2021\/08\/WP-MiltonRibeiro-Educacao-Ministro-117-scaled-1.jpg","type":"image\/jpeg"}],"author":"Comunica\u00e7\u00e3o PSOL","twitter_card":"summary_large_image","twitter_title":"Ap\u00f3s a\u00e7\u00e3o do PSOL, MPF ter\u00e1 que tomar provid\u00eancias sobre falas discriminat\u00f3rias de Milton Ribeiro","twitter_description":"Procuradoria Federal dos Direitos do Cidad\u00e3o determinou que o Minist\u00e9rio P\u00fablico Federal aja sobre as falas discriminat\u00f3rias do Ministro da Educa\u00e7\u00e3o.","twitter_image":"https:\/\/psol50.org.br\/inc\/uploads\/2021\/08\/WP-MiltonRibeiro-Educacao-Ministro-117-scaled-1.jpg","twitter_creator":"@psol50","twitter_site":"@psol50","twitter_misc":{"Escrito por":"Comunica\u00e7\u00e3o PSOL","Est. tempo de leitura":"2 minutos"},"schema":{"@context":"https:\/\/schema.org","@graph":[{"@type":"Article","@id":"https:\/\/psol50.org.br\/apos-acao-do-psol-mpf-tera-que-tomar-providencias-sobre-falas-discriminatorias-de-milton-ribeiro\/#article","isPartOf":{"@id":"https:\/\/psol50.org.br\/apos-acao-do-psol-mpf-tera-que-tomar-providencias-sobre-falas-discriminatorias-de-milton-ribeiro\/"},"author":{"name":"Comunica\u00e7\u00e3o PSOL","@id":"https:\/\/psol50.org.br\/#\/schema\/person\/475dfa57d0b815993c714c2e96491fcd"},"headline":"Ap\u00f3s a\u00e7\u00e3o do PSOL, MPF ter\u00e1 que tomar provid\u00eancias sobre falas discriminat\u00f3rias de Milton Ribeiro","datePublished":"2021-08-31T20:27:25+00:00","dateModified":"2021-09-08T20:16:28+00:00","mainEntityOfPage":{"@id":"https:\/\/psol50.org.br\/apos-acao-do-psol-mpf-tera-que-tomar-providencias-sobre-falas-discriminatorias-de-milton-ribeiro\/"},"wordCount":319,"commentCount":0,"publisher":{"@id":"https:\/\/psol50.org.br\/#organization"},"image":{"@id":"https:\/\/psol50.org.br\/apos-acao-do-psol-mpf-tera-que-tomar-providencias-sobre-falas-discriminatorias-de-milton-ribeiro\/#primaryimage"},"thumbnailUrl":"https:\/\/psol50.org.br\/inc\/uploads\/2021\/08\/WP-MiltonRibeiro-Educacao-Ministro-117-scaled-1.jpg","keywords":["Not\u00edcias"],"articleSection":["A\u00e7\u00e3o Parlamentar","Educa\u00e7\u00e3o"],"inLanguage":"pt-BR","potentialAction":[{"@type":"CommentAction","name":"Comment","target":["https:\/\/psol50.org.br\/apos-acao-do-psol-mpf-tera-que-tomar-providencias-sobre-falas-discriminatorias-de-milton-ribeiro\/#respond"]}]},{"@type":"WebPage","@id":"https:\/\/psol50.org.br\/apos-acao-do-psol-mpf-tera-que-tomar-providencias-sobre-falas-discriminatorias-de-milton-ribeiro\/","url":"https:\/\/psol50.org.br\/apos-acao-do-psol-mpf-tera-que-tomar-providencias-sobre-falas-discriminatorias-de-milton-ribeiro\/","name":"Ap\u00f3s a\u00e7\u00e3o do PSOL, MPF ter\u00e1 que tomar provid\u00eancias sobre falas discriminat\u00f3rias de Milton Ribeiro - PSOL 50","isPartOf":{"@id":"https:\/\/psol50.org.br\/#website"},"primaryImageOfPage":{"@id":"https:\/\/psol50.org.br\/apos-acao-do-psol-mpf-tera-que-tomar-providencias-sobre-falas-discriminatorias-de-milton-ribeiro\/#primaryimage"},"image":{"@id":"https:\/\/psol50.org.br\/apos-acao-do-psol-mpf-tera-que-tomar-providencias-sobre-falas-discriminatorias-de-milton-ribeiro\/#primaryimage"},"thumbnailUrl":"https:\/\/psol50.org.br\/inc\/uploads\/2021\/08\/WP-MiltonRibeiro-Educacao-Ministro-117-scaled-1.jpg","datePublished":"2021-08-31T20:27:25+00:00","dateModified":"2021-09-08T20:16:28+00:00","description":"Procuradoria Federal dos Direitos do Cidad\u00e3o determinou que o Minist\u00e9rio P\u00fablico Federal aja sobre as falas discriminat\u00f3rias do Ministro da Educa\u00e7\u00e3o.","breadcrumb":{"@id":"https:\/\/psol50.org.br\/apos-acao-do-psol-mpf-tera-que-tomar-providencias-sobre-falas-discriminatorias-de-milton-ribeiro\/#breadcrumb"},"inLanguage":"pt-BR","potentialAction":[{"@type":"ReadAction","target":["https:\/\/psol50.org.br\/apos-acao-do-psol-mpf-tera-que-tomar-providencias-sobre-falas-discriminatorias-de-milton-ribeiro\/"]}]},{"@type":"ImageObject","inLanguage":"pt-BR","@id":"https:\/\/psol50.org.br\/apos-acao-do-psol-mpf-tera-que-tomar-providencias-sobre-falas-discriminatorias-de-milton-ribeiro\/#primaryimage","url":"https:\/\/psol50.org.br\/inc\/uploads\/2021\/08\/WP-MiltonRibeiro-Educacao-Ministro-117-scaled-1.jpg","contentUrl":"https:\/\/psol50.org.br\/inc\/uploads\/2021\/08\/WP-MiltonRibeiro-Educacao-Ministro-117-scaled-1.jpg","width":2560,"height":1707,"caption":"Foto: S\u00e9rgio Lima\/Poder360"},{"@type":"BreadcrumbList","@id":"https:\/\/psol50.org.br\/apos-acao-do-psol-mpf-tera-que-tomar-providencias-sobre-falas-discriminatorias-de-milton-ribeiro\/#breadcrumb","itemListElement":[{"@type":"ListItem","position":1,"name":"In\u00edcio","item":"https:\/\/psol50.org.br\/"},{"@type":"ListItem","position":2,"name":"Ap\u00f3s a\u00e7\u00e3o do PSOL, MPF ter\u00e1 que tomar provid\u00eancias sobre falas discriminat\u00f3rias de Milton Ribeiro"}]},{"@type":"WebSite","@id":"https:\/\/psol50.org.br\/#website","url":"https:\/\/psol50.org.br\/","name":"PSOL 50","description":"Site oficial do Partido Socialismo e Liberdade","publisher":{"@id":"https:\/\/psol50.org.br\/#organization"},"alternateName":"PSOL50","potentialAction":[{"@type":"SearchAction","target":{"@type":"EntryPoint","urlTemplate":"https:\/\/psol50.org.br\/?s={search_term_string}"},"query-input":{"@type":"PropertyValueSpecification","valueRequired":true,"valueName":"search_term_string"}}],"inLanguage":"pt-BR"},{"@type":"Organization","@id":"https:\/\/psol50.org.br\/#organization","name":"PSOL 50","alternateName":"PSOL 50","url":"https:\/\/psol50.org.br\/","logo":{"@type":"ImageObject","inLanguage":"pt-BR","@id":"https:\/\/psol50.org.br\/#\/schema\/logo\/image\/","url":"https:\/\/psol50.org.br\/inc\/uploads\/2018\/07\/capa.png","contentUrl":"https:\/\/psol50.org.br\/inc\/uploads\/2018\/07\/capa.png","width":1350,"height":900,"caption":"PSOL 50"},"image":{"@id":"https:\/\/psol50.org.br\/#\/schema\/logo\/image\/"},"sameAs":["https:\/\/www.facebook.com\/psol50","https:\/\/x.com\/psol50","https:\/\/www.instagram.com\/psol50\/","https:\/\/www.youtube.com\/channel\/UC7SnJS5o1os7a6CaiNabzcg"]},{"@type":"Person","@id":"https:\/\/psol50.org.br\/#\/schema\/person\/475dfa57d0b815993c714c2e96491fcd","name":"Comunica\u00e7\u00e3o PSOL","image":{"@type":"ImageObject","inLanguage":"pt-BR","@id":"https:\/\/psol50.org.br\/#\/schema\/person\/image\/","url":"https:\/\/secure.gravatar.com\/avatar\/b34fc4f4e468a4e51785917065a3db57b841f5c95dba6ad8c73aaf8f66f8f9bf?s=96&d=mm&r=g","contentUrl":"https:\/\/secure.gravatar.com\/avatar\/b34fc4f4e468a4e51785917065a3db57b841f5c95dba6ad8c73aaf8f66f8f9bf?s=96&d=mm&r=g","caption":"Comunica\u00e7\u00e3o PSOL"}}]}},"_links":{"self":[{"href":"https:\/\/psol50.org.br\/rest\/wp\/v2\/posts\/34144","targetHints":{"allow":["GET"]}}],"collection":[{"href":"https:\/\/psol50.org.br\/rest\/wp\/v2\/posts"}],"about":[{"href":"https:\/\/psol50.org.br\/rest\/wp\/v2\/types\/post"}],"author":[{"embeddable":true,"href":"https:\/\/psol50.org.br\/rest\/wp\/v2\/users\/2"}],"replies":[{"embeddable":true,"href":"https:\/\/psol50.org.br\/rest\/wp\/v2\/comments?post=34144"}],"version-history":[{"count":1,"href":"https:\/\/psol50.org.br\/rest\/wp\/v2\/posts\/34144\/revisions"}],"predecessor-version":[{"id":34146,"href":"https:\/\/psol50.org.br\/rest\/wp\/v2\/posts\/34144\/revisions\/34146"}],"wp:featuredmedia":[{"embeddable":true,"href":"https:\/\/psol50.org.br\/rest\/wp\/v2\/media\/34145"}],"wp:attachment":[{"href":"https:\/\/psol50.org.br\/rest\/wp\/v2\/media?parent=34144"}],"wp:term":[{"taxonomy":"category","embeddable":true,"href":"https:\/\/psol50.org.br\/rest\/wp\/v2\/categories?post=34144"},{"taxonomy":"post_tag","embeddable":true,"href":"https:\/\/psol50.org.br\/rest\/wp\/v2\/tags?post=34144"}],"curies":[{"name":"wp","href":"https:\/\/api.w.org\/{rel}","templated":true}]}}