{"id":3415,"date":"2015-09-04T00:00:00","date_gmt":"2015-09-04T17:41:04","guid":{"rendered":"http:\/\/psol50.org.br\/arquivo\/2015\/09\/04\/luciana-genro-recebe-interpelacao-extrajudicial-por-declaracao-que-deixa-marco-feliciano-irritado\/"},"modified":"2015-09-04T00:00:00","modified_gmt":"2015-09-04T17:41:04","slug":"luciana-genro-recebe-interpelacao-extrajudicial-por-declaracao-que-deixa-marco-feliciano-irritado","status":"publish","type":"post","link":"https:\/\/psol50.org.br\/luciana-genro-recebe-interpelacao-extrajudicial-por-declaracao-que-deixa-marco-feliciano-irritado\/","title":{"rendered":"Luciana Genro recebe interpela\u00e7\u00e3o extrajudicial, por declara\u00e7\u00e3o que deixa Marco Feliciano irritado"},"content":{"rendered":"<p style=\"text-align: justify;\">\n\t<span style=\"font-family:arial,helvetica,sans-serif;\"><span style=\"font-size: 14px;\">A ex-candidata do PSOL \u00e0 Presid\u00eancia da Rep\u00fablica e presidente da Funda\u00e7\u00e3o Lauro Campo, Luciana Genro, recebeu uma interpela\u00e7\u00e3o extrajudicial da C\u00e2mara dos Deputados por conta de uma&nbsp;<a href=\"http:\/\/lucianagenro.us8.list-manage.com\/track\/click?u=83f6d27835a1f2d189ea34e09&amp;id=1ffa4e2d62&amp;e=e0cbc3bd52\" target=\"_blank\" rel=\"noopener\"><strong>postagem em seu perfil pessoal no Twitter<\/strong><\/a>, em que afirmou que os grandes traficantes est\u00e3o, inclusive, no Congresso. A declara\u00e7\u00e3o foi feita no dia 19 de agosto, em meio a um <em>twitta\u00e7o<\/em>&nbsp;em favor da descriminaliza\u00e7\u00e3o das drogas, devido ao julgamento do Supremo Tribunal Federal (STF) sobre o tema que ocorria naquela ocasi\u00e3o.<br \/>\n\t&nbsp;<br \/>\n\tA afirma\u00e7\u00e3o de Luciana irritou o deputado e pastor fundamentalista Marco Feliciano (PSC-SP), que solicitou provid\u00eancias ao presidente da C\u00e2mara, Eduardo Cunha (PMDB-SP). Na interpela\u00e7\u00e3o extrajudicial, a C\u00e2mara afirma que Luciana induziu \u201cao racioc\u00ednio de que o Parlamento \u00e9 povoado por indiv\u00edduos desprovidos de integridade\u201d e que \u201ctamb\u00e9m lan\u00e7a d\u00favidas sobre a higidez da Casa\u201d.<br \/>\n\t&nbsp;<br \/>\n\tEm resposta, atrav\u00e9s do Twitter, a Marco Feliciano, Luciana Genro citou o caso helic\u00f3ptero com 450 kg de coca\u00edna apreendido pela Pol\u00edcia Federal no dia 24 de novembro de 2013. A aeronave pertencia \u00e0 fam\u00edlia do senador Zez\u00e9 Perrella (PDT-MG) e o caso foi&nbsp;<a href=\"http:\/\/lucianagenro.us8.list-manage2.com\/track\/click?u=83f6d27835a1f2d189ea34e09&amp;id=360fb888c0&amp;e=e0cbc3bd52\" target=\"_blank\" rel=\"noopener\"><strong>amplamente divulgado pela m\u00eddia<\/strong><\/a>.<br \/>\n\t&nbsp;<br \/>\n\t\u201cEssa interpela\u00e7\u00e3o \u00e9 absurda. Se pensam que vou me intimidar e deixar de dizer o que eles n\u00e3o querem ouvir, desistam\u201d, disse Luciana.<\/p>\n<p>\t<img decoding=\"async\" alt=\"\" src=\"http:\/\/www.psol50.org.br\/\/store\/imagens\/Luciana-Genro-Marco-Feliciano.png\" style=\"width: 600px; height: 350px; border-width: 3px; border-style: solid; margin: 3px 5px; float: right;\" \/><\/span><\/span><br \/>\n\t&nbsp;<\/p>\n","protected":false},"excerpt":{"rendered":"<p>\u201cEssa interpela\u00e7\u00e3o \u00e9 absurda. Se pensam que vou me intimidar e deixar de dizer o que eles n\u00e3o querem ouvir, desistam\u201d, disse presidente da Funda\u00e7\u00e3o Lauro Campos<\/p>\n","protected":false},"author":2,"featured_media":0,"comment_status":"open","ping_status":"open","sticky":false,"template":"","format":"standard","meta":{"_acf_changed":false,"footnotes":""},"categories":[1104,6],"tags":[],"class_list":{"0":"post-3415","1":"post","2":"type-post","3":"status-publish","4":"format-standard","6":"category-movimento","7":"category-noticias"},"acf":[],"yoast_head":"<!-- This site is optimized with the Yoast SEO plugin v26.5 - https:\/\/yoast.com\/wordpress\/plugins\/seo\/ -->\n<title>Luciana Genro recebe interpela\u00e7\u00e3o extrajudicial, por declara\u00e7\u00e3o que deixa Marco Feliciano irritado - PSOL 50<\/title>\n<meta name=\"robots\" content=\"index, follow, max-snippet:-1, max-image-preview:large, max-video-preview:-1\" \/>\n<link rel=\"canonical\" href=\"https:\/\/psol50.org.br\/luciana-genro-recebe-interpelacao-extrajudicial-por-declaracao-que-deixa-marco-feliciano-irritado\/\" \/>\n<meta property=\"og:locale\" content=\"pt_BR\" \/>\n<meta property=\"og:type\" content=\"article\" \/>\n<meta property=\"og:title\" content=\"Luciana Genro recebe interpela\u00e7\u00e3o extrajudicial, por declara\u00e7\u00e3o que deixa Marco Feliciano irritado - PSOL 50\" \/>\n<meta property=\"og:description\" content=\"\u201cEssa interpela\u00e7\u00e3o \u00e9 absurda. Se pensam que vou me intimidar e deixar de dizer o que eles n\u00e3o querem ouvir, desistam\u201d, disse presidente da Funda\u00e7\u00e3o Lauro Campos\" \/>\n<meta property=\"og:url\" content=\"https:\/\/psol50.org.br\/luciana-genro-recebe-interpelacao-extrajudicial-por-declaracao-que-deixa-marco-feliciano-irritado\/\" \/>\n<meta property=\"og:site_name\" content=\"PSOL 50\" \/>\n<meta property=\"article:publisher\" content=\"https:\/\/www.facebook.com\/psol50\" \/>\n<meta property=\"article:published_time\" content=\"2015-09-04T17:41:04+00:00\" \/>\n<meta property=\"og:image\" content=\"http:\/\/www.psol50.org.br\/\/store\/imagens\/Luciana-Genro-Marco-Feliciano.png\" \/>\n<meta name=\"author\" content=\"Comunica\u00e7\u00e3o PSOL\" \/>\n<meta name=\"twitter:card\" content=\"summary_large_image\" \/>\n<meta name=\"twitter:creator\" content=\"@psol50\" \/>\n<meta name=\"twitter:site\" content=\"@psol50\" \/>\n<meta name=\"twitter:label1\" content=\"Escrito por\" \/>\n\t<meta name=\"twitter:data1\" content=\"Comunica\u00e7\u00e3o PSOL\" \/>\n\t<meta name=\"twitter:label2\" content=\"Est. tempo de leitura\" \/>\n\t<meta name=\"twitter:data2\" content=\"1 minuto\" \/>\n<script type=\"application\/ld+json\" class=\"yoast-schema-graph\">{\"@context\":\"https:\/\/schema.org\",\"@graph\":[{\"@type\":\"Article\",\"@id\":\"https:\/\/psol50.org.br\/luciana-genro-recebe-interpelacao-extrajudicial-por-declaracao-que-deixa-marco-feliciano-irritado\/#article\",\"isPartOf\":{\"@id\":\"https:\/\/psol50.org.br\/luciana-genro-recebe-interpelacao-extrajudicial-por-declaracao-que-deixa-marco-feliciano-irritado\/\"},\"author\":{\"name\":\"Comunica\u00e7\u00e3o PSOL\",\"@id\":\"https:\/\/psol50.org.br\/#\/schema\/person\/475dfa57d0b815993c714c2e96491fcd\"},\"headline\":\"Luciana Genro recebe interpela\u00e7\u00e3o extrajudicial, por declara\u00e7\u00e3o que deixa Marco Feliciano irritado\",\"datePublished\":\"2015-09-04T17:41:04+00:00\",\"mainEntityOfPage\":{\"@id\":\"https:\/\/psol50.org.br\/luciana-genro-recebe-interpelacao-extrajudicial-por-declaracao-que-deixa-marco-feliciano-irritado\/\"},\"wordCount\":248,\"commentCount\":0,\"publisher\":{\"@id\":\"https:\/\/psol50.org.br\/#organization\"},\"image\":{\"@id\":\"https:\/\/psol50.org.br\/luciana-genro-recebe-interpelacao-extrajudicial-por-declaracao-que-deixa-marco-feliciano-irritado\/#primaryimage\"},\"thumbnailUrl\":\"http:\/\/www.psol50.org.br\/\/store\/imagens\/Luciana-Genro-Marco-Feliciano.png\",\"articleSection\":[\"Movimento\",\"Not\u00edcias\"],\"inLanguage\":\"pt-BR\",\"potentialAction\":[{\"@type\":\"CommentAction\",\"name\":\"Comment\",\"target\":[\"https:\/\/psol50.org.br\/luciana-genro-recebe-interpelacao-extrajudicial-por-declaracao-que-deixa-marco-feliciano-irritado\/#respond\"]}]},{\"@type\":\"WebPage\",\"@id\":\"https:\/\/psol50.org.br\/luciana-genro-recebe-interpelacao-extrajudicial-por-declaracao-que-deixa-marco-feliciano-irritado\/\",\"url\":\"https:\/\/psol50.org.br\/luciana-genro-recebe-interpelacao-extrajudicial-por-declaracao-que-deixa-marco-feliciano-irritado\/\",\"name\":\"Luciana Genro recebe interpela\u00e7\u00e3o extrajudicial, por declara\u00e7\u00e3o que deixa Marco Feliciano irritado - PSOL 50\",\"isPartOf\":{\"@id\":\"https:\/\/psol50.org.br\/#website\"},\"primaryImageOfPage\":{\"@id\":\"https:\/\/psol50.org.br\/luciana-genro-recebe-interpelacao-extrajudicial-por-declaracao-que-deixa-marco-feliciano-irritado\/#primaryimage\"},\"image\":{\"@id\":\"https:\/\/psol50.org.br\/luciana-genro-recebe-interpelacao-extrajudicial-por-declaracao-que-deixa-marco-feliciano-irritado\/#primaryimage\"},\"thumbnailUrl\":\"http:\/\/www.psol50.org.br\/\/store\/imagens\/Luciana-Genro-Marco-Feliciano.png\",\"datePublished\":\"2015-09-04T17:41:04+00:00\",\"breadcrumb\":{\"@id\":\"https:\/\/psol50.org.br\/luciana-genro-recebe-interpelacao-extrajudicial-por-declaracao-que-deixa-marco-feliciano-irritado\/#breadcrumb\"},\"inLanguage\":\"pt-BR\",\"potentialAction\":[{\"@type\":\"ReadAction\",\"target\":[\"https:\/\/psol50.org.br\/luciana-genro-recebe-interpelacao-extrajudicial-por-declaracao-que-deixa-marco-feliciano-irritado\/\"]}]},{\"@type\":\"ImageObject\",\"inLanguage\":\"pt-BR\",\"@id\":\"https:\/\/psol50.org.br\/luciana-genro-recebe-interpelacao-extrajudicial-por-declaracao-que-deixa-marco-feliciano-irritado\/#primaryimage\",\"url\":\"http:\/\/www.psol50.org.br\/\/store\/imagens\/Luciana-Genro-Marco-Feliciano.png\",\"contentUrl\":\"http:\/\/www.psol50.org.br\/\/store\/imagens\/Luciana-Genro-Marco-Feliciano.png\"},{\"@type\":\"BreadcrumbList\",\"@id\":\"https:\/\/psol50.org.br\/luciana-genro-recebe-interpelacao-extrajudicial-por-declaracao-que-deixa-marco-feliciano-irritado\/#breadcrumb\",\"itemListElement\":[{\"@type\":\"ListItem\",\"position\":1,\"name\":\"In\u00edcio\",\"item\":\"https:\/\/psol50.org.br\/\"},{\"@type\":\"ListItem\",\"position\":2,\"name\":\"Luciana Genro recebe interpela\u00e7\u00e3o extrajudicial, por declara\u00e7\u00e3o que deixa Marco Feliciano irritado\"}]},{\"@type\":\"WebSite\",\"@id\":\"https:\/\/psol50.org.br\/#website\",\"url\":\"https:\/\/psol50.org.br\/\",\"name\":\"PSOL 50\",\"description\":\"Site oficial do Partido Socialismo e Liberdade\",\"publisher\":{\"@id\":\"https:\/\/psol50.org.br\/#organization\"},\"alternateName\":\"PSOL50\",\"potentialAction\":[{\"@type\":\"SearchAction\",\"target\":{\"@type\":\"EntryPoint\",\"urlTemplate\":\"https:\/\/psol50.org.br\/?s={search_term_string}\"},\"query-input\":{\"@type\":\"PropertyValueSpecification\",\"valueRequired\":true,\"valueName\":\"search_term_string\"}}],\"inLanguage\":\"pt-BR\"},{\"@type\":\"Organization\",\"@id\":\"https:\/\/psol50.org.br\/#organization\",\"name\":\"PSOL 50\",\"alternateName\":\"PSOL 50\",\"url\":\"https:\/\/psol50.org.br\/\",\"logo\":{\"@type\":\"ImageObject\",\"inLanguage\":\"pt-BR\",\"@id\":\"https:\/\/psol50.org.br\/#\/schema\/logo\/image\/\",\"url\":\"https:\/\/psol50.org.br\/inc\/uploads\/2018\/07\/capa.png\",\"contentUrl\":\"https:\/\/psol50.org.br\/inc\/uploads\/2018\/07\/capa.png\",\"width\":1350,\"height\":900,\"caption\":\"PSOL 50\"},\"image\":{\"@id\":\"https:\/\/psol50.org.br\/#\/schema\/logo\/image\/\"},\"sameAs\":[\"https:\/\/www.facebook.com\/psol50\",\"https:\/\/x.com\/psol50\",\"https:\/\/www.instagram.com\/psol50\/\",\"https:\/\/www.youtube.com\/channel\/UC7SnJS5o1os7a6CaiNabzcg\"]},{\"@type\":\"Person\",\"@id\":\"https:\/\/psol50.org.br\/#\/schema\/person\/475dfa57d0b815993c714c2e96491fcd\",\"name\":\"Comunica\u00e7\u00e3o PSOL\",\"image\":{\"@type\":\"ImageObject\",\"inLanguage\":\"pt-BR\",\"@id\":\"https:\/\/psol50.org.br\/#\/schema\/person\/image\/\",\"url\":\"https:\/\/secure.gravatar.com\/avatar\/b34fc4f4e468a4e51785917065a3db57b841f5c95dba6ad8c73aaf8f66f8f9bf?s=96&d=mm&r=g\",\"contentUrl\":\"https:\/\/secure.gravatar.com\/avatar\/b34fc4f4e468a4e51785917065a3db57b841f5c95dba6ad8c73aaf8f66f8f9bf?s=96&d=mm&r=g\",\"caption\":\"Comunica\u00e7\u00e3o PSOL\"}}]}<\/script>\n<!-- \/ Yoast SEO plugin. -->","yoast_head_json":{"title":"Luciana Genro recebe interpela\u00e7\u00e3o extrajudicial, por declara\u00e7\u00e3o que deixa Marco Feliciano irritado - PSOL 50","robots":{"index":"index","follow":"follow","max-snippet":"max-snippet:-1","max-image-preview":"max-image-preview:large","max-video-preview":"max-video-preview:-1"},"canonical":"https:\/\/psol50.org.br\/luciana-genro-recebe-interpelacao-extrajudicial-por-declaracao-que-deixa-marco-feliciano-irritado\/","og_locale":"pt_BR","og_type":"article","og_title":"Luciana Genro recebe interpela\u00e7\u00e3o extrajudicial, por declara\u00e7\u00e3o que deixa Marco Feliciano irritado - PSOL 50","og_description":"\u201cEssa interpela\u00e7\u00e3o \u00e9 absurda. Se pensam que vou me intimidar e deixar de dizer o que eles n\u00e3o querem ouvir, desistam\u201d, disse presidente da Funda\u00e7\u00e3o Lauro Campos","og_url":"https:\/\/psol50.org.br\/luciana-genro-recebe-interpelacao-extrajudicial-por-declaracao-que-deixa-marco-feliciano-irritado\/","og_site_name":"PSOL 50","article_publisher":"https:\/\/www.facebook.com\/psol50","article_published_time":"2015-09-04T17:41:04+00:00","og_image":[{"url":"http:\/\/www.psol50.org.br\/\/store\/imagens\/Luciana-Genro-Marco-Feliciano.png","type":"","width":"","height":""}],"author":"Comunica\u00e7\u00e3o PSOL","twitter_card":"summary_large_image","twitter_creator":"@psol50","twitter_site":"@psol50","twitter_misc":{"Escrito por":"Comunica\u00e7\u00e3o PSOL","Est. tempo de leitura":"1 minuto"},"schema":{"@context":"https:\/\/schema.org","@graph":[{"@type":"Article","@id":"https:\/\/psol50.org.br\/luciana-genro-recebe-interpelacao-extrajudicial-por-declaracao-que-deixa-marco-feliciano-irritado\/#article","isPartOf":{"@id":"https:\/\/psol50.org.br\/luciana-genro-recebe-interpelacao-extrajudicial-por-declaracao-que-deixa-marco-feliciano-irritado\/"},"author":{"name":"Comunica\u00e7\u00e3o PSOL","@id":"https:\/\/psol50.org.br\/#\/schema\/person\/475dfa57d0b815993c714c2e96491fcd"},"headline":"Luciana Genro recebe interpela\u00e7\u00e3o extrajudicial, por declara\u00e7\u00e3o que deixa Marco Feliciano irritado","datePublished":"2015-09-04T17:41:04+00:00","mainEntityOfPage":{"@id":"https:\/\/psol50.org.br\/luciana-genro-recebe-interpelacao-extrajudicial-por-declaracao-que-deixa-marco-feliciano-irritado\/"},"wordCount":248,"commentCount":0,"publisher":{"@id":"https:\/\/psol50.org.br\/#organization"},"image":{"@id":"https:\/\/psol50.org.br\/luciana-genro-recebe-interpelacao-extrajudicial-por-declaracao-que-deixa-marco-feliciano-irritado\/#primaryimage"},"thumbnailUrl":"http:\/\/www.psol50.org.br\/\/store\/imagens\/Luciana-Genro-Marco-Feliciano.png","articleSection":["Movimento","Not\u00edcias"],"inLanguage":"pt-BR","potentialAction":[{"@type":"CommentAction","name":"Comment","target":["https:\/\/psol50.org.br\/luciana-genro-recebe-interpelacao-extrajudicial-por-declaracao-que-deixa-marco-feliciano-irritado\/#respond"]}]},{"@type":"WebPage","@id":"https:\/\/psol50.org.br\/luciana-genro-recebe-interpelacao-extrajudicial-por-declaracao-que-deixa-marco-feliciano-irritado\/","url":"https:\/\/psol50.org.br\/luciana-genro-recebe-interpelacao-extrajudicial-por-declaracao-que-deixa-marco-feliciano-irritado\/","name":"Luciana Genro recebe interpela\u00e7\u00e3o extrajudicial, por declara\u00e7\u00e3o que deixa Marco Feliciano irritado - PSOL 50","isPartOf":{"@id":"https:\/\/psol50.org.br\/#website"},"primaryImageOfPage":{"@id":"https:\/\/psol50.org.br\/luciana-genro-recebe-interpelacao-extrajudicial-por-declaracao-que-deixa-marco-feliciano-irritado\/#primaryimage"},"image":{"@id":"https:\/\/psol50.org.br\/luciana-genro-recebe-interpelacao-extrajudicial-por-declaracao-que-deixa-marco-feliciano-irritado\/#primaryimage"},"thumbnailUrl":"http:\/\/www.psol50.org.br\/\/store\/imagens\/Luciana-Genro-Marco-Feliciano.png","datePublished":"2015-09-04T17:41:04+00:00","breadcrumb":{"@id":"https:\/\/psol50.org.br\/luciana-genro-recebe-interpelacao-extrajudicial-por-declaracao-que-deixa-marco-feliciano-irritado\/#breadcrumb"},"inLanguage":"pt-BR","potentialAction":[{"@type":"ReadAction","target":["https:\/\/psol50.org.br\/luciana-genro-recebe-interpelacao-extrajudicial-por-declaracao-que-deixa-marco-feliciano-irritado\/"]}]},{"@type":"ImageObject","inLanguage":"pt-BR","@id":"https:\/\/psol50.org.br\/luciana-genro-recebe-interpelacao-extrajudicial-por-declaracao-que-deixa-marco-feliciano-irritado\/#primaryimage","url":"http:\/\/www.psol50.org.br\/\/store\/imagens\/Luciana-Genro-Marco-Feliciano.png","contentUrl":"http:\/\/www.psol50.org.br\/\/store\/imagens\/Luciana-Genro-Marco-Feliciano.png"},{"@type":"BreadcrumbList","@id":"https:\/\/psol50.org.br\/luciana-genro-recebe-interpelacao-extrajudicial-por-declaracao-que-deixa-marco-feliciano-irritado\/#breadcrumb","itemListElement":[{"@type":"ListItem","position":1,"name":"In\u00edcio","item":"https:\/\/psol50.org.br\/"},{"@type":"ListItem","position":2,"name":"Luciana Genro recebe interpela\u00e7\u00e3o extrajudicial, por declara\u00e7\u00e3o que deixa Marco Feliciano irritado"}]},{"@type":"WebSite","@id":"https:\/\/psol50.org.br\/#website","url":"https:\/\/psol50.org.br\/","name":"PSOL 50","description":"Site oficial do Partido Socialismo e Liberdade","publisher":{"@id":"https:\/\/psol50.org.br\/#organization"},"alternateName":"PSOL50","potentialAction":[{"@type":"SearchAction","target":{"@type":"EntryPoint","urlTemplate":"https:\/\/psol50.org.br\/?s={search_term_string}"},"query-input":{"@type":"PropertyValueSpecification","valueRequired":true,"valueName":"search_term_string"}}],"inLanguage":"pt-BR"},{"@type":"Organization","@id":"https:\/\/psol50.org.br\/#organization","name":"PSOL 50","alternateName":"PSOL 50","url":"https:\/\/psol50.org.br\/","logo":{"@type":"ImageObject","inLanguage":"pt-BR","@id":"https:\/\/psol50.org.br\/#\/schema\/logo\/image\/","url":"https:\/\/psol50.org.br\/inc\/uploads\/2018\/07\/capa.png","contentUrl":"https:\/\/psol50.org.br\/inc\/uploads\/2018\/07\/capa.png","width":1350,"height":900,"caption":"PSOL 50"},"image":{"@id":"https:\/\/psol50.org.br\/#\/schema\/logo\/image\/"},"sameAs":["https:\/\/www.facebook.com\/psol50","https:\/\/x.com\/psol50","https:\/\/www.instagram.com\/psol50\/","https:\/\/www.youtube.com\/channel\/UC7SnJS5o1os7a6CaiNabzcg"]},{"@type":"Person","@id":"https:\/\/psol50.org.br\/#\/schema\/person\/475dfa57d0b815993c714c2e96491fcd","name":"Comunica\u00e7\u00e3o PSOL","image":{"@type":"ImageObject","inLanguage":"pt-BR","@id":"https:\/\/psol50.org.br\/#\/schema\/person\/image\/","url":"https:\/\/secure.gravatar.com\/avatar\/b34fc4f4e468a4e51785917065a3db57b841f5c95dba6ad8c73aaf8f66f8f9bf?s=96&d=mm&r=g","contentUrl":"https:\/\/secure.gravatar.com\/avatar\/b34fc4f4e468a4e51785917065a3db57b841f5c95dba6ad8c73aaf8f66f8f9bf?s=96&d=mm&r=g","caption":"Comunica\u00e7\u00e3o PSOL"}}]}},"_links":{"self":[{"href":"https:\/\/psol50.org.br\/rest\/wp\/v2\/posts\/3415","targetHints":{"allow":["GET"]}}],"collection":[{"href":"https:\/\/psol50.org.br\/rest\/wp\/v2\/posts"}],"about":[{"href":"https:\/\/psol50.org.br\/rest\/wp\/v2\/types\/post"}],"author":[{"embeddable":true,"href":"https:\/\/psol50.org.br\/rest\/wp\/v2\/users\/2"}],"replies":[{"embeddable":true,"href":"https:\/\/psol50.org.br\/rest\/wp\/v2\/comments?post=3415"}],"version-history":[{"count":0,"href":"https:\/\/psol50.org.br\/rest\/wp\/v2\/posts\/3415\/revisions"}],"wp:attachment":[{"href":"https:\/\/psol50.org.br\/rest\/wp\/v2\/media?parent=3415"}],"wp:term":[{"taxonomy":"category","embeddable":true,"href":"https:\/\/psol50.org.br\/rest\/wp\/v2\/categories?post=3415"},{"taxonomy":"post_tag","embeddable":true,"href":"https:\/\/psol50.org.br\/rest\/wp\/v2\/tags?post=3415"}],"curies":[{"name":"wp","href":"https:\/\/api.w.org\/{rel}","templated":true}]}}