{"id":3423,"date":"2015-09-11T00:00:00","date_gmt":"2015-09-11T19:47:14","guid":{"rendered":"http:\/\/psol50.org.br\/arquivo\/2015\/09\/11\/deputados-do-psol-cobram-punicao-as-milicias-no-mato-grosso-do-sul\/"},"modified":"2015-09-11T00:00:00","modified_gmt":"2015-09-11T19:47:14","slug":"deputados-do-psol-cobram-punicao-as-milicias-no-mato-grosso-do-sul","status":"publish","type":"post","link":"https:\/\/psol50.org.br\/deputados-do-psol-cobram-punicao-as-milicias-no-mato-grosso-do-sul\/","title":{"rendered":"Deputados do PSOL cobram puni\u00e7\u00e3o \u00e0s mil\u00edcias no Mato Grosso do Sul"},"content":{"rendered":"<p class=\"western\" style=\"margin-top: 0cm; margin-bottom: 0cm; text-align: justify;\">\n\t<span style=\"font-size:14px;\">O ministro da Justi\u00e7a, Jos\u00e9 Eduardo Cardozo, esteve na quarta-feira (09) na Comiss\u00e3o de Agricultura da C\u00e2mara dos Deputados. O ministro foi convidado a prestar esclarecimentos sobre a situa\u00e7\u00e3o de viol\u00eancia em terras ind\u00edgenas no Mato Grosso do Sul. Os deputados Chico Alencar (RJ), Ivan Valente (SP) e Edmilson Rodrigues (PA) estiveram presentes e cobraram celeridade na solu\u00e7\u00e3o dos conflitos nesta terra.<\/p>\n<p>\t&#8220;\u00c9 intoler\u00e1vel a a\u00e7\u00e3o de mil\u00edcias armadas em reuni\u00f5es abertas no nosso pa\u00eds. Isso \u00e9 crime e tem que ser tratado como crime. N\u00e3o \u00e9 solu\u00e7\u00e3o para nada&#8221;, cobrou Ivan Valente.<\/p>\n<p>\tDesde a semana passada, a For\u00e7a Nacional de Seguran\u00e7a est\u00e1 no Mato Grosso do Sul. A regi\u00e3o conhecida como \u00d1ande R\u00fa Marangat\u00fa, na fronteira com o Paraguai, \u00e9 palco de disputas h\u00e1 mais de tr\u00eas d\u00e9cadas. H\u00e1 10 anos as terras foram demarcadas mas, desde ent\u00e3o, propriet\u00e1rios rurais brigam na justi\u00e7a contra a decis\u00e3o. Atualmente o processo est\u00e1 parado no STF. Desde 1983, pelo menos tr\u00eas lideran\u00e7as ind\u00edgenas foram mortas no local. O \u00faltimo deles foi o l\u00edder Guarani Kaiow\u00e1 Sim\u00e3o Vilha\u00e7a, encontrado morto com um tiro na cabe\u00e7a no fim de agosto.<\/p>\n<p>\t&#8220;Eu n\u00e3o tenho direito de chegar com os ind\u00edgenas e dizer para mandar flechadas em todo mundo. Os \u00edndios n\u00e3o t\u00eam direito de cortar o pesco\u00e7o de quem quer que seja. N\u00e3o \u00e9 poss\u00edvel que esses criminosos ajam a revelia do Estado. Depois de sua sa\u00edda, eles continuam organizando crime para matar e perseguir ind\u00edgenas&#8221;, cobrou Edmilson se referindo \u00e0 presen\u00e7a do ministro no Mato Grosso do Sul no \u00faltimo dia 2.<\/p>\n<p>\t<strong>PEC 215<\/strong><br \/>\n\tDurante a audi\u00eancia, foi inevit\u00e1vel a discuss\u00e3o sobre a PEC 215, que passa para o Legislativo a prerrogativa de demarcar terras ind\u00edgenas e quilombolas. O ministro Eduardo Cardozo argumentou ser contr\u00e1rio \u00e0 proposta por raz\u00f5es constitucionais. Deputados ruralistas se expressavam, unanimemente, favor\u00e1veis \u00e0 proposta. O l\u00edder Chico Alencar indicou o posicionamento da bancada do PSOL, questionando os interesses representados pelos ruralistas.<\/p>\n<p>\t&#8220;Quem efetivamente n\u00e3o tem nenhuma representa\u00e7\u00e3o direita aqui, embora esteja consagrada na Constitui\u00e7\u00e3o, no artigo 231 \u00e9 um ente plural, diverso e origin\u00e1rio desta terra que genericamente chamamos de \u00edndio. Historicamente sempre foram maltratados, exterminados, colocados no ex\u00edlio dentro do pr\u00f3prio territ\u00f3rio. Por isso \u00e9 muito importante a conquista da Constitui\u00e7\u00e3o de 1988. Temos que dar, sim, tratamento especial aos \u00edndios&#8221;, comentou Chico, se referindo \u00e0 demarca\u00e7\u00e3o de terras ind\u00edgenas, que est\u00e1 presente na Constitui\u00e7\u00e3o. Desde 1988, apenas um ter\u00e7o das terras foi demarcada.<\/p>\n<p>\tTamb\u00e9m foi discutida a PEC 71\/2011, que permite a indeniza\u00e7\u00e3o de possuidores de t\u00edtulos dominiais relativos a terras declaradas como ind\u00edgenas expedidos at\u00e9 o dia 5 de outubro de 1988. &#8220;Muitas vezes um posseiro n\u00e3o est\u00e1 de m\u00e1 f\u00e9, n\u00e3o houve grilagem. E ent\u00e3o o Estado n\u00e3o pode desapropria-lo. Essa PEC n\u00e3o resolve todos os problemas, mas ajuda&#8221;, indicou Edmilson. Valente resumiu o posicionamento do partido. &#8220;Sou favor\u00e1vel \u00e0 indeniza\u00e7\u00e3o de boa f\u00e9 ao pequeno produtor. N\u00e3o ao grileiro, n\u00e3o ao latifundi\u00e1rio&#8221;.<\/span><\/p>\n","protected":false},"excerpt":{"rendered":"<p>Ministro da Justi\u00e7a prestou esclarecimentos na Comiss\u00e3o. Debate tamb\u00e9m tratou da PEC 215<\/p>\n","protected":false},"author":2,"featured_media":0,"comment_status":"open","ping_status":"open","sticky":false,"template":"","format":"standard","meta":{"_acf_changed":false,"footnotes":""},"categories":[10,6],"tags":[22],"class_list":{"0":"post-3423","1":"post","2":"type-post","3":"status-publish","4":"format-standard","6":"category-acao-parlamentares","7":"category-noticias","8":"tag-psol"},"acf":[],"yoast_head":"<!-- This site is optimized with the Yoast SEO plugin v26.5 - https:\/\/yoast.com\/wordpress\/plugins\/seo\/ -->\n<title>Deputados do PSOL cobram puni\u00e7\u00e3o \u00e0s mil\u00edcias no Mato Grosso do Sul - PSOL 50<\/title>\n<meta name=\"robots\" content=\"index, follow, max-snippet:-1, max-image-preview:large, max-video-preview:-1\" \/>\n<link rel=\"canonical\" href=\"https:\/\/psol50.org.br\/deputados-do-psol-cobram-punicao-as-milicias-no-mato-grosso-do-sul\/\" \/>\n<meta property=\"og:locale\" content=\"pt_BR\" \/>\n<meta property=\"og:type\" content=\"article\" \/>\n<meta property=\"og:title\" content=\"Deputados do PSOL cobram puni\u00e7\u00e3o \u00e0s mil\u00edcias no Mato Grosso do Sul - PSOL 50\" \/>\n<meta property=\"og:description\" content=\"Ministro da Justi\u00e7a prestou esclarecimentos na Comiss\u00e3o. Debate tamb\u00e9m tratou da PEC 215\" \/>\n<meta property=\"og:url\" content=\"https:\/\/psol50.org.br\/deputados-do-psol-cobram-punicao-as-milicias-no-mato-grosso-do-sul\/\" \/>\n<meta property=\"og:site_name\" content=\"PSOL 50\" \/>\n<meta property=\"article:publisher\" content=\"https:\/\/www.facebook.com\/psol50\" \/>\n<meta property=\"article:published_time\" content=\"2015-09-11T19:47:14+00:00\" \/>\n<meta property=\"og:image\" content=\"https:\/\/psol50.org.br\/inc\/uploads\/2018\/07\/capa.png\" \/>\n\t<meta property=\"og:image:width\" content=\"1350\" \/>\n\t<meta property=\"og:image:height\" content=\"900\" \/>\n\t<meta property=\"og:image:type\" content=\"image\/png\" \/>\n<meta name=\"author\" content=\"Comunica\u00e7\u00e3o PSOL\" \/>\n<meta name=\"twitter:card\" content=\"summary_large_image\" \/>\n<meta name=\"twitter:creator\" content=\"@psol50\" \/>\n<meta name=\"twitter:site\" content=\"@psol50\" \/>\n<meta name=\"twitter:label1\" content=\"Escrito por\" \/>\n\t<meta name=\"twitter:data1\" content=\"Comunica\u00e7\u00e3o PSOL\" \/>\n\t<meta name=\"twitter:label2\" content=\"Est. tempo de leitura\" \/>\n\t<meta name=\"twitter:data2\" content=\"3 minutos\" \/>\n<script type=\"application\/ld+json\" class=\"yoast-schema-graph\">{\"@context\":\"https:\/\/schema.org\",\"@graph\":[{\"@type\":\"Article\",\"@id\":\"https:\/\/psol50.org.br\/deputados-do-psol-cobram-punicao-as-milicias-no-mato-grosso-do-sul\/#article\",\"isPartOf\":{\"@id\":\"https:\/\/psol50.org.br\/deputados-do-psol-cobram-punicao-as-milicias-no-mato-grosso-do-sul\/\"},\"author\":{\"name\":\"Comunica\u00e7\u00e3o PSOL\",\"@id\":\"https:\/\/psol50.org.br\/#\/schema\/person\/475dfa57d0b815993c714c2e96491fcd\"},\"headline\":\"Deputados do PSOL cobram puni\u00e7\u00e3o \u00e0s mil\u00edcias no Mato Grosso do Sul\",\"datePublished\":\"2015-09-11T19:47:14+00:00\",\"mainEntityOfPage\":{\"@id\":\"https:\/\/psol50.org.br\/deputados-do-psol-cobram-punicao-as-milicias-no-mato-grosso-do-sul\/\"},\"wordCount\":551,\"commentCount\":0,\"publisher\":{\"@id\":\"https:\/\/psol50.org.br\/#organization\"},\"keywords\":[\"PSOL\"],\"articleSection\":[\"A\u00e7\u00e3o Parlamentar\",\"Not\u00edcias\"],\"inLanguage\":\"pt-BR\",\"potentialAction\":[{\"@type\":\"CommentAction\",\"name\":\"Comment\",\"target\":[\"https:\/\/psol50.org.br\/deputados-do-psol-cobram-punicao-as-milicias-no-mato-grosso-do-sul\/#respond\"]}]},{\"@type\":\"WebPage\",\"@id\":\"https:\/\/psol50.org.br\/deputados-do-psol-cobram-punicao-as-milicias-no-mato-grosso-do-sul\/\",\"url\":\"https:\/\/psol50.org.br\/deputados-do-psol-cobram-punicao-as-milicias-no-mato-grosso-do-sul\/\",\"name\":\"Deputados do PSOL cobram puni\u00e7\u00e3o \u00e0s mil\u00edcias no Mato Grosso do Sul - PSOL 50\",\"isPartOf\":{\"@id\":\"https:\/\/psol50.org.br\/#website\"},\"datePublished\":\"2015-09-11T19:47:14+00:00\",\"breadcrumb\":{\"@id\":\"https:\/\/psol50.org.br\/deputados-do-psol-cobram-punicao-as-milicias-no-mato-grosso-do-sul\/#breadcrumb\"},\"inLanguage\":\"pt-BR\",\"potentialAction\":[{\"@type\":\"ReadAction\",\"target\":[\"https:\/\/psol50.org.br\/deputados-do-psol-cobram-punicao-as-milicias-no-mato-grosso-do-sul\/\"]}]},{\"@type\":\"BreadcrumbList\",\"@id\":\"https:\/\/psol50.org.br\/deputados-do-psol-cobram-punicao-as-milicias-no-mato-grosso-do-sul\/#breadcrumb\",\"itemListElement\":[{\"@type\":\"ListItem\",\"position\":1,\"name\":\"In\u00edcio\",\"item\":\"https:\/\/psol50.org.br\/\"},{\"@type\":\"ListItem\",\"position\":2,\"name\":\"Deputados do PSOL cobram puni\u00e7\u00e3o \u00e0s mil\u00edcias no Mato Grosso do Sul\"}]},{\"@type\":\"WebSite\",\"@id\":\"https:\/\/psol50.org.br\/#website\",\"url\":\"https:\/\/psol50.org.br\/\",\"name\":\"PSOL 50\",\"description\":\"Site oficial do Partido Socialismo e Liberdade\",\"publisher\":{\"@id\":\"https:\/\/psol50.org.br\/#organization\"},\"alternateName\":\"PSOL50\",\"potentialAction\":[{\"@type\":\"SearchAction\",\"target\":{\"@type\":\"EntryPoint\",\"urlTemplate\":\"https:\/\/psol50.org.br\/?s={search_term_string}\"},\"query-input\":{\"@type\":\"PropertyValueSpecification\",\"valueRequired\":true,\"valueName\":\"search_term_string\"}}],\"inLanguage\":\"pt-BR\"},{\"@type\":\"Organization\",\"@id\":\"https:\/\/psol50.org.br\/#organization\",\"name\":\"PSOL 50\",\"alternateName\":\"PSOL 50\",\"url\":\"https:\/\/psol50.org.br\/\",\"logo\":{\"@type\":\"ImageObject\",\"inLanguage\":\"pt-BR\",\"@id\":\"https:\/\/psol50.org.br\/#\/schema\/logo\/image\/\",\"url\":\"https:\/\/psol50.org.br\/inc\/uploads\/2018\/07\/capa.png\",\"contentUrl\":\"https:\/\/psol50.org.br\/inc\/uploads\/2018\/07\/capa.png\",\"width\":1350,\"height\":900,\"caption\":\"PSOL 50\"},\"image\":{\"@id\":\"https:\/\/psol50.org.br\/#\/schema\/logo\/image\/\"},\"sameAs\":[\"https:\/\/www.facebook.com\/psol50\",\"https:\/\/x.com\/psol50\",\"https:\/\/www.instagram.com\/psol50\/\",\"https:\/\/www.youtube.com\/channel\/UC7SnJS5o1os7a6CaiNabzcg\"]},{\"@type\":\"Person\",\"@id\":\"https:\/\/psol50.org.br\/#\/schema\/person\/475dfa57d0b815993c714c2e96491fcd\",\"name\":\"Comunica\u00e7\u00e3o PSOL\",\"image\":{\"@type\":\"ImageObject\",\"inLanguage\":\"pt-BR\",\"@id\":\"https:\/\/psol50.org.br\/#\/schema\/person\/image\/\",\"url\":\"https:\/\/secure.gravatar.com\/avatar\/b34fc4f4e468a4e51785917065a3db57b841f5c95dba6ad8c73aaf8f66f8f9bf?s=96&d=mm&r=g\",\"contentUrl\":\"https:\/\/secure.gravatar.com\/avatar\/b34fc4f4e468a4e51785917065a3db57b841f5c95dba6ad8c73aaf8f66f8f9bf?s=96&d=mm&r=g\",\"caption\":\"Comunica\u00e7\u00e3o PSOL\"}}]}<\/script>\n<!-- \/ Yoast SEO plugin. -->","yoast_head_json":{"title":"Deputados do PSOL cobram puni\u00e7\u00e3o \u00e0s mil\u00edcias no Mato Grosso do Sul - PSOL 50","robots":{"index":"index","follow":"follow","max-snippet":"max-snippet:-1","max-image-preview":"max-image-preview:large","max-video-preview":"max-video-preview:-1"},"canonical":"https:\/\/psol50.org.br\/deputados-do-psol-cobram-punicao-as-milicias-no-mato-grosso-do-sul\/","og_locale":"pt_BR","og_type":"article","og_title":"Deputados do PSOL cobram puni\u00e7\u00e3o \u00e0s mil\u00edcias no Mato Grosso do Sul - PSOL 50","og_description":"Ministro da Justi\u00e7a prestou esclarecimentos na Comiss\u00e3o. Debate tamb\u00e9m tratou da PEC 215","og_url":"https:\/\/psol50.org.br\/deputados-do-psol-cobram-punicao-as-milicias-no-mato-grosso-do-sul\/","og_site_name":"PSOL 50","article_publisher":"https:\/\/www.facebook.com\/psol50","article_published_time":"2015-09-11T19:47:14+00:00","og_image":[{"width":1350,"height":900,"url":"https:\/\/psol50.org.br\/inc\/uploads\/2018\/07\/capa.png","type":"image\/png"}],"author":"Comunica\u00e7\u00e3o PSOL","twitter_card":"summary_large_image","twitter_creator":"@psol50","twitter_site":"@psol50","twitter_misc":{"Escrito por":"Comunica\u00e7\u00e3o PSOL","Est. tempo de leitura":"3 minutos"},"schema":{"@context":"https:\/\/schema.org","@graph":[{"@type":"Article","@id":"https:\/\/psol50.org.br\/deputados-do-psol-cobram-punicao-as-milicias-no-mato-grosso-do-sul\/#article","isPartOf":{"@id":"https:\/\/psol50.org.br\/deputados-do-psol-cobram-punicao-as-milicias-no-mato-grosso-do-sul\/"},"author":{"name":"Comunica\u00e7\u00e3o PSOL","@id":"https:\/\/psol50.org.br\/#\/schema\/person\/475dfa57d0b815993c714c2e96491fcd"},"headline":"Deputados do PSOL cobram puni\u00e7\u00e3o \u00e0s mil\u00edcias no Mato Grosso do Sul","datePublished":"2015-09-11T19:47:14+00:00","mainEntityOfPage":{"@id":"https:\/\/psol50.org.br\/deputados-do-psol-cobram-punicao-as-milicias-no-mato-grosso-do-sul\/"},"wordCount":551,"commentCount":0,"publisher":{"@id":"https:\/\/psol50.org.br\/#organization"},"keywords":["PSOL"],"articleSection":["A\u00e7\u00e3o Parlamentar","Not\u00edcias"],"inLanguage":"pt-BR","potentialAction":[{"@type":"CommentAction","name":"Comment","target":["https:\/\/psol50.org.br\/deputados-do-psol-cobram-punicao-as-milicias-no-mato-grosso-do-sul\/#respond"]}]},{"@type":"WebPage","@id":"https:\/\/psol50.org.br\/deputados-do-psol-cobram-punicao-as-milicias-no-mato-grosso-do-sul\/","url":"https:\/\/psol50.org.br\/deputados-do-psol-cobram-punicao-as-milicias-no-mato-grosso-do-sul\/","name":"Deputados do PSOL cobram puni\u00e7\u00e3o \u00e0s mil\u00edcias no Mato Grosso do Sul - PSOL 50","isPartOf":{"@id":"https:\/\/psol50.org.br\/#website"},"datePublished":"2015-09-11T19:47:14+00:00","breadcrumb":{"@id":"https:\/\/psol50.org.br\/deputados-do-psol-cobram-punicao-as-milicias-no-mato-grosso-do-sul\/#breadcrumb"},"inLanguage":"pt-BR","potentialAction":[{"@type":"ReadAction","target":["https:\/\/psol50.org.br\/deputados-do-psol-cobram-punicao-as-milicias-no-mato-grosso-do-sul\/"]}]},{"@type":"BreadcrumbList","@id":"https:\/\/psol50.org.br\/deputados-do-psol-cobram-punicao-as-milicias-no-mato-grosso-do-sul\/#breadcrumb","itemListElement":[{"@type":"ListItem","position":1,"name":"In\u00edcio","item":"https:\/\/psol50.org.br\/"},{"@type":"ListItem","position":2,"name":"Deputados do PSOL cobram puni\u00e7\u00e3o \u00e0s mil\u00edcias no Mato Grosso do Sul"}]},{"@type":"WebSite","@id":"https:\/\/psol50.org.br\/#website","url":"https:\/\/psol50.org.br\/","name":"PSOL 50","description":"Site oficial do Partido Socialismo e Liberdade","publisher":{"@id":"https:\/\/psol50.org.br\/#organization"},"alternateName":"PSOL50","potentialAction":[{"@type":"SearchAction","target":{"@type":"EntryPoint","urlTemplate":"https:\/\/psol50.org.br\/?s={search_term_string}"},"query-input":{"@type":"PropertyValueSpecification","valueRequired":true,"valueName":"search_term_string"}}],"inLanguage":"pt-BR"},{"@type":"Organization","@id":"https:\/\/psol50.org.br\/#organization","name":"PSOL 50","alternateName":"PSOL 50","url":"https:\/\/psol50.org.br\/","logo":{"@type":"ImageObject","inLanguage":"pt-BR","@id":"https:\/\/psol50.org.br\/#\/schema\/logo\/image\/","url":"https:\/\/psol50.org.br\/inc\/uploads\/2018\/07\/capa.png","contentUrl":"https:\/\/psol50.org.br\/inc\/uploads\/2018\/07\/capa.png","width":1350,"height":900,"caption":"PSOL 50"},"image":{"@id":"https:\/\/psol50.org.br\/#\/schema\/logo\/image\/"},"sameAs":["https:\/\/www.facebook.com\/psol50","https:\/\/x.com\/psol50","https:\/\/www.instagram.com\/psol50\/","https:\/\/www.youtube.com\/channel\/UC7SnJS5o1os7a6CaiNabzcg"]},{"@type":"Person","@id":"https:\/\/psol50.org.br\/#\/schema\/person\/475dfa57d0b815993c714c2e96491fcd","name":"Comunica\u00e7\u00e3o PSOL","image":{"@type":"ImageObject","inLanguage":"pt-BR","@id":"https:\/\/psol50.org.br\/#\/schema\/person\/image\/","url":"https:\/\/secure.gravatar.com\/avatar\/b34fc4f4e468a4e51785917065a3db57b841f5c95dba6ad8c73aaf8f66f8f9bf?s=96&d=mm&r=g","contentUrl":"https:\/\/secure.gravatar.com\/avatar\/b34fc4f4e468a4e51785917065a3db57b841f5c95dba6ad8c73aaf8f66f8f9bf?s=96&d=mm&r=g","caption":"Comunica\u00e7\u00e3o PSOL"}}]}},"_links":{"self":[{"href":"https:\/\/psol50.org.br\/rest\/wp\/v2\/posts\/3423","targetHints":{"allow":["GET"]}}],"collection":[{"href":"https:\/\/psol50.org.br\/rest\/wp\/v2\/posts"}],"about":[{"href":"https:\/\/psol50.org.br\/rest\/wp\/v2\/types\/post"}],"author":[{"embeddable":true,"href":"https:\/\/psol50.org.br\/rest\/wp\/v2\/users\/2"}],"replies":[{"embeddable":true,"href":"https:\/\/psol50.org.br\/rest\/wp\/v2\/comments?post=3423"}],"version-history":[{"count":0,"href":"https:\/\/psol50.org.br\/rest\/wp\/v2\/posts\/3423\/revisions"}],"wp:attachment":[{"href":"https:\/\/psol50.org.br\/rest\/wp\/v2\/media?parent=3423"}],"wp:term":[{"taxonomy":"category","embeddable":true,"href":"https:\/\/psol50.org.br\/rest\/wp\/v2\/categories?post=3423"},{"taxonomy":"post_tag","embeddable":true,"href":"https:\/\/psol50.org.br\/rest\/wp\/v2\/tags?post=3423"}],"curies":[{"name":"wp","href":"https:\/\/api.w.org\/{rel}","templated":true}]}}