{"id":3425,"date":"2015-09-14T00:00:00","date_gmt":"2015-09-14T14:20:11","guid":{"rendered":"http:\/\/psol50.org.br\/arquivo\/2015\/09\/14\/psol-questiona-camara-sobre-custo-beneficio-do-programa-onde-o-povo-esta\/"},"modified":"2015-09-14T00:00:00","modified_gmt":"2015-09-14T14:20:11","slug":"psol-questiona-camara-sobre-custo-beneficio-do-programa-onde-o-povo-esta","status":"publish","type":"post","link":"https:\/\/psol50.org.br\/psol-questiona-camara-sobre-custo-beneficio-do-programa-onde-o-povo-esta\/","title":{"rendered":"PSOL questiona C\u00e2mara sobre custo-benef\u00edcio do programa &quot;Onde o Povo Est\u00e1&quot;"},"content":{"rendered":"<p style=\"text-align: justify;\">\n\t<span style=\"font-family:arial,helvetica,sans-serif;\"><span style=\"font-size: 14px;\">O l\u00edder do PSOL na C\u00e2mara, deputado Chico Alencar (RJ), apresentou, na \u00faltima ter\u00e7a-feira (08), requerimento de informa\u00e7\u00f5es questionando a rela\u00e7\u00e3o custo-benef\u00edcio do programa da TV C\u00e2mara, &#8220;Onde o Povo Est\u00e1&#8221;. Com o aval do presidente da C\u00e2mara, Eduardo Cunha, o programa, em sua concep\u00e7\u00e3o inicial, objetiva mostrar as a\u00e7\u00f5es do parlamentar em seu estado.<br \/>\n\t&nbsp;<br \/>\n\tMat\u00e9ria do jornal O Globo, no dia 6 de setembro, apontou que cada visita a um estado custa cerca de R$ 50 mil \u2013 passagens, hospedagens, alimenta\u00e7\u00e3o e aluguel de ve\u00edculo. O programa, na avalia\u00e7\u00e3o do jornal, \u00e9 uma propaganda eleitoral. &#8220;Num formato semelhante a de uma propaganda eleitoral, em v\u00eddeos de cinco minutos para cada um, o deputado, na sua base eleitoral, cumprimenta e troca abra\u00e7os com eleitores, visita obras feitas com recursos de suas pr\u00f3prias emendas, aparece dan\u00e7ando, aplaudindo desfile c\u00edvico, em casamento coletivo e narrando jogo de futebol&#8221;, diz a reportagem.<br \/>\n\t&nbsp;<br \/>\n\tSegundo o jornal, a C\u00e2mara informou que as escolhas se deram por sorteio, &#8220;mas n\u00e3o respondeu quando se deu, quem participou e se o conjunto de deputados foi comunicado. Parlamentares que protagonizaram o programa, ouvidos pelo Globo, afirmaram que foram comunicados.&#8221; O &#8220;Onde o Povo Est\u00e1&#8221; dura em m\u00e9dia 15 minutos, com exibi\u00e7\u00e3o de tr\u00eas deputados, e \u00e9 transmitido tr\u00eas vezes ao longo da semana.<br \/>\n\t&nbsp;<br \/>\n\tNo requerimento, dirigido ao secret\u00e1rio de Comunica\u00e7\u00e3o da Casa, Cleber Verde, o deputado Chico Alencar faz nove perguntas:<\/span><\/span><br \/>\n\t&nbsp;<\/p>\n<ol>\n<li style=\"text-align: justify;\">\n<p>\n\t\t\t<span style=\"font-family:arial,helvetica,sans-serif;\"><span style=\"font-size: 14px;\">Quais os crit\u00e9rios de sele\u00e7\u00e3o dos parlamentares para esta primeira temporada, j\u00e1 realizada, e dispon\u00edvel no portal da C\u00e2mara?<\/span><\/span><\/p>\n<p>\t\t\t&nbsp;<\/p>\n<\/li>\n<\/ol>\n<ol>\n<li style=\"text-align: justify;\" value=\"2\">\n<p>\n\t\t\t<span style=\"font-family:arial,helvetica,sans-serif;\"><span style=\"font-size: 14px;\">Tendo a Secretaria de Comunica\u00e7\u00e3o Social da C\u00e2mara dos Deputados informado, em mat\u00e9ria publicada no jornal &#8220;O Globo&#8221;, de 06\/09\/2015, que &#8220;a escolha se d\u00e1 por sorteio&#8221;, indagamos quando e onde se deu o referido sorteio, quem dele participou, quantos foram aquinhoados e quando est\u00e3o previstos os pr\u00f3ximos certames?<\/span><\/span><\/p>\n<p>\t\t\t&nbsp;<\/p>\n<\/li>\n<\/ol>\n<ol>\n<li style=\"text-align: justify;\" value=\"3\">\n<p>\n\t\t\t<span style=\"font-family:arial,helvetica,sans-serif;\"><span style=\"font-size: 14px;\">Qual o custo total de produ\u00e7\u00e3o de cada edi\u00e7\u00e3o do programa, especificando os itens passagens a\u00e9reas, di\u00e1rias, horas-extras, n\u00famero de profissionais envolvidos e valores de suas respectivas horas de trabalho, envolvendo produ\u00e7\u00e3o, roteiriza\u00e7\u00e3o, edi\u00e7\u00e3o, capta\u00e7\u00e3o de imagens, loca\u00e7\u00e3o de equipamentos, finaliza\u00e7\u00e3o e demais custos relacionados \u00e0 atividade?<\/span><\/span><\/p>\n<p>\t\t\t&nbsp;<\/p>\n<\/li>\n<\/ol>\n<ol>\n<li style=\"text-align: justify;\" value=\"4\">\n<p>\n\t\t\t<span style=\"font-family:arial,helvetica,sans-serif;\"><span style=\"font-size: 14px;\">Como se pretende atender a totalidade dos 513 deputados, respeitados, assim, os princ\u00edpios da pluralidade, isen\u00e7\u00e3o e imparcialidade que devem reger o sistema de comunica\u00e7\u00e3o da C\u00e2mara dos Deputados?<\/span><\/span><\/p>\n<p>\t\t\t&nbsp;<\/p>\n<\/li>\n<\/ol>\n<ol>\n<li style=\"text-align: justify;\" value=\"5\">\n<p>\n\t\t\t<span style=\"font-family:arial,helvetica,sans-serif;\"><span style=\"font-size: 14px;\">Qual \u00e9 a pertin\u00eancia e quais os crit\u00e9rios de defini\u00e7\u00e3o das pautas dos programas em rela\u00e7\u00e3o aos temas debatidos aqui na C\u00e2mara dos Deputados?<\/span><\/span><\/p>\n<p>\t\t\t&nbsp;<\/p>\n<\/li>\n<\/ol>\n<ol>\n<li style=\"text-align: justify;\" value=\"6\">\n<p>\n\t\t\t<span style=\"font-family:arial,helvetica,sans-serif;\"><span style=\"font-size: 14px;\">Existe previs\u00e3o or\u00e7ament\u00e1ria para absor\u00e7\u00e3o destes novos custos? <\/span><\/span><\/p>\n<p>\t\t\t&nbsp;<\/p>\n<\/li>\n<\/ol>\n<ol>\n<li style=\"text-align: justify;\" value=\"7\">\n<p>\n\t\t\t<span style=\"font-family:arial,helvetica,sans-serif;\"><span style=\"font-size: 14px;\">Os recursos humanos, financeiros e materiais dispon\u00edveis na Secretaria de Comunica\u00e7\u00e3o Social s\u00e3o suficientes para o atendimento do conjunto de todos os deputados federais?<\/span><\/span><\/p>\n<p>\t\t\t&nbsp;<\/p>\n<\/li>\n<\/ol>\n<ol>\n<li style=\"text-align: justify;\" value=\"8\">\n<p>\n\t\t\t<span style=\"font-family:arial,helvetica,sans-serif;\"><span style=\"font-size: 14px;\">Cada parlamentar, por meio da Cota para o Exerc\u00edcio da Atividade Parlamentar &#8211; CEAP, j\u00e1 tem recursos dispon\u00edveis para divulga\u00e7\u00e3o de suas atividades. A aplica\u00e7\u00e3o de recursos da C\u00e2mara dos Deputados para divulga\u00e7\u00e3o isolada de um parlamentar na TV C\u00e2mara n\u00e3o fere o princ\u00edpio da isonomia de tratamento aos parlamentares, podendo caracterizar desperd\u00edcio de recursos p\u00fablicos ou duplicidade de gastos para a mesma despesa j\u00e1 prevista na CEAP?<\/span><\/span><\/p>\n<p>\t\t\t&nbsp;<\/p>\n<\/li>\n<\/ol>\n<ol>\n<li style=\"text-align: justify;\" value=\"9\">\n<p>\n\t\t\t<span style=\"font-family:arial,helvetica,sans-serif;\"><span style=\"font-size: 14px;\">A divulga\u00e7\u00e3o pela TV C\u00e2mara de atividades de um determinado parlamentar n\u00e3o pode caracterizar promo\u00e7\u00e3o pessoal ou propaganda pol\u00edtico partid\u00e1ria, que se contrap\u00f5em as disposi\u00e7\u00f5es legais para uso de tempo de TV e R\u00e1dio que os partidos pol\u00edticos s\u00e3o obrigados a respeitar?<\/span><\/span><\/p>\n<\/li>\n<\/ol>\n<p>&nbsp;<\/p>\n","protected":false},"excerpt":{"rendered":"<p>Programa \u00e9 gravado no estado de origem do parlamentar, sob o custo de R$ 50 mil<\/p>\n","protected":false},"author":2,"featured_media":0,"comment_status":"open","ping_status":"open","sticky":false,"template":"","format":"standard","meta":{"_acf_changed":false,"footnotes":""},"categories":[10,6],"tags":[22],"class_list":{"0":"post-3425","1":"post","2":"type-post","3":"status-publish","4":"format-standard","6":"category-acao-parlamentares","7":"category-noticias","8":"tag-psol"},"acf":[],"yoast_head":"<!-- This site is optimized with the Yoast SEO plugin v26.5 - https:\/\/yoast.com\/wordpress\/plugins\/seo\/ -->\n<title>PSOL questiona C\u00e2mara sobre custo-benef\u00edcio do programa &quot;Onde o Povo Est\u00e1&quot; - PSOL 50<\/title>\n<meta name=\"robots\" content=\"index, follow, max-snippet:-1, max-image-preview:large, max-video-preview:-1\" \/>\n<link rel=\"canonical\" href=\"https:\/\/psol50.org.br\/psol-questiona-camara-sobre-custo-beneficio-do-programa-onde-o-povo-esta\/\" \/>\n<meta property=\"og:locale\" content=\"pt_BR\" \/>\n<meta property=\"og:type\" content=\"article\" \/>\n<meta property=\"og:title\" content=\"PSOL questiona C\u00e2mara sobre custo-benef\u00edcio do programa &quot;Onde o Povo Est\u00e1&quot; - PSOL 50\" \/>\n<meta property=\"og:description\" content=\"Programa \u00e9 gravado no estado de origem do parlamentar, sob o custo de R$ 50 mil\" \/>\n<meta property=\"og:url\" content=\"https:\/\/psol50.org.br\/psol-questiona-camara-sobre-custo-beneficio-do-programa-onde-o-povo-esta\/\" \/>\n<meta property=\"og:site_name\" content=\"PSOL 50\" \/>\n<meta property=\"article:publisher\" content=\"https:\/\/www.facebook.com\/psol50\" \/>\n<meta property=\"article:published_time\" content=\"2015-09-14T14:20:11+00:00\" \/>\n<meta property=\"og:image\" content=\"https:\/\/psol50.org.br\/inc\/uploads\/2018\/07\/capa.png\" \/>\n\t<meta property=\"og:image:width\" content=\"1350\" \/>\n\t<meta property=\"og:image:height\" content=\"900\" \/>\n\t<meta property=\"og:image:type\" content=\"image\/png\" \/>\n<meta name=\"author\" content=\"Comunica\u00e7\u00e3o PSOL\" \/>\n<meta name=\"twitter:card\" content=\"summary_large_image\" \/>\n<meta name=\"twitter:creator\" content=\"@psol50\" \/>\n<meta name=\"twitter:site\" content=\"@psol50\" \/>\n<meta name=\"twitter:label1\" content=\"Escrito por\" \/>\n\t<meta name=\"twitter:data1\" content=\"Comunica\u00e7\u00e3o PSOL\" \/>\n\t<meta name=\"twitter:label2\" content=\"Est. tempo de leitura\" \/>\n\t<meta name=\"twitter:data2\" content=\"3 minutos\" \/>\n<script type=\"application\/ld+json\" class=\"yoast-schema-graph\">{\"@context\":\"https:\/\/schema.org\",\"@graph\":[{\"@type\":\"Article\",\"@id\":\"https:\/\/psol50.org.br\/psol-questiona-camara-sobre-custo-beneficio-do-programa-onde-o-povo-esta\/#article\",\"isPartOf\":{\"@id\":\"https:\/\/psol50.org.br\/psol-questiona-camara-sobre-custo-beneficio-do-programa-onde-o-povo-esta\/\"},\"author\":{\"name\":\"Comunica\u00e7\u00e3o PSOL\",\"@id\":\"https:\/\/psol50.org.br\/#\/schema\/person\/475dfa57d0b815993c714c2e96491fcd\"},\"headline\":\"PSOL questiona C\u00e2mara sobre custo-benef\u00edcio do programa &quot;Onde o Povo Est\u00e1&quot;\",\"datePublished\":\"2015-09-14T14:20:11+00:00\",\"mainEntityOfPage\":{\"@id\":\"https:\/\/psol50.org.br\/psol-questiona-camara-sobre-custo-beneficio-do-programa-onde-o-povo-esta\/\"},\"wordCount\":644,\"commentCount\":0,\"publisher\":{\"@id\":\"https:\/\/psol50.org.br\/#organization\"},\"keywords\":[\"PSOL\"],\"articleSection\":[\"A\u00e7\u00e3o Parlamentar\",\"Not\u00edcias\"],\"inLanguage\":\"pt-BR\",\"potentialAction\":[{\"@type\":\"CommentAction\",\"name\":\"Comment\",\"target\":[\"https:\/\/psol50.org.br\/psol-questiona-camara-sobre-custo-beneficio-do-programa-onde-o-povo-esta\/#respond\"]}]},{\"@type\":\"WebPage\",\"@id\":\"https:\/\/psol50.org.br\/psol-questiona-camara-sobre-custo-beneficio-do-programa-onde-o-povo-esta\/\",\"url\":\"https:\/\/psol50.org.br\/psol-questiona-camara-sobre-custo-beneficio-do-programa-onde-o-povo-esta\/\",\"name\":\"PSOL questiona C\u00e2mara sobre custo-benef\u00edcio do programa &quot;Onde o Povo Est\u00e1&quot; - PSOL 50\",\"isPartOf\":{\"@id\":\"https:\/\/psol50.org.br\/#website\"},\"datePublished\":\"2015-09-14T14:20:11+00:00\",\"breadcrumb\":{\"@id\":\"https:\/\/psol50.org.br\/psol-questiona-camara-sobre-custo-beneficio-do-programa-onde-o-povo-esta\/#breadcrumb\"},\"inLanguage\":\"pt-BR\",\"potentialAction\":[{\"@type\":\"ReadAction\",\"target\":[\"https:\/\/psol50.org.br\/psol-questiona-camara-sobre-custo-beneficio-do-programa-onde-o-povo-esta\/\"]}]},{\"@type\":\"BreadcrumbList\",\"@id\":\"https:\/\/psol50.org.br\/psol-questiona-camara-sobre-custo-beneficio-do-programa-onde-o-povo-esta\/#breadcrumb\",\"itemListElement\":[{\"@type\":\"ListItem\",\"position\":1,\"name\":\"In\u00edcio\",\"item\":\"https:\/\/psol50.org.br\/\"},{\"@type\":\"ListItem\",\"position\":2,\"name\":\"PSOL questiona C\u00e2mara sobre custo-benef\u00edcio do programa &quot;Onde o Povo Est\u00e1&quot;\"}]},{\"@type\":\"WebSite\",\"@id\":\"https:\/\/psol50.org.br\/#website\",\"url\":\"https:\/\/psol50.org.br\/\",\"name\":\"PSOL 50\",\"description\":\"Site oficial do Partido Socialismo e Liberdade\",\"publisher\":{\"@id\":\"https:\/\/psol50.org.br\/#organization\"},\"alternateName\":\"PSOL50\",\"potentialAction\":[{\"@type\":\"SearchAction\",\"target\":{\"@type\":\"EntryPoint\",\"urlTemplate\":\"https:\/\/psol50.org.br\/?s={search_term_string}\"},\"query-input\":{\"@type\":\"PropertyValueSpecification\",\"valueRequired\":true,\"valueName\":\"search_term_string\"}}],\"inLanguage\":\"pt-BR\"},{\"@type\":\"Organization\",\"@id\":\"https:\/\/psol50.org.br\/#organization\",\"name\":\"PSOL 50\",\"alternateName\":\"PSOL 50\",\"url\":\"https:\/\/psol50.org.br\/\",\"logo\":{\"@type\":\"ImageObject\",\"inLanguage\":\"pt-BR\",\"@id\":\"https:\/\/psol50.org.br\/#\/schema\/logo\/image\/\",\"url\":\"https:\/\/psol50.org.br\/inc\/uploads\/2018\/07\/capa.png\",\"contentUrl\":\"https:\/\/psol50.org.br\/inc\/uploads\/2018\/07\/capa.png\",\"width\":1350,\"height\":900,\"caption\":\"PSOL 50\"},\"image\":{\"@id\":\"https:\/\/psol50.org.br\/#\/schema\/logo\/image\/\"},\"sameAs\":[\"https:\/\/www.facebook.com\/psol50\",\"https:\/\/x.com\/psol50\",\"https:\/\/www.instagram.com\/psol50\/\",\"https:\/\/www.youtube.com\/channel\/UC7SnJS5o1os7a6CaiNabzcg\"]},{\"@type\":\"Person\",\"@id\":\"https:\/\/psol50.org.br\/#\/schema\/person\/475dfa57d0b815993c714c2e96491fcd\",\"name\":\"Comunica\u00e7\u00e3o PSOL\",\"image\":{\"@type\":\"ImageObject\",\"inLanguage\":\"pt-BR\",\"@id\":\"https:\/\/psol50.org.br\/#\/schema\/person\/image\/\",\"url\":\"https:\/\/secure.gravatar.com\/avatar\/b34fc4f4e468a4e51785917065a3db57b841f5c95dba6ad8c73aaf8f66f8f9bf?s=96&d=mm&r=g\",\"contentUrl\":\"https:\/\/secure.gravatar.com\/avatar\/b34fc4f4e468a4e51785917065a3db57b841f5c95dba6ad8c73aaf8f66f8f9bf?s=96&d=mm&r=g\",\"caption\":\"Comunica\u00e7\u00e3o PSOL\"}}]}<\/script>\n<!-- \/ Yoast SEO plugin. -->","yoast_head_json":{"title":"PSOL questiona C\u00e2mara sobre custo-benef\u00edcio do programa &quot;Onde o Povo Est\u00e1&quot; - PSOL 50","robots":{"index":"index","follow":"follow","max-snippet":"max-snippet:-1","max-image-preview":"max-image-preview:large","max-video-preview":"max-video-preview:-1"},"canonical":"https:\/\/psol50.org.br\/psol-questiona-camara-sobre-custo-beneficio-do-programa-onde-o-povo-esta\/","og_locale":"pt_BR","og_type":"article","og_title":"PSOL questiona C\u00e2mara sobre custo-benef\u00edcio do programa &quot;Onde o Povo Est\u00e1&quot; - PSOL 50","og_description":"Programa \u00e9 gravado no estado de origem do parlamentar, sob o custo de R$ 50 mil","og_url":"https:\/\/psol50.org.br\/psol-questiona-camara-sobre-custo-beneficio-do-programa-onde-o-povo-esta\/","og_site_name":"PSOL 50","article_publisher":"https:\/\/www.facebook.com\/psol50","article_published_time":"2015-09-14T14:20:11+00:00","og_image":[{"width":1350,"height":900,"url":"https:\/\/psol50.org.br\/inc\/uploads\/2018\/07\/capa.png","type":"image\/png"}],"author":"Comunica\u00e7\u00e3o PSOL","twitter_card":"summary_large_image","twitter_creator":"@psol50","twitter_site":"@psol50","twitter_misc":{"Escrito por":"Comunica\u00e7\u00e3o PSOL","Est. tempo de leitura":"3 minutos"},"schema":{"@context":"https:\/\/schema.org","@graph":[{"@type":"Article","@id":"https:\/\/psol50.org.br\/psol-questiona-camara-sobre-custo-beneficio-do-programa-onde-o-povo-esta\/#article","isPartOf":{"@id":"https:\/\/psol50.org.br\/psol-questiona-camara-sobre-custo-beneficio-do-programa-onde-o-povo-esta\/"},"author":{"name":"Comunica\u00e7\u00e3o PSOL","@id":"https:\/\/psol50.org.br\/#\/schema\/person\/475dfa57d0b815993c714c2e96491fcd"},"headline":"PSOL questiona C\u00e2mara sobre custo-benef\u00edcio do programa &quot;Onde o Povo Est\u00e1&quot;","datePublished":"2015-09-14T14:20:11+00:00","mainEntityOfPage":{"@id":"https:\/\/psol50.org.br\/psol-questiona-camara-sobre-custo-beneficio-do-programa-onde-o-povo-esta\/"},"wordCount":644,"commentCount":0,"publisher":{"@id":"https:\/\/psol50.org.br\/#organization"},"keywords":["PSOL"],"articleSection":["A\u00e7\u00e3o Parlamentar","Not\u00edcias"],"inLanguage":"pt-BR","potentialAction":[{"@type":"CommentAction","name":"Comment","target":["https:\/\/psol50.org.br\/psol-questiona-camara-sobre-custo-beneficio-do-programa-onde-o-povo-esta\/#respond"]}]},{"@type":"WebPage","@id":"https:\/\/psol50.org.br\/psol-questiona-camara-sobre-custo-beneficio-do-programa-onde-o-povo-esta\/","url":"https:\/\/psol50.org.br\/psol-questiona-camara-sobre-custo-beneficio-do-programa-onde-o-povo-esta\/","name":"PSOL questiona C\u00e2mara sobre custo-benef\u00edcio do programa &quot;Onde o Povo Est\u00e1&quot; - PSOL 50","isPartOf":{"@id":"https:\/\/psol50.org.br\/#website"},"datePublished":"2015-09-14T14:20:11+00:00","breadcrumb":{"@id":"https:\/\/psol50.org.br\/psol-questiona-camara-sobre-custo-beneficio-do-programa-onde-o-povo-esta\/#breadcrumb"},"inLanguage":"pt-BR","potentialAction":[{"@type":"ReadAction","target":["https:\/\/psol50.org.br\/psol-questiona-camara-sobre-custo-beneficio-do-programa-onde-o-povo-esta\/"]}]},{"@type":"BreadcrumbList","@id":"https:\/\/psol50.org.br\/psol-questiona-camara-sobre-custo-beneficio-do-programa-onde-o-povo-esta\/#breadcrumb","itemListElement":[{"@type":"ListItem","position":1,"name":"In\u00edcio","item":"https:\/\/psol50.org.br\/"},{"@type":"ListItem","position":2,"name":"PSOL questiona C\u00e2mara sobre custo-benef\u00edcio do programa &quot;Onde o Povo Est\u00e1&quot;"}]},{"@type":"WebSite","@id":"https:\/\/psol50.org.br\/#website","url":"https:\/\/psol50.org.br\/","name":"PSOL 50","description":"Site oficial do Partido Socialismo e Liberdade","publisher":{"@id":"https:\/\/psol50.org.br\/#organization"},"alternateName":"PSOL50","potentialAction":[{"@type":"SearchAction","target":{"@type":"EntryPoint","urlTemplate":"https:\/\/psol50.org.br\/?s={search_term_string}"},"query-input":{"@type":"PropertyValueSpecification","valueRequired":true,"valueName":"search_term_string"}}],"inLanguage":"pt-BR"},{"@type":"Organization","@id":"https:\/\/psol50.org.br\/#organization","name":"PSOL 50","alternateName":"PSOL 50","url":"https:\/\/psol50.org.br\/","logo":{"@type":"ImageObject","inLanguage":"pt-BR","@id":"https:\/\/psol50.org.br\/#\/schema\/logo\/image\/","url":"https:\/\/psol50.org.br\/inc\/uploads\/2018\/07\/capa.png","contentUrl":"https:\/\/psol50.org.br\/inc\/uploads\/2018\/07\/capa.png","width":1350,"height":900,"caption":"PSOL 50"},"image":{"@id":"https:\/\/psol50.org.br\/#\/schema\/logo\/image\/"},"sameAs":["https:\/\/www.facebook.com\/psol50","https:\/\/x.com\/psol50","https:\/\/www.instagram.com\/psol50\/","https:\/\/www.youtube.com\/channel\/UC7SnJS5o1os7a6CaiNabzcg"]},{"@type":"Person","@id":"https:\/\/psol50.org.br\/#\/schema\/person\/475dfa57d0b815993c714c2e96491fcd","name":"Comunica\u00e7\u00e3o PSOL","image":{"@type":"ImageObject","inLanguage":"pt-BR","@id":"https:\/\/psol50.org.br\/#\/schema\/person\/image\/","url":"https:\/\/secure.gravatar.com\/avatar\/b34fc4f4e468a4e51785917065a3db57b841f5c95dba6ad8c73aaf8f66f8f9bf?s=96&d=mm&r=g","contentUrl":"https:\/\/secure.gravatar.com\/avatar\/b34fc4f4e468a4e51785917065a3db57b841f5c95dba6ad8c73aaf8f66f8f9bf?s=96&d=mm&r=g","caption":"Comunica\u00e7\u00e3o PSOL"}}]}},"_links":{"self":[{"href":"https:\/\/psol50.org.br\/rest\/wp\/v2\/posts\/3425","targetHints":{"allow":["GET"]}}],"collection":[{"href":"https:\/\/psol50.org.br\/rest\/wp\/v2\/posts"}],"about":[{"href":"https:\/\/psol50.org.br\/rest\/wp\/v2\/types\/post"}],"author":[{"embeddable":true,"href":"https:\/\/psol50.org.br\/rest\/wp\/v2\/users\/2"}],"replies":[{"embeddable":true,"href":"https:\/\/psol50.org.br\/rest\/wp\/v2\/comments?post=3425"}],"version-history":[{"count":0,"href":"https:\/\/psol50.org.br\/rest\/wp\/v2\/posts\/3425\/revisions"}],"wp:attachment":[{"href":"https:\/\/psol50.org.br\/rest\/wp\/v2\/media?parent=3425"}],"wp:term":[{"taxonomy":"category","embeddable":true,"href":"https:\/\/psol50.org.br\/rest\/wp\/v2\/categories?post=3425"},{"taxonomy":"post_tag","embeddable":true,"href":"https:\/\/psol50.org.br\/rest\/wp\/v2\/tags?post=3425"}],"curies":[{"name":"wp","href":"https:\/\/api.w.org\/{rel}","templated":true}]}}