{"id":3426,"date":"2015-09-15T00:00:00","date_gmt":"2015-09-15T00:00:00","guid":{"rendered":"http:\/\/psol50.org.br\/arquivo\/2015\/09\/15\/um-partido-necessario-militantes-e-apoiadores-celebram-os-dez-anos-de-registro-do-psol\/"},"modified":"2015-09-15T00:00:00","modified_gmt":"2015-09-15T00:00:00","slug":"um-partido-necessario-militantes-e-apoiadores-celebram-os-dez-anos-de-registro-do-psol","status":"publish","type":"post","link":"https:\/\/psol50.org.br\/um-partido-necessario-militantes-e-apoiadores-celebram-os-dez-anos-de-registro-do-psol\/","title":{"rendered":"Um partido necess\u00e1rio: Militantes e apoiadores celebram os dez anos de registro do PSOL"},"content":{"rendered":"<p>Do PSOL Nacional, Leonor Costa<br \/>\nEm uma sess\u00e3o solene na manh\u00e3 desta ter\u00e7a-feira (15), na C\u00e2mara dos Deputados, marcada por alegria, bom humor e otimismo, o PSOL celebrou a sua primeira d\u00e9cada desde o registro oficial no Tribunal Superior Eleitoral (TSE), em agosto de 2005. Presidida pelo l\u00edder na C\u00e2mara, deputado Chico Alencar, a sess\u00e3o contou com a participa\u00e7\u00e3o de parlamentares, dirigentes, fundadores, militantes e apoiadores, que l\u00e1 estiveram para celebrar os primeiros dez anos de luta, coer\u00eancia e combatividade desse partido que tem se consolidado ao longo de sua trajet\u00f3ria como a verdadeira alternativa de esquerda socialista.<br \/>\nPrimeiro a falar na celebra\u00e7\u00e3o dessa uma d\u00e9cada do PSOL, o professor da Faculdade de Educa\u00e7\u00e3o da Universidade de Bras\u00edlia (UnB), Luiz Ara\u00fajo &#8211; \u00e0 frente do partido desde dezembro de 2013 -, considerou que o PSOL vem se consolidando, nesses dez anos, como um polo aglutinador da esquerda brasileira. \u201cS\u00e3o dez anos que estamos batalhando para reconstruir o sonho de esquerda no Brasil\u201d, disse Ara\u00fajo, lembrando que a celebra\u00e7\u00e3o acontece em um momento de grave crise no pa\u00eds. Segundo ele, em todos os espa\u00e7os e iniciativas de resist\u00eancia a milit\u00e2ncia e os parlamentares do PSOL est\u00e3o presentes. \u201cEm cada movimenta\u00e7\u00e3o que ocorre neste pa\u00eds, em cada greve e em cada ocupa\u00e7\u00e3o, n\u00e3o s\u00f3 no Parlamento, mas nas ruas e nas lutas, o PSOL, est\u00e1 presente. Comemorar dez anos significa pensar os pr\u00f3ximos dez. Pensar os desafios de enfrentar os ataques que acabam de ser aprovados nesta Casa, como a Lei da Morda\u00e7a, e chamar toda a milit\u00e2ncia do partido para uma grande campanha de press\u00e3o sobre a Presid\u00eancia da Rep\u00fablica para que vete a tentativa de calar o PSOL e a tentativa de impedir o debate democr\u00e1tico em nosso pa\u00eds\u201d, pontuou o presidente do PSOL, se referindo \u00e0 minirreforma eleitoral, aprovada na semana passada na C\u00e2mara.<br \/>\nTamb\u00e9m presente na mesa, a dirigente nacional do partido e coordenadora da Fasubra Sindical, Bernadete Menezes, ressaltou o desafio do PSOL em ocupar o espa\u00e7o pol\u00edtico \u00e0 esquerda. \u201cN\u00f3s estamos em uma situa\u00e7\u00e3o muito dif\u00edcil, mas por outro lado a classe trabalhadora est\u00e1 tomando consci\u00eancia do seu papel. E n\u00f3s temos que ocupar o espa\u00e7o da pol\u00edtica, porque est\u00e3o privatizando a pol\u00edtica. S\u00f3 meia d\u00fazia que tem dinheiro \u00e9 que pode fazer pol\u00edtica nesse pa\u00eds. E n\u00f3s vamos dizer que n\u00e3o, que somos capazes de fazer diferente\u201d, enfatizou.<br \/>\nO deputado federal Edmilson Rodrigues (PA) ressaltou, em sua fala, que o PSOL tem se tornado, cada vez mais, um partido necess\u00e1rio, um instrumento de luta e de organiza\u00e7\u00e3o da classe trabalhadora. \u201cO esfor\u00e7o do PSOL \u00e9 ganhar cora\u00e7\u00f5es e mentes para o projeto de transforma\u00e7\u00e3o radical, num momento em que nos apresentamos como antilatifundi\u00e1rios, antimonopolistas, democr\u00e1ticos, no sentido radical da palavra. A receita \u00e9 uma mudan\u00e7a estrutural em todos os n\u00edveis: econ\u00f4mico, pol\u00edtico, cultural. Por isso, o socialismo tem que ser com liberdade\u201d.<br \/>\n<img decoding=\"async\" src=\"http:\/\/www.psol50.org.br\/\/store\/imagens\/21433535092_5867556b4b_k.jpg\" alt=\"\" \/>Deputado pelo PSOL em seu segundo mandato, Jean Wyllys (RJ) destacou o papel que o PSOL tem cumprido em apoiar os segmentos da sociedade que mais s\u00e3o v\u00edtimas da discrimina\u00e7\u00e3o e do preconceito. \u201cO PSOL abriu os bra\u00e7os e acolheu essas lutas, se mostrou f\u00e9rtil \u00e0 tem\u00e1tica dos direitos humanos e \u00e0 tem\u00e1tica das liberdades individuais. N\u00e3o se pensa os \u00faltimos dez anos de pol\u00edtica no Brasil sem o PSOL\u201d, disse Jean.<br \/>\n\u201cCunha, o breve\u201d<br \/>\nChico Alencar, deputado pelo PSOL do Rio de Janeiro em seu quarto mandato, enquanto conduzia a sess\u00e3o solene, reafirmou, em v\u00e1rios momentos, a disposi\u00e7\u00e3o de toda a bancada em continuar lutando para impedir o avan\u00e7o de setores conservadores na pol\u00edtica, em especial no Congresso Nacional, e citou o presidente da C\u00e2mara, Eduardo Cunha (PMDB-RJ), que tem controlado, sem crit\u00e9rios claros, os meios de comunica\u00e7\u00e3o da Casa. Alencar denunciou o fato de a sess\u00e3o solene n\u00e3o ter sido transmitida pela TV C\u00e2mara, diferentemente como vinha ocorrendo com sess\u00f5es de outras legendas. &#8220;Nunca vi sess\u00e3o solene de partido n\u00e3o ser exibida\u201d, disse o l\u00edder, ao avaliar que a iniciativa trata-se de mais uma censura capitaneada por Cunha.<br \/>\nRefor\u00e7ando a cr\u00edtica do colega, o deputado Ivan Valente (SP) disse que o PSOL n\u00e3o mede esfor\u00e7os para enfrentar as medidas antidemocr\u00e1ticas que o deputado vem adotando desde que assumiu a Presid\u00eancia da Casa. \u201cSe depender do PSOL, da contund\u00eancia dos seus deputados e da nossa linha na CPI, ele ser\u00e1 Cunha, o breve\u201d, disse Valente, arrancando aplausos e manifesta\u00e7\u00f5es entusiasmadas da plateia.<br \/>\nAinda em sua fala, Ivan Valente prestou uma homenagem \u00e0queles que estiveram na funda\u00e7\u00e3o do PSOL e lembrou o esfor\u00e7o de v\u00e1rias lideran\u00e7as, como os candidatos do partido \u00e0 Presid\u00eancia da Rep\u00fablica: a ex-senadora e atual vereadora em Macei\u00f3, Helo\u00edsa Helena; a presidente da Funda\u00e7\u00e3o Lauro Campos, Luciana Genro; e Pl\u00ednio de Arruda Sampaio, falecido em julho de 2014. \u201c\u00c9 preciso reconhecer todos que cumpriram um papel importante, todos os sindicalistas, militantes da juventude, aguerridos do Partido Socialismo e Liberdade, que tentam fazer a diferen\u00e7a. N\u00e3o estou aqui para dizer que o PSOL \u00e9 o melhor dos mundos, mas, sem d\u00favida, nesses dez anos, n\u00f3s constru\u00edmos uma refer\u00eancia pol\u00edtica, diferenciada, program\u00e1tica, ideol\u00f3gica e \u00e9tica\u201d, enfatizou.<br \/>\nFalsa polariza\u00e7\u00e3o<br \/>\n<img decoding=\"async\" src=\"http:\/\/www.psol50.org.br\/\/store\/imagens\/21257675209_942c6c4047_k.jpg\" alt=\"\" \/>Para o representante do partido no Senado Federal, Randolfe Rodrigues (AP), os \u00faltimos dez anos sem o PSOL seria de \u201ccompleta monotonia\u201d. Mas, segundo ele, mais grave que a monotonia seria a desesperan\u00e7a. \u201cSem o PSOL n\u00f3s estar\u00edamos hoje afeitos em uma falsa polariza\u00e7\u00e3o, entre um partido de centro-esquerda, que lamentavelmente traiu os seu curso hist\u00f3rico de funda\u00e7\u00e3o, e a velha e cl\u00e1ssica direita, que h\u00e1 500 anos oprime o povo brasileiro\u201d, disse o senador, considerando o PSOL como a real alternativa \u00e0 tradicional forma de fazer pol\u00edtica. \u201cA nossa bandeira s\u00e3o todas as bandeiras necess\u00e1rias e fundamentais para construir um Brasil e um mundo de justi\u00e7a e solidariedade\u201d.<br \/>\nNecessidade para a classe trabalhadora<br \/>\nFazendo um hist\u00f3rico de como se deu a cria\u00e7\u00e3o do PSOL e a sua trajet\u00f3ria at\u00e9 os dias de hoje, o atual vereador no Rio de Janeiro Jo\u00e3o Batista Bab\u00e1 lembrou as principais lutas encaminhadas pelo partido em defesa dos trabalhadores e contra os ataques que v\u00eam sendo implementados pelos atuais governos, tanto na esfera nacional, como nas estaduais e municipais. \u201cO PSOL \u00e9 uma necessidade para a classe trabalhadora do pa\u00eds. N\u00f3s temos clareza que em todas as lutas est\u00e3o l\u00e1 os parlamentares e militantes do PSOL\u201d, disse Bab\u00e1, um dos parlamentares expulsos do PT em 2003 por votar contra a orienta\u00e7\u00e3o do partido na Reforma da Previd\u00eancia, implementada pelo ent\u00e3o presidente Lula. \u00a0\u201cA nossa luta n\u00e3o para por aqui\u201d, disse, pontuando os desafios do partido nesse momento de amea\u00e7as a direitos hist\u00f3ricos.<br \/>\nTamb\u00e9m saudaram os dez anos do PSOL o ex-senador pelo Par\u00e1, Jos\u00e9 Nery; o vereador em Fortaleza, Jo\u00e3o Alfredo; o deputado estadual pelo PSOL do Cear\u00e1, Renato Roseno; a presidente do PSOL-DF, Juliana Selbach; o dirigente nacional do MST, Alexandre Concei\u00e7\u00e3o; e outros deputados federais, como Glauber Braga (PSB-RJ), Arlindo Chin\u00e1glia (PT-SP) e J\u00f4 Moraes (PCdoB-MG).<br \/>\nExposi\u00e7\u00e3o<br \/>\n<img decoding=\"async\" src=\"http:\/\/www.psol50.org.br\/\/store\/imagens\/21452969411_194b9bf54f_k.jpg\" alt=\"\" \/>Logo ap\u00f3s a sess\u00e3o solene no plen\u00e1rio da C\u00e2mara dos Deputados, com a presen\u00e7a de militantes e apoiadores, foi lan\u00e7ada a exposi\u00e7\u00e3o PSOL 10 Anos, localizada no Espa\u00e7o M\u00e1rio Covas, na entrada do Anexo 2. At\u00e9 o dia 25 deste m\u00eas \u00e9 poss\u00edvel conferir um pouco dessa trajet\u00f3ria de lutadores e lutadoras, que constroem o Partido Socialismo e Liberdade.<br \/>\nConfira <a href=\"https:\/\/www.flickr.com\/photos\/lidpsol\/albums\/72157658673944585\">aqui<\/a> as fotos da sess\u00e3o solene em comemora\u00e7\u00e3o aos 10 anos do PSOL.<\/p>\n","protected":false},"excerpt":{"rendered":"<p>Sess\u00e3o solene na C\u00e2mara contou com a participa\u00e7\u00e3o de parlamentares, dirigentes nacionais e convidados. Exposi\u00e7\u00e3o sobre a trajet\u00f3ria do partido vai at\u00e9 o dia 25 de setembro<\/p>\n","protected":false},"author":2,"featured_media":10079,"comment_status":"open","ping_status":"open","sticky":false,"template":"","format":"standard","meta":{"_acf_changed":false,"footnotes":""},"categories":[6],"tags":[22],"class_list":{"0":"post-3426","1":"post","2":"type-post","3":"status-publish","4":"format-standard","5":"has-post-thumbnail","7":"category-noticias","8":"tag-psol"},"acf":[],"yoast_head":"<!-- This site is optimized with the Yoast SEO plugin v26.5 - https:\/\/yoast.com\/wordpress\/plugins\/seo\/ -->\n<title>Um partido necess\u00e1rio: Militantes e apoiadores celebram os dez anos de registro do PSOL - PSOL 50<\/title>\n<meta name=\"robots\" content=\"index, follow, max-snippet:-1, max-image-preview:large, max-video-preview:-1\" \/>\n<link rel=\"canonical\" href=\"https:\/\/psol50.org.br\/um-partido-necessario-militantes-e-apoiadores-celebram-os-dez-anos-de-registro-do-psol\/\" \/>\n<meta property=\"og:locale\" content=\"pt_BR\" \/>\n<meta property=\"og:type\" content=\"article\" \/>\n<meta property=\"og:title\" content=\"Um partido necess\u00e1rio: Militantes e apoiadores celebram os dez anos de registro do PSOL - PSOL 50\" \/>\n<meta property=\"og:description\" content=\"Sess\u00e3o solene na C\u00e2mara contou com a participa\u00e7\u00e3o de parlamentares, dirigentes nacionais e convidados. Exposi\u00e7\u00e3o sobre a trajet\u00f3ria do partido vai at\u00e9 o dia 25 de setembro\" \/>\n<meta property=\"og:url\" content=\"https:\/\/psol50.org.br\/um-partido-necessario-militantes-e-apoiadores-celebram-os-dez-anos-de-registro-do-psol\/\" \/>\n<meta property=\"og:site_name\" content=\"PSOL 50\" \/>\n<meta property=\"article:publisher\" content=\"https:\/\/www.facebook.com\/psol50\" \/>\n<meta property=\"article:published_time\" content=\"2015-09-15T00:00:00+00:00\" \/>\n<meta property=\"og:image\" content=\"https:\/\/psol50.org.br\/inc\/uploads\/2015\/09\/10_anos_PSOL.jpg\" \/>\n\t<meta property=\"og:image:width\" content=\"500\" \/>\n\t<meta property=\"og:image:height\" content=\"333\" \/>\n\t<meta property=\"og:image:type\" content=\"image\/jpeg\" \/>\n<meta name=\"author\" content=\"Comunica\u00e7\u00e3o PSOL\" \/>\n<meta name=\"twitter:card\" content=\"summary_large_image\" \/>\n<meta name=\"twitter:creator\" content=\"@psol50\" \/>\n<meta name=\"twitter:site\" content=\"@psol50\" \/>\n<meta name=\"twitter:label1\" content=\"Escrito por\" \/>\n\t<meta name=\"twitter:data1\" content=\"Comunica\u00e7\u00e3o PSOL\" \/>\n\t<meta name=\"twitter:label2\" content=\"Est. tempo de leitura\" \/>\n\t<meta name=\"twitter:data2\" content=\"7 minutos\" \/>\n<script type=\"application\/ld+json\" class=\"yoast-schema-graph\">{\"@context\":\"https:\/\/schema.org\",\"@graph\":[{\"@type\":\"Article\",\"@id\":\"https:\/\/psol50.org.br\/um-partido-necessario-militantes-e-apoiadores-celebram-os-dez-anos-de-registro-do-psol\/#article\",\"isPartOf\":{\"@id\":\"https:\/\/psol50.org.br\/um-partido-necessario-militantes-e-apoiadores-celebram-os-dez-anos-de-registro-do-psol\/\"},\"author\":{\"name\":\"Comunica\u00e7\u00e3o PSOL\",\"@id\":\"https:\/\/psol50.org.br\/#\/schema\/person\/475dfa57d0b815993c714c2e96491fcd\"},\"headline\":\"Um partido necess\u00e1rio: Militantes e apoiadores celebram os dez anos de registro do PSOL\",\"datePublished\":\"2015-09-15T00:00:00+00:00\",\"mainEntityOfPage\":{\"@id\":\"https:\/\/psol50.org.br\/um-partido-necessario-militantes-e-apoiadores-celebram-os-dez-anos-de-registro-do-psol\/\"},\"wordCount\":1375,\"commentCount\":0,\"publisher\":{\"@id\":\"https:\/\/psol50.org.br\/#organization\"},\"image\":{\"@id\":\"https:\/\/psol50.org.br\/um-partido-necessario-militantes-e-apoiadores-celebram-os-dez-anos-de-registro-do-psol\/#primaryimage\"},\"thumbnailUrl\":\"https:\/\/psol50.org.br\/inc\/uploads\/2015\/09\/10_anos_PSOL.jpg\",\"keywords\":[\"PSOL\"],\"articleSection\":[\"Not\u00edcias\"],\"inLanguage\":\"pt-BR\",\"potentialAction\":[{\"@type\":\"CommentAction\",\"name\":\"Comment\",\"target\":[\"https:\/\/psol50.org.br\/um-partido-necessario-militantes-e-apoiadores-celebram-os-dez-anos-de-registro-do-psol\/#respond\"]}]},{\"@type\":\"WebPage\",\"@id\":\"https:\/\/psol50.org.br\/um-partido-necessario-militantes-e-apoiadores-celebram-os-dez-anos-de-registro-do-psol\/\",\"url\":\"https:\/\/psol50.org.br\/um-partido-necessario-militantes-e-apoiadores-celebram-os-dez-anos-de-registro-do-psol\/\",\"name\":\"Um partido necess\u00e1rio: Militantes e apoiadores celebram os dez anos de registro do PSOL - PSOL 50\",\"isPartOf\":{\"@id\":\"https:\/\/psol50.org.br\/#website\"},\"primaryImageOfPage\":{\"@id\":\"https:\/\/psol50.org.br\/um-partido-necessario-militantes-e-apoiadores-celebram-os-dez-anos-de-registro-do-psol\/#primaryimage\"},\"image\":{\"@id\":\"https:\/\/psol50.org.br\/um-partido-necessario-militantes-e-apoiadores-celebram-os-dez-anos-de-registro-do-psol\/#primaryimage\"},\"thumbnailUrl\":\"https:\/\/psol50.org.br\/inc\/uploads\/2015\/09\/10_anos_PSOL.jpg\",\"datePublished\":\"2015-09-15T00:00:00+00:00\",\"breadcrumb\":{\"@id\":\"https:\/\/psol50.org.br\/um-partido-necessario-militantes-e-apoiadores-celebram-os-dez-anos-de-registro-do-psol\/#breadcrumb\"},\"inLanguage\":\"pt-BR\",\"potentialAction\":[{\"@type\":\"ReadAction\",\"target\":[\"https:\/\/psol50.org.br\/um-partido-necessario-militantes-e-apoiadores-celebram-os-dez-anos-de-registro-do-psol\/\"]}]},{\"@type\":\"ImageObject\",\"inLanguage\":\"pt-BR\",\"@id\":\"https:\/\/psol50.org.br\/um-partido-necessario-militantes-e-apoiadores-celebram-os-dez-anos-de-registro-do-psol\/#primaryimage\",\"url\":\"https:\/\/psol50.org.br\/inc\/uploads\/2015\/09\/10_anos_PSOL.jpg\",\"contentUrl\":\"https:\/\/psol50.org.br\/inc\/uploads\/2015\/09\/10_anos_PSOL.jpg\",\"width\":500,\"height\":333},{\"@type\":\"BreadcrumbList\",\"@id\":\"https:\/\/psol50.org.br\/um-partido-necessario-militantes-e-apoiadores-celebram-os-dez-anos-de-registro-do-psol\/#breadcrumb\",\"itemListElement\":[{\"@type\":\"ListItem\",\"position\":1,\"name\":\"In\u00edcio\",\"item\":\"https:\/\/psol50.org.br\/\"},{\"@type\":\"ListItem\",\"position\":2,\"name\":\"Um partido necess\u00e1rio: Militantes e apoiadores celebram os dez anos de registro do PSOL\"}]},{\"@type\":\"WebSite\",\"@id\":\"https:\/\/psol50.org.br\/#website\",\"url\":\"https:\/\/psol50.org.br\/\",\"name\":\"PSOL 50\",\"description\":\"Site oficial do Partido Socialismo e Liberdade\",\"publisher\":{\"@id\":\"https:\/\/psol50.org.br\/#organization\"},\"alternateName\":\"PSOL50\",\"potentialAction\":[{\"@type\":\"SearchAction\",\"target\":{\"@type\":\"EntryPoint\",\"urlTemplate\":\"https:\/\/psol50.org.br\/?s={search_term_string}\"},\"query-input\":{\"@type\":\"PropertyValueSpecification\",\"valueRequired\":true,\"valueName\":\"search_term_string\"}}],\"inLanguage\":\"pt-BR\"},{\"@type\":\"Organization\",\"@id\":\"https:\/\/psol50.org.br\/#organization\",\"name\":\"PSOL 50\",\"alternateName\":\"PSOL 50\",\"url\":\"https:\/\/psol50.org.br\/\",\"logo\":{\"@type\":\"ImageObject\",\"inLanguage\":\"pt-BR\",\"@id\":\"https:\/\/psol50.org.br\/#\/schema\/logo\/image\/\",\"url\":\"https:\/\/psol50.org.br\/inc\/uploads\/2018\/07\/capa.png\",\"contentUrl\":\"https:\/\/psol50.org.br\/inc\/uploads\/2018\/07\/capa.png\",\"width\":1350,\"height\":900,\"caption\":\"PSOL 50\"},\"image\":{\"@id\":\"https:\/\/psol50.org.br\/#\/schema\/logo\/image\/\"},\"sameAs\":[\"https:\/\/www.facebook.com\/psol50\",\"https:\/\/x.com\/psol50\",\"https:\/\/www.instagram.com\/psol50\/\",\"https:\/\/www.youtube.com\/channel\/UC7SnJS5o1os7a6CaiNabzcg\"]},{\"@type\":\"Person\",\"@id\":\"https:\/\/psol50.org.br\/#\/schema\/person\/475dfa57d0b815993c714c2e96491fcd\",\"name\":\"Comunica\u00e7\u00e3o PSOL\",\"image\":{\"@type\":\"ImageObject\",\"inLanguage\":\"pt-BR\",\"@id\":\"https:\/\/psol50.org.br\/#\/schema\/person\/image\/\",\"url\":\"https:\/\/secure.gravatar.com\/avatar\/b34fc4f4e468a4e51785917065a3db57b841f5c95dba6ad8c73aaf8f66f8f9bf?s=96&d=mm&r=g\",\"contentUrl\":\"https:\/\/secure.gravatar.com\/avatar\/b34fc4f4e468a4e51785917065a3db57b841f5c95dba6ad8c73aaf8f66f8f9bf?s=96&d=mm&r=g\",\"caption\":\"Comunica\u00e7\u00e3o PSOL\"}}]}<\/script>\n<!-- \/ Yoast SEO plugin. -->","yoast_head_json":{"title":"Um partido necess\u00e1rio: Militantes e apoiadores celebram os dez anos de registro do PSOL - PSOL 50","robots":{"index":"index","follow":"follow","max-snippet":"max-snippet:-1","max-image-preview":"max-image-preview:large","max-video-preview":"max-video-preview:-1"},"canonical":"https:\/\/psol50.org.br\/um-partido-necessario-militantes-e-apoiadores-celebram-os-dez-anos-de-registro-do-psol\/","og_locale":"pt_BR","og_type":"article","og_title":"Um partido necess\u00e1rio: Militantes e apoiadores celebram os dez anos de registro do PSOL - PSOL 50","og_description":"Sess\u00e3o solene na C\u00e2mara contou com a participa\u00e7\u00e3o de parlamentares, dirigentes nacionais e convidados. Exposi\u00e7\u00e3o sobre a trajet\u00f3ria do partido vai at\u00e9 o dia 25 de setembro","og_url":"https:\/\/psol50.org.br\/um-partido-necessario-militantes-e-apoiadores-celebram-os-dez-anos-de-registro-do-psol\/","og_site_name":"PSOL 50","article_publisher":"https:\/\/www.facebook.com\/psol50","article_published_time":"2015-09-15T00:00:00+00:00","og_image":[{"width":500,"height":333,"url":"https:\/\/psol50.org.br\/inc\/uploads\/2015\/09\/10_anos_PSOL.jpg","type":"image\/jpeg"}],"author":"Comunica\u00e7\u00e3o PSOL","twitter_card":"summary_large_image","twitter_creator":"@psol50","twitter_site":"@psol50","twitter_misc":{"Escrito por":"Comunica\u00e7\u00e3o PSOL","Est. tempo de leitura":"7 minutos"},"schema":{"@context":"https:\/\/schema.org","@graph":[{"@type":"Article","@id":"https:\/\/psol50.org.br\/um-partido-necessario-militantes-e-apoiadores-celebram-os-dez-anos-de-registro-do-psol\/#article","isPartOf":{"@id":"https:\/\/psol50.org.br\/um-partido-necessario-militantes-e-apoiadores-celebram-os-dez-anos-de-registro-do-psol\/"},"author":{"name":"Comunica\u00e7\u00e3o PSOL","@id":"https:\/\/psol50.org.br\/#\/schema\/person\/475dfa57d0b815993c714c2e96491fcd"},"headline":"Um partido necess\u00e1rio: Militantes e apoiadores celebram os dez anos de registro do PSOL","datePublished":"2015-09-15T00:00:00+00:00","mainEntityOfPage":{"@id":"https:\/\/psol50.org.br\/um-partido-necessario-militantes-e-apoiadores-celebram-os-dez-anos-de-registro-do-psol\/"},"wordCount":1375,"commentCount":0,"publisher":{"@id":"https:\/\/psol50.org.br\/#organization"},"image":{"@id":"https:\/\/psol50.org.br\/um-partido-necessario-militantes-e-apoiadores-celebram-os-dez-anos-de-registro-do-psol\/#primaryimage"},"thumbnailUrl":"https:\/\/psol50.org.br\/inc\/uploads\/2015\/09\/10_anos_PSOL.jpg","keywords":["PSOL"],"articleSection":["Not\u00edcias"],"inLanguage":"pt-BR","potentialAction":[{"@type":"CommentAction","name":"Comment","target":["https:\/\/psol50.org.br\/um-partido-necessario-militantes-e-apoiadores-celebram-os-dez-anos-de-registro-do-psol\/#respond"]}]},{"@type":"WebPage","@id":"https:\/\/psol50.org.br\/um-partido-necessario-militantes-e-apoiadores-celebram-os-dez-anos-de-registro-do-psol\/","url":"https:\/\/psol50.org.br\/um-partido-necessario-militantes-e-apoiadores-celebram-os-dez-anos-de-registro-do-psol\/","name":"Um partido necess\u00e1rio: Militantes e apoiadores celebram os dez anos de registro do PSOL - PSOL 50","isPartOf":{"@id":"https:\/\/psol50.org.br\/#website"},"primaryImageOfPage":{"@id":"https:\/\/psol50.org.br\/um-partido-necessario-militantes-e-apoiadores-celebram-os-dez-anos-de-registro-do-psol\/#primaryimage"},"image":{"@id":"https:\/\/psol50.org.br\/um-partido-necessario-militantes-e-apoiadores-celebram-os-dez-anos-de-registro-do-psol\/#primaryimage"},"thumbnailUrl":"https:\/\/psol50.org.br\/inc\/uploads\/2015\/09\/10_anos_PSOL.jpg","datePublished":"2015-09-15T00:00:00+00:00","breadcrumb":{"@id":"https:\/\/psol50.org.br\/um-partido-necessario-militantes-e-apoiadores-celebram-os-dez-anos-de-registro-do-psol\/#breadcrumb"},"inLanguage":"pt-BR","potentialAction":[{"@type":"ReadAction","target":["https:\/\/psol50.org.br\/um-partido-necessario-militantes-e-apoiadores-celebram-os-dez-anos-de-registro-do-psol\/"]}]},{"@type":"ImageObject","inLanguage":"pt-BR","@id":"https:\/\/psol50.org.br\/um-partido-necessario-militantes-e-apoiadores-celebram-os-dez-anos-de-registro-do-psol\/#primaryimage","url":"https:\/\/psol50.org.br\/inc\/uploads\/2015\/09\/10_anos_PSOL.jpg","contentUrl":"https:\/\/psol50.org.br\/inc\/uploads\/2015\/09\/10_anos_PSOL.jpg","width":500,"height":333},{"@type":"BreadcrumbList","@id":"https:\/\/psol50.org.br\/um-partido-necessario-militantes-e-apoiadores-celebram-os-dez-anos-de-registro-do-psol\/#breadcrumb","itemListElement":[{"@type":"ListItem","position":1,"name":"In\u00edcio","item":"https:\/\/psol50.org.br\/"},{"@type":"ListItem","position":2,"name":"Um partido necess\u00e1rio: Militantes e apoiadores celebram os dez anos de registro do PSOL"}]},{"@type":"WebSite","@id":"https:\/\/psol50.org.br\/#website","url":"https:\/\/psol50.org.br\/","name":"PSOL 50","description":"Site oficial do Partido Socialismo e Liberdade","publisher":{"@id":"https:\/\/psol50.org.br\/#organization"},"alternateName":"PSOL50","potentialAction":[{"@type":"SearchAction","target":{"@type":"EntryPoint","urlTemplate":"https:\/\/psol50.org.br\/?s={search_term_string}"},"query-input":{"@type":"PropertyValueSpecification","valueRequired":true,"valueName":"search_term_string"}}],"inLanguage":"pt-BR"},{"@type":"Organization","@id":"https:\/\/psol50.org.br\/#organization","name":"PSOL 50","alternateName":"PSOL 50","url":"https:\/\/psol50.org.br\/","logo":{"@type":"ImageObject","inLanguage":"pt-BR","@id":"https:\/\/psol50.org.br\/#\/schema\/logo\/image\/","url":"https:\/\/psol50.org.br\/inc\/uploads\/2018\/07\/capa.png","contentUrl":"https:\/\/psol50.org.br\/inc\/uploads\/2018\/07\/capa.png","width":1350,"height":900,"caption":"PSOL 50"},"image":{"@id":"https:\/\/psol50.org.br\/#\/schema\/logo\/image\/"},"sameAs":["https:\/\/www.facebook.com\/psol50","https:\/\/x.com\/psol50","https:\/\/www.instagram.com\/psol50\/","https:\/\/www.youtube.com\/channel\/UC7SnJS5o1os7a6CaiNabzcg"]},{"@type":"Person","@id":"https:\/\/psol50.org.br\/#\/schema\/person\/475dfa57d0b815993c714c2e96491fcd","name":"Comunica\u00e7\u00e3o PSOL","image":{"@type":"ImageObject","inLanguage":"pt-BR","@id":"https:\/\/psol50.org.br\/#\/schema\/person\/image\/","url":"https:\/\/secure.gravatar.com\/avatar\/b34fc4f4e468a4e51785917065a3db57b841f5c95dba6ad8c73aaf8f66f8f9bf?s=96&d=mm&r=g","contentUrl":"https:\/\/secure.gravatar.com\/avatar\/b34fc4f4e468a4e51785917065a3db57b841f5c95dba6ad8c73aaf8f66f8f9bf?s=96&d=mm&r=g","caption":"Comunica\u00e7\u00e3o PSOL"}}]}},"_links":{"self":[{"href":"https:\/\/psol50.org.br\/rest\/wp\/v2\/posts\/3426","targetHints":{"allow":["GET"]}}],"collection":[{"href":"https:\/\/psol50.org.br\/rest\/wp\/v2\/posts"}],"about":[{"href":"https:\/\/psol50.org.br\/rest\/wp\/v2\/types\/post"}],"author":[{"embeddable":true,"href":"https:\/\/psol50.org.br\/rest\/wp\/v2\/users\/2"}],"replies":[{"embeddable":true,"href":"https:\/\/psol50.org.br\/rest\/wp\/v2\/comments?post=3426"}],"version-history":[{"count":0,"href":"https:\/\/psol50.org.br\/rest\/wp\/v2\/posts\/3426\/revisions"}],"wp:featuredmedia":[{"embeddable":true,"href":"https:\/\/psol50.org.br\/rest\/wp\/v2\/media\/10079"}],"wp:attachment":[{"href":"https:\/\/psol50.org.br\/rest\/wp\/v2\/media?parent=3426"}],"wp:term":[{"taxonomy":"category","embeddable":true,"href":"https:\/\/psol50.org.br\/rest\/wp\/v2\/categories?post=3426"},{"taxonomy":"post_tag","embeddable":true,"href":"https:\/\/psol50.org.br\/rest\/wp\/v2\/tags?post=3426"}],"curies":[{"name":"wp","href":"https:\/\/api.w.org\/{rel}","templated":true}]}}