{"id":3433,"date":"2015-09-17T00:00:00","date_gmt":"2015-09-17T17:08:37","guid":{"rendered":"http:\/\/psol50.org.br\/arquivo\/2015\/09\/17\/nota-da-bancada-do-psol-em-repudio-a-censura-ao-deputado-edmilson-rodrigues\/"},"modified":"2015-09-17T00:00:00","modified_gmt":"2015-09-17T17:08:37","slug":"nota-da-bancada-do-psol-em-repudio-a-censura-ao-deputado-edmilson-rodrigues","status":"publish","type":"post","link":"https:\/\/psol50.org.br\/nota-da-bancada-do-psol-em-repudio-a-censura-ao-deputado-edmilson-rodrigues\/","title":{"rendered":"Nota da bancada do PSOL em repudio \u00e0 censura ao deputado Edmilson Rodrigues"},"content":{"rendered":"<p style=\"text-align: justify;\">\n\t<span style=\"font-family:arial,helvetica,sans-serif;\"><span style=\"font-size: 14px;\">A bancada do PSOL na C\u00e2mara Federal repudia a decis\u00e3o da Mesa Diretora de aplicar a pena de censura contra o deputado Edmilson Rodrigues (PSOL\/PA). Esta decis\u00e3o \u00e9 injusta, uma vez que o deputado n\u00e3o teve respeitado plenamente seu direito de defesa pela corregedoria legislativa, e irregular, uma vez que, contrariando o artigo 12, caput, do C\u00f3digo de \u00c9tica e Decoro Parlamentar, o suposto ofendido n\u00e3o provocou a representa\u00e7\u00e3o.<br \/>\n\t&nbsp;<br \/>\n\tAdemais, esta \u00e9 uma resposta injusta \u00e0 atitude de nosso deputado que questionou, durante CPI da Petrobras, a atitude autorit\u00e1ria do presidente Hugo Motta (PMDB\/PB) de criar subrelatorias sem consultar os membros da Comiss\u00e3o. Nota-se que a Mesa Diretora desta casa age com crit\u00e9rios distintos para julgar seus parlamentares, uma vez que as duas representa\u00e7\u00f5es de nossa bancada, deste mesmo ano, contra parlamentares que fizeram ofensas graves a nossos deputados n\u00e3o s\u00e3o tratadas com a mesma celeridade.<br \/>\n\t&nbsp;<br \/>\n\tEssa resposta \u00e9, ainda, desproporcional, na medida em que diversas representa\u00e7\u00f5es contra parlamentares que amea\u00e7aram outros colegas de estupro, por exemplo, sequer foram julgadas nesta Casa, o que denota o car\u00e1ter parcial na aplica\u00e7\u00e3o da san\u00e7\u00e3o. Amea\u00e7a essa j\u00e1 julgada e condenada na Justi\u00e7a. Destaque-se que o artigo 12 do C\u00f3digo de \u00c9tica foi tamb\u00e9m flagrantemente desrespeitado, pois a Mesa Diretora, ao receber o parecer da Corregedoria, n\u00e3o ouviu o representado, negando-lhe o prazo de cinco dias \u00fateis para sua defesa.<br \/>\n\t&nbsp;<br \/>\n\tRefor\u00e7amos que o presidente da C\u00e2mara, Eduardo Cunha, n\u00e3o tem moral alguma para aplicar esta san\u00e7\u00e3o. O presidente, que censura nosso deputado,&nbsp;foi denunciado ao STF por corrup\u00e7\u00e3o passiva e lavagem de dinheiro pelo&nbsp;procurador-geral da Rep\u00fablica, Rodrigo Janot. Eduardo Cunha, investigado na Opera\u00e7\u00e3o Lava Jato, \u00e9 acusado de ter recebido propina no valor de pelo menos 5 milh\u00f5es de d\u00f3lares. Portanto, nossa bancada n\u00e3o v\u00ea legalidade nem legitimidade nessa censura que vem de um presidente que, como \u00e9 de conhecimento p\u00fablico, vem implantado uma gest\u00e3o de cunho profundamente autorit\u00e1rio e pouco transparente na C\u00e2mara dos Deputados.<br \/>\n\t&nbsp;<br \/>\n\tA bancada do PSOL tomar\u00e1 todas as medidas regimentais e legais para reverter este ato de persegui\u00e7\u00e3o pol\u00edtica, ao tempo em que n\u00e3o se curvar\u00e1 ao autoritarismo de Cunha. Reafirmamos nosso papel, na C\u00e2mara Federal, de defender os interesses do povo trabalhador, que n\u00e3o s\u00e3o os interesses dos bancos e empreiteiras que financiaram campanhas eleitorais. Nosso compromisso \u00e9 unicamente com os trabalhadores e n\u00e3o aceitaremos qualquer tentativa de nos coagir e calar.<br \/>\n\t&nbsp;<br \/>\n\t<strong>Bancada do PSOL na C\u00e2mara<\/strong><\/span><\/span><\/p>\n","protected":false},"excerpt":{"rendered":"<p>A bancada do PSOL na C\u00e2mara Federal repudia a decis\u00e3o da Mesa Diretora de aplicar a pena de censura contra o deputado Edmilson Rodrigues (PSOL\/PA). Esta decis\u00e3o \u00e9 injusta, uma vez que o deputado n\u00e3o teve respeitado plenamente seu direito de defesa pela corregedoria legislativa, e irregular, uma vez que, contrariando o artigo 12, caput, [&hellip;]<\/p>\n","protected":false},"author":2,"featured_media":0,"comment_status":"open","ping_status":"open","sticky":false,"template":"","format":"standard","meta":{"_acf_changed":false,"footnotes":""},"categories":[10,6],"tags":[22],"class_list":{"0":"post-3433","1":"post","2":"type-post","3":"status-publish","4":"format-standard","6":"category-acao-parlamentares","7":"category-noticias","8":"tag-psol"},"acf":[],"yoast_head":"<!-- This site is optimized with the Yoast SEO plugin v26.5 - https:\/\/yoast.com\/wordpress\/plugins\/seo\/ -->\n<title>Nota da bancada do PSOL em repudio \u00e0 censura ao deputado Edmilson Rodrigues - PSOL 50<\/title>\n<meta name=\"robots\" content=\"index, follow, max-snippet:-1, max-image-preview:large, max-video-preview:-1\" \/>\n<link rel=\"canonical\" href=\"https:\/\/psol50.org.br\/nota-da-bancada-do-psol-em-repudio-a-censura-ao-deputado-edmilson-rodrigues\/\" \/>\n<meta property=\"og:locale\" content=\"pt_BR\" \/>\n<meta property=\"og:type\" content=\"article\" \/>\n<meta property=\"og:title\" content=\"Nota da bancada do PSOL em repudio \u00e0 censura ao deputado Edmilson Rodrigues - PSOL 50\" \/>\n<meta property=\"og:description\" content=\"A bancada do PSOL na C\u00e2mara Federal repudia a decis\u00e3o da Mesa Diretora de aplicar a pena de censura contra o deputado Edmilson Rodrigues (PSOL\/PA). Esta decis\u00e3o \u00e9 injusta, uma vez que o deputado n\u00e3o teve respeitado plenamente seu direito de defesa pela corregedoria legislativa, e irregular, uma vez que, contrariando o artigo 12, caput, [&hellip;]\" \/>\n<meta property=\"og:url\" content=\"https:\/\/psol50.org.br\/nota-da-bancada-do-psol-em-repudio-a-censura-ao-deputado-edmilson-rodrigues\/\" \/>\n<meta property=\"og:site_name\" content=\"PSOL 50\" \/>\n<meta property=\"article:publisher\" content=\"https:\/\/www.facebook.com\/psol50\" \/>\n<meta property=\"article:published_time\" content=\"2015-09-17T17:08:37+00:00\" \/>\n<meta property=\"og:image\" content=\"https:\/\/psol50.org.br\/inc\/uploads\/2018\/07\/capa.png\" \/>\n\t<meta property=\"og:image:width\" content=\"1350\" \/>\n\t<meta property=\"og:image:height\" content=\"900\" \/>\n\t<meta property=\"og:image:type\" content=\"image\/png\" \/>\n<meta name=\"author\" content=\"Comunica\u00e7\u00e3o PSOL\" \/>\n<meta name=\"twitter:card\" content=\"summary_large_image\" \/>\n<meta name=\"twitter:creator\" content=\"@psol50\" \/>\n<meta name=\"twitter:site\" content=\"@psol50\" \/>\n<meta name=\"twitter:label1\" content=\"Escrito por\" \/>\n\t<meta name=\"twitter:data1\" content=\"Comunica\u00e7\u00e3o PSOL\" \/>\n\t<meta name=\"twitter:label2\" content=\"Est. tempo de leitura\" \/>\n\t<meta name=\"twitter:data2\" content=\"2 minutos\" \/>\n<script type=\"application\/ld+json\" class=\"yoast-schema-graph\">{\"@context\":\"https:\/\/schema.org\",\"@graph\":[{\"@type\":\"Article\",\"@id\":\"https:\/\/psol50.org.br\/nota-da-bancada-do-psol-em-repudio-a-censura-ao-deputado-edmilson-rodrigues\/#article\",\"isPartOf\":{\"@id\":\"https:\/\/psol50.org.br\/nota-da-bancada-do-psol-em-repudio-a-censura-ao-deputado-edmilson-rodrigues\/\"},\"author\":{\"name\":\"Comunica\u00e7\u00e3o PSOL\",\"@id\":\"https:\/\/psol50.org.br\/#\/schema\/person\/475dfa57d0b815993c714c2e96491fcd\"},\"headline\":\"Nota da bancada do PSOL em repudio \u00e0 censura ao deputado Edmilson Rodrigues\",\"datePublished\":\"2015-09-17T17:08:37+00:00\",\"mainEntityOfPage\":{\"@id\":\"https:\/\/psol50.org.br\/nota-da-bancada-do-psol-em-repudio-a-censura-ao-deputado-edmilson-rodrigues\/\"},\"wordCount\":457,\"commentCount\":0,\"publisher\":{\"@id\":\"https:\/\/psol50.org.br\/#organization\"},\"keywords\":[\"PSOL\"],\"articleSection\":[\"A\u00e7\u00e3o Parlamentar\",\"Not\u00edcias\"],\"inLanguage\":\"pt-BR\",\"potentialAction\":[{\"@type\":\"CommentAction\",\"name\":\"Comment\",\"target\":[\"https:\/\/psol50.org.br\/nota-da-bancada-do-psol-em-repudio-a-censura-ao-deputado-edmilson-rodrigues\/#respond\"]}]},{\"@type\":\"WebPage\",\"@id\":\"https:\/\/psol50.org.br\/nota-da-bancada-do-psol-em-repudio-a-censura-ao-deputado-edmilson-rodrigues\/\",\"url\":\"https:\/\/psol50.org.br\/nota-da-bancada-do-psol-em-repudio-a-censura-ao-deputado-edmilson-rodrigues\/\",\"name\":\"Nota da bancada do PSOL em repudio \u00e0 censura ao deputado Edmilson Rodrigues - PSOL 50\",\"isPartOf\":{\"@id\":\"https:\/\/psol50.org.br\/#website\"},\"datePublished\":\"2015-09-17T17:08:37+00:00\",\"breadcrumb\":{\"@id\":\"https:\/\/psol50.org.br\/nota-da-bancada-do-psol-em-repudio-a-censura-ao-deputado-edmilson-rodrigues\/#breadcrumb\"},\"inLanguage\":\"pt-BR\",\"potentialAction\":[{\"@type\":\"ReadAction\",\"target\":[\"https:\/\/psol50.org.br\/nota-da-bancada-do-psol-em-repudio-a-censura-ao-deputado-edmilson-rodrigues\/\"]}]},{\"@type\":\"BreadcrumbList\",\"@id\":\"https:\/\/psol50.org.br\/nota-da-bancada-do-psol-em-repudio-a-censura-ao-deputado-edmilson-rodrigues\/#breadcrumb\",\"itemListElement\":[{\"@type\":\"ListItem\",\"position\":1,\"name\":\"In\u00edcio\",\"item\":\"https:\/\/psol50.org.br\/\"},{\"@type\":\"ListItem\",\"position\":2,\"name\":\"Nota da bancada do PSOL em repudio \u00e0 censura ao deputado Edmilson Rodrigues\"}]},{\"@type\":\"WebSite\",\"@id\":\"https:\/\/psol50.org.br\/#website\",\"url\":\"https:\/\/psol50.org.br\/\",\"name\":\"PSOL 50\",\"description\":\"Site oficial do Partido Socialismo e Liberdade\",\"publisher\":{\"@id\":\"https:\/\/psol50.org.br\/#organization\"},\"alternateName\":\"PSOL50\",\"potentialAction\":[{\"@type\":\"SearchAction\",\"target\":{\"@type\":\"EntryPoint\",\"urlTemplate\":\"https:\/\/psol50.org.br\/?s={search_term_string}\"},\"query-input\":{\"@type\":\"PropertyValueSpecification\",\"valueRequired\":true,\"valueName\":\"search_term_string\"}}],\"inLanguage\":\"pt-BR\"},{\"@type\":\"Organization\",\"@id\":\"https:\/\/psol50.org.br\/#organization\",\"name\":\"PSOL 50\",\"alternateName\":\"PSOL 50\",\"url\":\"https:\/\/psol50.org.br\/\",\"logo\":{\"@type\":\"ImageObject\",\"inLanguage\":\"pt-BR\",\"@id\":\"https:\/\/psol50.org.br\/#\/schema\/logo\/image\/\",\"url\":\"https:\/\/psol50.org.br\/inc\/uploads\/2018\/07\/capa.png\",\"contentUrl\":\"https:\/\/psol50.org.br\/inc\/uploads\/2018\/07\/capa.png\",\"width\":1350,\"height\":900,\"caption\":\"PSOL 50\"},\"image\":{\"@id\":\"https:\/\/psol50.org.br\/#\/schema\/logo\/image\/\"},\"sameAs\":[\"https:\/\/www.facebook.com\/psol50\",\"https:\/\/x.com\/psol50\",\"https:\/\/www.instagram.com\/psol50\/\",\"https:\/\/www.youtube.com\/channel\/UC7SnJS5o1os7a6CaiNabzcg\"]},{\"@type\":\"Person\",\"@id\":\"https:\/\/psol50.org.br\/#\/schema\/person\/475dfa57d0b815993c714c2e96491fcd\",\"name\":\"Comunica\u00e7\u00e3o PSOL\",\"image\":{\"@type\":\"ImageObject\",\"inLanguage\":\"pt-BR\",\"@id\":\"https:\/\/psol50.org.br\/#\/schema\/person\/image\/\",\"url\":\"https:\/\/secure.gravatar.com\/avatar\/b34fc4f4e468a4e51785917065a3db57b841f5c95dba6ad8c73aaf8f66f8f9bf?s=96&d=mm&r=g\",\"contentUrl\":\"https:\/\/secure.gravatar.com\/avatar\/b34fc4f4e468a4e51785917065a3db57b841f5c95dba6ad8c73aaf8f66f8f9bf?s=96&d=mm&r=g\",\"caption\":\"Comunica\u00e7\u00e3o PSOL\"}}]}<\/script>\n<!-- \/ Yoast SEO plugin. -->","yoast_head_json":{"title":"Nota da bancada do PSOL em repudio \u00e0 censura ao deputado Edmilson Rodrigues - PSOL 50","robots":{"index":"index","follow":"follow","max-snippet":"max-snippet:-1","max-image-preview":"max-image-preview:large","max-video-preview":"max-video-preview:-1"},"canonical":"https:\/\/psol50.org.br\/nota-da-bancada-do-psol-em-repudio-a-censura-ao-deputado-edmilson-rodrigues\/","og_locale":"pt_BR","og_type":"article","og_title":"Nota da bancada do PSOL em repudio \u00e0 censura ao deputado Edmilson Rodrigues - PSOL 50","og_description":"A bancada do PSOL na C\u00e2mara Federal repudia a decis\u00e3o da Mesa Diretora de aplicar a pena de censura contra o deputado Edmilson Rodrigues (PSOL\/PA). Esta decis\u00e3o \u00e9 injusta, uma vez que o deputado n\u00e3o teve respeitado plenamente seu direito de defesa pela corregedoria legislativa, e irregular, uma vez que, contrariando o artigo 12, caput, [&hellip;]","og_url":"https:\/\/psol50.org.br\/nota-da-bancada-do-psol-em-repudio-a-censura-ao-deputado-edmilson-rodrigues\/","og_site_name":"PSOL 50","article_publisher":"https:\/\/www.facebook.com\/psol50","article_published_time":"2015-09-17T17:08:37+00:00","og_image":[{"width":1350,"height":900,"url":"https:\/\/psol50.org.br\/inc\/uploads\/2018\/07\/capa.png","type":"image\/png"}],"author":"Comunica\u00e7\u00e3o PSOL","twitter_card":"summary_large_image","twitter_creator":"@psol50","twitter_site":"@psol50","twitter_misc":{"Escrito por":"Comunica\u00e7\u00e3o PSOL","Est. tempo de leitura":"2 minutos"},"schema":{"@context":"https:\/\/schema.org","@graph":[{"@type":"Article","@id":"https:\/\/psol50.org.br\/nota-da-bancada-do-psol-em-repudio-a-censura-ao-deputado-edmilson-rodrigues\/#article","isPartOf":{"@id":"https:\/\/psol50.org.br\/nota-da-bancada-do-psol-em-repudio-a-censura-ao-deputado-edmilson-rodrigues\/"},"author":{"name":"Comunica\u00e7\u00e3o PSOL","@id":"https:\/\/psol50.org.br\/#\/schema\/person\/475dfa57d0b815993c714c2e96491fcd"},"headline":"Nota da bancada do PSOL em repudio \u00e0 censura ao deputado Edmilson Rodrigues","datePublished":"2015-09-17T17:08:37+00:00","mainEntityOfPage":{"@id":"https:\/\/psol50.org.br\/nota-da-bancada-do-psol-em-repudio-a-censura-ao-deputado-edmilson-rodrigues\/"},"wordCount":457,"commentCount":0,"publisher":{"@id":"https:\/\/psol50.org.br\/#organization"},"keywords":["PSOL"],"articleSection":["A\u00e7\u00e3o Parlamentar","Not\u00edcias"],"inLanguage":"pt-BR","potentialAction":[{"@type":"CommentAction","name":"Comment","target":["https:\/\/psol50.org.br\/nota-da-bancada-do-psol-em-repudio-a-censura-ao-deputado-edmilson-rodrigues\/#respond"]}]},{"@type":"WebPage","@id":"https:\/\/psol50.org.br\/nota-da-bancada-do-psol-em-repudio-a-censura-ao-deputado-edmilson-rodrigues\/","url":"https:\/\/psol50.org.br\/nota-da-bancada-do-psol-em-repudio-a-censura-ao-deputado-edmilson-rodrigues\/","name":"Nota da bancada do PSOL em repudio \u00e0 censura ao deputado Edmilson Rodrigues - PSOL 50","isPartOf":{"@id":"https:\/\/psol50.org.br\/#website"},"datePublished":"2015-09-17T17:08:37+00:00","breadcrumb":{"@id":"https:\/\/psol50.org.br\/nota-da-bancada-do-psol-em-repudio-a-censura-ao-deputado-edmilson-rodrigues\/#breadcrumb"},"inLanguage":"pt-BR","potentialAction":[{"@type":"ReadAction","target":["https:\/\/psol50.org.br\/nota-da-bancada-do-psol-em-repudio-a-censura-ao-deputado-edmilson-rodrigues\/"]}]},{"@type":"BreadcrumbList","@id":"https:\/\/psol50.org.br\/nota-da-bancada-do-psol-em-repudio-a-censura-ao-deputado-edmilson-rodrigues\/#breadcrumb","itemListElement":[{"@type":"ListItem","position":1,"name":"In\u00edcio","item":"https:\/\/psol50.org.br\/"},{"@type":"ListItem","position":2,"name":"Nota da bancada do PSOL em repudio \u00e0 censura ao deputado Edmilson Rodrigues"}]},{"@type":"WebSite","@id":"https:\/\/psol50.org.br\/#website","url":"https:\/\/psol50.org.br\/","name":"PSOL 50","description":"Site oficial do Partido Socialismo e Liberdade","publisher":{"@id":"https:\/\/psol50.org.br\/#organization"},"alternateName":"PSOL50","potentialAction":[{"@type":"SearchAction","target":{"@type":"EntryPoint","urlTemplate":"https:\/\/psol50.org.br\/?s={search_term_string}"},"query-input":{"@type":"PropertyValueSpecification","valueRequired":true,"valueName":"search_term_string"}}],"inLanguage":"pt-BR"},{"@type":"Organization","@id":"https:\/\/psol50.org.br\/#organization","name":"PSOL 50","alternateName":"PSOL 50","url":"https:\/\/psol50.org.br\/","logo":{"@type":"ImageObject","inLanguage":"pt-BR","@id":"https:\/\/psol50.org.br\/#\/schema\/logo\/image\/","url":"https:\/\/psol50.org.br\/inc\/uploads\/2018\/07\/capa.png","contentUrl":"https:\/\/psol50.org.br\/inc\/uploads\/2018\/07\/capa.png","width":1350,"height":900,"caption":"PSOL 50"},"image":{"@id":"https:\/\/psol50.org.br\/#\/schema\/logo\/image\/"},"sameAs":["https:\/\/www.facebook.com\/psol50","https:\/\/x.com\/psol50","https:\/\/www.instagram.com\/psol50\/","https:\/\/www.youtube.com\/channel\/UC7SnJS5o1os7a6CaiNabzcg"]},{"@type":"Person","@id":"https:\/\/psol50.org.br\/#\/schema\/person\/475dfa57d0b815993c714c2e96491fcd","name":"Comunica\u00e7\u00e3o PSOL","image":{"@type":"ImageObject","inLanguage":"pt-BR","@id":"https:\/\/psol50.org.br\/#\/schema\/person\/image\/","url":"https:\/\/secure.gravatar.com\/avatar\/b34fc4f4e468a4e51785917065a3db57b841f5c95dba6ad8c73aaf8f66f8f9bf?s=96&d=mm&r=g","contentUrl":"https:\/\/secure.gravatar.com\/avatar\/b34fc4f4e468a4e51785917065a3db57b841f5c95dba6ad8c73aaf8f66f8f9bf?s=96&d=mm&r=g","caption":"Comunica\u00e7\u00e3o PSOL"}}]}},"_links":{"self":[{"href":"https:\/\/psol50.org.br\/rest\/wp\/v2\/posts\/3433","targetHints":{"allow":["GET"]}}],"collection":[{"href":"https:\/\/psol50.org.br\/rest\/wp\/v2\/posts"}],"about":[{"href":"https:\/\/psol50.org.br\/rest\/wp\/v2\/types\/post"}],"author":[{"embeddable":true,"href":"https:\/\/psol50.org.br\/rest\/wp\/v2\/users\/2"}],"replies":[{"embeddable":true,"href":"https:\/\/psol50.org.br\/rest\/wp\/v2\/comments?post=3433"}],"version-history":[{"count":0,"href":"https:\/\/psol50.org.br\/rest\/wp\/v2\/posts\/3433\/revisions"}],"wp:attachment":[{"href":"https:\/\/psol50.org.br\/rest\/wp\/v2\/media?parent=3433"}],"wp:term":[{"taxonomy":"category","embeddable":true,"href":"https:\/\/psol50.org.br\/rest\/wp\/v2\/categories?post=3433"},{"taxonomy":"post_tag","embeddable":true,"href":"https:\/\/psol50.org.br\/rest\/wp\/v2\/tags?post=3433"}],"curies":[{"name":"wp","href":"https:\/\/api.w.org\/{rel}","templated":true}]}}