{"id":345,"date":"2008-11-22T00:00:00","date_gmt":"2008-11-22T00:00:00","guid":{"rendered":"http:\/\/psol50.org.br\/arquivo\/2008\/11\/22\/em-defesa-da-soberania-equatoriana\/"},"modified":"2008-11-22T00:00:00","modified_gmt":"2008-11-22T00:00:00","slug":"em-defesa-da-soberania-equatoriana","status":"publish","type":"post","link":"https:\/\/psol50.org.br\/em-defesa-da-soberania-equatoriana\/","title":{"rendered":"Em defesa da soberania equatoriana"},"content":{"rendered":"<p>No dia 20 de novembro de 2007, o governo do Equador decidiu questionar e entrar na justi\u00e7a contra o pagamento de um cr\u00e9dito concedido pelo BNDES brasileiro, que financiou a construtora Odebrecht para a constru\u00e7\u00e3o de uma usina hidrel\u00e9trica naquele pa\u00eds &#8211; obra mal feita que implicou a paralisa\u00e7\u00e3o da referida usina e a expuls\u00e3o dessa empreiteira do pa\u00eds, com base em relat\u00f3rios t\u00e9cnicos de auditoria.<\/p>\n<p><!--more--><\/p>\n<p>Ao inv\u00e9s de reconhecer o grave preju\u00edzo causado ao povo do Equador,\u00a0 o governo Lula preferiu tomar partido pela Odebrecht, chantageando e retirando o embaixador brasileiro do Equador.<\/p>\n<p>O governo equatoriano tem destacado pela defesa da soberania de seu pa\u00eds e dos interesses de seu povo, instituindo em 2007 a Comiss\u00e3o para a Auditoria da D\u00edvida, que teve a participa\u00e7\u00e3o da sociedade civil equatoriana e internacional. O Relat\u00f3rio Final dessa auditoria, divulgado dia 20 de novembro, mostrou as graves irregularidades presentes na d\u00edvida externa equatoriana e constitui um importante precedente, provando que \u00e9 poss\u00edvel enfrentar o endividamento com soberania. Exemplo que deveria ser seguido em nosso pa\u00eds, que acumula a explosiva d\u00edvida interna de R$ 1,5 trilh\u00e3o de reais e uma d\u00edvida externa de 271 bilh\u00f5es de d\u00f3lares.<\/p>\n<p>Dessa maneira, o governo Lula e demonstra a contradi\u00e7\u00e3o entre os fatos concretos de sua pol\u00edtica externa e seu discurso de defesa dos pa\u00edses do sul, e da solidariedade latino-americana frente aos pa\u00edses do norte.<\/p>\n<p>O governo brasileiro erra ao retaliar diplomaticamente o Equador. Para criar as bases para um relacionamento solid\u00e1rio com esse pa\u00eds o governo brasileiro deveria reconhecer a legitimidade da auditoria realizada pelo governo de Rafael Correa, esgotar os caminhos da negocia\u00e7\u00e3o e se necess\u00e1rio o jur\u00eddico no caso do BNDES.<\/p>\n<p>De sua parte o PSOL solidariza-se plenamente com o Equador e as medidas tomadas pelo seu presidente.<\/p>\n<p>Comit\u00ea Executivo do PSol<\/p>\n<p>Brasilia, 22 de novembro<\/p>\n","protected":false},"excerpt":{"rendered":"<p>No dia 20 de novembro de 2007, o governo do Equador decidiu questionar e entrar na justi\u00e7a contra o pagamento de um cr\u00e9dito concedido pelo BNDES brasileiro, que financiou a construtora Odebrecht para a constru\u00e7\u00e3o de uma usina hidrel\u00e9trica naquele pa\u00eds &#8211; obra mal feita que implicou a paralisa\u00e7\u00e3o da referida usina e a expuls\u00e3o [&hellip;]<\/p>\n","protected":false},"author":2,"featured_media":0,"comment_status":"open","ping_status":"open","sticky":false,"template":"","format":"standard","meta":{"_acf_changed":false,"footnotes":""},"categories":[4766],"tags":[],"class_list":{"0":"post-345","1":"post","2":"type-post","3":"status-publish","4":"format-standard","6":"category-arquivo"},"acf":[],"yoast_head":"<!-- This site is optimized with the Yoast SEO plugin v26.5 - https:\/\/yoast.com\/wordpress\/plugins\/seo\/ -->\n<title>Em defesa da soberania equatoriana - PSOL 50<\/title>\n<meta name=\"robots\" content=\"index, follow, max-snippet:-1, max-image-preview:large, max-video-preview:-1\" \/>\n<link rel=\"canonical\" href=\"https:\/\/psol50.org.br\/em-defesa-da-soberania-equatoriana\/\" \/>\n<meta property=\"og:locale\" content=\"pt_BR\" \/>\n<meta property=\"og:type\" content=\"article\" \/>\n<meta property=\"og:title\" content=\"Em defesa da soberania equatoriana - PSOL 50\" \/>\n<meta property=\"og:description\" content=\"No dia 20 de novembro de 2007, o governo do Equador decidiu questionar e entrar na justi\u00e7a contra o pagamento de um cr\u00e9dito concedido pelo BNDES brasileiro, que financiou a construtora Odebrecht para a constru\u00e7\u00e3o de uma usina hidrel\u00e9trica naquele pa\u00eds &#8211; obra mal feita que implicou a paralisa\u00e7\u00e3o da referida usina e a expuls\u00e3o [&hellip;]\" \/>\n<meta property=\"og:url\" content=\"https:\/\/psol50.org.br\/em-defesa-da-soberania-equatoriana\/\" \/>\n<meta property=\"og:site_name\" content=\"PSOL 50\" \/>\n<meta property=\"article:publisher\" content=\"https:\/\/www.facebook.com\/psol50\" \/>\n<meta property=\"article:published_time\" content=\"2008-11-22T00:00:00+00:00\" \/>\n<meta property=\"og:image\" content=\"https:\/\/psol50.org.br\/inc\/uploads\/2018\/07\/capa.png\" \/>\n\t<meta property=\"og:image:width\" content=\"1350\" \/>\n\t<meta property=\"og:image:height\" content=\"900\" \/>\n\t<meta property=\"og:image:type\" content=\"image\/png\" \/>\n<meta name=\"author\" content=\"Comunica\u00e7\u00e3o PSOL\" \/>\n<meta name=\"twitter:card\" content=\"summary_large_image\" \/>\n<meta name=\"twitter:creator\" content=\"@psol50\" \/>\n<meta name=\"twitter:site\" content=\"@psol50\" \/>\n<meta name=\"twitter:label1\" content=\"Escrito por\" \/>\n\t<meta name=\"twitter:data1\" content=\"Comunica\u00e7\u00e3o PSOL\" \/>\n\t<meta name=\"twitter:label2\" content=\"Est. tempo de leitura\" \/>\n\t<meta name=\"twitter:data2\" content=\"2 minutos\" \/>\n<script type=\"application\/ld+json\" class=\"yoast-schema-graph\">{\"@context\":\"https:\/\/schema.org\",\"@graph\":[{\"@type\":\"Article\",\"@id\":\"https:\/\/psol50.org.br\/em-defesa-da-soberania-equatoriana\/#article\",\"isPartOf\":{\"@id\":\"https:\/\/psol50.org.br\/em-defesa-da-soberania-equatoriana\/\"},\"author\":{\"name\":\"Comunica\u00e7\u00e3o PSOL\",\"@id\":\"https:\/\/psol50.org.br\/#\/schema\/person\/475dfa57d0b815993c714c2e96491fcd\"},\"headline\":\"Em defesa da soberania equatoriana\",\"datePublished\":\"2008-11-22T00:00:00+00:00\",\"mainEntityOfPage\":{\"@id\":\"https:\/\/psol50.org.br\/em-defesa-da-soberania-equatoriana\/\"},\"wordCount\":334,\"commentCount\":0,\"publisher\":{\"@id\":\"https:\/\/psol50.org.br\/#organization\"},\"articleSection\":[\"Arquivo\"],\"inLanguage\":\"pt-BR\",\"potentialAction\":[{\"@type\":\"CommentAction\",\"name\":\"Comment\",\"target\":[\"https:\/\/psol50.org.br\/em-defesa-da-soberania-equatoriana\/#respond\"]}]},{\"@type\":\"WebPage\",\"@id\":\"https:\/\/psol50.org.br\/em-defesa-da-soberania-equatoriana\/\",\"url\":\"https:\/\/psol50.org.br\/em-defesa-da-soberania-equatoriana\/\",\"name\":\"Em defesa da soberania equatoriana - PSOL 50\",\"isPartOf\":{\"@id\":\"https:\/\/psol50.org.br\/#website\"},\"datePublished\":\"2008-11-22T00:00:00+00:00\",\"breadcrumb\":{\"@id\":\"https:\/\/psol50.org.br\/em-defesa-da-soberania-equatoriana\/#breadcrumb\"},\"inLanguage\":\"pt-BR\",\"potentialAction\":[{\"@type\":\"ReadAction\",\"target\":[\"https:\/\/psol50.org.br\/em-defesa-da-soberania-equatoriana\/\"]}]},{\"@type\":\"BreadcrumbList\",\"@id\":\"https:\/\/psol50.org.br\/em-defesa-da-soberania-equatoriana\/#breadcrumb\",\"itemListElement\":[{\"@type\":\"ListItem\",\"position\":1,\"name\":\"In\u00edcio\",\"item\":\"https:\/\/psol50.org.br\/\"},{\"@type\":\"ListItem\",\"position\":2,\"name\":\"Em defesa da soberania equatoriana\"}]},{\"@type\":\"WebSite\",\"@id\":\"https:\/\/psol50.org.br\/#website\",\"url\":\"https:\/\/psol50.org.br\/\",\"name\":\"PSOL 50\",\"description\":\"Site oficial do Partido Socialismo e Liberdade\",\"publisher\":{\"@id\":\"https:\/\/psol50.org.br\/#organization\"},\"alternateName\":\"PSOL50\",\"potentialAction\":[{\"@type\":\"SearchAction\",\"target\":{\"@type\":\"EntryPoint\",\"urlTemplate\":\"https:\/\/psol50.org.br\/?s={search_term_string}\"},\"query-input\":{\"@type\":\"PropertyValueSpecification\",\"valueRequired\":true,\"valueName\":\"search_term_string\"}}],\"inLanguage\":\"pt-BR\"},{\"@type\":\"Organization\",\"@id\":\"https:\/\/psol50.org.br\/#organization\",\"name\":\"PSOL 50\",\"alternateName\":\"PSOL 50\",\"url\":\"https:\/\/psol50.org.br\/\",\"logo\":{\"@type\":\"ImageObject\",\"inLanguage\":\"pt-BR\",\"@id\":\"https:\/\/psol50.org.br\/#\/schema\/logo\/image\/\",\"url\":\"https:\/\/psol50.org.br\/inc\/uploads\/2018\/07\/capa.png\",\"contentUrl\":\"https:\/\/psol50.org.br\/inc\/uploads\/2018\/07\/capa.png\",\"width\":1350,\"height\":900,\"caption\":\"PSOL 50\"},\"image\":{\"@id\":\"https:\/\/psol50.org.br\/#\/schema\/logo\/image\/\"},\"sameAs\":[\"https:\/\/www.facebook.com\/psol50\",\"https:\/\/x.com\/psol50\",\"https:\/\/www.instagram.com\/psol50\/\",\"https:\/\/www.youtube.com\/channel\/UC7SnJS5o1os7a6CaiNabzcg\"]},{\"@type\":\"Person\",\"@id\":\"https:\/\/psol50.org.br\/#\/schema\/person\/475dfa57d0b815993c714c2e96491fcd\",\"name\":\"Comunica\u00e7\u00e3o PSOL\",\"image\":{\"@type\":\"ImageObject\",\"inLanguage\":\"pt-BR\",\"@id\":\"https:\/\/psol50.org.br\/#\/schema\/person\/image\/\",\"url\":\"https:\/\/secure.gravatar.com\/avatar\/b34fc4f4e468a4e51785917065a3db57b841f5c95dba6ad8c73aaf8f66f8f9bf?s=96&d=mm&r=g\",\"contentUrl\":\"https:\/\/secure.gravatar.com\/avatar\/b34fc4f4e468a4e51785917065a3db57b841f5c95dba6ad8c73aaf8f66f8f9bf?s=96&d=mm&r=g\",\"caption\":\"Comunica\u00e7\u00e3o PSOL\"}}]}<\/script>\n<!-- \/ Yoast SEO plugin. -->","yoast_head_json":{"title":"Em defesa da soberania equatoriana - PSOL 50","robots":{"index":"index","follow":"follow","max-snippet":"max-snippet:-1","max-image-preview":"max-image-preview:large","max-video-preview":"max-video-preview:-1"},"canonical":"https:\/\/psol50.org.br\/em-defesa-da-soberania-equatoriana\/","og_locale":"pt_BR","og_type":"article","og_title":"Em defesa da soberania equatoriana - PSOL 50","og_description":"No dia 20 de novembro de 2007, o governo do Equador decidiu questionar e entrar na justi\u00e7a contra o pagamento de um cr\u00e9dito concedido pelo BNDES brasileiro, que financiou a construtora Odebrecht para a constru\u00e7\u00e3o de uma usina hidrel\u00e9trica naquele pa\u00eds &#8211; obra mal feita que implicou a paralisa\u00e7\u00e3o da referida usina e a expuls\u00e3o [&hellip;]","og_url":"https:\/\/psol50.org.br\/em-defesa-da-soberania-equatoriana\/","og_site_name":"PSOL 50","article_publisher":"https:\/\/www.facebook.com\/psol50","article_published_time":"2008-11-22T00:00:00+00:00","og_image":[{"width":1350,"height":900,"url":"https:\/\/psol50.org.br\/inc\/uploads\/2018\/07\/capa.png","type":"image\/png"}],"author":"Comunica\u00e7\u00e3o PSOL","twitter_card":"summary_large_image","twitter_creator":"@psol50","twitter_site":"@psol50","twitter_misc":{"Escrito por":"Comunica\u00e7\u00e3o PSOL","Est. tempo de leitura":"2 minutos"},"schema":{"@context":"https:\/\/schema.org","@graph":[{"@type":"Article","@id":"https:\/\/psol50.org.br\/em-defesa-da-soberania-equatoriana\/#article","isPartOf":{"@id":"https:\/\/psol50.org.br\/em-defesa-da-soberania-equatoriana\/"},"author":{"name":"Comunica\u00e7\u00e3o PSOL","@id":"https:\/\/psol50.org.br\/#\/schema\/person\/475dfa57d0b815993c714c2e96491fcd"},"headline":"Em defesa da soberania equatoriana","datePublished":"2008-11-22T00:00:00+00:00","mainEntityOfPage":{"@id":"https:\/\/psol50.org.br\/em-defesa-da-soberania-equatoriana\/"},"wordCount":334,"commentCount":0,"publisher":{"@id":"https:\/\/psol50.org.br\/#organization"},"articleSection":["Arquivo"],"inLanguage":"pt-BR","potentialAction":[{"@type":"CommentAction","name":"Comment","target":["https:\/\/psol50.org.br\/em-defesa-da-soberania-equatoriana\/#respond"]}]},{"@type":"WebPage","@id":"https:\/\/psol50.org.br\/em-defesa-da-soberania-equatoriana\/","url":"https:\/\/psol50.org.br\/em-defesa-da-soberania-equatoriana\/","name":"Em defesa da soberania equatoriana - PSOL 50","isPartOf":{"@id":"https:\/\/psol50.org.br\/#website"},"datePublished":"2008-11-22T00:00:00+00:00","breadcrumb":{"@id":"https:\/\/psol50.org.br\/em-defesa-da-soberania-equatoriana\/#breadcrumb"},"inLanguage":"pt-BR","potentialAction":[{"@type":"ReadAction","target":["https:\/\/psol50.org.br\/em-defesa-da-soberania-equatoriana\/"]}]},{"@type":"BreadcrumbList","@id":"https:\/\/psol50.org.br\/em-defesa-da-soberania-equatoriana\/#breadcrumb","itemListElement":[{"@type":"ListItem","position":1,"name":"In\u00edcio","item":"https:\/\/psol50.org.br\/"},{"@type":"ListItem","position":2,"name":"Em defesa da soberania equatoriana"}]},{"@type":"WebSite","@id":"https:\/\/psol50.org.br\/#website","url":"https:\/\/psol50.org.br\/","name":"PSOL 50","description":"Site oficial do Partido Socialismo e Liberdade","publisher":{"@id":"https:\/\/psol50.org.br\/#organization"},"alternateName":"PSOL50","potentialAction":[{"@type":"SearchAction","target":{"@type":"EntryPoint","urlTemplate":"https:\/\/psol50.org.br\/?s={search_term_string}"},"query-input":{"@type":"PropertyValueSpecification","valueRequired":true,"valueName":"search_term_string"}}],"inLanguage":"pt-BR"},{"@type":"Organization","@id":"https:\/\/psol50.org.br\/#organization","name":"PSOL 50","alternateName":"PSOL 50","url":"https:\/\/psol50.org.br\/","logo":{"@type":"ImageObject","inLanguage":"pt-BR","@id":"https:\/\/psol50.org.br\/#\/schema\/logo\/image\/","url":"https:\/\/psol50.org.br\/inc\/uploads\/2018\/07\/capa.png","contentUrl":"https:\/\/psol50.org.br\/inc\/uploads\/2018\/07\/capa.png","width":1350,"height":900,"caption":"PSOL 50"},"image":{"@id":"https:\/\/psol50.org.br\/#\/schema\/logo\/image\/"},"sameAs":["https:\/\/www.facebook.com\/psol50","https:\/\/x.com\/psol50","https:\/\/www.instagram.com\/psol50\/","https:\/\/www.youtube.com\/channel\/UC7SnJS5o1os7a6CaiNabzcg"]},{"@type":"Person","@id":"https:\/\/psol50.org.br\/#\/schema\/person\/475dfa57d0b815993c714c2e96491fcd","name":"Comunica\u00e7\u00e3o PSOL","image":{"@type":"ImageObject","inLanguage":"pt-BR","@id":"https:\/\/psol50.org.br\/#\/schema\/person\/image\/","url":"https:\/\/secure.gravatar.com\/avatar\/b34fc4f4e468a4e51785917065a3db57b841f5c95dba6ad8c73aaf8f66f8f9bf?s=96&d=mm&r=g","contentUrl":"https:\/\/secure.gravatar.com\/avatar\/b34fc4f4e468a4e51785917065a3db57b841f5c95dba6ad8c73aaf8f66f8f9bf?s=96&d=mm&r=g","caption":"Comunica\u00e7\u00e3o PSOL"}}]}},"_links":{"self":[{"href":"https:\/\/psol50.org.br\/rest\/wp\/v2\/posts\/345","targetHints":{"allow":["GET"]}}],"collection":[{"href":"https:\/\/psol50.org.br\/rest\/wp\/v2\/posts"}],"about":[{"href":"https:\/\/psol50.org.br\/rest\/wp\/v2\/types\/post"}],"author":[{"embeddable":true,"href":"https:\/\/psol50.org.br\/rest\/wp\/v2\/users\/2"}],"replies":[{"embeddable":true,"href":"https:\/\/psol50.org.br\/rest\/wp\/v2\/comments?post=345"}],"version-history":[{"count":0,"href":"https:\/\/psol50.org.br\/rest\/wp\/v2\/posts\/345\/revisions"}],"wp:attachment":[{"href":"https:\/\/psol50.org.br\/rest\/wp\/v2\/media?parent=345"}],"wp:term":[{"taxonomy":"category","embeddable":true,"href":"https:\/\/psol50.org.br\/rest\/wp\/v2\/categories?post=345"},{"taxonomy":"post_tag","embeddable":true,"href":"https:\/\/psol50.org.br\/rest\/wp\/v2\/tags?post=345"}],"curies":[{"name":"wp","href":"https:\/\/api.w.org\/{rel}","templated":true}]}}