{"id":34571,"date":"2021-10-27T17:41:19","date_gmt":"2021-10-27T20:41:19","guid":{"rendered":"https:\/\/psol50.org.br\/?p=34571"},"modified":"2021-11-05T17:21:49","modified_gmt":"2021-11-05T20:21:49","slug":"psol-pede-investigacao-na-camara-de-deputados-bolsonaristas-indiciados-pela-cpi-da-covid","status":"publish","type":"post","link":"https:\/\/psol50.org.br\/psol-pede-investigacao-na-camara-de-deputados-bolsonaristas-indiciados-pela-cpi-da-covid\/","title":{"rendered":"PSOL pede investiga\u00e7\u00e3o na C\u00e2mara de deputados bolsonaristas citados pela CPI da Covid"},"content":{"rendered":"<p>A bancada do PSOL protocolou nesta quarta-feira (27) uma representa\u00e7\u00e3o ao presidente da C\u00e2mara dos Deputados, Arthur Lira, e ao corregedor da Casa, Paulo Bengston, contra os deputados bolsonaristas citados no relat\u00f3rio final aprovado pela CPI da Covid do Senado Federal que sugere o indiciamento de 78 pessoas e duas empresas.<\/p>\n<p>Bia Kicis, Carla Zambelli, Carlos Jordy, Eduardo Bolsonaro, Osmar Terra, Ricardo Barros e Onyx Lorenzoni s\u00e3o os alvos da a\u00e7\u00e3o que denuncia a quebra do decoro parlamentar.<\/p>\n<p>Os deputados governistas acumulam uma s\u00e9rie de graves den\u00fancias que constituem crimes comuns, atos de improbidade administrativa, crimes de responsabilidade e crimes contra a humanidade.<\/p>\n<p>Todos os apontados na representa\u00e7\u00e3o estiveram na linha de frente da estrat\u00e9gia do governo federal e foram respons\u00e1veis diretos pelo completo fracasso do Brasil no combate \u00e0 pandemia e pelas mais de 600 mil mortes pela Covid-19 no pais.<\/p>\n<p>&#8220;Os deputados indiciados pela CPI s\u00e3o c\u00famplices de Jair Bolsonaro no negacionismo, no obscurantismo e na divulga\u00e7\u00e3o de tratamentos ineficazes contra a Covid. E isso causou a morte de mais de 600 mil brasileiros&#8221;, afirma a deputada Tal\u00edria Petrone, l\u00edder da bancada do PSOL na C\u00e2mara.<\/p>\n<p>&#8220;A C\u00e2mara n\u00e3o pode ignorar esses fatos graves e tem que investigar parlamentares que prejudicaram a economia e colocaram em risco a sa\u00fade p\u00fablica e coletiva&#8221;, continua.<\/p>\n<p>O PSOL solicita que a representa\u00e7\u00e3o seja enviada \u00e0 Corregedoria Parlamentar, ao Conselho de \u00c9tica e Decoro Parlamentar ou \u00e0 Mesa Diretora da Casa para viabilizar a apura\u00e7\u00e3o dos atos praticados pelos deputados bolsonaristas.<\/p>\n<p>O relat\u00f3rio da CPI atribui o crime de incita\u00e7\u00e3o ao crime para Bia Kicis, Carla Zambelli, Carlos Jordy e Eduardo Bolsonaro. O l\u00edder do governo Bolsonaro na C\u00e2mara, Ricardo Barros, \u00e9 acusado de incita\u00e7\u00e3o ao crime, advocacia administrativa, forma\u00e7\u00e3o de organiza\u00e7\u00e3o criminosa e improbidade administrativa.<\/p>\n<p>Onyx Lorenzoni, deputado licenciado e atualmente ministro no governo Bolsonaro, tem atribu\u00eddo a si as pr\u00e1ticas de incita\u00e7\u00e3o ao crime e de crimes contra a humanidade.<\/p>\n<p>J\u00e1 Osmar Terra foi apontado como um dos integrantes do gabinete paralelo que definia a estrat\u00e9gia do governo brasileiro perante a pandemia. A CPI sugeriu seu indiciamento sob a acusa\u00e7\u00e3o de epidemia com resultado morte e incita\u00e7\u00e3o ao crime.<\/p>\n","protected":false},"excerpt":{"rendered":"<p>A bancada do PSOL protocolou nesta quarta-feira (27) uma representa\u00e7\u00e3o ao presidente da C\u00e2mara dos Deputados, Arthur Lira, e ao corregedor da Casa, Paulo Bengston, contra os deputados bolsonaristas citados no relat\u00f3rio final aprovado pela CPI da Covid do Senado Federal que sugere o indiciamento de 78 pessoas e duas empresas. Bia Kicis, Carla Zambelli, [&hellip;]<\/p>\n","protected":false},"author":2,"featured_media":34575,"comment_status":"open","ping_status":"open","sticky":false,"template":"","format":"standard","meta":{"_acf_changed":false,"footnotes":""},"categories":[10],"tags":[4825],"class_list":{"0":"post-34571","1":"post","2":"type-post","3":"status-publish","4":"format-standard","5":"has-post-thumbnail","7":"category-acao-parlamentares","8":"tag-noticias"},"acf":[],"yoast_head":"<!-- This site is optimized with the Yoast SEO plugin v26.5 - https:\/\/yoast.com\/wordpress\/plugins\/seo\/ -->\n<title>PSOL pede investiga\u00e7\u00e3o na C\u00e2mara de deputados bolsonaristas citados pela CPI da Covid<\/title>\n<meta name=\"description\" content=\"Representa\u00e7\u00e3o foi protocolada contra Bia Kicis, Carla Zambelli, Carlos Jordy, Eduardo Bolsonaro, Osmar Terra, Ricardo Barros e Onyx Lorenzoni por quebra de decoro.\" \/>\n<meta name=\"robots\" content=\"index, follow, max-snippet:-1, max-image-preview:large, max-video-preview:-1\" \/>\n<link rel=\"canonical\" href=\"https:\/\/psol50.org.br\/psol-pede-investigacao-na-camara-de-deputados-bolsonaristas-indiciados-pela-cpi-da-covid\/\" \/>\n<meta property=\"og:locale\" content=\"pt_BR\" \/>\n<meta property=\"og:type\" content=\"article\" \/>\n<meta property=\"og:title\" content=\"PSOL pede investiga\u00e7\u00e3o na C\u00e2mara de deputados bolsonaristas citados pela CPI da Covid\" \/>\n<meta property=\"og:description\" content=\"Representa\u00e7\u00e3o foi protocolada contra Bia Kicis, Carla Zambelli, Carlos Jordy, Eduardo Bolsonaro, Osmar Terra, Ricardo Barros e Onyx Lorenzoni por quebra de decoro.\" \/>\n<meta property=\"og:url\" content=\"https:\/\/psol50.org.br\/psol-pede-investigacao-na-camara-de-deputados-bolsonaristas-indiciados-pela-cpi-da-covid\/\" \/>\n<meta property=\"og:site_name\" content=\"PSOL 50\" \/>\n<meta property=\"article:publisher\" content=\"https:\/\/www.facebook.com\/psol50\" \/>\n<meta property=\"article:published_time\" content=\"2021-10-27T20:41:19+00:00\" \/>\n<meta property=\"article:modified_time\" content=\"2021-11-05T20:21:49+00:00\" \/>\n<meta property=\"og:image\" content=\"https:\/\/psol50.org.br\/inc\/uploads\/2021\/10\/170620sepultamentos-voltam-a-ser-feitos-em-covas-individuais_50016725612_o-scaled.jpg\" \/>\n\t<meta property=\"og:image:width\" content=\"2560\" \/>\n\t<meta property=\"og:image:height\" content=\"1707\" \/>\n\t<meta property=\"og:image:type\" content=\"image\/jpeg\" \/>\n<meta name=\"author\" content=\"Comunica\u00e7\u00e3o PSOL\" \/>\n<meta name=\"twitter:card\" content=\"summary_large_image\" \/>\n<meta name=\"twitter:title\" content=\"PSOL pede investiga\u00e7\u00e3o na C\u00e2mara de deputados bolsonaristas citados pela CPI da Covid\" \/>\n<meta name=\"twitter:description\" content=\"Representa\u00e7\u00e3o foi protocolada contra Bia Kicis, Carla Zambelli, Carlos Jordy, Eduardo Bolsonaro, Osmar Terra, Ricardo Barros e Onyx Lorenzoni por quebra de decoro.\" \/>\n<meta name=\"twitter:image\" content=\"https:\/\/psol50.org.br\/inc\/uploads\/2021\/10\/170620sepultamentos-voltam-a-ser-feitos-em-covas-individuais_50016725612_o-scaled.jpg\" \/>\n<meta name=\"twitter:creator\" content=\"@psol50\" \/>\n<meta name=\"twitter:site\" content=\"@psol50\" \/>\n<meta name=\"twitter:label1\" content=\"Escrito por\" \/>\n\t<meta name=\"twitter:data1\" content=\"Comunica\u00e7\u00e3o PSOL\" \/>\n\t<meta name=\"twitter:label2\" content=\"Est. tempo de leitura\" \/>\n\t<meta name=\"twitter:data2\" content=\"2 minutos\" \/>\n<script type=\"application\/ld+json\" class=\"yoast-schema-graph\">{\"@context\":\"https:\/\/schema.org\",\"@graph\":[{\"@type\":\"Article\",\"@id\":\"https:\/\/psol50.org.br\/psol-pede-investigacao-na-camara-de-deputados-bolsonaristas-indiciados-pela-cpi-da-covid\/#article\",\"isPartOf\":{\"@id\":\"https:\/\/psol50.org.br\/psol-pede-investigacao-na-camara-de-deputados-bolsonaristas-indiciados-pela-cpi-da-covid\/\"},\"author\":{\"name\":\"Comunica\u00e7\u00e3o PSOL\",\"@id\":\"https:\/\/psol50.org.br\/#\/schema\/person\/475dfa57d0b815993c714c2e96491fcd\"},\"headline\":\"PSOL pede investiga\u00e7\u00e3o na C\u00e2mara de deputados bolsonaristas citados pela CPI da Covid\",\"datePublished\":\"2021-10-27T20:41:19+00:00\",\"dateModified\":\"2021-11-05T20:21:49+00:00\",\"mainEntityOfPage\":{\"@id\":\"https:\/\/psol50.org.br\/psol-pede-investigacao-na-camara-de-deputados-bolsonaristas-indiciados-pela-cpi-da-covid\/\"},\"wordCount\":401,\"commentCount\":0,\"publisher\":{\"@id\":\"https:\/\/psol50.org.br\/#organization\"},\"image\":{\"@id\":\"https:\/\/psol50.org.br\/psol-pede-investigacao-na-camara-de-deputados-bolsonaristas-indiciados-pela-cpi-da-covid\/#primaryimage\"},\"thumbnailUrl\":\"https:\/\/psol50.org.br\/inc\/uploads\/2021\/10\/170620sepultamentos-voltam-a-ser-feitos-em-covas-individuais_50016725612_o-scaled.jpg\",\"keywords\":[\"Not\u00edcias\"],\"articleSection\":[\"A\u00e7\u00e3o Parlamentar\"],\"inLanguage\":\"pt-BR\",\"potentialAction\":[{\"@type\":\"CommentAction\",\"name\":\"Comment\",\"target\":[\"https:\/\/psol50.org.br\/psol-pede-investigacao-na-camara-de-deputados-bolsonaristas-indiciados-pela-cpi-da-covid\/#respond\"]}]},{\"@type\":\"WebPage\",\"@id\":\"https:\/\/psol50.org.br\/psol-pede-investigacao-na-camara-de-deputados-bolsonaristas-indiciados-pela-cpi-da-covid\/\",\"url\":\"https:\/\/psol50.org.br\/psol-pede-investigacao-na-camara-de-deputados-bolsonaristas-indiciados-pela-cpi-da-covid\/\",\"name\":\"PSOL pede investiga\u00e7\u00e3o na C\u00e2mara de deputados bolsonaristas citados pela CPI da Covid\",\"isPartOf\":{\"@id\":\"https:\/\/psol50.org.br\/#website\"},\"primaryImageOfPage\":{\"@id\":\"https:\/\/psol50.org.br\/psol-pede-investigacao-na-camara-de-deputados-bolsonaristas-indiciados-pela-cpi-da-covid\/#primaryimage\"},\"image\":{\"@id\":\"https:\/\/psol50.org.br\/psol-pede-investigacao-na-camara-de-deputados-bolsonaristas-indiciados-pela-cpi-da-covid\/#primaryimage\"},\"thumbnailUrl\":\"https:\/\/psol50.org.br\/inc\/uploads\/2021\/10\/170620sepultamentos-voltam-a-ser-feitos-em-covas-individuais_50016725612_o-scaled.jpg\",\"datePublished\":\"2021-10-27T20:41:19+00:00\",\"dateModified\":\"2021-11-05T20:21:49+00:00\",\"description\":\"Representa\u00e7\u00e3o foi protocolada contra Bia Kicis, Carla Zambelli, Carlos Jordy, Eduardo Bolsonaro, Osmar Terra, Ricardo Barros e Onyx Lorenzoni por quebra de decoro.\",\"breadcrumb\":{\"@id\":\"https:\/\/psol50.org.br\/psol-pede-investigacao-na-camara-de-deputados-bolsonaristas-indiciados-pela-cpi-da-covid\/#breadcrumb\"},\"inLanguage\":\"pt-BR\",\"potentialAction\":[{\"@type\":\"ReadAction\",\"target\":[\"https:\/\/psol50.org.br\/psol-pede-investigacao-na-camara-de-deputados-bolsonaristas-indiciados-pela-cpi-da-covid\/\"]}]},{\"@type\":\"ImageObject\",\"inLanguage\":\"pt-BR\",\"@id\":\"https:\/\/psol50.org.br\/psol-pede-investigacao-na-camara-de-deputados-bolsonaristas-indiciados-pela-cpi-da-covid\/#primaryimage\",\"url\":\"https:\/\/psol50.org.br\/inc\/uploads\/2021\/10\/170620sepultamentos-voltam-a-ser-feitos-em-covas-individuais_50016725612_o-scaled.jpg\",\"contentUrl\":\"https:\/\/psol50.org.br\/inc\/uploads\/2021\/10\/170620sepultamentos-voltam-a-ser-feitos-em-covas-individuais_50016725612_o-scaled.jpg\",\"width\":2560,\"height\":1707,\"caption\":\"Foto: Altemar Alcantara\/Semcom\"},{\"@type\":\"BreadcrumbList\",\"@id\":\"https:\/\/psol50.org.br\/psol-pede-investigacao-na-camara-de-deputados-bolsonaristas-indiciados-pela-cpi-da-covid\/#breadcrumb\",\"itemListElement\":[{\"@type\":\"ListItem\",\"position\":1,\"name\":\"In\u00edcio\",\"item\":\"https:\/\/psol50.org.br\/\"},{\"@type\":\"ListItem\",\"position\":2,\"name\":\"PSOL pede investiga\u00e7\u00e3o na C\u00e2mara de deputados bolsonaristas citados pela CPI da Covid\"}]},{\"@type\":\"WebSite\",\"@id\":\"https:\/\/psol50.org.br\/#website\",\"url\":\"https:\/\/psol50.org.br\/\",\"name\":\"PSOL 50\",\"description\":\"Site oficial do Partido Socialismo e Liberdade\",\"publisher\":{\"@id\":\"https:\/\/psol50.org.br\/#organization\"},\"alternateName\":\"PSOL50\",\"potentialAction\":[{\"@type\":\"SearchAction\",\"target\":{\"@type\":\"EntryPoint\",\"urlTemplate\":\"https:\/\/psol50.org.br\/?s={search_term_string}\"},\"query-input\":{\"@type\":\"PropertyValueSpecification\",\"valueRequired\":true,\"valueName\":\"search_term_string\"}}],\"inLanguage\":\"pt-BR\"},{\"@type\":\"Organization\",\"@id\":\"https:\/\/psol50.org.br\/#organization\",\"name\":\"PSOL 50\",\"alternateName\":\"PSOL 50\",\"url\":\"https:\/\/psol50.org.br\/\",\"logo\":{\"@type\":\"ImageObject\",\"inLanguage\":\"pt-BR\",\"@id\":\"https:\/\/psol50.org.br\/#\/schema\/logo\/image\/\",\"url\":\"https:\/\/psol50.org.br\/inc\/uploads\/2018\/07\/capa.png\",\"contentUrl\":\"https:\/\/psol50.org.br\/inc\/uploads\/2018\/07\/capa.png\",\"width\":1350,\"height\":900,\"caption\":\"PSOL 50\"},\"image\":{\"@id\":\"https:\/\/psol50.org.br\/#\/schema\/logo\/image\/\"},\"sameAs\":[\"https:\/\/www.facebook.com\/psol50\",\"https:\/\/x.com\/psol50\",\"https:\/\/www.instagram.com\/psol50\/\",\"https:\/\/www.youtube.com\/channel\/UC7SnJS5o1os7a6CaiNabzcg\"]},{\"@type\":\"Person\",\"@id\":\"https:\/\/psol50.org.br\/#\/schema\/person\/475dfa57d0b815993c714c2e96491fcd\",\"name\":\"Comunica\u00e7\u00e3o PSOL\",\"image\":{\"@type\":\"ImageObject\",\"inLanguage\":\"pt-BR\",\"@id\":\"https:\/\/psol50.org.br\/#\/schema\/person\/image\/\",\"url\":\"https:\/\/secure.gravatar.com\/avatar\/b34fc4f4e468a4e51785917065a3db57b841f5c95dba6ad8c73aaf8f66f8f9bf?s=96&d=mm&r=g\",\"contentUrl\":\"https:\/\/secure.gravatar.com\/avatar\/b34fc4f4e468a4e51785917065a3db57b841f5c95dba6ad8c73aaf8f66f8f9bf?s=96&d=mm&r=g\",\"caption\":\"Comunica\u00e7\u00e3o PSOL\"}}]}<\/script>\n<!-- \/ Yoast SEO plugin. -->","yoast_head_json":{"title":"PSOL pede investiga\u00e7\u00e3o na C\u00e2mara de deputados bolsonaristas citados pela CPI da Covid","description":"Representa\u00e7\u00e3o foi protocolada contra Bia Kicis, Carla Zambelli, Carlos Jordy, Eduardo Bolsonaro, Osmar Terra, Ricardo Barros e Onyx Lorenzoni por quebra de decoro.","robots":{"index":"index","follow":"follow","max-snippet":"max-snippet:-1","max-image-preview":"max-image-preview:large","max-video-preview":"max-video-preview:-1"},"canonical":"https:\/\/psol50.org.br\/psol-pede-investigacao-na-camara-de-deputados-bolsonaristas-indiciados-pela-cpi-da-covid\/","og_locale":"pt_BR","og_type":"article","og_title":"PSOL pede investiga\u00e7\u00e3o na C\u00e2mara de deputados bolsonaristas citados pela CPI da Covid","og_description":"Representa\u00e7\u00e3o foi protocolada contra Bia Kicis, Carla Zambelli, Carlos Jordy, Eduardo Bolsonaro, Osmar Terra, Ricardo Barros e Onyx Lorenzoni por quebra de decoro.","og_url":"https:\/\/psol50.org.br\/psol-pede-investigacao-na-camara-de-deputados-bolsonaristas-indiciados-pela-cpi-da-covid\/","og_site_name":"PSOL 50","article_publisher":"https:\/\/www.facebook.com\/psol50","article_published_time":"2021-10-27T20:41:19+00:00","article_modified_time":"2021-11-05T20:21:49+00:00","og_image":[{"width":2560,"height":1707,"url":"https:\/\/psol50.org.br\/inc\/uploads\/2021\/10\/170620sepultamentos-voltam-a-ser-feitos-em-covas-individuais_50016725612_o-scaled.jpg","type":"image\/jpeg"}],"author":"Comunica\u00e7\u00e3o PSOL","twitter_card":"summary_large_image","twitter_title":"PSOL pede investiga\u00e7\u00e3o na C\u00e2mara de deputados bolsonaristas citados pela CPI da Covid","twitter_description":"Representa\u00e7\u00e3o foi protocolada contra Bia Kicis, Carla Zambelli, Carlos Jordy, Eduardo Bolsonaro, Osmar Terra, Ricardo Barros e Onyx Lorenzoni por quebra de decoro.","twitter_image":"https:\/\/psol50.org.br\/inc\/uploads\/2021\/10\/170620sepultamentos-voltam-a-ser-feitos-em-covas-individuais_50016725612_o-scaled.jpg","twitter_creator":"@psol50","twitter_site":"@psol50","twitter_misc":{"Escrito por":"Comunica\u00e7\u00e3o PSOL","Est. tempo de leitura":"2 minutos"},"schema":{"@context":"https:\/\/schema.org","@graph":[{"@type":"Article","@id":"https:\/\/psol50.org.br\/psol-pede-investigacao-na-camara-de-deputados-bolsonaristas-indiciados-pela-cpi-da-covid\/#article","isPartOf":{"@id":"https:\/\/psol50.org.br\/psol-pede-investigacao-na-camara-de-deputados-bolsonaristas-indiciados-pela-cpi-da-covid\/"},"author":{"name":"Comunica\u00e7\u00e3o PSOL","@id":"https:\/\/psol50.org.br\/#\/schema\/person\/475dfa57d0b815993c714c2e96491fcd"},"headline":"PSOL pede investiga\u00e7\u00e3o na C\u00e2mara de deputados bolsonaristas citados pela CPI da Covid","datePublished":"2021-10-27T20:41:19+00:00","dateModified":"2021-11-05T20:21:49+00:00","mainEntityOfPage":{"@id":"https:\/\/psol50.org.br\/psol-pede-investigacao-na-camara-de-deputados-bolsonaristas-indiciados-pela-cpi-da-covid\/"},"wordCount":401,"commentCount":0,"publisher":{"@id":"https:\/\/psol50.org.br\/#organization"},"image":{"@id":"https:\/\/psol50.org.br\/psol-pede-investigacao-na-camara-de-deputados-bolsonaristas-indiciados-pela-cpi-da-covid\/#primaryimage"},"thumbnailUrl":"https:\/\/psol50.org.br\/inc\/uploads\/2021\/10\/170620sepultamentos-voltam-a-ser-feitos-em-covas-individuais_50016725612_o-scaled.jpg","keywords":["Not\u00edcias"],"articleSection":["A\u00e7\u00e3o Parlamentar"],"inLanguage":"pt-BR","potentialAction":[{"@type":"CommentAction","name":"Comment","target":["https:\/\/psol50.org.br\/psol-pede-investigacao-na-camara-de-deputados-bolsonaristas-indiciados-pela-cpi-da-covid\/#respond"]}]},{"@type":"WebPage","@id":"https:\/\/psol50.org.br\/psol-pede-investigacao-na-camara-de-deputados-bolsonaristas-indiciados-pela-cpi-da-covid\/","url":"https:\/\/psol50.org.br\/psol-pede-investigacao-na-camara-de-deputados-bolsonaristas-indiciados-pela-cpi-da-covid\/","name":"PSOL pede investiga\u00e7\u00e3o na C\u00e2mara de deputados bolsonaristas citados pela CPI da Covid","isPartOf":{"@id":"https:\/\/psol50.org.br\/#website"},"primaryImageOfPage":{"@id":"https:\/\/psol50.org.br\/psol-pede-investigacao-na-camara-de-deputados-bolsonaristas-indiciados-pela-cpi-da-covid\/#primaryimage"},"image":{"@id":"https:\/\/psol50.org.br\/psol-pede-investigacao-na-camara-de-deputados-bolsonaristas-indiciados-pela-cpi-da-covid\/#primaryimage"},"thumbnailUrl":"https:\/\/psol50.org.br\/inc\/uploads\/2021\/10\/170620sepultamentos-voltam-a-ser-feitos-em-covas-individuais_50016725612_o-scaled.jpg","datePublished":"2021-10-27T20:41:19+00:00","dateModified":"2021-11-05T20:21:49+00:00","description":"Representa\u00e7\u00e3o foi protocolada contra Bia Kicis, Carla Zambelli, Carlos Jordy, Eduardo Bolsonaro, Osmar Terra, Ricardo Barros e Onyx Lorenzoni por quebra de decoro.","breadcrumb":{"@id":"https:\/\/psol50.org.br\/psol-pede-investigacao-na-camara-de-deputados-bolsonaristas-indiciados-pela-cpi-da-covid\/#breadcrumb"},"inLanguage":"pt-BR","potentialAction":[{"@type":"ReadAction","target":["https:\/\/psol50.org.br\/psol-pede-investigacao-na-camara-de-deputados-bolsonaristas-indiciados-pela-cpi-da-covid\/"]}]},{"@type":"ImageObject","inLanguage":"pt-BR","@id":"https:\/\/psol50.org.br\/psol-pede-investigacao-na-camara-de-deputados-bolsonaristas-indiciados-pela-cpi-da-covid\/#primaryimage","url":"https:\/\/psol50.org.br\/inc\/uploads\/2021\/10\/170620sepultamentos-voltam-a-ser-feitos-em-covas-individuais_50016725612_o-scaled.jpg","contentUrl":"https:\/\/psol50.org.br\/inc\/uploads\/2021\/10\/170620sepultamentos-voltam-a-ser-feitos-em-covas-individuais_50016725612_o-scaled.jpg","width":2560,"height":1707,"caption":"Foto: Altemar Alcantara\/Semcom"},{"@type":"BreadcrumbList","@id":"https:\/\/psol50.org.br\/psol-pede-investigacao-na-camara-de-deputados-bolsonaristas-indiciados-pela-cpi-da-covid\/#breadcrumb","itemListElement":[{"@type":"ListItem","position":1,"name":"In\u00edcio","item":"https:\/\/psol50.org.br\/"},{"@type":"ListItem","position":2,"name":"PSOL pede investiga\u00e7\u00e3o na C\u00e2mara de deputados bolsonaristas citados pela CPI da Covid"}]},{"@type":"WebSite","@id":"https:\/\/psol50.org.br\/#website","url":"https:\/\/psol50.org.br\/","name":"PSOL 50","description":"Site oficial do Partido Socialismo e Liberdade","publisher":{"@id":"https:\/\/psol50.org.br\/#organization"},"alternateName":"PSOL50","potentialAction":[{"@type":"SearchAction","target":{"@type":"EntryPoint","urlTemplate":"https:\/\/psol50.org.br\/?s={search_term_string}"},"query-input":{"@type":"PropertyValueSpecification","valueRequired":true,"valueName":"search_term_string"}}],"inLanguage":"pt-BR"},{"@type":"Organization","@id":"https:\/\/psol50.org.br\/#organization","name":"PSOL 50","alternateName":"PSOL 50","url":"https:\/\/psol50.org.br\/","logo":{"@type":"ImageObject","inLanguage":"pt-BR","@id":"https:\/\/psol50.org.br\/#\/schema\/logo\/image\/","url":"https:\/\/psol50.org.br\/inc\/uploads\/2018\/07\/capa.png","contentUrl":"https:\/\/psol50.org.br\/inc\/uploads\/2018\/07\/capa.png","width":1350,"height":900,"caption":"PSOL 50"},"image":{"@id":"https:\/\/psol50.org.br\/#\/schema\/logo\/image\/"},"sameAs":["https:\/\/www.facebook.com\/psol50","https:\/\/x.com\/psol50","https:\/\/www.instagram.com\/psol50\/","https:\/\/www.youtube.com\/channel\/UC7SnJS5o1os7a6CaiNabzcg"]},{"@type":"Person","@id":"https:\/\/psol50.org.br\/#\/schema\/person\/475dfa57d0b815993c714c2e96491fcd","name":"Comunica\u00e7\u00e3o PSOL","image":{"@type":"ImageObject","inLanguage":"pt-BR","@id":"https:\/\/psol50.org.br\/#\/schema\/person\/image\/","url":"https:\/\/secure.gravatar.com\/avatar\/b34fc4f4e468a4e51785917065a3db57b841f5c95dba6ad8c73aaf8f66f8f9bf?s=96&d=mm&r=g","contentUrl":"https:\/\/secure.gravatar.com\/avatar\/b34fc4f4e468a4e51785917065a3db57b841f5c95dba6ad8c73aaf8f66f8f9bf?s=96&d=mm&r=g","caption":"Comunica\u00e7\u00e3o PSOL"}}]}},"_links":{"self":[{"href":"https:\/\/psol50.org.br\/rest\/wp\/v2\/posts\/34571","targetHints":{"allow":["GET"]}}],"collection":[{"href":"https:\/\/psol50.org.br\/rest\/wp\/v2\/posts"}],"about":[{"href":"https:\/\/psol50.org.br\/rest\/wp\/v2\/types\/post"}],"author":[{"embeddable":true,"href":"https:\/\/psol50.org.br\/rest\/wp\/v2\/users\/2"}],"replies":[{"embeddable":true,"href":"https:\/\/psol50.org.br\/rest\/wp\/v2\/comments?post=34571"}],"version-history":[{"count":3,"href":"https:\/\/psol50.org.br\/rest\/wp\/v2\/posts\/34571\/revisions"}],"predecessor-version":[{"id":34578,"href":"https:\/\/psol50.org.br\/rest\/wp\/v2\/posts\/34571\/revisions\/34578"}],"wp:featuredmedia":[{"embeddable":true,"href":"https:\/\/psol50.org.br\/rest\/wp\/v2\/media\/34575"}],"wp:attachment":[{"href":"https:\/\/psol50.org.br\/rest\/wp\/v2\/media?parent=34571"}],"wp:term":[{"taxonomy":"category","embeddable":true,"href":"https:\/\/psol50.org.br\/rest\/wp\/v2\/categories?post=34571"},{"taxonomy":"post_tag","embeddable":true,"href":"https:\/\/psol50.org.br\/rest\/wp\/v2\/tags?post=34571"}],"curies":[{"name":"wp","href":"https:\/\/api.w.org\/{rel}","templated":true}]}}