{"id":34688,"date":"2021-11-11T14:50:05","date_gmt":"2021-11-11T17:50:05","guid":{"rendered":"https:\/\/psol50.org.br\/?p=34688"},"modified":"2021-11-11T14:50:05","modified_gmt":"2021-11-11T17:50:05","slug":"defenda-a-defensoria-publica-acoes-no-stf-tentam-dificultar-o-acesso-a-justica-da-populacao-mais-pobre","status":"publish","type":"post","link":"https:\/\/psol50.org.br\/defenda-a-defensoria-publica-acoes-no-stf-tentam-dificultar-o-acesso-a-justica-da-populacao-mais-pobre\/","title":{"rendered":"Defenda a Defensoria P\u00fablica: a\u00e7\u00f5es no STF tentam dificultar o acesso \u00e0 Justi\u00e7a da popula\u00e7\u00e3o mais pobre"},"content":{"rendered":"<p>A partir da pr\u00f3xima sexta-feira (12), o Supremo Tribunal Federal (STF) come\u00e7a a julgar uma s\u00e9rie de A\u00e7\u00f5es Diretas de Inconstitucionalidade (ADI) ajuizadas pela Procuradoria-Geral da Rep\u00fablica (PGR), que questionam o &#8220;poder de requisi\u00e7\u00e3o&#8221; de exames, per\u00edcias, processos, documentos e informa\u00e7\u00f5es necess\u00e1rias para uma boa defesa judicial das pessoas usu\u00e1rias da Defensoria P\u00fablica, em sua grande maioria pessoas pobres.<\/p>\n<p>As a\u00e7\u00f5es capitaneadas por Augusto Aras na PGR s\u00e3o uma das v\u00e1rias tentativas de enfraquecimento deste \u00f3rg\u00e3o fundamental para o acesso \u00e0 Justi\u00e7a da parcela mais pobre da popula\u00e7\u00e3o.<\/p>\n<p>Outra a\u00e7\u00e3o, que ser\u00e1 julgada pelo STF a partir do pr\u00f3ximo dia 16, foi apresentada pelo PSL, ex-partido do presidente Jair Bolsonaro, e pede que o STF anule a Lei Complementar 132\/2009, que cria a Ouvidoria-Geral da Defensoria P\u00fablica.<\/p>\n<p>A a\u00e7\u00e3o do PSL questiona as Ouvidorias Externas das Defensorias do pa\u00eds. Caso venha a ser acatada pelo STF, os Ouvidores e as Ouvidoras podem deixar de ser pessoas da sociedade civil, e voltar a ser indicadas pela pr\u00f3pria institui\u00e7\u00e3o sem participa\u00e7\u00e3o popular. Um grave retrocesso no controle popular das institui\u00e7\u00f5es da Justi\u00e7a.<\/p>\n<p>Recentemente, a mais alta corte do pa\u00eds tomou decis\u00e3o sobre a cria\u00e7\u00e3o de programas municipais de assist\u00eancia jur\u00eddica gratuita, que esvazia o modelo de acesso \u00e0 Justi\u00e7a baseado no servi\u00e7o p\u00fablico est\u00e1vel, com independ\u00eancia funcional e estrutura para assist\u00eancia jur\u00eddica integral.<\/p>\n<p>Com o servi\u00e7o de assist\u00eancia judicial subordinado aos poderes municipais, a independ\u00eancia desse servi\u00e7o prestado \u00e0 popula\u00e7\u00e3o fica gravemente questionada, principalmente se alguma a\u00e7\u00e3o contrariar os interesses dos mandat\u00e1rios municipais.<\/p>\n<p>Uma s\u00e9rie de manifesta\u00e7\u00f5es tem sido realizada nas redes sociais em defesa desse importante instrumento do povo brasileiro que \u00e9 a Defensoria P\u00fablica e seu trabalho na promo\u00e7\u00e3o cotidiana dos direitos humanos. A #DefensoriaSim esteve entre os assuntos mais comentados das redes sociais na \u00faltima quarta-feira (10).<\/p>\n<p>Em um pa\u00eds que o pr\u00f3prio governo federal trabalha diariamente para destruir as institui\u00e7\u00f5es e servi\u00e7os voltados \u00e0 popula\u00e7\u00e3o mais pobre, resguardar os direitos e a independ\u00eancia da Defensoria P\u00fablica \u00e9 fundamental.<\/p>\n","protected":false},"excerpt":{"rendered":"<p>A partir da pr\u00f3xima sexta-feira (12), o Supremo Tribunal Federal (STF) come\u00e7a a julgar uma s\u00e9rie de A\u00e7\u00f5es Diretas de Inconstitucionalidade (ADI) ajuizadas pela Procuradoria-Geral da Rep\u00fablica (PGR), que questionam o &#8220;poder de requisi\u00e7\u00e3o&#8221; de exames, per\u00edcias, processos, documentos e informa\u00e7\u00f5es necess\u00e1rias para uma boa defesa judicial das pessoas usu\u00e1rias da Defensoria P\u00fablica, em sua [&hellip;]<\/p>\n","protected":false},"author":2,"featured_media":34689,"comment_status":"open","ping_status":"open","sticky":false,"template":"","format":"standard","meta":{"_acf_changed":false,"footnotes":""},"categories":[1882],"tags":[4825],"class_list":{"0":"post-34688","1":"post","2":"type-post","3":"status-publish","4":"format-standard","5":"has-post-thumbnail","7":"category-brasil","8":"tag-noticias"},"acf":[],"yoast_head":"<!-- This site is optimized with the Yoast SEO plugin v26.5 - https:\/\/yoast.com\/wordpress\/plugins\/seo\/ -->\n<title>Defenda a Defensoria P\u00fablica: a\u00e7\u00f5es no STF tentam dificultar o acesso \u00e0 Justi\u00e7a da popula\u00e7\u00e3o mais pobre<\/title>\n<meta name=\"description\" content=\"Julgamento das a\u00e7\u00f5es capitaneadas por Augusto Aras na PGR come\u00e7a na pr\u00f3xima sexta-feira (12) e coloca em risco o acesso \u00e0 Justi\u00e7a da popula\u00e7\u00e3o mais pobre.\" \/>\n<meta name=\"robots\" content=\"index, follow, max-snippet:-1, max-image-preview:large, max-video-preview:-1\" \/>\n<link rel=\"canonical\" href=\"https:\/\/psol50.org.br\/defenda-a-defensoria-publica-acoes-no-stf-tentam-dificultar-o-acesso-a-justica-da-populacao-mais-pobre\/\" \/>\n<meta property=\"og:locale\" content=\"pt_BR\" \/>\n<meta property=\"og:type\" content=\"article\" \/>\n<meta property=\"og:title\" content=\"Defenda a Defensoria P\u00fablica: a\u00e7\u00f5es no STF tentam dificultar o acesso \u00e0 Justi\u00e7a da popula\u00e7\u00e3o mais pobre\" \/>\n<meta property=\"og:description\" content=\"Julgamento das a\u00e7\u00f5es capitaneadas por Augusto Aras na PGR come\u00e7a na pr\u00f3xima sexta-feira (12) e coloca em risco o acesso \u00e0 Justi\u00e7a da popula\u00e7\u00e3o mais pobre.\" \/>\n<meta property=\"og:url\" content=\"https:\/\/psol50.org.br\/defenda-a-defensoria-publica-acoes-no-stf-tentam-dificultar-o-acesso-a-justica-da-populacao-mais-pobre\/\" \/>\n<meta property=\"og:site_name\" content=\"PSOL 50\" \/>\n<meta property=\"article:publisher\" content=\"https:\/\/www.facebook.com\/psol50\" \/>\n<meta property=\"article:published_time\" content=\"2021-11-11T17:50:05+00:00\" \/>\n<meta property=\"og:image\" content=\"https:\/\/psol50.org.br\/inc\/uploads\/2021\/11\/20190709140740_e6489ade-68c3-465c-9390-bc7a69b9ea1a.jpeg\" \/>\n\t<meta property=\"og:image:width\" content=\"1250\" \/>\n\t<meta property=\"og:image:height\" content=\"600\" \/>\n\t<meta property=\"og:image:type\" content=\"image\/jpeg\" \/>\n<meta name=\"author\" content=\"Comunica\u00e7\u00e3o PSOL\" \/>\n<meta name=\"twitter:card\" content=\"summary_large_image\" \/>\n<meta name=\"twitter:title\" content=\"Defenda a Defensoria P\u00fablica: a\u00e7\u00f5es no STF tentam dificultar o acesso \u00e0 Justi\u00e7a da popula\u00e7\u00e3o mais pobre\" \/>\n<meta name=\"twitter:description\" content=\"Julgamento das a\u00e7\u00f5es capitaneadas por Augusto Aras na PGR come\u00e7a na pr\u00f3xima sexta-feira (12) e coloca em risco o acesso \u00e0 Justi\u00e7a da popula\u00e7\u00e3o mais pobre.\" \/>\n<meta name=\"twitter:image\" content=\"https:\/\/psol50.org.br\/inc\/uploads\/2021\/11\/20190709140740_e6489ade-68c3-465c-9390-bc7a69b9ea1a.jpeg\" \/>\n<meta name=\"twitter:creator\" content=\"@psol50\" \/>\n<meta name=\"twitter:site\" content=\"@psol50\" \/>\n<meta name=\"twitter:label1\" content=\"Escrito por\" \/>\n\t<meta name=\"twitter:data1\" content=\"Comunica\u00e7\u00e3o PSOL\" \/>\n\t<meta name=\"twitter:label2\" content=\"Est. tempo de leitura\" \/>\n\t<meta name=\"twitter:data2\" content=\"2 minutos\" \/>\n<script type=\"application\/ld+json\" class=\"yoast-schema-graph\">{\"@context\":\"https:\/\/schema.org\",\"@graph\":[{\"@type\":\"Article\",\"@id\":\"https:\/\/psol50.org.br\/defenda-a-defensoria-publica-acoes-no-stf-tentam-dificultar-o-acesso-a-justica-da-populacao-mais-pobre\/#article\",\"isPartOf\":{\"@id\":\"https:\/\/psol50.org.br\/defenda-a-defensoria-publica-acoes-no-stf-tentam-dificultar-o-acesso-a-justica-da-populacao-mais-pobre\/\"},\"author\":{\"name\":\"Comunica\u00e7\u00e3o PSOL\",\"@id\":\"https:\/\/psol50.org.br\/#\/schema\/person\/475dfa57d0b815993c714c2e96491fcd\"},\"headline\":\"Defenda a Defensoria P\u00fablica: a\u00e7\u00f5es no STF tentam dificultar o acesso \u00e0 Justi\u00e7a da popula\u00e7\u00e3o mais pobre\",\"datePublished\":\"2021-11-11T17:50:05+00:00\",\"mainEntityOfPage\":{\"@id\":\"https:\/\/psol50.org.br\/defenda-a-defensoria-publica-acoes-no-stf-tentam-dificultar-o-acesso-a-justica-da-populacao-mais-pobre\/\"},\"wordCount\":397,\"commentCount\":0,\"publisher\":{\"@id\":\"https:\/\/psol50.org.br\/#organization\"},\"image\":{\"@id\":\"https:\/\/psol50.org.br\/defenda-a-defensoria-publica-acoes-no-stf-tentam-dificultar-o-acesso-a-justica-da-populacao-mais-pobre\/#primaryimage\"},\"thumbnailUrl\":\"https:\/\/psol50.org.br\/inc\/uploads\/2021\/11\/20190709140740_e6489ade-68c3-465c-9390-bc7a69b9ea1a.jpeg\",\"keywords\":[\"Not\u00edcias\"],\"articleSection\":[\"Brasil\"],\"inLanguage\":\"pt-BR\",\"potentialAction\":[{\"@type\":\"CommentAction\",\"name\":\"Comment\",\"target\":[\"https:\/\/psol50.org.br\/defenda-a-defensoria-publica-acoes-no-stf-tentam-dificultar-o-acesso-a-justica-da-populacao-mais-pobre\/#respond\"]}]},{\"@type\":\"WebPage\",\"@id\":\"https:\/\/psol50.org.br\/defenda-a-defensoria-publica-acoes-no-stf-tentam-dificultar-o-acesso-a-justica-da-populacao-mais-pobre\/\",\"url\":\"https:\/\/psol50.org.br\/defenda-a-defensoria-publica-acoes-no-stf-tentam-dificultar-o-acesso-a-justica-da-populacao-mais-pobre\/\",\"name\":\"Defenda a Defensoria P\u00fablica: a\u00e7\u00f5es no STF tentam dificultar o acesso \u00e0 Justi\u00e7a da popula\u00e7\u00e3o mais pobre\",\"isPartOf\":{\"@id\":\"https:\/\/psol50.org.br\/#website\"},\"primaryImageOfPage\":{\"@id\":\"https:\/\/psol50.org.br\/defenda-a-defensoria-publica-acoes-no-stf-tentam-dificultar-o-acesso-a-justica-da-populacao-mais-pobre\/#primaryimage\"},\"image\":{\"@id\":\"https:\/\/psol50.org.br\/defenda-a-defensoria-publica-acoes-no-stf-tentam-dificultar-o-acesso-a-justica-da-populacao-mais-pobre\/#primaryimage\"},\"thumbnailUrl\":\"https:\/\/psol50.org.br\/inc\/uploads\/2021\/11\/20190709140740_e6489ade-68c3-465c-9390-bc7a69b9ea1a.jpeg\",\"datePublished\":\"2021-11-11T17:50:05+00:00\",\"description\":\"Julgamento das a\u00e7\u00f5es capitaneadas por Augusto Aras na PGR come\u00e7a na pr\u00f3xima sexta-feira (12) e coloca em risco o acesso \u00e0 Justi\u00e7a da popula\u00e7\u00e3o mais pobre.\",\"breadcrumb\":{\"@id\":\"https:\/\/psol50.org.br\/defenda-a-defensoria-publica-acoes-no-stf-tentam-dificultar-o-acesso-a-justica-da-populacao-mais-pobre\/#breadcrumb\"},\"inLanguage\":\"pt-BR\",\"potentialAction\":[{\"@type\":\"ReadAction\",\"target\":[\"https:\/\/psol50.org.br\/defenda-a-defensoria-publica-acoes-no-stf-tentam-dificultar-o-acesso-a-justica-da-populacao-mais-pobre\/\"]}]},{\"@type\":\"ImageObject\",\"inLanguage\":\"pt-BR\",\"@id\":\"https:\/\/psol50.org.br\/defenda-a-defensoria-publica-acoes-no-stf-tentam-dificultar-o-acesso-a-justica-da-populacao-mais-pobre\/#primaryimage\",\"url\":\"https:\/\/psol50.org.br\/inc\/uploads\/2021\/11\/20190709140740_e6489ade-68c3-465c-9390-bc7a69b9ea1a.jpeg\",\"contentUrl\":\"https:\/\/psol50.org.br\/inc\/uploads\/2021\/11\/20190709140740_e6489ade-68c3-465c-9390-bc7a69b9ea1a.jpeg\",\"width\":1250,\"height\":600,\"caption\":\"Foto: Divulga\u00e7\u00e3o\"},{\"@type\":\"BreadcrumbList\",\"@id\":\"https:\/\/psol50.org.br\/defenda-a-defensoria-publica-acoes-no-stf-tentam-dificultar-o-acesso-a-justica-da-populacao-mais-pobre\/#breadcrumb\",\"itemListElement\":[{\"@type\":\"ListItem\",\"position\":1,\"name\":\"In\u00edcio\",\"item\":\"https:\/\/psol50.org.br\/\"},{\"@type\":\"ListItem\",\"position\":2,\"name\":\"Defenda a Defensoria P\u00fablica: a\u00e7\u00f5es no STF tentam dificultar o acesso \u00e0 Justi\u00e7a da popula\u00e7\u00e3o mais pobre\"}]},{\"@type\":\"WebSite\",\"@id\":\"https:\/\/psol50.org.br\/#website\",\"url\":\"https:\/\/psol50.org.br\/\",\"name\":\"PSOL 50\",\"description\":\"Site oficial do Partido Socialismo e Liberdade\",\"publisher\":{\"@id\":\"https:\/\/psol50.org.br\/#organization\"},\"alternateName\":\"PSOL50\",\"potentialAction\":[{\"@type\":\"SearchAction\",\"target\":{\"@type\":\"EntryPoint\",\"urlTemplate\":\"https:\/\/psol50.org.br\/?s={search_term_string}\"},\"query-input\":{\"@type\":\"PropertyValueSpecification\",\"valueRequired\":true,\"valueName\":\"search_term_string\"}}],\"inLanguage\":\"pt-BR\"},{\"@type\":\"Organization\",\"@id\":\"https:\/\/psol50.org.br\/#organization\",\"name\":\"PSOL 50\",\"alternateName\":\"PSOL 50\",\"url\":\"https:\/\/psol50.org.br\/\",\"logo\":{\"@type\":\"ImageObject\",\"inLanguage\":\"pt-BR\",\"@id\":\"https:\/\/psol50.org.br\/#\/schema\/logo\/image\/\",\"url\":\"https:\/\/psol50.org.br\/inc\/uploads\/2018\/07\/capa.png\",\"contentUrl\":\"https:\/\/psol50.org.br\/inc\/uploads\/2018\/07\/capa.png\",\"width\":1350,\"height\":900,\"caption\":\"PSOL 50\"},\"image\":{\"@id\":\"https:\/\/psol50.org.br\/#\/schema\/logo\/image\/\"},\"sameAs\":[\"https:\/\/www.facebook.com\/psol50\",\"https:\/\/x.com\/psol50\",\"https:\/\/www.instagram.com\/psol50\/\",\"https:\/\/www.youtube.com\/channel\/UC7SnJS5o1os7a6CaiNabzcg\"]},{\"@type\":\"Person\",\"@id\":\"https:\/\/psol50.org.br\/#\/schema\/person\/475dfa57d0b815993c714c2e96491fcd\",\"name\":\"Comunica\u00e7\u00e3o PSOL\",\"image\":{\"@type\":\"ImageObject\",\"inLanguage\":\"pt-BR\",\"@id\":\"https:\/\/psol50.org.br\/#\/schema\/person\/image\/\",\"url\":\"https:\/\/secure.gravatar.com\/avatar\/b34fc4f4e468a4e51785917065a3db57b841f5c95dba6ad8c73aaf8f66f8f9bf?s=96&d=mm&r=g\",\"contentUrl\":\"https:\/\/secure.gravatar.com\/avatar\/b34fc4f4e468a4e51785917065a3db57b841f5c95dba6ad8c73aaf8f66f8f9bf?s=96&d=mm&r=g\",\"caption\":\"Comunica\u00e7\u00e3o PSOL\"}}]}<\/script>\n<!-- \/ Yoast SEO plugin. -->","yoast_head_json":{"title":"Defenda a Defensoria P\u00fablica: a\u00e7\u00f5es no STF tentam dificultar o acesso \u00e0 Justi\u00e7a da popula\u00e7\u00e3o mais pobre","description":"Julgamento das a\u00e7\u00f5es capitaneadas por Augusto Aras na PGR come\u00e7a na pr\u00f3xima sexta-feira (12) e coloca em risco o acesso \u00e0 Justi\u00e7a da popula\u00e7\u00e3o mais pobre.","robots":{"index":"index","follow":"follow","max-snippet":"max-snippet:-1","max-image-preview":"max-image-preview:large","max-video-preview":"max-video-preview:-1"},"canonical":"https:\/\/psol50.org.br\/defenda-a-defensoria-publica-acoes-no-stf-tentam-dificultar-o-acesso-a-justica-da-populacao-mais-pobre\/","og_locale":"pt_BR","og_type":"article","og_title":"Defenda a Defensoria P\u00fablica: a\u00e7\u00f5es no STF tentam dificultar o acesso \u00e0 Justi\u00e7a da popula\u00e7\u00e3o mais pobre","og_description":"Julgamento das a\u00e7\u00f5es capitaneadas por Augusto Aras na PGR come\u00e7a na pr\u00f3xima sexta-feira (12) e coloca em risco o acesso \u00e0 Justi\u00e7a da popula\u00e7\u00e3o mais pobre.","og_url":"https:\/\/psol50.org.br\/defenda-a-defensoria-publica-acoes-no-stf-tentam-dificultar-o-acesso-a-justica-da-populacao-mais-pobre\/","og_site_name":"PSOL 50","article_publisher":"https:\/\/www.facebook.com\/psol50","article_published_time":"2021-11-11T17:50:05+00:00","og_image":[{"width":1250,"height":600,"url":"https:\/\/psol50.org.br\/inc\/uploads\/2021\/11\/20190709140740_e6489ade-68c3-465c-9390-bc7a69b9ea1a.jpeg","type":"image\/jpeg"}],"author":"Comunica\u00e7\u00e3o PSOL","twitter_card":"summary_large_image","twitter_title":"Defenda a Defensoria P\u00fablica: a\u00e7\u00f5es no STF tentam dificultar o acesso \u00e0 Justi\u00e7a da popula\u00e7\u00e3o mais pobre","twitter_description":"Julgamento das a\u00e7\u00f5es capitaneadas por Augusto Aras na PGR come\u00e7a na pr\u00f3xima sexta-feira (12) e coloca em risco o acesso \u00e0 Justi\u00e7a da popula\u00e7\u00e3o mais pobre.","twitter_image":"https:\/\/psol50.org.br\/inc\/uploads\/2021\/11\/20190709140740_e6489ade-68c3-465c-9390-bc7a69b9ea1a.jpeg","twitter_creator":"@psol50","twitter_site":"@psol50","twitter_misc":{"Escrito por":"Comunica\u00e7\u00e3o PSOL","Est. tempo de leitura":"2 minutos"},"schema":{"@context":"https:\/\/schema.org","@graph":[{"@type":"Article","@id":"https:\/\/psol50.org.br\/defenda-a-defensoria-publica-acoes-no-stf-tentam-dificultar-o-acesso-a-justica-da-populacao-mais-pobre\/#article","isPartOf":{"@id":"https:\/\/psol50.org.br\/defenda-a-defensoria-publica-acoes-no-stf-tentam-dificultar-o-acesso-a-justica-da-populacao-mais-pobre\/"},"author":{"name":"Comunica\u00e7\u00e3o PSOL","@id":"https:\/\/psol50.org.br\/#\/schema\/person\/475dfa57d0b815993c714c2e96491fcd"},"headline":"Defenda a Defensoria P\u00fablica: a\u00e7\u00f5es no STF tentam dificultar o acesso \u00e0 Justi\u00e7a da popula\u00e7\u00e3o mais pobre","datePublished":"2021-11-11T17:50:05+00:00","mainEntityOfPage":{"@id":"https:\/\/psol50.org.br\/defenda-a-defensoria-publica-acoes-no-stf-tentam-dificultar-o-acesso-a-justica-da-populacao-mais-pobre\/"},"wordCount":397,"commentCount":0,"publisher":{"@id":"https:\/\/psol50.org.br\/#organization"},"image":{"@id":"https:\/\/psol50.org.br\/defenda-a-defensoria-publica-acoes-no-stf-tentam-dificultar-o-acesso-a-justica-da-populacao-mais-pobre\/#primaryimage"},"thumbnailUrl":"https:\/\/psol50.org.br\/inc\/uploads\/2021\/11\/20190709140740_e6489ade-68c3-465c-9390-bc7a69b9ea1a.jpeg","keywords":["Not\u00edcias"],"articleSection":["Brasil"],"inLanguage":"pt-BR","potentialAction":[{"@type":"CommentAction","name":"Comment","target":["https:\/\/psol50.org.br\/defenda-a-defensoria-publica-acoes-no-stf-tentam-dificultar-o-acesso-a-justica-da-populacao-mais-pobre\/#respond"]}]},{"@type":"WebPage","@id":"https:\/\/psol50.org.br\/defenda-a-defensoria-publica-acoes-no-stf-tentam-dificultar-o-acesso-a-justica-da-populacao-mais-pobre\/","url":"https:\/\/psol50.org.br\/defenda-a-defensoria-publica-acoes-no-stf-tentam-dificultar-o-acesso-a-justica-da-populacao-mais-pobre\/","name":"Defenda a Defensoria P\u00fablica: a\u00e7\u00f5es no STF tentam dificultar o acesso \u00e0 Justi\u00e7a da popula\u00e7\u00e3o mais pobre","isPartOf":{"@id":"https:\/\/psol50.org.br\/#website"},"primaryImageOfPage":{"@id":"https:\/\/psol50.org.br\/defenda-a-defensoria-publica-acoes-no-stf-tentam-dificultar-o-acesso-a-justica-da-populacao-mais-pobre\/#primaryimage"},"image":{"@id":"https:\/\/psol50.org.br\/defenda-a-defensoria-publica-acoes-no-stf-tentam-dificultar-o-acesso-a-justica-da-populacao-mais-pobre\/#primaryimage"},"thumbnailUrl":"https:\/\/psol50.org.br\/inc\/uploads\/2021\/11\/20190709140740_e6489ade-68c3-465c-9390-bc7a69b9ea1a.jpeg","datePublished":"2021-11-11T17:50:05+00:00","description":"Julgamento das a\u00e7\u00f5es capitaneadas por Augusto Aras na PGR come\u00e7a na pr\u00f3xima sexta-feira (12) e coloca em risco o acesso \u00e0 Justi\u00e7a da popula\u00e7\u00e3o mais pobre.","breadcrumb":{"@id":"https:\/\/psol50.org.br\/defenda-a-defensoria-publica-acoes-no-stf-tentam-dificultar-o-acesso-a-justica-da-populacao-mais-pobre\/#breadcrumb"},"inLanguage":"pt-BR","potentialAction":[{"@type":"ReadAction","target":["https:\/\/psol50.org.br\/defenda-a-defensoria-publica-acoes-no-stf-tentam-dificultar-o-acesso-a-justica-da-populacao-mais-pobre\/"]}]},{"@type":"ImageObject","inLanguage":"pt-BR","@id":"https:\/\/psol50.org.br\/defenda-a-defensoria-publica-acoes-no-stf-tentam-dificultar-o-acesso-a-justica-da-populacao-mais-pobre\/#primaryimage","url":"https:\/\/psol50.org.br\/inc\/uploads\/2021\/11\/20190709140740_e6489ade-68c3-465c-9390-bc7a69b9ea1a.jpeg","contentUrl":"https:\/\/psol50.org.br\/inc\/uploads\/2021\/11\/20190709140740_e6489ade-68c3-465c-9390-bc7a69b9ea1a.jpeg","width":1250,"height":600,"caption":"Foto: Divulga\u00e7\u00e3o"},{"@type":"BreadcrumbList","@id":"https:\/\/psol50.org.br\/defenda-a-defensoria-publica-acoes-no-stf-tentam-dificultar-o-acesso-a-justica-da-populacao-mais-pobre\/#breadcrumb","itemListElement":[{"@type":"ListItem","position":1,"name":"In\u00edcio","item":"https:\/\/psol50.org.br\/"},{"@type":"ListItem","position":2,"name":"Defenda a Defensoria P\u00fablica: a\u00e7\u00f5es no STF tentam dificultar o acesso \u00e0 Justi\u00e7a da popula\u00e7\u00e3o mais pobre"}]},{"@type":"WebSite","@id":"https:\/\/psol50.org.br\/#website","url":"https:\/\/psol50.org.br\/","name":"PSOL 50","description":"Site oficial do Partido Socialismo e Liberdade","publisher":{"@id":"https:\/\/psol50.org.br\/#organization"},"alternateName":"PSOL50","potentialAction":[{"@type":"SearchAction","target":{"@type":"EntryPoint","urlTemplate":"https:\/\/psol50.org.br\/?s={search_term_string}"},"query-input":{"@type":"PropertyValueSpecification","valueRequired":true,"valueName":"search_term_string"}}],"inLanguage":"pt-BR"},{"@type":"Organization","@id":"https:\/\/psol50.org.br\/#organization","name":"PSOL 50","alternateName":"PSOL 50","url":"https:\/\/psol50.org.br\/","logo":{"@type":"ImageObject","inLanguage":"pt-BR","@id":"https:\/\/psol50.org.br\/#\/schema\/logo\/image\/","url":"https:\/\/psol50.org.br\/inc\/uploads\/2018\/07\/capa.png","contentUrl":"https:\/\/psol50.org.br\/inc\/uploads\/2018\/07\/capa.png","width":1350,"height":900,"caption":"PSOL 50"},"image":{"@id":"https:\/\/psol50.org.br\/#\/schema\/logo\/image\/"},"sameAs":["https:\/\/www.facebook.com\/psol50","https:\/\/x.com\/psol50","https:\/\/www.instagram.com\/psol50\/","https:\/\/www.youtube.com\/channel\/UC7SnJS5o1os7a6CaiNabzcg"]},{"@type":"Person","@id":"https:\/\/psol50.org.br\/#\/schema\/person\/475dfa57d0b815993c714c2e96491fcd","name":"Comunica\u00e7\u00e3o PSOL","image":{"@type":"ImageObject","inLanguage":"pt-BR","@id":"https:\/\/psol50.org.br\/#\/schema\/person\/image\/","url":"https:\/\/secure.gravatar.com\/avatar\/b34fc4f4e468a4e51785917065a3db57b841f5c95dba6ad8c73aaf8f66f8f9bf?s=96&d=mm&r=g","contentUrl":"https:\/\/secure.gravatar.com\/avatar\/b34fc4f4e468a4e51785917065a3db57b841f5c95dba6ad8c73aaf8f66f8f9bf?s=96&d=mm&r=g","caption":"Comunica\u00e7\u00e3o PSOL"}}]}},"_links":{"self":[{"href":"https:\/\/psol50.org.br\/rest\/wp\/v2\/posts\/34688","targetHints":{"allow":["GET"]}}],"collection":[{"href":"https:\/\/psol50.org.br\/rest\/wp\/v2\/posts"}],"about":[{"href":"https:\/\/psol50.org.br\/rest\/wp\/v2\/types\/post"}],"author":[{"embeddable":true,"href":"https:\/\/psol50.org.br\/rest\/wp\/v2\/users\/2"}],"replies":[{"embeddable":true,"href":"https:\/\/psol50.org.br\/rest\/wp\/v2\/comments?post=34688"}],"version-history":[{"count":1,"href":"https:\/\/psol50.org.br\/rest\/wp\/v2\/posts\/34688\/revisions"}],"predecessor-version":[{"id":34690,"href":"https:\/\/psol50.org.br\/rest\/wp\/v2\/posts\/34688\/revisions\/34690"}],"wp:featuredmedia":[{"embeddable":true,"href":"https:\/\/psol50.org.br\/rest\/wp\/v2\/media\/34689"}],"wp:attachment":[{"href":"https:\/\/psol50.org.br\/rest\/wp\/v2\/media?parent=34688"}],"wp:term":[{"taxonomy":"category","embeddable":true,"href":"https:\/\/psol50.org.br\/rest\/wp\/v2\/categories?post=34688"},{"taxonomy":"post_tag","embeddable":true,"href":"https:\/\/psol50.org.br\/rest\/wp\/v2\/tags?post=34688"}],"curies":[{"name":"wp","href":"https:\/\/api.w.org\/{rel}","templated":true}]}}