{"id":34695,"date":"2021-11-12T13:47:56","date_gmt":"2021-11-12T16:47:56","guid":{"rendered":"https:\/\/psol50.org.br\/?p=34695"},"modified":"2021-11-12T13:47:56","modified_gmt":"2021-11-12T16:47:56","slug":"o-brasil-nao-suportara-mais-quatro-anos-de-bolsonaro-diz-ivan-valente-psol","status":"publish","type":"post","link":"https:\/\/psol50.org.br\/o-brasil-nao-suportara-mais-quatro-anos-de-bolsonaro-diz-ivan-valente-psol\/","title":{"rendered":"&#8220;O Brasil n\u00e3o suportar\u00e1 mais quatro anos de Bolsonaro&#8221;, diz Ivan Valente (PSOL)"},"content":{"rendered":"<p>Em artigo publicado nesta semana na Folha de S. Paulo, o deputado federal do PSOL Ivan Valente faz um balan\u00e7o destes quase tr\u00eas anos de governo Bolsonaro e a urg\u00eancia de derrot\u00e1-lo e tir\u00e1-lo da Presid\u00eancia da Rep\u00fablica o quanto antes, seja atrav\u00e9s de um impeachment ou nas elei\u00e7\u00f5es de 2022. &#8220;A dimens\u00e3o da trag\u00e9dia nos aponta que o Brasil n\u00e3o suportar\u00e1 mais quatro anos de Bolsonaro&#8221;, sintetiza.<\/p>\n<p>&#8216;Os democratas, progressistas e socialistas devem saber que n\u00e3o existe caminho f\u00e1cil para superar este desgoverno. \u00c9 um projeto de intencional implos\u00e3o da na\u00e7\u00e3o e retrocesso civilizat\u00f3rio&#8221;, caracteriza Ivan Valente sobre o governo genocida de Bolsonaro e enumera a s\u00e9rie de trag\u00e9dias promovidas pelo governo federal: mais de 600 mil mortes, fome, corrup\u00e7\u00e3o, desemprego, morte de ind\u00edgenas e uma extensa rede de produ\u00e7\u00e3o de fake news.<\/p>\n<p>&#8220;Quando o caldo engrossou, Bolsonaro comprou o centr\u00e3o com cargos e minist\u00e9rios&#8221;, disse Ivan Valente sobre a estrat\u00e9gia bolsonarista para se blindar do avan\u00e7o dos pedidos de impeachment. &#8220;Ele tenta, assim, garantir a reelei\u00e7\u00e3o, mantendo o apoio do centr\u00e3o e sustentando uma base radicalizada com discurso tosco, alimentado pelo preconceito e pelo \u00f3dio&#8221;, avalia.<\/p>\n<p>Em seguida, o deputado federal avalia a fratura na elite brasileira causada pela barb\u00e1rie bolsonarista, com a tentativa de emplacar uma &#8220;terceira via&#8221; que promova &#8220;a continuidade da pol\u00edtica ultraliberal, mas sem o isolamento internacional e a fragiliza\u00e7\u00e3o do regime democr\u00e1tico eleitoral&#8221;, caracteriza.<\/p>\n<p>&#8220;Essa fra\u00e7\u00e3o da elite \u00e9, tamb\u00e9m, poderosa economicamente e conta com significativo poder na grande m\u00eddia. Seus pr\u00e9-candidatos s\u00e3o quase todos bolsonaristas &#8216;arrependidos&#8217;. Foram contribuintes ativos da chegada de Bolsonaro ao poder em 2018. Mas a\u00ed reside exatamente sua fraqueza&#8221;, avalia.<\/p>\n<p>A import\u00e2ncia da unidade na luta pelo &#8220;Fora Bolsonaro&#8221; tamb\u00e9m \u00e9 tema do artigo. &#8220;Imprescind\u00edvel \u00e9 a unidade das for\u00e7as do campo democr\u00e1tico e popular. Diante do perigo iminente, trabalhar de forma harm\u00f4nica contra o hegemonismo e o sectarismo em uma luta que exige sabedoria, toler\u00e2ncia e generosidade, contemplando todos os atores na batalha pelo impeachment e na participa\u00e7\u00e3o ampla do processo eleitoral&#8221;, explica Valente.<\/p>\n<p>&#8220;Essa unidade se constr\u00f3i na aposta e num programa voltado aos &#8220;de baixo&#8221;, na supera\u00e7\u00e3o desse modelo econ\u00f4mico execr\u00e1vel, concentrador de renda, riqueza e poder, que perpetua a exclus\u00e3o social e os preconceitos que marcam a domina\u00e7\u00e3o de classe no pa\u00eds. Sem distribui\u00e7\u00e3o de renda e busca do fim das desigualdades n\u00e3o h\u00e1 democracia&#8221;, conclui.<\/p>\n<h5><strong><a href=\"https:\/\/www1.folha.uol.com.br\/opiniao\/2021\/11\/o-brasil-nao-suportara-mais-quatro-anos-de-bolsonaro.shtml\" target=\"_blank\" rel=\"noopener\">Leia o artigo na \u00edntegra clicando aqui.<\/a><\/strong><\/h5>\n","protected":false},"excerpt":{"rendered":"<p>Em artigo publicado nesta semana na Folha de S. Paulo, o deputado federal do PSOL Ivan Valente faz um balan\u00e7o destes quase tr\u00eas anos de governo Bolsonaro e a urg\u00eancia de derrot\u00e1-lo e tir\u00e1-lo da Presid\u00eancia da Rep\u00fablica o quanto antes, seja atrav\u00e9s de um impeachment ou nas elei\u00e7\u00f5es de 2022. &#8220;A dimens\u00e3o da trag\u00e9dia [&hellip;]<\/p>\n","protected":false},"author":2,"featured_media":34721,"comment_status":"open","ping_status":"open","sticky":false,"template":"","format":"standard","meta":{"_acf_changed":false,"footnotes":""},"categories":[3],"tags":[4825],"class_list":{"0":"post-34695","1":"post","2":"type-post","3":"status-publish","4":"format-standard","5":"has-post-thumbnail","7":"category-artigos-e-entrevistas","8":"tag-noticias"},"acf":[],"yoast_head":"<!-- This site is optimized with the Yoast SEO plugin v26.5 - https:\/\/yoast.com\/wordpress\/plugins\/seo\/ -->\n<title>&quot;O Brasil n\u00e3o suportar\u00e1 mais quatro anos de Bolsonaro&quot;, diz Ivan Valente (PSOL)<\/title>\n<meta name=\"description\" content=\"Em artigo na Folha, o deputado federal Ivan Valente faz um balan\u00e7o destes quase tr\u00eas anos de governo Bolsonaro: \u00c9 urgente derrot\u00e1-lo.\" \/>\n<meta name=\"robots\" content=\"index, follow, max-snippet:-1, max-image-preview:large, max-video-preview:-1\" \/>\n<link rel=\"canonical\" href=\"https:\/\/psol50.org.br\/o-brasil-nao-suportara-mais-quatro-anos-de-bolsonaro-diz-ivan-valente-psol\/\" \/>\n<meta property=\"og:locale\" content=\"pt_BR\" \/>\n<meta property=\"og:type\" content=\"article\" \/>\n<meta property=\"og:title\" content=\"&quot;O Brasil n\u00e3o suportar\u00e1 mais quatro anos de Bolsonaro&quot;, diz Ivan Valente (PSOL)\" \/>\n<meta property=\"og:description\" content=\"Em artigo na Folha, o deputado federal Ivan Valente faz um balan\u00e7o destes quase tr\u00eas anos de governo Bolsonaro: \u00c9 urgente derrot\u00e1-lo.\" \/>\n<meta property=\"og:url\" content=\"https:\/\/psol50.org.br\/o-brasil-nao-suportara-mais-quatro-anos-de-bolsonaro-diz-ivan-valente-psol\/\" \/>\n<meta property=\"og:site_name\" content=\"PSOL 50\" \/>\n<meta property=\"article:publisher\" content=\"https:\/\/www.facebook.com\/psol50\" \/>\n<meta property=\"article:published_time\" content=\"2021-11-12T16:47:56+00:00\" \/>\n<meta property=\"og:image\" content=\"https:\/\/psol50.org.br\/inc\/uploads\/2021\/11\/AC_psol_pronunciamento_201606290471-scaled.jpg\" \/>\n\t<meta property=\"og:image:width\" content=\"2560\" \/>\n\t<meta property=\"og:image:height\" content=\"1704\" \/>\n\t<meta property=\"og:image:type\" content=\"image\/jpeg\" \/>\n<meta name=\"author\" content=\"Comunica\u00e7\u00e3o PSOL\" \/>\n<meta name=\"twitter:card\" content=\"summary_large_image\" \/>\n<meta name=\"twitter:image\" content=\"https:\/\/psol50.org.br\/inc\/uploads\/2021\/11\/AC_psol_pronunciamento_201606290471-scaled.jpg\" \/>\n<meta name=\"twitter:creator\" content=\"@psol50\" \/>\n<meta name=\"twitter:site\" content=\"@psol50\" \/>\n<meta name=\"twitter:label1\" content=\"Escrito por\" \/>\n\t<meta name=\"twitter:data1\" content=\"Comunica\u00e7\u00e3o PSOL\" \/>\n\t<meta name=\"twitter:label2\" content=\"Est. tempo de leitura\" \/>\n\t<meta name=\"twitter:data2\" content=\"2 minutos\" \/>\n<script type=\"application\/ld+json\" class=\"yoast-schema-graph\">{\"@context\":\"https:\/\/schema.org\",\"@graph\":[{\"@type\":\"Article\",\"@id\":\"https:\/\/psol50.org.br\/o-brasil-nao-suportara-mais-quatro-anos-de-bolsonaro-diz-ivan-valente-psol\/#article\",\"isPartOf\":{\"@id\":\"https:\/\/psol50.org.br\/o-brasil-nao-suportara-mais-quatro-anos-de-bolsonaro-diz-ivan-valente-psol\/\"},\"author\":{\"name\":\"Comunica\u00e7\u00e3o PSOL\",\"@id\":\"https:\/\/psol50.org.br\/#\/schema\/person\/475dfa57d0b815993c714c2e96491fcd\"},\"headline\":\"&#8220;O Brasil n\u00e3o suportar\u00e1 mais quatro anos de Bolsonaro&#8221;, diz Ivan Valente (PSOL)\",\"datePublished\":\"2021-11-12T16:47:56+00:00\",\"mainEntityOfPage\":{\"@id\":\"https:\/\/psol50.org.br\/o-brasil-nao-suportara-mais-quatro-anos-de-bolsonaro-diz-ivan-valente-psol\/\"},\"wordCount\":460,\"commentCount\":0,\"publisher\":{\"@id\":\"https:\/\/psol50.org.br\/#organization\"},\"image\":{\"@id\":\"https:\/\/psol50.org.br\/o-brasil-nao-suportara-mais-quatro-anos-de-bolsonaro-diz-ivan-valente-psol\/#primaryimage\"},\"thumbnailUrl\":\"https:\/\/psol50.org.br\/inc\/uploads\/2021\/11\/AC_psol_pronunciamento_201606290471-scaled.jpg\",\"keywords\":[\"Not\u00edcias\"],\"articleSection\":[\"Artigos\"],\"inLanguage\":\"pt-BR\",\"potentialAction\":[{\"@type\":\"CommentAction\",\"name\":\"Comment\",\"target\":[\"https:\/\/psol50.org.br\/o-brasil-nao-suportara-mais-quatro-anos-de-bolsonaro-diz-ivan-valente-psol\/#respond\"]}]},{\"@type\":\"WebPage\",\"@id\":\"https:\/\/psol50.org.br\/o-brasil-nao-suportara-mais-quatro-anos-de-bolsonaro-diz-ivan-valente-psol\/\",\"url\":\"https:\/\/psol50.org.br\/o-brasil-nao-suportara-mais-quatro-anos-de-bolsonaro-diz-ivan-valente-psol\/\",\"name\":\"\\\"O Brasil n\u00e3o suportar\u00e1 mais quatro anos de Bolsonaro\\\", diz Ivan Valente (PSOL)\",\"isPartOf\":{\"@id\":\"https:\/\/psol50.org.br\/#website\"},\"primaryImageOfPage\":{\"@id\":\"https:\/\/psol50.org.br\/o-brasil-nao-suportara-mais-quatro-anos-de-bolsonaro-diz-ivan-valente-psol\/#primaryimage\"},\"image\":{\"@id\":\"https:\/\/psol50.org.br\/o-brasil-nao-suportara-mais-quatro-anos-de-bolsonaro-diz-ivan-valente-psol\/#primaryimage\"},\"thumbnailUrl\":\"https:\/\/psol50.org.br\/inc\/uploads\/2021\/11\/AC_psol_pronunciamento_201606290471-scaled.jpg\",\"datePublished\":\"2021-11-12T16:47:56+00:00\",\"description\":\"Em artigo na Folha, o deputado federal Ivan Valente faz um balan\u00e7o destes quase tr\u00eas anos de governo Bolsonaro: \u00c9 urgente derrot\u00e1-lo.\",\"breadcrumb\":{\"@id\":\"https:\/\/psol50.org.br\/o-brasil-nao-suportara-mais-quatro-anos-de-bolsonaro-diz-ivan-valente-psol\/#breadcrumb\"},\"inLanguage\":\"pt-BR\",\"potentialAction\":[{\"@type\":\"ReadAction\",\"target\":[\"https:\/\/psol50.org.br\/o-brasil-nao-suportara-mais-quatro-anos-de-bolsonaro-diz-ivan-valente-psol\/\"]}]},{\"@type\":\"ImageObject\",\"inLanguage\":\"pt-BR\",\"@id\":\"https:\/\/psol50.org.br\/o-brasil-nao-suportara-mais-quatro-anos-de-bolsonaro-diz-ivan-valente-psol\/#primaryimage\",\"url\":\"https:\/\/psol50.org.br\/inc\/uploads\/2021\/11\/AC_psol_pronunciamento_201606290471-scaled.jpg\",\"contentUrl\":\"https:\/\/psol50.org.br\/inc\/uploads\/2021\/11\/AC_psol_pronunciamento_201606290471-scaled.jpg\",\"width\":2560,\"height\":1704,\"caption\":\"Foto: Ant\u00f4nio Cruz\/Ag\u00eancia Brasil\"},{\"@type\":\"BreadcrumbList\",\"@id\":\"https:\/\/psol50.org.br\/o-brasil-nao-suportara-mais-quatro-anos-de-bolsonaro-diz-ivan-valente-psol\/#breadcrumb\",\"itemListElement\":[{\"@type\":\"ListItem\",\"position\":1,\"name\":\"In\u00edcio\",\"item\":\"https:\/\/psol50.org.br\/\"},{\"@type\":\"ListItem\",\"position\":2,\"name\":\"&#8220;O Brasil n\u00e3o suportar\u00e1 mais quatro anos de Bolsonaro&#8221;, diz Ivan Valente (PSOL)\"}]},{\"@type\":\"WebSite\",\"@id\":\"https:\/\/psol50.org.br\/#website\",\"url\":\"https:\/\/psol50.org.br\/\",\"name\":\"PSOL 50\",\"description\":\"Site oficial do Partido Socialismo e Liberdade\",\"publisher\":{\"@id\":\"https:\/\/psol50.org.br\/#organization\"},\"alternateName\":\"PSOL50\",\"potentialAction\":[{\"@type\":\"SearchAction\",\"target\":{\"@type\":\"EntryPoint\",\"urlTemplate\":\"https:\/\/psol50.org.br\/?s={search_term_string}\"},\"query-input\":{\"@type\":\"PropertyValueSpecification\",\"valueRequired\":true,\"valueName\":\"search_term_string\"}}],\"inLanguage\":\"pt-BR\"},{\"@type\":\"Organization\",\"@id\":\"https:\/\/psol50.org.br\/#organization\",\"name\":\"PSOL 50\",\"alternateName\":\"PSOL 50\",\"url\":\"https:\/\/psol50.org.br\/\",\"logo\":{\"@type\":\"ImageObject\",\"inLanguage\":\"pt-BR\",\"@id\":\"https:\/\/psol50.org.br\/#\/schema\/logo\/image\/\",\"url\":\"https:\/\/psol50.org.br\/inc\/uploads\/2018\/07\/capa.png\",\"contentUrl\":\"https:\/\/psol50.org.br\/inc\/uploads\/2018\/07\/capa.png\",\"width\":1350,\"height\":900,\"caption\":\"PSOL 50\"},\"image\":{\"@id\":\"https:\/\/psol50.org.br\/#\/schema\/logo\/image\/\"},\"sameAs\":[\"https:\/\/www.facebook.com\/psol50\",\"https:\/\/x.com\/psol50\",\"https:\/\/www.instagram.com\/psol50\/\",\"https:\/\/www.youtube.com\/channel\/UC7SnJS5o1os7a6CaiNabzcg\"]},{\"@type\":\"Person\",\"@id\":\"https:\/\/psol50.org.br\/#\/schema\/person\/475dfa57d0b815993c714c2e96491fcd\",\"name\":\"Comunica\u00e7\u00e3o PSOL\",\"image\":{\"@type\":\"ImageObject\",\"inLanguage\":\"pt-BR\",\"@id\":\"https:\/\/psol50.org.br\/#\/schema\/person\/image\/\",\"url\":\"https:\/\/secure.gravatar.com\/avatar\/b34fc4f4e468a4e51785917065a3db57b841f5c95dba6ad8c73aaf8f66f8f9bf?s=96&d=mm&r=g\",\"contentUrl\":\"https:\/\/secure.gravatar.com\/avatar\/b34fc4f4e468a4e51785917065a3db57b841f5c95dba6ad8c73aaf8f66f8f9bf?s=96&d=mm&r=g\",\"caption\":\"Comunica\u00e7\u00e3o PSOL\"}}]}<\/script>\n<!-- \/ Yoast SEO plugin. -->","yoast_head_json":{"title":"\"O Brasil n\u00e3o suportar\u00e1 mais quatro anos de Bolsonaro\", diz Ivan Valente (PSOL)","description":"Em artigo na Folha, o deputado federal Ivan Valente faz um balan\u00e7o destes quase tr\u00eas anos de governo Bolsonaro: \u00c9 urgente derrot\u00e1-lo.","robots":{"index":"index","follow":"follow","max-snippet":"max-snippet:-1","max-image-preview":"max-image-preview:large","max-video-preview":"max-video-preview:-1"},"canonical":"https:\/\/psol50.org.br\/o-brasil-nao-suportara-mais-quatro-anos-de-bolsonaro-diz-ivan-valente-psol\/","og_locale":"pt_BR","og_type":"article","og_title":"\"O Brasil n\u00e3o suportar\u00e1 mais quatro anos de Bolsonaro\", diz Ivan Valente (PSOL)","og_description":"Em artigo na Folha, o deputado federal Ivan Valente faz um balan\u00e7o destes quase tr\u00eas anos de governo Bolsonaro: \u00c9 urgente derrot\u00e1-lo.","og_url":"https:\/\/psol50.org.br\/o-brasil-nao-suportara-mais-quatro-anos-de-bolsonaro-diz-ivan-valente-psol\/","og_site_name":"PSOL 50","article_publisher":"https:\/\/www.facebook.com\/psol50","article_published_time":"2021-11-12T16:47:56+00:00","og_image":[{"width":2560,"height":1704,"url":"https:\/\/psol50.org.br\/inc\/uploads\/2021\/11\/AC_psol_pronunciamento_201606290471-scaled.jpg","type":"image\/jpeg"}],"author":"Comunica\u00e7\u00e3o PSOL","twitter_card":"summary_large_image","twitter_image":"https:\/\/psol50.org.br\/inc\/uploads\/2021\/11\/AC_psol_pronunciamento_201606290471-scaled.jpg","twitter_creator":"@psol50","twitter_site":"@psol50","twitter_misc":{"Escrito por":"Comunica\u00e7\u00e3o PSOL","Est. tempo de leitura":"2 minutos"},"schema":{"@context":"https:\/\/schema.org","@graph":[{"@type":"Article","@id":"https:\/\/psol50.org.br\/o-brasil-nao-suportara-mais-quatro-anos-de-bolsonaro-diz-ivan-valente-psol\/#article","isPartOf":{"@id":"https:\/\/psol50.org.br\/o-brasil-nao-suportara-mais-quatro-anos-de-bolsonaro-diz-ivan-valente-psol\/"},"author":{"name":"Comunica\u00e7\u00e3o PSOL","@id":"https:\/\/psol50.org.br\/#\/schema\/person\/475dfa57d0b815993c714c2e96491fcd"},"headline":"&#8220;O Brasil n\u00e3o suportar\u00e1 mais quatro anos de Bolsonaro&#8221;, diz Ivan Valente (PSOL)","datePublished":"2021-11-12T16:47:56+00:00","mainEntityOfPage":{"@id":"https:\/\/psol50.org.br\/o-brasil-nao-suportara-mais-quatro-anos-de-bolsonaro-diz-ivan-valente-psol\/"},"wordCount":460,"commentCount":0,"publisher":{"@id":"https:\/\/psol50.org.br\/#organization"},"image":{"@id":"https:\/\/psol50.org.br\/o-brasil-nao-suportara-mais-quatro-anos-de-bolsonaro-diz-ivan-valente-psol\/#primaryimage"},"thumbnailUrl":"https:\/\/psol50.org.br\/inc\/uploads\/2021\/11\/AC_psol_pronunciamento_201606290471-scaled.jpg","keywords":["Not\u00edcias"],"articleSection":["Artigos"],"inLanguage":"pt-BR","potentialAction":[{"@type":"CommentAction","name":"Comment","target":["https:\/\/psol50.org.br\/o-brasil-nao-suportara-mais-quatro-anos-de-bolsonaro-diz-ivan-valente-psol\/#respond"]}]},{"@type":"WebPage","@id":"https:\/\/psol50.org.br\/o-brasil-nao-suportara-mais-quatro-anos-de-bolsonaro-diz-ivan-valente-psol\/","url":"https:\/\/psol50.org.br\/o-brasil-nao-suportara-mais-quatro-anos-de-bolsonaro-diz-ivan-valente-psol\/","name":"\"O Brasil n\u00e3o suportar\u00e1 mais quatro anos de Bolsonaro\", diz Ivan Valente (PSOL)","isPartOf":{"@id":"https:\/\/psol50.org.br\/#website"},"primaryImageOfPage":{"@id":"https:\/\/psol50.org.br\/o-brasil-nao-suportara-mais-quatro-anos-de-bolsonaro-diz-ivan-valente-psol\/#primaryimage"},"image":{"@id":"https:\/\/psol50.org.br\/o-brasil-nao-suportara-mais-quatro-anos-de-bolsonaro-diz-ivan-valente-psol\/#primaryimage"},"thumbnailUrl":"https:\/\/psol50.org.br\/inc\/uploads\/2021\/11\/AC_psol_pronunciamento_201606290471-scaled.jpg","datePublished":"2021-11-12T16:47:56+00:00","description":"Em artigo na Folha, o deputado federal Ivan Valente faz um balan\u00e7o destes quase tr\u00eas anos de governo Bolsonaro: \u00c9 urgente derrot\u00e1-lo.","breadcrumb":{"@id":"https:\/\/psol50.org.br\/o-brasil-nao-suportara-mais-quatro-anos-de-bolsonaro-diz-ivan-valente-psol\/#breadcrumb"},"inLanguage":"pt-BR","potentialAction":[{"@type":"ReadAction","target":["https:\/\/psol50.org.br\/o-brasil-nao-suportara-mais-quatro-anos-de-bolsonaro-diz-ivan-valente-psol\/"]}]},{"@type":"ImageObject","inLanguage":"pt-BR","@id":"https:\/\/psol50.org.br\/o-brasil-nao-suportara-mais-quatro-anos-de-bolsonaro-diz-ivan-valente-psol\/#primaryimage","url":"https:\/\/psol50.org.br\/inc\/uploads\/2021\/11\/AC_psol_pronunciamento_201606290471-scaled.jpg","contentUrl":"https:\/\/psol50.org.br\/inc\/uploads\/2021\/11\/AC_psol_pronunciamento_201606290471-scaled.jpg","width":2560,"height":1704,"caption":"Foto: Ant\u00f4nio Cruz\/Ag\u00eancia Brasil"},{"@type":"BreadcrumbList","@id":"https:\/\/psol50.org.br\/o-brasil-nao-suportara-mais-quatro-anos-de-bolsonaro-diz-ivan-valente-psol\/#breadcrumb","itemListElement":[{"@type":"ListItem","position":1,"name":"In\u00edcio","item":"https:\/\/psol50.org.br\/"},{"@type":"ListItem","position":2,"name":"&#8220;O Brasil n\u00e3o suportar\u00e1 mais quatro anos de Bolsonaro&#8221;, diz Ivan Valente (PSOL)"}]},{"@type":"WebSite","@id":"https:\/\/psol50.org.br\/#website","url":"https:\/\/psol50.org.br\/","name":"PSOL 50","description":"Site oficial do Partido Socialismo e Liberdade","publisher":{"@id":"https:\/\/psol50.org.br\/#organization"},"alternateName":"PSOL50","potentialAction":[{"@type":"SearchAction","target":{"@type":"EntryPoint","urlTemplate":"https:\/\/psol50.org.br\/?s={search_term_string}"},"query-input":{"@type":"PropertyValueSpecification","valueRequired":true,"valueName":"search_term_string"}}],"inLanguage":"pt-BR"},{"@type":"Organization","@id":"https:\/\/psol50.org.br\/#organization","name":"PSOL 50","alternateName":"PSOL 50","url":"https:\/\/psol50.org.br\/","logo":{"@type":"ImageObject","inLanguage":"pt-BR","@id":"https:\/\/psol50.org.br\/#\/schema\/logo\/image\/","url":"https:\/\/psol50.org.br\/inc\/uploads\/2018\/07\/capa.png","contentUrl":"https:\/\/psol50.org.br\/inc\/uploads\/2018\/07\/capa.png","width":1350,"height":900,"caption":"PSOL 50"},"image":{"@id":"https:\/\/psol50.org.br\/#\/schema\/logo\/image\/"},"sameAs":["https:\/\/www.facebook.com\/psol50","https:\/\/x.com\/psol50","https:\/\/www.instagram.com\/psol50\/","https:\/\/www.youtube.com\/channel\/UC7SnJS5o1os7a6CaiNabzcg"]},{"@type":"Person","@id":"https:\/\/psol50.org.br\/#\/schema\/person\/475dfa57d0b815993c714c2e96491fcd","name":"Comunica\u00e7\u00e3o PSOL","image":{"@type":"ImageObject","inLanguage":"pt-BR","@id":"https:\/\/psol50.org.br\/#\/schema\/person\/image\/","url":"https:\/\/secure.gravatar.com\/avatar\/b34fc4f4e468a4e51785917065a3db57b841f5c95dba6ad8c73aaf8f66f8f9bf?s=96&d=mm&r=g","contentUrl":"https:\/\/secure.gravatar.com\/avatar\/b34fc4f4e468a4e51785917065a3db57b841f5c95dba6ad8c73aaf8f66f8f9bf?s=96&d=mm&r=g","caption":"Comunica\u00e7\u00e3o PSOL"}}]}},"_links":{"self":[{"href":"https:\/\/psol50.org.br\/rest\/wp\/v2\/posts\/34695","targetHints":{"allow":["GET"]}}],"collection":[{"href":"https:\/\/psol50.org.br\/rest\/wp\/v2\/posts"}],"about":[{"href":"https:\/\/psol50.org.br\/rest\/wp\/v2\/types\/post"}],"author":[{"embeddable":true,"href":"https:\/\/psol50.org.br\/rest\/wp\/v2\/users\/2"}],"replies":[{"embeddable":true,"href":"https:\/\/psol50.org.br\/rest\/wp\/v2\/comments?post=34695"}],"version-history":[{"count":2,"href":"https:\/\/psol50.org.br\/rest\/wp\/v2\/posts\/34695\/revisions"}],"predecessor-version":[{"id":34720,"href":"https:\/\/psol50.org.br\/rest\/wp\/v2\/posts\/34695\/revisions\/34720"}],"wp:featuredmedia":[{"embeddable":true,"href":"https:\/\/psol50.org.br\/rest\/wp\/v2\/media\/34721"}],"wp:attachment":[{"href":"https:\/\/psol50.org.br\/rest\/wp\/v2\/media?parent=34695"}],"wp:term":[{"taxonomy":"category","embeddable":true,"href":"https:\/\/psol50.org.br\/rest\/wp\/v2\/categories?post=34695"},{"taxonomy":"post_tag","embeddable":true,"href":"https:\/\/psol50.org.br\/rest\/wp\/v2\/tags?post=34695"}],"curies":[{"name":"wp","href":"https:\/\/api.w.org\/{rel}","templated":true}]}}