{"id":347,"date":"2008-12-18T00:00:00","date_gmt":"2008-12-18T00:00:00","guid":{"rendered":"http:\/\/psol50.org.br\/arquivo\/2008\/12\/18\/psol-organiza-a-sua-intervencao-no-fsm\/"},"modified":"2008-12-18T00:00:00","modified_gmt":"2008-12-18T00:00:00","slug":"psol-organiza-a-sua-intervencao-no-fsm","status":"publish","type":"post","link":"https:\/\/psol50.org.br\/psol-organiza-a-sua-intervencao-no-fsm\/","title":{"rendered":"PSOL organiza a sua interven\u00e7\u00e3o no FSM"},"content":{"rendered":"<p>A Executiva Nacional, reunida no \u00faltimo dia 14 de dezembro, considera o FSM um espa\u00e7o privilegiado de debate e mobiliza\u00e7\u00e3o das classes trabalhadoras para o enfrentamento da crise econ\u00f4mica mundial.<\/p>\n<p><!--more--><\/p>\n<p>O Partido estar\u00e1 presente em quatro oficinas, sendo que tr\u00eas foram definidas a composi\u00e7\u00e3o durante a reuni\u00e3o. A quarta mesa seremos co-patrocinadores de um grande debate sobre a necessidade de auditoria da d\u00edvida p\u00fablica.<\/p>\n<p>Na reuni\u00e3o da Executiva foram aprovadas as seguintes composi\u00e7\u00f5es das mesas:<\/p>\n<p><strong>29\/01 &#8211; Debate: A crise econ\u00f4mica mundial e os desafios para a esquerda<\/strong><\/p>\n<blockquote>\n<p>Heloisa Helena &#8211; presidente do PSOL<\/p>\n<p>Carlos Nelson Coutinho ou Reinaldo Gon\u00e7alves<\/p>\n<p>Fran\u00e7ois Ollivier &#8211; dirigente do Novo Partido Anticapitalista da Fran\u00e7a<\/p>\n<p>Fran\u00e7ois Houttard &#8211; Diretor do Centra Tricontinental\u00a0 de Louvain , na B\u00e9lgica<\/p>\n<p>Gilmar Mauro &#8211; MST<\/p>\n<\/blockquote>\n<p><strong>30\/01 &#8211; Debate: Os desafios da esquerda latino-americana no atual per\u00edodo<\/strong><\/p>\n<blockquote>\n<p>\u00c9ric Toussaint &#8211; presidente do Comit\u00ea Belga para a Anula\u00e7\u00e3o da D\u00edvida do Terceiro Mundo<\/p>\n<p>Jesus Martinez &#8211; Universidade Bolivariana de Trabalhadores de Rivero<\/p>\n<p>Luis Bonilla &#8211; presidente do CIM (Centro Internacional Miranda do Minist\u00e9rio de Educa\u00e7\u00e3o Popular de Venezuela)<\/p>\n<p>Martiniano Neto &#8211; dire\u00e7\u00e3o nacional do PSOL<\/p>\n<p>Pedro Fuentes &#8211; dire\u00e7\u00e3o nacional do PSOL<\/p>\n<p>Jo\u00e3o Batista Bab\u00e1 &#8211; dire\u00e7\u00e3o nacional do PSOL<\/p>\n<\/blockquote>\n<p><strong>31\/01 &#8211; Debate: Amaz\u00f4nia, mudan\u00e7as clim\u00e1ticas e crise global: um debate na perspectiva do ecossocialismo<\/strong><\/p>\n<blockquote>\n<p>Michael Lowy &#8211; cientista social<\/p>\n<p>Jo\u00e3o Alfredo &#8211; vereador de Fortaleza<\/p>\n<p>Osmarino Amancio &#8211; l\u00edder dos seringueiros<\/p>\n<p>Vittorio Agnoletto &#8211; Deputado do Parlamento Europeu, integra o Grupo Unido de Esquerda<\/p>\n<p>Edmilson Rodrigues &#8211; ex-prefeito de Bel\u00e9m<\/p>\n<p>Jo\u00e3o Capiberibe &#8211; ex-senador do Amap\u00e1<\/p>\n<\/blockquote>\n<p>&nbsp;<\/p>\n<p><strong><a href=\"http:\/\/www.psol.org.br\/component\/content\/article\/50-partido-socialismo-e-liberdade\/executiva\/1312-relatorio-da-reuniao-da-executiva-nacional-do-psol\"><strong>Clique aqui para ler a \u00edntegra das Resolu\u00e7\u00f5es da Executiva Nacional do PSOL<\/strong><\/a><\/strong> <\/p>\n","protected":false},"excerpt":{"rendered":"<p>A Executiva Nacional, reunida no \u00faltimo dia 14 de dezembro, considera o FSM um espa\u00e7o privilegiado de debate e mobiliza\u00e7\u00e3o das classes trabalhadoras para o enfrentamento da crise econ\u00f4mica mundial.<\/p>\n","protected":false},"author":2,"featured_media":0,"comment_status":"open","ping_status":"open","sticky":false,"template":"","format":"standard","meta":{"_acf_changed":false,"footnotes":""},"categories":[4766],"tags":[],"class_list":{"0":"post-347","1":"post","2":"type-post","3":"status-publish","4":"format-standard","6":"category-arquivo"},"acf":[],"yoast_head":"<!-- This site is optimized with the Yoast SEO plugin v26.5 - https:\/\/yoast.com\/wordpress\/plugins\/seo\/ -->\n<title>PSOL organiza a sua interven\u00e7\u00e3o no FSM - PSOL 50<\/title>\n<meta name=\"robots\" content=\"index, follow, max-snippet:-1, max-image-preview:large, max-video-preview:-1\" \/>\n<link rel=\"canonical\" href=\"https:\/\/psol50.org.br\/psol-organiza-a-sua-intervencao-no-fsm\/\" \/>\n<meta property=\"og:locale\" content=\"pt_BR\" \/>\n<meta property=\"og:type\" content=\"article\" \/>\n<meta property=\"og:title\" content=\"PSOL organiza a sua interven\u00e7\u00e3o no FSM - PSOL 50\" \/>\n<meta property=\"og:description\" content=\"A Executiva Nacional, reunida no \u00faltimo dia 14 de dezembro, considera o FSM um espa\u00e7o privilegiado de debate e mobiliza\u00e7\u00e3o das classes trabalhadoras para o enfrentamento da crise econ\u00f4mica mundial.\" \/>\n<meta property=\"og:url\" content=\"https:\/\/psol50.org.br\/psol-organiza-a-sua-intervencao-no-fsm\/\" \/>\n<meta property=\"og:site_name\" content=\"PSOL 50\" \/>\n<meta property=\"article:publisher\" content=\"https:\/\/www.facebook.com\/psol50\" \/>\n<meta property=\"article:published_time\" content=\"2008-12-18T00:00:00+00:00\" \/>\n<meta property=\"og:image\" content=\"https:\/\/psol50.org.br\/inc\/uploads\/2018\/07\/capa.png\" \/>\n\t<meta property=\"og:image:width\" content=\"1350\" \/>\n\t<meta property=\"og:image:height\" content=\"900\" \/>\n\t<meta property=\"og:image:type\" content=\"image\/png\" \/>\n<meta name=\"author\" content=\"Comunica\u00e7\u00e3o PSOL\" \/>\n<meta name=\"twitter:card\" content=\"summary_large_image\" \/>\n<meta name=\"twitter:creator\" content=\"@psol50\" \/>\n<meta name=\"twitter:site\" content=\"@psol50\" \/>\n<meta name=\"twitter:label1\" content=\"Escrito por\" \/>\n\t<meta name=\"twitter:data1\" content=\"Comunica\u00e7\u00e3o PSOL\" \/>\n\t<meta name=\"twitter:label2\" content=\"Est. tempo de leitura\" \/>\n\t<meta name=\"twitter:data2\" content=\"1 minuto\" \/>\n<script type=\"application\/ld+json\" class=\"yoast-schema-graph\">{\"@context\":\"https:\/\/schema.org\",\"@graph\":[{\"@type\":\"Article\",\"@id\":\"https:\/\/psol50.org.br\/psol-organiza-a-sua-intervencao-no-fsm\/#article\",\"isPartOf\":{\"@id\":\"https:\/\/psol50.org.br\/psol-organiza-a-sua-intervencao-no-fsm\/\"},\"author\":{\"name\":\"Comunica\u00e7\u00e3o PSOL\",\"@id\":\"https:\/\/psol50.org.br\/#\/schema\/person\/475dfa57d0b815993c714c2e96491fcd\"},\"headline\":\"PSOL organiza a sua interven\u00e7\u00e3o no FSM\",\"datePublished\":\"2008-12-18T00:00:00+00:00\",\"mainEntityOfPage\":{\"@id\":\"https:\/\/psol50.org.br\/psol-organiza-a-sua-intervencao-no-fsm\/\"},\"wordCount\":306,\"commentCount\":0,\"publisher\":{\"@id\":\"https:\/\/psol50.org.br\/#organization\"},\"articleSection\":[\"Arquivo\"],\"inLanguage\":\"pt-BR\",\"potentialAction\":[{\"@type\":\"CommentAction\",\"name\":\"Comment\",\"target\":[\"https:\/\/psol50.org.br\/psol-organiza-a-sua-intervencao-no-fsm\/#respond\"]}]},{\"@type\":\"WebPage\",\"@id\":\"https:\/\/psol50.org.br\/psol-organiza-a-sua-intervencao-no-fsm\/\",\"url\":\"https:\/\/psol50.org.br\/psol-organiza-a-sua-intervencao-no-fsm\/\",\"name\":\"PSOL organiza a sua interven\u00e7\u00e3o no FSM - PSOL 50\",\"isPartOf\":{\"@id\":\"https:\/\/psol50.org.br\/#website\"},\"datePublished\":\"2008-12-18T00:00:00+00:00\",\"breadcrumb\":{\"@id\":\"https:\/\/psol50.org.br\/psol-organiza-a-sua-intervencao-no-fsm\/#breadcrumb\"},\"inLanguage\":\"pt-BR\",\"potentialAction\":[{\"@type\":\"ReadAction\",\"target\":[\"https:\/\/psol50.org.br\/psol-organiza-a-sua-intervencao-no-fsm\/\"]}]},{\"@type\":\"BreadcrumbList\",\"@id\":\"https:\/\/psol50.org.br\/psol-organiza-a-sua-intervencao-no-fsm\/#breadcrumb\",\"itemListElement\":[{\"@type\":\"ListItem\",\"position\":1,\"name\":\"In\u00edcio\",\"item\":\"https:\/\/psol50.org.br\/\"},{\"@type\":\"ListItem\",\"position\":2,\"name\":\"PSOL organiza a sua interven\u00e7\u00e3o no FSM\"}]},{\"@type\":\"WebSite\",\"@id\":\"https:\/\/psol50.org.br\/#website\",\"url\":\"https:\/\/psol50.org.br\/\",\"name\":\"PSOL 50\",\"description\":\"Site oficial do Partido Socialismo e Liberdade\",\"publisher\":{\"@id\":\"https:\/\/psol50.org.br\/#organization\"},\"alternateName\":\"PSOL50\",\"potentialAction\":[{\"@type\":\"SearchAction\",\"target\":{\"@type\":\"EntryPoint\",\"urlTemplate\":\"https:\/\/psol50.org.br\/?s={search_term_string}\"},\"query-input\":{\"@type\":\"PropertyValueSpecification\",\"valueRequired\":true,\"valueName\":\"search_term_string\"}}],\"inLanguage\":\"pt-BR\"},{\"@type\":\"Organization\",\"@id\":\"https:\/\/psol50.org.br\/#organization\",\"name\":\"PSOL 50\",\"alternateName\":\"PSOL 50\",\"url\":\"https:\/\/psol50.org.br\/\",\"logo\":{\"@type\":\"ImageObject\",\"inLanguage\":\"pt-BR\",\"@id\":\"https:\/\/psol50.org.br\/#\/schema\/logo\/image\/\",\"url\":\"https:\/\/psol50.org.br\/inc\/uploads\/2018\/07\/capa.png\",\"contentUrl\":\"https:\/\/psol50.org.br\/inc\/uploads\/2018\/07\/capa.png\",\"width\":1350,\"height\":900,\"caption\":\"PSOL 50\"},\"image\":{\"@id\":\"https:\/\/psol50.org.br\/#\/schema\/logo\/image\/\"},\"sameAs\":[\"https:\/\/www.facebook.com\/psol50\",\"https:\/\/x.com\/psol50\",\"https:\/\/www.instagram.com\/psol50\/\",\"https:\/\/www.youtube.com\/channel\/UC7SnJS5o1os7a6CaiNabzcg\"]},{\"@type\":\"Person\",\"@id\":\"https:\/\/psol50.org.br\/#\/schema\/person\/475dfa57d0b815993c714c2e96491fcd\",\"name\":\"Comunica\u00e7\u00e3o PSOL\",\"image\":{\"@type\":\"ImageObject\",\"inLanguage\":\"pt-BR\",\"@id\":\"https:\/\/psol50.org.br\/#\/schema\/person\/image\/\",\"url\":\"https:\/\/secure.gravatar.com\/avatar\/b34fc4f4e468a4e51785917065a3db57b841f5c95dba6ad8c73aaf8f66f8f9bf?s=96&d=mm&r=g\",\"contentUrl\":\"https:\/\/secure.gravatar.com\/avatar\/b34fc4f4e468a4e51785917065a3db57b841f5c95dba6ad8c73aaf8f66f8f9bf?s=96&d=mm&r=g\",\"caption\":\"Comunica\u00e7\u00e3o PSOL\"}}]}<\/script>\n<!-- \/ Yoast SEO plugin. -->","yoast_head_json":{"title":"PSOL organiza a sua interven\u00e7\u00e3o no FSM - PSOL 50","robots":{"index":"index","follow":"follow","max-snippet":"max-snippet:-1","max-image-preview":"max-image-preview:large","max-video-preview":"max-video-preview:-1"},"canonical":"https:\/\/psol50.org.br\/psol-organiza-a-sua-intervencao-no-fsm\/","og_locale":"pt_BR","og_type":"article","og_title":"PSOL organiza a sua interven\u00e7\u00e3o no FSM - PSOL 50","og_description":"A Executiva Nacional, reunida no \u00faltimo dia 14 de dezembro, considera o FSM um espa\u00e7o privilegiado de debate e mobiliza\u00e7\u00e3o das classes trabalhadoras para o enfrentamento da crise econ\u00f4mica mundial.","og_url":"https:\/\/psol50.org.br\/psol-organiza-a-sua-intervencao-no-fsm\/","og_site_name":"PSOL 50","article_publisher":"https:\/\/www.facebook.com\/psol50","article_published_time":"2008-12-18T00:00:00+00:00","og_image":[{"width":1350,"height":900,"url":"https:\/\/psol50.org.br\/inc\/uploads\/2018\/07\/capa.png","type":"image\/png"}],"author":"Comunica\u00e7\u00e3o PSOL","twitter_card":"summary_large_image","twitter_creator":"@psol50","twitter_site":"@psol50","twitter_misc":{"Escrito por":"Comunica\u00e7\u00e3o PSOL","Est. tempo de leitura":"1 minuto"},"schema":{"@context":"https:\/\/schema.org","@graph":[{"@type":"Article","@id":"https:\/\/psol50.org.br\/psol-organiza-a-sua-intervencao-no-fsm\/#article","isPartOf":{"@id":"https:\/\/psol50.org.br\/psol-organiza-a-sua-intervencao-no-fsm\/"},"author":{"name":"Comunica\u00e7\u00e3o PSOL","@id":"https:\/\/psol50.org.br\/#\/schema\/person\/475dfa57d0b815993c714c2e96491fcd"},"headline":"PSOL organiza a sua interven\u00e7\u00e3o no FSM","datePublished":"2008-12-18T00:00:00+00:00","mainEntityOfPage":{"@id":"https:\/\/psol50.org.br\/psol-organiza-a-sua-intervencao-no-fsm\/"},"wordCount":306,"commentCount":0,"publisher":{"@id":"https:\/\/psol50.org.br\/#organization"},"articleSection":["Arquivo"],"inLanguage":"pt-BR","potentialAction":[{"@type":"CommentAction","name":"Comment","target":["https:\/\/psol50.org.br\/psol-organiza-a-sua-intervencao-no-fsm\/#respond"]}]},{"@type":"WebPage","@id":"https:\/\/psol50.org.br\/psol-organiza-a-sua-intervencao-no-fsm\/","url":"https:\/\/psol50.org.br\/psol-organiza-a-sua-intervencao-no-fsm\/","name":"PSOL organiza a sua interven\u00e7\u00e3o no FSM - PSOL 50","isPartOf":{"@id":"https:\/\/psol50.org.br\/#website"},"datePublished":"2008-12-18T00:00:00+00:00","breadcrumb":{"@id":"https:\/\/psol50.org.br\/psol-organiza-a-sua-intervencao-no-fsm\/#breadcrumb"},"inLanguage":"pt-BR","potentialAction":[{"@type":"ReadAction","target":["https:\/\/psol50.org.br\/psol-organiza-a-sua-intervencao-no-fsm\/"]}]},{"@type":"BreadcrumbList","@id":"https:\/\/psol50.org.br\/psol-organiza-a-sua-intervencao-no-fsm\/#breadcrumb","itemListElement":[{"@type":"ListItem","position":1,"name":"In\u00edcio","item":"https:\/\/psol50.org.br\/"},{"@type":"ListItem","position":2,"name":"PSOL organiza a sua interven\u00e7\u00e3o no FSM"}]},{"@type":"WebSite","@id":"https:\/\/psol50.org.br\/#website","url":"https:\/\/psol50.org.br\/","name":"PSOL 50","description":"Site oficial do Partido Socialismo e Liberdade","publisher":{"@id":"https:\/\/psol50.org.br\/#organization"},"alternateName":"PSOL50","potentialAction":[{"@type":"SearchAction","target":{"@type":"EntryPoint","urlTemplate":"https:\/\/psol50.org.br\/?s={search_term_string}"},"query-input":{"@type":"PropertyValueSpecification","valueRequired":true,"valueName":"search_term_string"}}],"inLanguage":"pt-BR"},{"@type":"Organization","@id":"https:\/\/psol50.org.br\/#organization","name":"PSOL 50","alternateName":"PSOL 50","url":"https:\/\/psol50.org.br\/","logo":{"@type":"ImageObject","inLanguage":"pt-BR","@id":"https:\/\/psol50.org.br\/#\/schema\/logo\/image\/","url":"https:\/\/psol50.org.br\/inc\/uploads\/2018\/07\/capa.png","contentUrl":"https:\/\/psol50.org.br\/inc\/uploads\/2018\/07\/capa.png","width":1350,"height":900,"caption":"PSOL 50"},"image":{"@id":"https:\/\/psol50.org.br\/#\/schema\/logo\/image\/"},"sameAs":["https:\/\/www.facebook.com\/psol50","https:\/\/x.com\/psol50","https:\/\/www.instagram.com\/psol50\/","https:\/\/www.youtube.com\/channel\/UC7SnJS5o1os7a6CaiNabzcg"]},{"@type":"Person","@id":"https:\/\/psol50.org.br\/#\/schema\/person\/475dfa57d0b815993c714c2e96491fcd","name":"Comunica\u00e7\u00e3o PSOL","image":{"@type":"ImageObject","inLanguage":"pt-BR","@id":"https:\/\/psol50.org.br\/#\/schema\/person\/image\/","url":"https:\/\/secure.gravatar.com\/avatar\/b34fc4f4e468a4e51785917065a3db57b841f5c95dba6ad8c73aaf8f66f8f9bf?s=96&d=mm&r=g","contentUrl":"https:\/\/secure.gravatar.com\/avatar\/b34fc4f4e468a4e51785917065a3db57b841f5c95dba6ad8c73aaf8f66f8f9bf?s=96&d=mm&r=g","caption":"Comunica\u00e7\u00e3o PSOL"}}]}},"_links":{"self":[{"href":"https:\/\/psol50.org.br\/rest\/wp\/v2\/posts\/347","targetHints":{"allow":["GET"]}}],"collection":[{"href":"https:\/\/psol50.org.br\/rest\/wp\/v2\/posts"}],"about":[{"href":"https:\/\/psol50.org.br\/rest\/wp\/v2\/types\/post"}],"author":[{"embeddable":true,"href":"https:\/\/psol50.org.br\/rest\/wp\/v2\/users\/2"}],"replies":[{"embeddable":true,"href":"https:\/\/psol50.org.br\/rest\/wp\/v2\/comments?post=347"}],"version-history":[{"count":0,"href":"https:\/\/psol50.org.br\/rest\/wp\/v2\/posts\/347\/revisions"}],"wp:attachment":[{"href":"https:\/\/psol50.org.br\/rest\/wp\/v2\/media?parent=347"}],"wp:term":[{"taxonomy":"category","embeddable":true,"href":"https:\/\/psol50.org.br\/rest\/wp\/v2\/categories?post=347"},{"taxonomy":"post_tag","embeddable":true,"href":"https:\/\/psol50.org.br\/rest\/wp\/v2\/tags?post=347"}],"curies":[{"name":"wp","href":"https:\/\/api.w.org\/{rel}","templated":true}]}}