{"id":34702,"date":"2021-11-11T17:40:48","date_gmt":"2021-11-11T20:40:48","guid":{"rendered":"https:\/\/psol50.org.br\/?p=34702"},"modified":"2021-11-17T12:29:06","modified_gmt":"2021-11-17T15:29:06","slug":"suspensao-do-orcamento-secreto-uma-vitoria-da-democracia-celebram-juliano-medeiros-e-taliria-petrone","status":"publish","type":"post","link":"https:\/\/psol50.org.br\/suspensao-do-orcamento-secreto-uma-vitoria-da-democracia-celebram-juliano-medeiros-e-taliria-petrone\/","title":{"rendered":"&#8220;Suspens\u00e3o do or\u00e7amento secreto, uma vit\u00f3ria da democracia&#8221;, celebram Juliano Medeiros e Tal\u00edria Petrone"},"content":{"rendered":"<p>Em artigo publicado nesta quinta-feira (11) no Estad\u00e3o, o presidente nacional do PSOL Juliano Medeiros e a l\u00edder da bancada do partido na C\u00e2mara dos Deputados, Tal\u00edria Petrone, celebraram a vit\u00f3ria hist\u00f3rica nesta semana em julgamento no Supremo Tribunal Federal (STF) da APDF 854, apresentada pelo PSOL, que suspendeu a execu\u00e7\u00e3o das emendas de relator ao Or\u00e7amento da Uni\u00e3o, que ficaram conhecidas como &#8220;or\u00e7amento secreto&#8221;.<\/p>\n<p>&#8220;Fisiologismo, falta de transpar\u00eancia, ilegalidade, imoralidade, corrup\u00e7\u00e3o&#8221;, foi assim que definiram em poucas palavras o s\u00f3rdido esquema do governo Bolsonaro atrav\u00e9s das emendas de relator ao or\u00e7amento (conhecidas como RP9).<\/p>\n<p>&#8220;Com essa manobra, o presidente da Rep\u00fablica utilizou, desde 2020, recursos p\u00fablicos para comprar apoio de parlamentares. Foi dessa forma que ele veio, em grande medida, garantindo o progresso da sua agenda antipopular e segurando o avan\u00e7o dos mais de 100 pedidos de impeachment existentes contra si&#8221;, explicam.<\/p>\n<p>Por 8 votos a 2, o plen\u00e1rio do STF acatou a ADPF do PSOL, determinando a suspens\u00e3o integral e imediata da execu\u00e7\u00e3o destas emendas previstas no or\u00e7amento de 2021. Estipulou, ainda, conforme solicitado pelo partido, a ampla transpar\u00eancia e publicidade sobre as demandas e execu\u00e7\u00e3o desses recursos, com o detalhamento dos benefici\u00e1rios e projetos envolvidos e dos crit\u00e9rios de distribui\u00e7\u00e3o.<\/p>\n<p>Al\u00e9m dessa vit\u00f3ria, cresceu a press\u00e3o por uma CPI do Bolsol\u00e3o para investigar a execu\u00e7\u00e3o destes recursos usados para comprar deputados e senadores. O pedido de cria\u00e7\u00e3o da CPI, apresentado pelo deputado federal Ivan Valente, aguarda a ades\u00e3o de mais parlamentares j\u00e1 h\u00e1 6 meses.<\/p>\n<p>O &#8220;or\u00e7amento secreto&#8221;, por natureza, viola a Constitui\u00e7\u00e3o Federal. &#8220;Apenas os que apoiam o governo t\u00eam acesso aos recursos, que s\u00e3o utilizados para atender e ampliar a base eleitoral em seus estados. Realizadas nessas condi\u00e7\u00f5es, as emendas do relator permitiram, por exemplo, a compra de tratores e equipamentos agr\u00edcolas superfaturados&#8221;, relembram Medeiros e Petrone.<\/p>\n<p>&#8220;Tudo isso aconteceu enquanto a pandemia assolava o pa\u00eds. Enquanto o povo passava, e ainda passa, fome. No momento em que pessoas morriam sem vacina, sem oxig\u00eanio, e o governo afirmava n\u00e3o ter de onde tirar recursos para pagar um aux\u00edlio emergencial&#8221;, exp\u00f5em.<\/p>\n<p>&#8220;Nunca \u00e9 demais reafirmar que o or\u00e7amento deve prezar pela transpar\u00eancia, efici\u00eancia e democracia, direcionando os gastos p\u00fablicos \u00e0 supera\u00e7\u00e3o das nossas in\u00fameras car\u00eancias sociais e de infraestrutura, ao inv\u00e9s de atender a interesses eleitoreiros&#8221;, continuam.<\/p>\n<p>&#8220;Para se ter melhor no\u00e7\u00e3o, as emendas de relator representam, apenas em 2021, em rela\u00e7\u00e3o ao or\u00e7amento p\u00fablico, duas vezes o total de recursos para o Minist\u00e9rio da Ci\u00eancia, Tecnologia e Inova\u00e7\u00f5es; mais de seis vezes do total destinado ao Minist\u00e9rio do Meio Ambiente; mais de 5 vezes o total de recursos para a CAPES e mais de 13 vezes o total de recursos destinado ao CNPQ&#8221;, enumeram.<\/p>\n<p>&#8220;A decis\u00e3o do STF foi uma vit\u00f3ria importante em meio ao caos pol\u00edtico, econ\u00f4mico e social em que o Brasil se encontra. Ela joga ainda mais luz sobre o que j\u00e1 est\u00e1 evidente e precisa ser interrompido: Bolsonaro \u00e9 um pol\u00edtico abjeto, corrupto e incompetente, que, assim como os que comp\u00f5em sua base no Congresso Nacional, se desenvolveram no fisiologismo, na promiscuidade, no toma-l\u00e1-d\u00e1-c\u00e1, na contram\u00e3o do interesse p\u00fablico e da democracia&#8221;, concluem.<\/p>\n<h5><strong><a href=\"https:\/\/politica.estadao.com.br\/blogs\/fausto-macedo\/suspensao-do-orcamento-secreto-uma-vitoria-da-democracia\/?utm_source=estadao:app&amp;utm_medium=noticia:compartilhamento\" target=\"_blank\" rel=\"noopener\">Leia o artigo na \u00edntegra clicando aqui.<\/a><\/strong><\/h5>\n","protected":false},"excerpt":{"rendered":"<p>Em artigo publicado nesta quinta-feira (11) no Estad\u00e3o, o presidente nacional do PSOL Juliano Medeiros e a l\u00edder da bancada do partido na C\u00e2mara dos Deputados, Tal\u00edria Petrone, celebraram a vit\u00f3ria hist\u00f3rica nesta semana em julgamento no Supremo Tribunal Federal (STF) da APDF 854, apresentada pelo PSOL, que suspendeu a execu\u00e7\u00e3o das emendas de relator [&hellip;]<\/p>\n","protected":false},"author":2,"featured_media":34712,"comment_status":"open","ping_status":"open","sticky":false,"template":"","format":"standard","meta":{"_acf_changed":false,"footnotes":""},"categories":[3],"tags":[4825],"class_list":{"0":"post-34702","1":"post","2":"type-post","3":"status-publish","4":"format-standard","5":"has-post-thumbnail","7":"category-artigos-e-entrevistas","8":"tag-noticias"},"acf":[],"yoast_head":"<!-- This site is optimized with the Yoast SEO plugin v26.5 - https:\/\/yoast.com\/wordpress\/plugins\/seo\/ -->\n<title>&quot;Suspens\u00e3o do or\u00e7amento secreto, uma vit\u00f3ria da democracia&quot;, celebram Juliano Medeiros e Tal\u00edria Petrone<\/title>\n<meta name=\"description\" content=\"Em artigo no Estad\u00e3o, presidente do PSOL e l\u00edder da bancada do partido na C\u00e2mara celebram vit\u00f3ria nesta semana no STF contra o Bolsol\u00e3o.\" \/>\n<meta name=\"robots\" content=\"index, follow, max-snippet:-1, max-image-preview:large, max-video-preview:-1\" \/>\n<link rel=\"canonical\" href=\"https:\/\/psol50.org.br\/suspensao-do-orcamento-secreto-uma-vitoria-da-democracia-celebram-juliano-medeiros-e-taliria-petrone\/\" \/>\n<meta property=\"og:locale\" content=\"pt_BR\" \/>\n<meta property=\"og:type\" content=\"article\" \/>\n<meta property=\"og:title\" content=\"&quot;Suspens\u00e3o do or\u00e7amento secreto, uma vit\u00f3ria da democracia&quot;, celebram Juliano Medeiros e Tal\u00edria Petrone\" \/>\n<meta property=\"og:description\" content=\"Em artigo no Estad\u00e3o, presidente do PSOL e l\u00edder da bancada do partido na C\u00e2mara celebram vit\u00f3ria nesta semana no STF contra o Bolsol\u00e3o.\" \/>\n<meta property=\"og:url\" content=\"https:\/\/psol50.org.br\/suspensao-do-orcamento-secreto-uma-vitoria-da-democracia-celebram-juliano-medeiros-e-taliria-petrone\/\" \/>\n<meta property=\"og:site_name\" content=\"PSOL 50\" \/>\n<meta property=\"article:publisher\" content=\"https:\/\/www.facebook.com\/psol50\" \/>\n<meta property=\"article:published_time\" content=\"2021-11-11T20:40:48+00:00\" \/>\n<meta property=\"article:modified_time\" content=\"2021-11-17T15:29:06+00:00\" \/>\n<meta property=\"og:image\" content=\"https:\/\/psol50.org.br\/inc\/uploads\/2021\/11\/Juliano-e-Taliria-2.jpg\" \/>\n\t<meta property=\"og:image:width\" content=\"1350\" \/>\n\t<meta property=\"og:image:height\" content=\"900\" \/>\n\t<meta property=\"og:image:type\" content=\"image\/jpeg\" \/>\n<meta name=\"author\" content=\"Comunica\u00e7\u00e3o PSOL\" \/>\n<meta name=\"twitter:card\" content=\"summary_large_image\" \/>\n<meta name=\"twitter:image\" content=\"https:\/\/psol50.org.br\/inc\/uploads\/2021\/11\/Juliano-e-Taliria-2.jpg\" \/>\n<meta name=\"twitter:creator\" content=\"@psol50\" \/>\n<meta name=\"twitter:site\" content=\"@psol50\" \/>\n<meta name=\"twitter:label1\" content=\"Escrito por\" \/>\n\t<meta name=\"twitter:data1\" content=\"Comunica\u00e7\u00e3o PSOL\" \/>\n\t<meta name=\"twitter:label2\" content=\"Est. tempo de leitura\" \/>\n\t<meta name=\"twitter:data2\" content=\"3 minutos\" \/>\n<script type=\"application\/ld+json\" class=\"yoast-schema-graph\">{\"@context\":\"https:\/\/schema.org\",\"@graph\":[{\"@type\":\"Article\",\"@id\":\"https:\/\/psol50.org.br\/suspensao-do-orcamento-secreto-uma-vitoria-da-democracia-celebram-juliano-medeiros-e-taliria-petrone\/#article\",\"isPartOf\":{\"@id\":\"https:\/\/psol50.org.br\/suspensao-do-orcamento-secreto-uma-vitoria-da-democracia-celebram-juliano-medeiros-e-taliria-petrone\/\"},\"author\":{\"name\":\"Comunica\u00e7\u00e3o PSOL\",\"@id\":\"https:\/\/psol50.org.br\/#\/schema\/person\/475dfa57d0b815993c714c2e96491fcd\"},\"headline\":\"&#8220;Suspens\u00e3o do or\u00e7amento secreto, uma vit\u00f3ria da democracia&#8221;, celebram Juliano Medeiros e Tal\u00edria Petrone\",\"datePublished\":\"2021-11-11T20:40:48+00:00\",\"dateModified\":\"2021-11-17T15:29:06+00:00\",\"mainEntityOfPage\":{\"@id\":\"https:\/\/psol50.org.br\/suspensao-do-orcamento-secreto-uma-vitoria-da-democracia-celebram-juliano-medeiros-e-taliria-petrone\/\"},\"wordCount\":604,\"commentCount\":0,\"publisher\":{\"@id\":\"https:\/\/psol50.org.br\/#organization\"},\"image\":{\"@id\":\"https:\/\/psol50.org.br\/suspensao-do-orcamento-secreto-uma-vitoria-da-democracia-celebram-juliano-medeiros-e-taliria-petrone\/#primaryimage\"},\"thumbnailUrl\":\"https:\/\/psol50.org.br\/inc\/uploads\/2021\/11\/Juliano-e-Taliria-2.jpg\",\"keywords\":[\"Not\u00edcias\"],\"articleSection\":[\"Artigos\"],\"inLanguage\":\"pt-BR\",\"potentialAction\":[{\"@type\":\"CommentAction\",\"name\":\"Comment\",\"target\":[\"https:\/\/psol50.org.br\/suspensao-do-orcamento-secreto-uma-vitoria-da-democracia-celebram-juliano-medeiros-e-taliria-petrone\/#respond\"]}]},{\"@type\":\"WebPage\",\"@id\":\"https:\/\/psol50.org.br\/suspensao-do-orcamento-secreto-uma-vitoria-da-democracia-celebram-juliano-medeiros-e-taliria-petrone\/\",\"url\":\"https:\/\/psol50.org.br\/suspensao-do-orcamento-secreto-uma-vitoria-da-democracia-celebram-juliano-medeiros-e-taliria-petrone\/\",\"name\":\"\\\"Suspens\u00e3o do or\u00e7amento secreto, uma vit\u00f3ria da democracia\\\", celebram Juliano Medeiros e Tal\u00edria Petrone\",\"isPartOf\":{\"@id\":\"https:\/\/psol50.org.br\/#website\"},\"primaryImageOfPage\":{\"@id\":\"https:\/\/psol50.org.br\/suspensao-do-orcamento-secreto-uma-vitoria-da-democracia-celebram-juliano-medeiros-e-taliria-petrone\/#primaryimage\"},\"image\":{\"@id\":\"https:\/\/psol50.org.br\/suspensao-do-orcamento-secreto-uma-vitoria-da-democracia-celebram-juliano-medeiros-e-taliria-petrone\/#primaryimage\"},\"thumbnailUrl\":\"https:\/\/psol50.org.br\/inc\/uploads\/2021\/11\/Juliano-e-Taliria-2.jpg\",\"datePublished\":\"2021-11-11T20:40:48+00:00\",\"dateModified\":\"2021-11-17T15:29:06+00:00\",\"description\":\"Em artigo no Estad\u00e3o, presidente do PSOL e l\u00edder da bancada do partido na C\u00e2mara celebram vit\u00f3ria nesta semana no STF contra o Bolsol\u00e3o.\",\"breadcrumb\":{\"@id\":\"https:\/\/psol50.org.br\/suspensao-do-orcamento-secreto-uma-vitoria-da-democracia-celebram-juliano-medeiros-e-taliria-petrone\/#breadcrumb\"},\"inLanguage\":\"pt-BR\",\"potentialAction\":[{\"@type\":\"ReadAction\",\"target\":[\"https:\/\/psol50.org.br\/suspensao-do-orcamento-secreto-uma-vitoria-da-democracia-celebram-juliano-medeiros-e-taliria-petrone\/\"]}]},{\"@type\":\"ImageObject\",\"inLanguage\":\"pt-BR\",\"@id\":\"https:\/\/psol50.org.br\/suspensao-do-orcamento-secreto-uma-vitoria-da-democracia-celebram-juliano-medeiros-e-taliria-petrone\/#primaryimage\",\"url\":\"https:\/\/psol50.org.br\/inc\/uploads\/2021\/11\/Juliano-e-Taliria-2.jpg\",\"contentUrl\":\"https:\/\/psol50.org.br\/inc\/uploads\/2021\/11\/Juliano-e-Taliria-2.jpg\",\"width\":1350,\"height\":900},{\"@type\":\"BreadcrumbList\",\"@id\":\"https:\/\/psol50.org.br\/suspensao-do-orcamento-secreto-uma-vitoria-da-democracia-celebram-juliano-medeiros-e-taliria-petrone\/#breadcrumb\",\"itemListElement\":[{\"@type\":\"ListItem\",\"position\":1,\"name\":\"In\u00edcio\",\"item\":\"https:\/\/psol50.org.br\/\"},{\"@type\":\"ListItem\",\"position\":2,\"name\":\"&#8220;Suspens\u00e3o do or\u00e7amento secreto, uma vit\u00f3ria da democracia&#8221;, celebram Juliano Medeiros e Tal\u00edria Petrone\"}]},{\"@type\":\"WebSite\",\"@id\":\"https:\/\/psol50.org.br\/#website\",\"url\":\"https:\/\/psol50.org.br\/\",\"name\":\"PSOL 50\",\"description\":\"Site oficial do Partido Socialismo e Liberdade\",\"publisher\":{\"@id\":\"https:\/\/psol50.org.br\/#organization\"},\"alternateName\":\"PSOL50\",\"potentialAction\":[{\"@type\":\"SearchAction\",\"target\":{\"@type\":\"EntryPoint\",\"urlTemplate\":\"https:\/\/psol50.org.br\/?s={search_term_string}\"},\"query-input\":{\"@type\":\"PropertyValueSpecification\",\"valueRequired\":true,\"valueName\":\"search_term_string\"}}],\"inLanguage\":\"pt-BR\"},{\"@type\":\"Organization\",\"@id\":\"https:\/\/psol50.org.br\/#organization\",\"name\":\"PSOL 50\",\"alternateName\":\"PSOL 50\",\"url\":\"https:\/\/psol50.org.br\/\",\"logo\":{\"@type\":\"ImageObject\",\"inLanguage\":\"pt-BR\",\"@id\":\"https:\/\/psol50.org.br\/#\/schema\/logo\/image\/\",\"url\":\"https:\/\/psol50.org.br\/inc\/uploads\/2018\/07\/capa.png\",\"contentUrl\":\"https:\/\/psol50.org.br\/inc\/uploads\/2018\/07\/capa.png\",\"width\":1350,\"height\":900,\"caption\":\"PSOL 50\"},\"image\":{\"@id\":\"https:\/\/psol50.org.br\/#\/schema\/logo\/image\/\"},\"sameAs\":[\"https:\/\/www.facebook.com\/psol50\",\"https:\/\/x.com\/psol50\",\"https:\/\/www.instagram.com\/psol50\/\",\"https:\/\/www.youtube.com\/channel\/UC7SnJS5o1os7a6CaiNabzcg\"]},{\"@type\":\"Person\",\"@id\":\"https:\/\/psol50.org.br\/#\/schema\/person\/475dfa57d0b815993c714c2e96491fcd\",\"name\":\"Comunica\u00e7\u00e3o PSOL\",\"image\":{\"@type\":\"ImageObject\",\"inLanguage\":\"pt-BR\",\"@id\":\"https:\/\/psol50.org.br\/#\/schema\/person\/image\/\",\"url\":\"https:\/\/secure.gravatar.com\/avatar\/b34fc4f4e468a4e51785917065a3db57b841f5c95dba6ad8c73aaf8f66f8f9bf?s=96&d=mm&r=g\",\"contentUrl\":\"https:\/\/secure.gravatar.com\/avatar\/b34fc4f4e468a4e51785917065a3db57b841f5c95dba6ad8c73aaf8f66f8f9bf?s=96&d=mm&r=g\",\"caption\":\"Comunica\u00e7\u00e3o PSOL\"}}]}<\/script>\n<!-- \/ Yoast SEO plugin. -->","yoast_head_json":{"title":"\"Suspens\u00e3o do or\u00e7amento secreto, uma vit\u00f3ria da democracia\", celebram Juliano Medeiros e Tal\u00edria Petrone","description":"Em artigo no Estad\u00e3o, presidente do PSOL e l\u00edder da bancada do partido na C\u00e2mara celebram vit\u00f3ria nesta semana no STF contra o Bolsol\u00e3o.","robots":{"index":"index","follow":"follow","max-snippet":"max-snippet:-1","max-image-preview":"max-image-preview:large","max-video-preview":"max-video-preview:-1"},"canonical":"https:\/\/psol50.org.br\/suspensao-do-orcamento-secreto-uma-vitoria-da-democracia-celebram-juliano-medeiros-e-taliria-petrone\/","og_locale":"pt_BR","og_type":"article","og_title":"\"Suspens\u00e3o do or\u00e7amento secreto, uma vit\u00f3ria da democracia\", celebram Juliano Medeiros e Tal\u00edria Petrone","og_description":"Em artigo no Estad\u00e3o, presidente do PSOL e l\u00edder da bancada do partido na C\u00e2mara celebram vit\u00f3ria nesta semana no STF contra o Bolsol\u00e3o.","og_url":"https:\/\/psol50.org.br\/suspensao-do-orcamento-secreto-uma-vitoria-da-democracia-celebram-juliano-medeiros-e-taliria-petrone\/","og_site_name":"PSOL 50","article_publisher":"https:\/\/www.facebook.com\/psol50","article_published_time":"2021-11-11T20:40:48+00:00","article_modified_time":"2021-11-17T15:29:06+00:00","og_image":[{"width":1350,"height":900,"url":"https:\/\/psol50.org.br\/inc\/uploads\/2021\/11\/Juliano-e-Taliria-2.jpg","type":"image\/jpeg"}],"author":"Comunica\u00e7\u00e3o PSOL","twitter_card":"summary_large_image","twitter_image":"https:\/\/psol50.org.br\/inc\/uploads\/2021\/11\/Juliano-e-Taliria-2.jpg","twitter_creator":"@psol50","twitter_site":"@psol50","twitter_misc":{"Escrito por":"Comunica\u00e7\u00e3o PSOL","Est. tempo de leitura":"3 minutos"},"schema":{"@context":"https:\/\/schema.org","@graph":[{"@type":"Article","@id":"https:\/\/psol50.org.br\/suspensao-do-orcamento-secreto-uma-vitoria-da-democracia-celebram-juliano-medeiros-e-taliria-petrone\/#article","isPartOf":{"@id":"https:\/\/psol50.org.br\/suspensao-do-orcamento-secreto-uma-vitoria-da-democracia-celebram-juliano-medeiros-e-taliria-petrone\/"},"author":{"name":"Comunica\u00e7\u00e3o PSOL","@id":"https:\/\/psol50.org.br\/#\/schema\/person\/475dfa57d0b815993c714c2e96491fcd"},"headline":"&#8220;Suspens\u00e3o do or\u00e7amento secreto, uma vit\u00f3ria da democracia&#8221;, celebram Juliano Medeiros e Tal\u00edria Petrone","datePublished":"2021-11-11T20:40:48+00:00","dateModified":"2021-11-17T15:29:06+00:00","mainEntityOfPage":{"@id":"https:\/\/psol50.org.br\/suspensao-do-orcamento-secreto-uma-vitoria-da-democracia-celebram-juliano-medeiros-e-taliria-petrone\/"},"wordCount":604,"commentCount":0,"publisher":{"@id":"https:\/\/psol50.org.br\/#organization"},"image":{"@id":"https:\/\/psol50.org.br\/suspensao-do-orcamento-secreto-uma-vitoria-da-democracia-celebram-juliano-medeiros-e-taliria-petrone\/#primaryimage"},"thumbnailUrl":"https:\/\/psol50.org.br\/inc\/uploads\/2021\/11\/Juliano-e-Taliria-2.jpg","keywords":["Not\u00edcias"],"articleSection":["Artigos"],"inLanguage":"pt-BR","potentialAction":[{"@type":"CommentAction","name":"Comment","target":["https:\/\/psol50.org.br\/suspensao-do-orcamento-secreto-uma-vitoria-da-democracia-celebram-juliano-medeiros-e-taliria-petrone\/#respond"]}]},{"@type":"WebPage","@id":"https:\/\/psol50.org.br\/suspensao-do-orcamento-secreto-uma-vitoria-da-democracia-celebram-juliano-medeiros-e-taliria-petrone\/","url":"https:\/\/psol50.org.br\/suspensao-do-orcamento-secreto-uma-vitoria-da-democracia-celebram-juliano-medeiros-e-taliria-petrone\/","name":"\"Suspens\u00e3o do or\u00e7amento secreto, uma vit\u00f3ria da democracia\", celebram Juliano Medeiros e Tal\u00edria Petrone","isPartOf":{"@id":"https:\/\/psol50.org.br\/#website"},"primaryImageOfPage":{"@id":"https:\/\/psol50.org.br\/suspensao-do-orcamento-secreto-uma-vitoria-da-democracia-celebram-juliano-medeiros-e-taliria-petrone\/#primaryimage"},"image":{"@id":"https:\/\/psol50.org.br\/suspensao-do-orcamento-secreto-uma-vitoria-da-democracia-celebram-juliano-medeiros-e-taliria-petrone\/#primaryimage"},"thumbnailUrl":"https:\/\/psol50.org.br\/inc\/uploads\/2021\/11\/Juliano-e-Taliria-2.jpg","datePublished":"2021-11-11T20:40:48+00:00","dateModified":"2021-11-17T15:29:06+00:00","description":"Em artigo no Estad\u00e3o, presidente do PSOL e l\u00edder da bancada do partido na C\u00e2mara celebram vit\u00f3ria nesta semana no STF contra o Bolsol\u00e3o.","breadcrumb":{"@id":"https:\/\/psol50.org.br\/suspensao-do-orcamento-secreto-uma-vitoria-da-democracia-celebram-juliano-medeiros-e-taliria-petrone\/#breadcrumb"},"inLanguage":"pt-BR","potentialAction":[{"@type":"ReadAction","target":["https:\/\/psol50.org.br\/suspensao-do-orcamento-secreto-uma-vitoria-da-democracia-celebram-juliano-medeiros-e-taliria-petrone\/"]}]},{"@type":"ImageObject","inLanguage":"pt-BR","@id":"https:\/\/psol50.org.br\/suspensao-do-orcamento-secreto-uma-vitoria-da-democracia-celebram-juliano-medeiros-e-taliria-petrone\/#primaryimage","url":"https:\/\/psol50.org.br\/inc\/uploads\/2021\/11\/Juliano-e-Taliria-2.jpg","contentUrl":"https:\/\/psol50.org.br\/inc\/uploads\/2021\/11\/Juliano-e-Taliria-2.jpg","width":1350,"height":900},{"@type":"BreadcrumbList","@id":"https:\/\/psol50.org.br\/suspensao-do-orcamento-secreto-uma-vitoria-da-democracia-celebram-juliano-medeiros-e-taliria-petrone\/#breadcrumb","itemListElement":[{"@type":"ListItem","position":1,"name":"In\u00edcio","item":"https:\/\/psol50.org.br\/"},{"@type":"ListItem","position":2,"name":"&#8220;Suspens\u00e3o do or\u00e7amento secreto, uma vit\u00f3ria da democracia&#8221;, celebram Juliano Medeiros e Tal\u00edria Petrone"}]},{"@type":"WebSite","@id":"https:\/\/psol50.org.br\/#website","url":"https:\/\/psol50.org.br\/","name":"PSOL 50","description":"Site oficial do Partido Socialismo e Liberdade","publisher":{"@id":"https:\/\/psol50.org.br\/#organization"},"alternateName":"PSOL50","potentialAction":[{"@type":"SearchAction","target":{"@type":"EntryPoint","urlTemplate":"https:\/\/psol50.org.br\/?s={search_term_string}"},"query-input":{"@type":"PropertyValueSpecification","valueRequired":true,"valueName":"search_term_string"}}],"inLanguage":"pt-BR"},{"@type":"Organization","@id":"https:\/\/psol50.org.br\/#organization","name":"PSOL 50","alternateName":"PSOL 50","url":"https:\/\/psol50.org.br\/","logo":{"@type":"ImageObject","inLanguage":"pt-BR","@id":"https:\/\/psol50.org.br\/#\/schema\/logo\/image\/","url":"https:\/\/psol50.org.br\/inc\/uploads\/2018\/07\/capa.png","contentUrl":"https:\/\/psol50.org.br\/inc\/uploads\/2018\/07\/capa.png","width":1350,"height":900,"caption":"PSOL 50"},"image":{"@id":"https:\/\/psol50.org.br\/#\/schema\/logo\/image\/"},"sameAs":["https:\/\/www.facebook.com\/psol50","https:\/\/x.com\/psol50","https:\/\/www.instagram.com\/psol50\/","https:\/\/www.youtube.com\/channel\/UC7SnJS5o1os7a6CaiNabzcg"]},{"@type":"Person","@id":"https:\/\/psol50.org.br\/#\/schema\/person\/475dfa57d0b815993c714c2e96491fcd","name":"Comunica\u00e7\u00e3o PSOL","image":{"@type":"ImageObject","inLanguage":"pt-BR","@id":"https:\/\/psol50.org.br\/#\/schema\/person\/image\/","url":"https:\/\/secure.gravatar.com\/avatar\/b34fc4f4e468a4e51785917065a3db57b841f5c95dba6ad8c73aaf8f66f8f9bf?s=96&d=mm&r=g","contentUrl":"https:\/\/secure.gravatar.com\/avatar\/b34fc4f4e468a4e51785917065a3db57b841f5c95dba6ad8c73aaf8f66f8f9bf?s=96&d=mm&r=g","caption":"Comunica\u00e7\u00e3o PSOL"}}]}},"_links":{"self":[{"href":"https:\/\/psol50.org.br\/rest\/wp\/v2\/posts\/34702","targetHints":{"allow":["GET"]}}],"collection":[{"href":"https:\/\/psol50.org.br\/rest\/wp\/v2\/posts"}],"about":[{"href":"https:\/\/psol50.org.br\/rest\/wp\/v2\/types\/post"}],"author":[{"embeddable":true,"href":"https:\/\/psol50.org.br\/rest\/wp\/v2\/users\/2"}],"replies":[{"embeddable":true,"href":"https:\/\/psol50.org.br\/rest\/wp\/v2\/comments?post=34702"}],"version-history":[{"count":8,"href":"https:\/\/psol50.org.br\/rest\/wp\/v2\/posts\/34702\/revisions"}],"predecessor-version":[{"id":34711,"href":"https:\/\/psol50.org.br\/rest\/wp\/v2\/posts\/34702\/revisions\/34711"}],"wp:featuredmedia":[{"embeddable":true,"href":"https:\/\/psol50.org.br\/rest\/wp\/v2\/media\/34712"}],"wp:attachment":[{"href":"https:\/\/psol50.org.br\/rest\/wp\/v2\/media?parent=34702"}],"wp:term":[{"taxonomy":"category","embeddable":true,"href":"https:\/\/psol50.org.br\/rest\/wp\/v2\/categories?post=34702"},{"taxonomy":"post_tag","embeddable":true,"href":"https:\/\/psol50.org.br\/rest\/wp\/v2\/tags?post=34702"}],"curies":[{"name":"wp","href":"https:\/\/api.w.org\/{rel}","templated":true}]}}