{"id":34744,"date":"2021-11-18T11:46:45","date_gmt":"2021-11-18T14:46:45","guid":{"rendered":"https:\/\/psol50.org.br\/?p=34744"},"modified":"2021-11-19T12:35:00","modified_gmt":"2021-11-19T15:35:00","slug":"mariana-conti-vereadora-do-psol-em-campinas-e-ameacada-por-criticas-a-bolsonaro-e-a-extrema-direita","status":"publish","type":"post","link":"https:\/\/psol50.org.br\/mariana-conti-vereadora-do-psol-em-campinas-e-ameacada-por-criticas-a-bolsonaro-e-a-extrema-direita\/","title":{"rendered":"Mariana Conti, vereadora do PSOL em Campinas, \u00e9 amea\u00e7ada por cr\u00edticas a Bolsonaro e \u00e0 extrema-direita"},"content":{"rendered":"<p>A vereadora do PSOL em Campinas (SP) Mariana Conti vem sofrendo uma s\u00e9rie de amea\u00e7as nesta semana atrav\u00e9s de liga\u00e7\u00f5es em seu gabinete na C\u00e2mara Municipal da cidade.<\/p>\n<p>&#8220;Fala pra ela parar de criticar Bolsonaro porque o bicho vai pegar pra ela&#8221;, \u00e9 o que dizia o homem que vem fazendo as amea\u00e7as \u00e0 vereadora desde a \u00faltima ter\u00e7a-feira (16), segundo a assessoria da parlamentar. Ele tamb\u00e9m dizia estar sendo orientado por algu\u00e9m a realizar as amea\u00e7as.<\/p>\n<p>Mariana Conti j\u00e1 comunicou a Presid\u00eancia da C\u00e2mara Municipal do ocorrido e vai registrar um boletim de ocorr\u00eancia por causa das amea\u00e7as.<\/p>\n<blockquote class=\"twitter-tweet\" data-width=\"550\" data-dnt=\"true\">\n<p lang=\"pt\" dir=\"ltr\">Acabo de receber uma amea\u00e7a por meio de uma liga\u00e7\u00e3o aqui em meu gabinete. &quot;Fala pra ela parar porque o bicho vai pegar para ela&quot;, disse o sujeito. Na conversa, ele soltou que estava sendo orientado. Comuniquei a a presid\u00eancia da C\u00e2mara e vou fazer BO. N\u00e3o v\u00e3o nos intimidar!<\/p>\n<p>&mdash; Mariana Conti (@mariana_psol) <a href=\"https:\/\/twitter.com\/mariana_psol\/status\/1461055489639428113?ref_src=twsrc%5Etfw\">November 17, 2021<\/a><\/p><\/blockquote>\n<p><script async src=\"https:\/\/platform.twitter.com\/widgets.js\" charset=\"utf-8\"><\/script><\/p>\n<p>No mesmo dia das amea\u00e7as, a C\u00e2mara Municipal de Campinas aprovou a abertura de uma Comiss\u00e3o Processante contra o vereador bolsonarista Nelson Hossri por quebra de decoro. O parlamentar foi respons\u00e1vel por uma manifesta\u00e7\u00e3o antivacina no \u00faltimo dia 8 de novembro e fez ofensas racistas \u00e0 vereadora Paolla Miguel (PT).<\/p>\n<p>A Comiss\u00e3o Processante foi um pedido realizado pelos Diret\u00f3rios Municipais de PSOL, PCdoB e PT, protocolado pelas presidentas municipais Marcela Moreira (PSOL), Denise Teijeiro (PCdoB) e pelo presidente municipal Carlos Orfei (PT).<\/p>\n<blockquote class=\"twitter-tweet\" data-width=\"550\" data-dnt=\"true\">\n<p lang=\"pt\" dir=\"ltr\">Acaba de ser aprovada a comiss\u00e3o processante contra o Vereador Nelson Hossri, por quebra de decoro. Nelson vai arcar com as consequ\u00eancias de sua pol\u00edtica nefasta, agressiva e raivosa. Que seja responsabilizado!<a href=\"https:\/\/twitter.com\/hashtag\/ForaNelson?src=hash&amp;ref_src=twsrc%5Etfw\">#ForaNelson<\/a> <a href=\"https:\/\/t.co\/TQanPYskrd\">pic.twitter.com\/TQanPYskrd<\/a><\/p>\n<p>&mdash; Mariana Conti (@mariana_psol) <a href=\"https:\/\/twitter.com\/mariana_psol\/status\/1461118569610108935?ref_src=twsrc%5Etfw\">November 17, 2021<\/a><\/p><\/blockquote>\n<p><script async src=\"https:\/\/platform.twitter.com\/widgets.js\" charset=\"utf-8\"><\/script><\/p>\n<h5><strong>N\u00c3O \u00c9 UM CASO ISOLADO<\/strong><\/h5>\n<p>Mariana Conti n\u00e3o \u00e9 a primeira parlamentar do PSOL a sofrer graves amea\u00e7as por sua atua\u00e7\u00e3o em defesa dos direitos humanos e contra Bolsonaro e a pol\u00edtica de morte da extrema-direita.<\/p>\n<p>Recentemente, a <strong><a href=\"https:\/\/psol50.org.br\/andreia-de-jesus-psol-sofre-graves-ameacas-de-morte-por-seu-trabalho-na-assembleia-legislativa-de-mg\/\" target=\"_blank\" rel=\"noopener\">deputada estadual do PSOL em Minas Gerais, Andreia de Jesus, tamb\u00e9m foi alvo de amea\u00e7as de morte<\/a><\/strong> por sua atua\u00e7\u00e3o \u00e0 frente da Comiss\u00e3o de Direitos Humanos da Assembleia Legislativa.<\/p>\n<p>A <a href=\"https:\/\/psol50.org.br\/benny-briolly-psol-retorna-ao-brasil-apos-ameacas-de-morte-e-pm-do-rio-se-recusa-a-garantir-sua-seguranca\/\" target=\"_blank\" rel=\"noopener\"><strong>vereadora do PSOL em Niter\u00f3i (RJ), Benny Briolly<\/strong><\/a>, teve que passar alguns dias fora do Brasil para se proteger das constantes amea\u00e7as de morte que recebeu.<\/p>\n<p>A <strong><a href=\"https:\/\/psol50.org.br\/erika-hilton-registra-bo-apos-ser-perseguida-e-ameacada-dentro-da-camara-de-sp\/\" target=\"_blank\" rel=\"noopener\">vereadora do PSOL em S\u00e2o Paulo (SP) \u00c9rika Hilton<\/a><\/strong>, assim como as covereadoras <strong><a href=\"https:\/\/psol50.org.br\/carolina-iara-co-vereadora-do-psol-sofre-atentado-em-sao-paulo-exigimos-investigacao-ja\/\" target=\"_blank\" rel=\"noopener\">Carolina Iara (Bancada Feminista)<\/a><\/strong> e <strong><a href=\"https:\/\/psol50.org.br\/samara-sosthenes-co-vereadora-do-psol-em-sao-paulo-e-ameacada-com-um-tiro-para-o-alto-em-frente-de-casa\/\" target=\"_blank\" rel=\"noopener\">Samara S\u00f3sthenes (Quilombo Perif\u00e9rico)<\/a><\/strong>, ambas tamb\u00e9m do PSOL, sofreram amea\u00e7as \u00e0s suas vidas tanto em suas casas como na pr\u00f3pria C\u00e2mara Municipal da maior cidade da Am\u00e9rica Latina.<\/p>\n<p>A <strong><a href=\"https:\/\/psol50.org.br\/taliria-petrone-nao-podera-votar-no-domingo-por-ameacas-de-morte-votem-por-mim\/\" target=\"_blank\" rel=\"noopener\">deputada federal Tal\u00edria Petrone n\u00e3o pode, por exemplo, votar nas \u00faltimas elei\u00e7\u00f5es de 2020<\/a><\/strong> por n\u00e3o ter sua seguran\u00e7a garantida no estado do Rio de Janeiro, territ\u00f3rio que a elegeu com mais de 100 mil votos em 2018. Ela sofre constantes amea\u00e7as de morte no Rio, mesmo local em que a vereadora do PSOL Marielle Franco foi assassinada em 14 de mar\u00e7o de 2018.<\/p>\n","protected":false},"excerpt":{"rendered":"<p>A vereadora do PSOL em Campinas (SP) Mariana Conti vem sofrendo uma s\u00e9rie de amea\u00e7as nesta semana atrav\u00e9s de liga\u00e7\u00f5es em seu gabinete na C\u00e2mara Municipal da cidade. &#8220;Fala pra ela parar de criticar Bolsonaro porque o bicho vai pegar pra ela&#8221;, \u00e9 o que dizia o homem que vem fazendo as amea\u00e7as \u00e0 vereadora [&hellip;]<\/p>\n","protected":false},"author":2,"featured_media":34745,"comment_status":"open","ping_status":"open","sticky":false,"template":"","format":"standard","meta":{"_acf_changed":false,"footnotes":""},"categories":[14],"tags":[4825],"class_list":{"0":"post-34744","1":"post","2":"type-post","3":"status-publish","4":"format-standard","5":"has-post-thumbnail","7":"category-partido","8":"tag-noticias"},"acf":[],"yoast_head":"<!-- This site is optimized with the Yoast SEO plugin v26.5 - https:\/\/yoast.com\/wordpress\/plugins\/seo\/ -->\n<title>Mariana Conti, vereadora do PSOL em Campinas, \u00e9 amea\u00e7ada por cr\u00edticas a Bolsonaro e \u00e0 extrema-direita<\/title>\n<meta name=\"description\" content=\"Caso se soma \u00e0s diversas amea\u00e7as que parlamentares mulheres, negras e transexuais do partido t\u00eam sofrido no \u00faltimo per\u00edodo.\" \/>\n<meta name=\"robots\" content=\"index, follow, max-snippet:-1, max-image-preview:large, max-video-preview:-1\" \/>\n<link rel=\"canonical\" href=\"https:\/\/psol50.org.br\/mariana-conti-vereadora-do-psol-em-campinas-e-ameacada-por-criticas-a-bolsonaro-e-a-extrema-direita\/\" \/>\n<meta property=\"og:locale\" content=\"pt_BR\" \/>\n<meta property=\"og:type\" content=\"article\" \/>\n<meta property=\"og:title\" content=\"Mariana Conti, vereadora do PSOL em Campinas, \u00e9 amea\u00e7ada por cr\u00edticas a Bolsonaro e \u00e0 extrema-direita\" \/>\n<meta property=\"og:description\" content=\"Caso se soma \u00e0s diversas amea\u00e7as que parlamentares mulheres, negras e transexuais do partido t\u00eam sofrido no \u00faltimo per\u00edodo.\" \/>\n<meta property=\"og:url\" content=\"https:\/\/psol50.org.br\/mariana-conti-vereadora-do-psol-em-campinas-e-ameacada-por-criticas-a-bolsonaro-e-a-extrema-direita\/\" \/>\n<meta property=\"og:site_name\" content=\"PSOL 50\" \/>\n<meta property=\"article:publisher\" content=\"https:\/\/www.facebook.com\/psol50\" \/>\n<meta property=\"article:published_time\" content=\"2021-11-18T14:46:45+00:00\" \/>\n<meta property=\"article:modified_time\" content=\"2021-11-19T15:35:00+00:00\" \/>\n<meta property=\"og:image\" content=\"https:\/\/psol50.org.br\/inc\/uploads\/2021\/11\/mariana-conti.jpg\" \/>\n\t<meta property=\"og:image:width\" content=\"1008\" \/>\n\t<meta property=\"og:image:height\" content=\"669\" \/>\n\t<meta property=\"og:image:type\" content=\"image\/jpeg\" \/>\n<meta name=\"author\" content=\"Comunica\u00e7\u00e3o PSOL\" \/>\n<meta name=\"twitter:card\" content=\"summary_large_image\" \/>\n<meta name=\"twitter:image\" content=\"https:\/\/psol50.org.br\/inc\/uploads\/2021\/11\/mariana-conti.jpg\" \/>\n<meta name=\"twitter:creator\" content=\"@psol50\" \/>\n<meta name=\"twitter:site\" content=\"@psol50\" \/>\n<meta name=\"twitter:label1\" content=\"Escrito por\" \/>\n\t<meta name=\"twitter:data1\" content=\"Comunica\u00e7\u00e3o PSOL\" \/>\n\t<meta name=\"twitter:label2\" content=\"Est. tempo de leitura\" \/>\n\t<meta name=\"twitter:data2\" content=\"2 minutos\" \/>\n<script type=\"application\/ld+json\" class=\"yoast-schema-graph\">{\"@context\":\"https:\/\/schema.org\",\"@graph\":[{\"@type\":\"Article\",\"@id\":\"https:\/\/psol50.org.br\/mariana-conti-vereadora-do-psol-em-campinas-e-ameacada-por-criticas-a-bolsonaro-e-a-extrema-direita\/#article\",\"isPartOf\":{\"@id\":\"https:\/\/psol50.org.br\/mariana-conti-vereadora-do-psol-em-campinas-e-ameacada-por-criticas-a-bolsonaro-e-a-extrema-direita\/\"},\"author\":{\"name\":\"Comunica\u00e7\u00e3o PSOL\",\"@id\":\"https:\/\/psol50.org.br\/#\/schema\/person\/475dfa57d0b815993c714c2e96491fcd\"},\"headline\":\"Mariana Conti, vereadora do PSOL em Campinas, \u00e9 amea\u00e7ada por cr\u00edticas a Bolsonaro e \u00e0 extrema-direita\",\"datePublished\":\"2021-11-18T14:46:45+00:00\",\"dateModified\":\"2021-11-19T15:35:00+00:00\",\"mainEntityOfPage\":{\"@id\":\"https:\/\/psol50.org.br\/mariana-conti-vereadora-do-psol-em-campinas-e-ameacada-por-criticas-a-bolsonaro-e-a-extrema-direita\/\"},\"wordCount\":451,\"commentCount\":0,\"publisher\":{\"@id\":\"https:\/\/psol50.org.br\/#organization\"},\"image\":{\"@id\":\"https:\/\/psol50.org.br\/mariana-conti-vereadora-do-psol-em-campinas-e-ameacada-por-criticas-a-bolsonaro-e-a-extrema-direita\/#primaryimage\"},\"thumbnailUrl\":\"https:\/\/psol50.org.br\/inc\/uploads\/2021\/11\/mariana-conti.jpg\",\"keywords\":[\"Not\u00edcias\"],\"articleSection\":[\"Partido\"],\"inLanguage\":\"pt-BR\",\"potentialAction\":[{\"@type\":\"CommentAction\",\"name\":\"Comment\",\"target\":[\"https:\/\/psol50.org.br\/mariana-conti-vereadora-do-psol-em-campinas-e-ameacada-por-criticas-a-bolsonaro-e-a-extrema-direita\/#respond\"]}]},{\"@type\":\"WebPage\",\"@id\":\"https:\/\/psol50.org.br\/mariana-conti-vereadora-do-psol-em-campinas-e-ameacada-por-criticas-a-bolsonaro-e-a-extrema-direita\/\",\"url\":\"https:\/\/psol50.org.br\/mariana-conti-vereadora-do-psol-em-campinas-e-ameacada-por-criticas-a-bolsonaro-e-a-extrema-direita\/\",\"name\":\"Mariana Conti, vereadora do PSOL em Campinas, \u00e9 amea\u00e7ada por cr\u00edticas a Bolsonaro e \u00e0 extrema-direita\",\"isPartOf\":{\"@id\":\"https:\/\/psol50.org.br\/#website\"},\"primaryImageOfPage\":{\"@id\":\"https:\/\/psol50.org.br\/mariana-conti-vereadora-do-psol-em-campinas-e-ameacada-por-criticas-a-bolsonaro-e-a-extrema-direita\/#primaryimage\"},\"image\":{\"@id\":\"https:\/\/psol50.org.br\/mariana-conti-vereadora-do-psol-em-campinas-e-ameacada-por-criticas-a-bolsonaro-e-a-extrema-direita\/#primaryimage\"},\"thumbnailUrl\":\"https:\/\/psol50.org.br\/inc\/uploads\/2021\/11\/mariana-conti.jpg\",\"datePublished\":\"2021-11-18T14:46:45+00:00\",\"dateModified\":\"2021-11-19T15:35:00+00:00\",\"description\":\"Caso se soma \u00e0s diversas amea\u00e7as que parlamentares mulheres, negras e transexuais do partido t\u00eam sofrido no \u00faltimo per\u00edodo.\",\"breadcrumb\":{\"@id\":\"https:\/\/psol50.org.br\/mariana-conti-vereadora-do-psol-em-campinas-e-ameacada-por-criticas-a-bolsonaro-e-a-extrema-direita\/#breadcrumb\"},\"inLanguage\":\"pt-BR\",\"potentialAction\":[{\"@type\":\"ReadAction\",\"target\":[\"https:\/\/psol50.org.br\/mariana-conti-vereadora-do-psol-em-campinas-e-ameacada-por-criticas-a-bolsonaro-e-a-extrema-direita\/\"]}]},{\"@type\":\"ImageObject\",\"inLanguage\":\"pt-BR\",\"@id\":\"https:\/\/psol50.org.br\/mariana-conti-vereadora-do-psol-em-campinas-e-ameacada-por-criticas-a-bolsonaro-e-a-extrema-direita\/#primaryimage\",\"url\":\"https:\/\/psol50.org.br\/inc\/uploads\/2021\/11\/mariana-conti.jpg\",\"contentUrl\":\"https:\/\/psol50.org.br\/inc\/uploads\/2021\/11\/mariana-conti.jpg\",\"width\":1008,\"height\":669,\"caption\":\"Foto: C\u00e2mara Municipal de Campinas\"},{\"@type\":\"BreadcrumbList\",\"@id\":\"https:\/\/psol50.org.br\/mariana-conti-vereadora-do-psol-em-campinas-e-ameacada-por-criticas-a-bolsonaro-e-a-extrema-direita\/#breadcrumb\",\"itemListElement\":[{\"@type\":\"ListItem\",\"position\":1,\"name\":\"In\u00edcio\",\"item\":\"https:\/\/psol50.org.br\/\"},{\"@type\":\"ListItem\",\"position\":2,\"name\":\"Mariana Conti, vereadora do PSOL em Campinas, \u00e9 amea\u00e7ada por cr\u00edticas a Bolsonaro e \u00e0 extrema-direita\"}]},{\"@type\":\"WebSite\",\"@id\":\"https:\/\/psol50.org.br\/#website\",\"url\":\"https:\/\/psol50.org.br\/\",\"name\":\"PSOL 50\",\"description\":\"Site oficial do Partido Socialismo e Liberdade\",\"publisher\":{\"@id\":\"https:\/\/psol50.org.br\/#organization\"},\"alternateName\":\"PSOL50\",\"potentialAction\":[{\"@type\":\"SearchAction\",\"target\":{\"@type\":\"EntryPoint\",\"urlTemplate\":\"https:\/\/psol50.org.br\/?s={search_term_string}\"},\"query-input\":{\"@type\":\"PropertyValueSpecification\",\"valueRequired\":true,\"valueName\":\"search_term_string\"}}],\"inLanguage\":\"pt-BR\"},{\"@type\":\"Organization\",\"@id\":\"https:\/\/psol50.org.br\/#organization\",\"name\":\"PSOL 50\",\"alternateName\":\"PSOL 50\",\"url\":\"https:\/\/psol50.org.br\/\",\"logo\":{\"@type\":\"ImageObject\",\"inLanguage\":\"pt-BR\",\"@id\":\"https:\/\/psol50.org.br\/#\/schema\/logo\/image\/\",\"url\":\"https:\/\/psol50.org.br\/inc\/uploads\/2018\/07\/capa.png\",\"contentUrl\":\"https:\/\/psol50.org.br\/inc\/uploads\/2018\/07\/capa.png\",\"width\":1350,\"height\":900,\"caption\":\"PSOL 50\"},\"image\":{\"@id\":\"https:\/\/psol50.org.br\/#\/schema\/logo\/image\/\"},\"sameAs\":[\"https:\/\/www.facebook.com\/psol50\",\"https:\/\/x.com\/psol50\",\"https:\/\/www.instagram.com\/psol50\/\",\"https:\/\/www.youtube.com\/channel\/UC7SnJS5o1os7a6CaiNabzcg\"]},{\"@type\":\"Person\",\"@id\":\"https:\/\/psol50.org.br\/#\/schema\/person\/475dfa57d0b815993c714c2e96491fcd\",\"name\":\"Comunica\u00e7\u00e3o PSOL\",\"image\":{\"@type\":\"ImageObject\",\"inLanguage\":\"pt-BR\",\"@id\":\"https:\/\/psol50.org.br\/#\/schema\/person\/image\/\",\"url\":\"https:\/\/secure.gravatar.com\/avatar\/b34fc4f4e468a4e51785917065a3db57b841f5c95dba6ad8c73aaf8f66f8f9bf?s=96&d=mm&r=g\",\"contentUrl\":\"https:\/\/secure.gravatar.com\/avatar\/b34fc4f4e468a4e51785917065a3db57b841f5c95dba6ad8c73aaf8f66f8f9bf?s=96&d=mm&r=g\",\"caption\":\"Comunica\u00e7\u00e3o PSOL\"}}]}<\/script>\n<!-- \/ Yoast SEO plugin. -->","yoast_head_json":{"title":"Mariana Conti, vereadora do PSOL em Campinas, \u00e9 amea\u00e7ada por cr\u00edticas a Bolsonaro e \u00e0 extrema-direita","description":"Caso se soma \u00e0s diversas amea\u00e7as que parlamentares mulheres, negras e transexuais do partido t\u00eam sofrido no \u00faltimo per\u00edodo.","robots":{"index":"index","follow":"follow","max-snippet":"max-snippet:-1","max-image-preview":"max-image-preview:large","max-video-preview":"max-video-preview:-1"},"canonical":"https:\/\/psol50.org.br\/mariana-conti-vereadora-do-psol-em-campinas-e-ameacada-por-criticas-a-bolsonaro-e-a-extrema-direita\/","og_locale":"pt_BR","og_type":"article","og_title":"Mariana Conti, vereadora do PSOL em Campinas, \u00e9 amea\u00e7ada por cr\u00edticas a Bolsonaro e \u00e0 extrema-direita","og_description":"Caso se soma \u00e0s diversas amea\u00e7as que parlamentares mulheres, negras e transexuais do partido t\u00eam sofrido no \u00faltimo per\u00edodo.","og_url":"https:\/\/psol50.org.br\/mariana-conti-vereadora-do-psol-em-campinas-e-ameacada-por-criticas-a-bolsonaro-e-a-extrema-direita\/","og_site_name":"PSOL 50","article_publisher":"https:\/\/www.facebook.com\/psol50","article_published_time":"2021-11-18T14:46:45+00:00","article_modified_time":"2021-11-19T15:35:00+00:00","og_image":[{"width":1008,"height":669,"url":"https:\/\/psol50.org.br\/inc\/uploads\/2021\/11\/mariana-conti.jpg","type":"image\/jpeg"}],"author":"Comunica\u00e7\u00e3o PSOL","twitter_card":"summary_large_image","twitter_image":"https:\/\/psol50.org.br\/inc\/uploads\/2021\/11\/mariana-conti.jpg","twitter_creator":"@psol50","twitter_site":"@psol50","twitter_misc":{"Escrito por":"Comunica\u00e7\u00e3o PSOL","Est. tempo de leitura":"2 minutos"},"schema":{"@context":"https:\/\/schema.org","@graph":[{"@type":"Article","@id":"https:\/\/psol50.org.br\/mariana-conti-vereadora-do-psol-em-campinas-e-ameacada-por-criticas-a-bolsonaro-e-a-extrema-direita\/#article","isPartOf":{"@id":"https:\/\/psol50.org.br\/mariana-conti-vereadora-do-psol-em-campinas-e-ameacada-por-criticas-a-bolsonaro-e-a-extrema-direita\/"},"author":{"name":"Comunica\u00e7\u00e3o PSOL","@id":"https:\/\/psol50.org.br\/#\/schema\/person\/475dfa57d0b815993c714c2e96491fcd"},"headline":"Mariana Conti, vereadora do PSOL em Campinas, \u00e9 amea\u00e7ada por cr\u00edticas a Bolsonaro e \u00e0 extrema-direita","datePublished":"2021-11-18T14:46:45+00:00","dateModified":"2021-11-19T15:35:00+00:00","mainEntityOfPage":{"@id":"https:\/\/psol50.org.br\/mariana-conti-vereadora-do-psol-em-campinas-e-ameacada-por-criticas-a-bolsonaro-e-a-extrema-direita\/"},"wordCount":451,"commentCount":0,"publisher":{"@id":"https:\/\/psol50.org.br\/#organization"},"image":{"@id":"https:\/\/psol50.org.br\/mariana-conti-vereadora-do-psol-em-campinas-e-ameacada-por-criticas-a-bolsonaro-e-a-extrema-direita\/#primaryimage"},"thumbnailUrl":"https:\/\/psol50.org.br\/inc\/uploads\/2021\/11\/mariana-conti.jpg","keywords":["Not\u00edcias"],"articleSection":["Partido"],"inLanguage":"pt-BR","potentialAction":[{"@type":"CommentAction","name":"Comment","target":["https:\/\/psol50.org.br\/mariana-conti-vereadora-do-psol-em-campinas-e-ameacada-por-criticas-a-bolsonaro-e-a-extrema-direita\/#respond"]}]},{"@type":"WebPage","@id":"https:\/\/psol50.org.br\/mariana-conti-vereadora-do-psol-em-campinas-e-ameacada-por-criticas-a-bolsonaro-e-a-extrema-direita\/","url":"https:\/\/psol50.org.br\/mariana-conti-vereadora-do-psol-em-campinas-e-ameacada-por-criticas-a-bolsonaro-e-a-extrema-direita\/","name":"Mariana Conti, vereadora do PSOL em Campinas, \u00e9 amea\u00e7ada por cr\u00edticas a Bolsonaro e \u00e0 extrema-direita","isPartOf":{"@id":"https:\/\/psol50.org.br\/#website"},"primaryImageOfPage":{"@id":"https:\/\/psol50.org.br\/mariana-conti-vereadora-do-psol-em-campinas-e-ameacada-por-criticas-a-bolsonaro-e-a-extrema-direita\/#primaryimage"},"image":{"@id":"https:\/\/psol50.org.br\/mariana-conti-vereadora-do-psol-em-campinas-e-ameacada-por-criticas-a-bolsonaro-e-a-extrema-direita\/#primaryimage"},"thumbnailUrl":"https:\/\/psol50.org.br\/inc\/uploads\/2021\/11\/mariana-conti.jpg","datePublished":"2021-11-18T14:46:45+00:00","dateModified":"2021-11-19T15:35:00+00:00","description":"Caso se soma \u00e0s diversas amea\u00e7as que parlamentares mulheres, negras e transexuais do partido t\u00eam sofrido no \u00faltimo per\u00edodo.","breadcrumb":{"@id":"https:\/\/psol50.org.br\/mariana-conti-vereadora-do-psol-em-campinas-e-ameacada-por-criticas-a-bolsonaro-e-a-extrema-direita\/#breadcrumb"},"inLanguage":"pt-BR","potentialAction":[{"@type":"ReadAction","target":["https:\/\/psol50.org.br\/mariana-conti-vereadora-do-psol-em-campinas-e-ameacada-por-criticas-a-bolsonaro-e-a-extrema-direita\/"]}]},{"@type":"ImageObject","inLanguage":"pt-BR","@id":"https:\/\/psol50.org.br\/mariana-conti-vereadora-do-psol-em-campinas-e-ameacada-por-criticas-a-bolsonaro-e-a-extrema-direita\/#primaryimage","url":"https:\/\/psol50.org.br\/inc\/uploads\/2021\/11\/mariana-conti.jpg","contentUrl":"https:\/\/psol50.org.br\/inc\/uploads\/2021\/11\/mariana-conti.jpg","width":1008,"height":669,"caption":"Foto: C\u00e2mara Municipal de Campinas"},{"@type":"BreadcrumbList","@id":"https:\/\/psol50.org.br\/mariana-conti-vereadora-do-psol-em-campinas-e-ameacada-por-criticas-a-bolsonaro-e-a-extrema-direita\/#breadcrumb","itemListElement":[{"@type":"ListItem","position":1,"name":"In\u00edcio","item":"https:\/\/psol50.org.br\/"},{"@type":"ListItem","position":2,"name":"Mariana Conti, vereadora do PSOL em Campinas, \u00e9 amea\u00e7ada por cr\u00edticas a Bolsonaro e \u00e0 extrema-direita"}]},{"@type":"WebSite","@id":"https:\/\/psol50.org.br\/#website","url":"https:\/\/psol50.org.br\/","name":"PSOL 50","description":"Site oficial do Partido Socialismo e Liberdade","publisher":{"@id":"https:\/\/psol50.org.br\/#organization"},"alternateName":"PSOL50","potentialAction":[{"@type":"SearchAction","target":{"@type":"EntryPoint","urlTemplate":"https:\/\/psol50.org.br\/?s={search_term_string}"},"query-input":{"@type":"PropertyValueSpecification","valueRequired":true,"valueName":"search_term_string"}}],"inLanguage":"pt-BR"},{"@type":"Organization","@id":"https:\/\/psol50.org.br\/#organization","name":"PSOL 50","alternateName":"PSOL 50","url":"https:\/\/psol50.org.br\/","logo":{"@type":"ImageObject","inLanguage":"pt-BR","@id":"https:\/\/psol50.org.br\/#\/schema\/logo\/image\/","url":"https:\/\/psol50.org.br\/inc\/uploads\/2018\/07\/capa.png","contentUrl":"https:\/\/psol50.org.br\/inc\/uploads\/2018\/07\/capa.png","width":1350,"height":900,"caption":"PSOL 50"},"image":{"@id":"https:\/\/psol50.org.br\/#\/schema\/logo\/image\/"},"sameAs":["https:\/\/www.facebook.com\/psol50","https:\/\/x.com\/psol50","https:\/\/www.instagram.com\/psol50\/","https:\/\/www.youtube.com\/channel\/UC7SnJS5o1os7a6CaiNabzcg"]},{"@type":"Person","@id":"https:\/\/psol50.org.br\/#\/schema\/person\/475dfa57d0b815993c714c2e96491fcd","name":"Comunica\u00e7\u00e3o PSOL","image":{"@type":"ImageObject","inLanguage":"pt-BR","@id":"https:\/\/psol50.org.br\/#\/schema\/person\/image\/","url":"https:\/\/secure.gravatar.com\/avatar\/b34fc4f4e468a4e51785917065a3db57b841f5c95dba6ad8c73aaf8f66f8f9bf?s=96&d=mm&r=g","contentUrl":"https:\/\/secure.gravatar.com\/avatar\/b34fc4f4e468a4e51785917065a3db57b841f5c95dba6ad8c73aaf8f66f8f9bf?s=96&d=mm&r=g","caption":"Comunica\u00e7\u00e3o PSOL"}}]}},"_links":{"self":[{"href":"https:\/\/psol50.org.br\/rest\/wp\/v2\/posts\/34744","targetHints":{"allow":["GET"]}}],"collection":[{"href":"https:\/\/psol50.org.br\/rest\/wp\/v2\/posts"}],"about":[{"href":"https:\/\/psol50.org.br\/rest\/wp\/v2\/types\/post"}],"author":[{"embeddable":true,"href":"https:\/\/psol50.org.br\/rest\/wp\/v2\/users\/2"}],"replies":[{"embeddable":true,"href":"https:\/\/psol50.org.br\/rest\/wp\/v2\/comments?post=34744"}],"version-history":[{"count":2,"href":"https:\/\/psol50.org.br\/rest\/wp\/v2\/posts\/34744\/revisions"}],"predecessor-version":[{"id":34747,"href":"https:\/\/psol50.org.br\/rest\/wp\/v2\/posts\/34744\/revisions\/34747"}],"wp:featuredmedia":[{"embeddable":true,"href":"https:\/\/psol50.org.br\/rest\/wp\/v2\/media\/34745"}],"wp:attachment":[{"href":"https:\/\/psol50.org.br\/rest\/wp\/v2\/media?parent=34744"}],"wp:term":[{"taxonomy":"category","embeddable":true,"href":"https:\/\/psol50.org.br\/rest\/wp\/v2\/categories?post=34744"},{"taxonomy":"post_tag","embeddable":true,"href":"https:\/\/psol50.org.br\/rest\/wp\/v2\/tags?post=34744"}],"curies":[{"name":"wp","href":"https:\/\/api.w.org\/{rel}","templated":true}]}}