{"id":34851,"date":"2021-12-03T12:56:54","date_gmt":"2021-12-03T15:56:54","guid":{"rendered":"https:\/\/psol50.org.br\/?p=34851"},"modified":"2021-12-07T13:54:51","modified_gmt":"2021-12-07T16:54:51","slug":"bancada-do-psol-na-camara-lanca-cartilha-de-negritude-com-projetos-e-artigos-dos-deputados","status":"publish","type":"post","link":"https:\/\/psol50.org.br\/bancada-do-psol-na-camara-lanca-cartilha-de-negritude-com-projetos-e-artigos-dos-deputados\/","title":{"rendered":"Bancada do PSOL na C\u00e2mara lan\u00e7a Cartilha de Negritude com projetos e artigos dos deputados"},"content":{"rendered":"<p>A bancada do PSOL na C\u00e2mara lan\u00e7ou no final do m\u00eas de novembro, marcado por ser o Novembro Negro por ocasi\u00e3o do Dia da Consci\u00eancia Negra, sua <strong><a href=\"https:\/\/psolnacamara.org.br\/negritude\/\" target=\"_blank\" rel=\"noopener\">Cartilha de Negritude<\/a><\/strong>. O material compila mais de uma dezena de iniciativas da bancada para combater o racismo no Brasil, al\u00e9m de in\u00fameras emendas parlamentares do PSOL para auxiliar nesta luta.<\/p>\n<p>A cartilha \u00e9 complementada com uma s\u00e9rie de artigos dos parlamentares negros da bancada, escritos por Tal\u00edria Petrone (RJ), \u00c1urea Carolina (MG), David Miranda (RJ) e Vivi Reis (PA).<\/p>\n<p>&#8220;Enfrentar o racismo passa pela luta contra a viol\u00eancia perpetrada pelos agentes do Estado \u2013 a cada 23 minutos um jovem negro \u00e9 assassinado no pa\u00eds, segundo o Mapa da Viol\u00eancia&#8221;, diz um trecho da apresenta\u00e7\u00e3o da cartilha, que lista alguns dos pontos importantes para combater o racismo.<\/p>\n<p>Romper a predominante sub-representa\u00e7\u00e3o e subemprego de negros e negras no mercado de trabalho \u2013 um cen\u00e1rio que \u00e9 agravado quando a personagem \u00e9 a mulher negra -, cobrar avan\u00e7os na legisla\u00e7\u00e3o no sentido de prote\u00e7\u00e3o \u00e0 popula\u00e7\u00e3o negra \u2013 principalmente se consideramos que a pol\u00edtica brasileira \u00e9 majoritariamente branca &#8211; e promover agendas inovadoras est\u00e3o no caminho do combate ao racismo no Brasil.<\/p>\n<p>&#8220;Passa por parlamentares negras e negros da bancada do PSOL nas Casas Legislativas do pa\u00eds&#8221;, sintetiza o material.<\/p>\n<p>&#8220;A luta contra a discrimina\u00e7\u00e3o racial n\u00e3o deve ser uma pauta exclusiva do movimento negro, mas defendida por aqueles que almejam por uma sociedade justa e igualit\u00e1ria&#8221;, diz outro trecho do material.<\/p>\n<h5>Veja a lista abaixo de uma s\u00e9rie de iniciativas da bancada do PSOL na C\u00e2mara para combater o racismo:<\/h5>\n<p>&#8211; <strong>PL 2819\/2020<\/strong>: Garante a equidade na aten\u00e7\u00e3o integral \u00e0 sa\u00fade da popula\u00e7\u00e3o negra em casos de epidemias ou pandemias.<\/p>\n<p>&#8211; <strong>PL 5923\/2019<\/strong>: Pro\u00edbe homenagens a pessoas ligadas \u00e0 escravid\u00e3o ou ao movimento eugenista na hist\u00f3ria do Brasil.<\/p>\n<p>&#8211; <strong>PL 6066\/2019<\/strong>: Garante publicidade para que usu\u00e1rios de servi\u00e7os p\u00fablicos tenham acesso aos servi\u00e7os de den\u00fancia de racismo, inj\u00faria racial e outras viola\u00e7\u00f5es de direitos humanos.<\/p>\n<p>&#8211; <strong>PL 3489\/2020<\/strong>: Cria reserva de vagas para candidatos negros, ind\u00edgenas, quilombolas e com defici\u00eancia nos programas de p\u00f3s-gradua\u00e7\u00e3o das institui\u00e7\u00f5es federais de ensino superior.<\/p>\n<p>&#8211; <strong>PL 3154\/2020<\/strong>: Determina que o Minist\u00e9rio da Sa\u00fade inclua informa\u00e7\u00f5es relativas a cor e a ra\u00e7a das pessoas suspeitas de contamina\u00e7\u00e3o, contaminadas, hospitalizadas e mortas pela Covid-19 nos dados p\u00fablicos.<\/p>\n<p>&#8211; <strong>PL 2827\/2003<\/strong>: Obriga a inclus\u00e3o do quesito cor\/ra\u00e7a nas fichas de matr\u00edcula e nos dados cadastrais das institui\u00e7\u00f5es de educa\u00e7\u00e3o b\u00e1sica e superior, p\u00fablicas ou privadas, em suas diversas modalidades de ensino.<\/p>\n<p>&#8211; <strong>PL 2477\/2020<\/strong>: Determina que servi\u00e7os dom\u00e9sticos n\u00e3o ser\u00e3o inclu\u00eddos nos &#8220;servi\u00e7os essenciais&#8221; durante a pandemia da Covid-19, assegura direitos trabalhistas e inclui cuidadores de idosos e de pessoas com defici\u00eancia entre os profissionais de sa\u00fade.<\/p>\n<p>&#8211; <strong>PL 1488\/2019<\/strong>: Inscreve o nome de Marielle Franco no Livro dos Her\u00f3is e Hero\u00ednas da P\u00e1tria.<\/p>\n<p>&#8211; <strong>PL 1000\/2020<\/strong>:\u00a0Cria o Plano Emergencial para Enfrentamento ao COVID-19 nas favelas e periferias, e assegura a garantia ao acesso \u00e0 \u00e1gua e distribui\u00e7\u00e3o de kits de higiene e preven\u00e7\u00e3o do cont\u00e1gio e dissemina\u00e7\u00e3o do coronav\u00edrus.<\/p>\n<p>&#8211; <strong>PL 5515\/2020<\/strong>: Institui o Dia Nacional da Luta Contra o Racismo no Futebol.<\/p>\n<p>&#8211; <strong>PL 5296\/2020<\/strong>: Pro\u00edbe homenagens a propriet\u00e1rios e traficantes de escravos, assim como a pensadores que defenderam ou legitimaram a escravid\u00e3o em monumentos p\u00fablicos, pra\u00e7as ou bustos<\/p>\n<p>&#8211; <strong>PRC 77\/2020<\/strong>: Altera o Regimento Interno da C\u00e2mara para criar a Secretaria da Igualdade \u00c9tnico-Racial.<\/p>\n<p>&#8211; <strong>PL 5885\/2019<\/strong>: Conceitua racismo institucional e prop\u00f5e medidas para seu enfrentamento, como forma\u00e7\u00e3o para trabalhadores da seguran\u00e7a p\u00fablica e privada.<\/p>\n","protected":false},"excerpt":{"rendered":"<p>A bancada do PSOL na C\u00e2mara lan\u00e7ou no final do m\u00eas de novembro, marcado por ser o Novembro Negro por ocasi\u00e3o do Dia da Consci\u00eancia Negra, sua Cartilha de Negritude. O material compila mais de uma dezena de iniciativas da bancada para combater o racismo no Brasil, al\u00e9m de in\u00fameras emendas parlamentares do PSOL para [&hellip;]<\/p>\n","protected":false},"author":2,"featured_media":34866,"comment_status":"open","ping_status":"open","sticky":false,"template":"","format":"standard","meta":{"_acf_changed":false,"footnotes":""},"categories":[10],"tags":[4825],"class_list":{"0":"post-34851","1":"post","2":"type-post","3":"status-publish","4":"format-standard","5":"has-post-thumbnail","7":"category-acao-parlamentares","8":"tag-noticias"},"acf":[],"yoast_head":"<!-- This site is optimized with the Yoast SEO plugin v26.5 - https:\/\/yoast.com\/wordpress\/plugins\/seo\/ -->\n<title>Bancada do PSOL na C\u00e2mara lan\u00e7a Cartilha de Negritude com projetos e artigos dos deputados<\/title>\n<meta name=\"description\" content=\"Material em raz\u00e3o do Novembro Negro compila mais de uma dezena de iniciativas da bancada para combater o racismo no Brasil.\" \/>\n<meta name=\"robots\" content=\"index, follow, max-snippet:-1, max-image-preview:large, max-video-preview:-1\" \/>\n<link rel=\"canonical\" href=\"https:\/\/psol50.org.br\/bancada-do-psol-na-camara-lanca-cartilha-de-negritude-com-projetos-e-artigos-dos-deputados\/\" \/>\n<meta property=\"og:locale\" content=\"pt_BR\" \/>\n<meta property=\"og:type\" content=\"article\" \/>\n<meta property=\"og:title\" content=\"Bancada do PSOL na C\u00e2mara lan\u00e7a Cartilha de Negritude com projetos e artigos dos deputados\" \/>\n<meta property=\"og:description\" content=\"Material em raz\u00e3o do Novembro Negro compila mais de uma dezena de iniciativas da bancada para combater o racismo no Brasil.\" \/>\n<meta property=\"og:url\" content=\"https:\/\/psol50.org.br\/bancada-do-psol-na-camara-lanca-cartilha-de-negritude-com-projetos-e-artigos-dos-deputados\/\" \/>\n<meta property=\"og:site_name\" content=\"PSOL 50\" \/>\n<meta property=\"article:publisher\" content=\"https:\/\/www.facebook.com\/psol50\" \/>\n<meta property=\"article:published_time\" content=\"2021-12-03T15:56:54+00:00\" \/>\n<meta property=\"article:modified_time\" content=\"2021-12-07T16:54:51+00:00\" \/>\n<meta property=\"og:image\" content=\"https:\/\/psol50.org.br\/inc\/uploads\/2021\/12\/consciencia-negra.png\" \/>\n\t<meta property=\"og:image:width\" content=\"660\" \/>\n\t<meta property=\"og:image:height\" content=\"380\" \/>\n\t<meta property=\"og:image:type\" content=\"image\/png\" \/>\n<meta name=\"author\" content=\"Comunica\u00e7\u00e3o PSOL\" \/>\n<meta name=\"twitter:card\" content=\"summary_large_image\" \/>\n<meta name=\"twitter:creator\" content=\"@psol50\" \/>\n<meta name=\"twitter:site\" content=\"@psol50\" \/>\n<meta name=\"twitter:label1\" content=\"Escrito por\" \/>\n\t<meta name=\"twitter:data1\" content=\"Comunica\u00e7\u00e3o PSOL\" \/>\n\t<meta name=\"twitter:label2\" content=\"Est. tempo de leitura\" \/>\n\t<meta name=\"twitter:data2\" content=\"3 minutos\" \/>\n<script type=\"application\/ld+json\" class=\"yoast-schema-graph\">{\"@context\":\"https:\/\/schema.org\",\"@graph\":[{\"@type\":\"Article\",\"@id\":\"https:\/\/psol50.org.br\/bancada-do-psol-na-camara-lanca-cartilha-de-negritude-com-projetos-e-artigos-dos-deputados\/#article\",\"isPartOf\":{\"@id\":\"https:\/\/psol50.org.br\/bancada-do-psol-na-camara-lanca-cartilha-de-negritude-com-projetos-e-artigos-dos-deputados\/\"},\"author\":{\"name\":\"Comunica\u00e7\u00e3o PSOL\",\"@id\":\"https:\/\/psol50.org.br\/#\/schema\/person\/475dfa57d0b815993c714c2e96491fcd\"},\"headline\":\"Bancada do PSOL na C\u00e2mara lan\u00e7a Cartilha de Negritude com projetos e artigos dos deputados\",\"datePublished\":\"2021-12-03T15:56:54+00:00\",\"dateModified\":\"2021-12-07T16:54:51+00:00\",\"mainEntityOfPage\":{\"@id\":\"https:\/\/psol50.org.br\/bancada-do-psol-na-camara-lanca-cartilha-de-negritude-com-projetos-e-artigos-dos-deputados\/\"},\"wordCount\":666,\"commentCount\":0,\"publisher\":{\"@id\":\"https:\/\/psol50.org.br\/#organization\"},\"image\":{\"@id\":\"https:\/\/psol50.org.br\/bancada-do-psol-na-camara-lanca-cartilha-de-negritude-com-projetos-e-artigos-dos-deputados\/#primaryimage\"},\"thumbnailUrl\":\"https:\/\/psol50.org.br\/inc\/uploads\/2021\/12\/consciencia-negra.png\",\"keywords\":[\"Not\u00edcias\"],\"articleSection\":[\"A\u00e7\u00e3o Parlamentar\"],\"inLanguage\":\"pt-BR\",\"potentialAction\":[{\"@type\":\"CommentAction\",\"name\":\"Comment\",\"target\":[\"https:\/\/psol50.org.br\/bancada-do-psol-na-camara-lanca-cartilha-de-negritude-com-projetos-e-artigos-dos-deputados\/#respond\"]}]},{\"@type\":\"WebPage\",\"@id\":\"https:\/\/psol50.org.br\/bancada-do-psol-na-camara-lanca-cartilha-de-negritude-com-projetos-e-artigos-dos-deputados\/\",\"url\":\"https:\/\/psol50.org.br\/bancada-do-psol-na-camara-lanca-cartilha-de-negritude-com-projetos-e-artigos-dos-deputados\/\",\"name\":\"Bancada do PSOL na C\u00e2mara lan\u00e7a Cartilha de Negritude com projetos e artigos dos deputados\",\"isPartOf\":{\"@id\":\"https:\/\/psol50.org.br\/#website\"},\"primaryImageOfPage\":{\"@id\":\"https:\/\/psol50.org.br\/bancada-do-psol-na-camara-lanca-cartilha-de-negritude-com-projetos-e-artigos-dos-deputados\/#primaryimage\"},\"image\":{\"@id\":\"https:\/\/psol50.org.br\/bancada-do-psol-na-camara-lanca-cartilha-de-negritude-com-projetos-e-artigos-dos-deputados\/#primaryimage\"},\"thumbnailUrl\":\"https:\/\/psol50.org.br\/inc\/uploads\/2021\/12\/consciencia-negra.png\",\"datePublished\":\"2021-12-03T15:56:54+00:00\",\"dateModified\":\"2021-12-07T16:54:51+00:00\",\"description\":\"Material em raz\u00e3o do Novembro Negro compila mais de uma dezena de iniciativas da bancada para combater o racismo no Brasil.\",\"breadcrumb\":{\"@id\":\"https:\/\/psol50.org.br\/bancada-do-psol-na-camara-lanca-cartilha-de-negritude-com-projetos-e-artigos-dos-deputados\/#breadcrumb\"},\"inLanguage\":\"pt-BR\",\"potentialAction\":[{\"@type\":\"ReadAction\",\"target\":[\"https:\/\/psol50.org.br\/bancada-do-psol-na-camara-lanca-cartilha-de-negritude-com-projetos-e-artigos-dos-deputados\/\"]}]},{\"@type\":\"ImageObject\",\"inLanguage\":\"pt-BR\",\"@id\":\"https:\/\/psol50.org.br\/bancada-do-psol-na-camara-lanca-cartilha-de-negritude-com-projetos-e-artigos-dos-deputados\/#primaryimage\",\"url\":\"https:\/\/psol50.org.br\/inc\/uploads\/2021\/12\/consciencia-negra.png\",\"contentUrl\":\"https:\/\/psol50.org.br\/inc\/uploads\/2021\/12\/consciencia-negra.png\",\"width\":660,\"height\":380},{\"@type\":\"BreadcrumbList\",\"@id\":\"https:\/\/psol50.org.br\/bancada-do-psol-na-camara-lanca-cartilha-de-negritude-com-projetos-e-artigos-dos-deputados\/#breadcrumb\",\"itemListElement\":[{\"@type\":\"ListItem\",\"position\":1,\"name\":\"In\u00edcio\",\"item\":\"https:\/\/psol50.org.br\/\"},{\"@type\":\"ListItem\",\"position\":2,\"name\":\"Bancada do PSOL na C\u00e2mara lan\u00e7a Cartilha de Negritude com projetos e artigos dos deputados\"}]},{\"@type\":\"WebSite\",\"@id\":\"https:\/\/psol50.org.br\/#website\",\"url\":\"https:\/\/psol50.org.br\/\",\"name\":\"PSOL 50\",\"description\":\"Site oficial do Partido Socialismo e Liberdade\",\"publisher\":{\"@id\":\"https:\/\/psol50.org.br\/#organization\"},\"alternateName\":\"PSOL50\",\"potentialAction\":[{\"@type\":\"SearchAction\",\"target\":{\"@type\":\"EntryPoint\",\"urlTemplate\":\"https:\/\/psol50.org.br\/?s={search_term_string}\"},\"query-input\":{\"@type\":\"PropertyValueSpecification\",\"valueRequired\":true,\"valueName\":\"search_term_string\"}}],\"inLanguage\":\"pt-BR\"},{\"@type\":\"Organization\",\"@id\":\"https:\/\/psol50.org.br\/#organization\",\"name\":\"PSOL 50\",\"alternateName\":\"PSOL 50\",\"url\":\"https:\/\/psol50.org.br\/\",\"logo\":{\"@type\":\"ImageObject\",\"inLanguage\":\"pt-BR\",\"@id\":\"https:\/\/psol50.org.br\/#\/schema\/logo\/image\/\",\"url\":\"https:\/\/psol50.org.br\/inc\/uploads\/2018\/07\/capa.png\",\"contentUrl\":\"https:\/\/psol50.org.br\/inc\/uploads\/2018\/07\/capa.png\",\"width\":1350,\"height\":900,\"caption\":\"PSOL 50\"},\"image\":{\"@id\":\"https:\/\/psol50.org.br\/#\/schema\/logo\/image\/\"},\"sameAs\":[\"https:\/\/www.facebook.com\/psol50\",\"https:\/\/x.com\/psol50\",\"https:\/\/www.instagram.com\/psol50\/\",\"https:\/\/www.youtube.com\/channel\/UC7SnJS5o1os7a6CaiNabzcg\"]},{\"@type\":\"Person\",\"@id\":\"https:\/\/psol50.org.br\/#\/schema\/person\/475dfa57d0b815993c714c2e96491fcd\",\"name\":\"Comunica\u00e7\u00e3o PSOL\",\"image\":{\"@type\":\"ImageObject\",\"inLanguage\":\"pt-BR\",\"@id\":\"https:\/\/psol50.org.br\/#\/schema\/person\/image\/\",\"url\":\"https:\/\/secure.gravatar.com\/avatar\/b34fc4f4e468a4e51785917065a3db57b841f5c95dba6ad8c73aaf8f66f8f9bf?s=96&d=mm&r=g\",\"contentUrl\":\"https:\/\/secure.gravatar.com\/avatar\/b34fc4f4e468a4e51785917065a3db57b841f5c95dba6ad8c73aaf8f66f8f9bf?s=96&d=mm&r=g\",\"caption\":\"Comunica\u00e7\u00e3o PSOL\"}}]}<\/script>\n<!-- \/ Yoast SEO plugin. -->","yoast_head_json":{"title":"Bancada do PSOL na C\u00e2mara lan\u00e7a Cartilha de Negritude com projetos e artigos dos deputados","description":"Material em raz\u00e3o do Novembro Negro compila mais de uma dezena de iniciativas da bancada para combater o racismo no Brasil.","robots":{"index":"index","follow":"follow","max-snippet":"max-snippet:-1","max-image-preview":"max-image-preview:large","max-video-preview":"max-video-preview:-1"},"canonical":"https:\/\/psol50.org.br\/bancada-do-psol-na-camara-lanca-cartilha-de-negritude-com-projetos-e-artigos-dos-deputados\/","og_locale":"pt_BR","og_type":"article","og_title":"Bancada do PSOL na C\u00e2mara lan\u00e7a Cartilha de Negritude com projetos e artigos dos deputados","og_description":"Material em raz\u00e3o do Novembro Negro compila mais de uma dezena de iniciativas da bancada para combater o racismo no Brasil.","og_url":"https:\/\/psol50.org.br\/bancada-do-psol-na-camara-lanca-cartilha-de-negritude-com-projetos-e-artigos-dos-deputados\/","og_site_name":"PSOL 50","article_publisher":"https:\/\/www.facebook.com\/psol50","article_published_time":"2021-12-03T15:56:54+00:00","article_modified_time":"2021-12-07T16:54:51+00:00","og_image":[{"width":660,"height":380,"url":"https:\/\/psol50.org.br\/inc\/uploads\/2021\/12\/consciencia-negra.png","type":"image\/png"}],"author":"Comunica\u00e7\u00e3o PSOL","twitter_card":"summary_large_image","twitter_creator":"@psol50","twitter_site":"@psol50","twitter_misc":{"Escrito por":"Comunica\u00e7\u00e3o PSOL","Est. tempo de leitura":"3 minutos"},"schema":{"@context":"https:\/\/schema.org","@graph":[{"@type":"Article","@id":"https:\/\/psol50.org.br\/bancada-do-psol-na-camara-lanca-cartilha-de-negritude-com-projetos-e-artigos-dos-deputados\/#article","isPartOf":{"@id":"https:\/\/psol50.org.br\/bancada-do-psol-na-camara-lanca-cartilha-de-negritude-com-projetos-e-artigos-dos-deputados\/"},"author":{"name":"Comunica\u00e7\u00e3o PSOL","@id":"https:\/\/psol50.org.br\/#\/schema\/person\/475dfa57d0b815993c714c2e96491fcd"},"headline":"Bancada do PSOL na C\u00e2mara lan\u00e7a Cartilha de Negritude com projetos e artigos dos deputados","datePublished":"2021-12-03T15:56:54+00:00","dateModified":"2021-12-07T16:54:51+00:00","mainEntityOfPage":{"@id":"https:\/\/psol50.org.br\/bancada-do-psol-na-camara-lanca-cartilha-de-negritude-com-projetos-e-artigos-dos-deputados\/"},"wordCount":666,"commentCount":0,"publisher":{"@id":"https:\/\/psol50.org.br\/#organization"},"image":{"@id":"https:\/\/psol50.org.br\/bancada-do-psol-na-camara-lanca-cartilha-de-negritude-com-projetos-e-artigos-dos-deputados\/#primaryimage"},"thumbnailUrl":"https:\/\/psol50.org.br\/inc\/uploads\/2021\/12\/consciencia-negra.png","keywords":["Not\u00edcias"],"articleSection":["A\u00e7\u00e3o Parlamentar"],"inLanguage":"pt-BR","potentialAction":[{"@type":"CommentAction","name":"Comment","target":["https:\/\/psol50.org.br\/bancada-do-psol-na-camara-lanca-cartilha-de-negritude-com-projetos-e-artigos-dos-deputados\/#respond"]}]},{"@type":"WebPage","@id":"https:\/\/psol50.org.br\/bancada-do-psol-na-camara-lanca-cartilha-de-negritude-com-projetos-e-artigos-dos-deputados\/","url":"https:\/\/psol50.org.br\/bancada-do-psol-na-camara-lanca-cartilha-de-negritude-com-projetos-e-artigos-dos-deputados\/","name":"Bancada do PSOL na C\u00e2mara lan\u00e7a Cartilha de Negritude com projetos e artigos dos deputados","isPartOf":{"@id":"https:\/\/psol50.org.br\/#website"},"primaryImageOfPage":{"@id":"https:\/\/psol50.org.br\/bancada-do-psol-na-camara-lanca-cartilha-de-negritude-com-projetos-e-artigos-dos-deputados\/#primaryimage"},"image":{"@id":"https:\/\/psol50.org.br\/bancada-do-psol-na-camara-lanca-cartilha-de-negritude-com-projetos-e-artigos-dos-deputados\/#primaryimage"},"thumbnailUrl":"https:\/\/psol50.org.br\/inc\/uploads\/2021\/12\/consciencia-negra.png","datePublished":"2021-12-03T15:56:54+00:00","dateModified":"2021-12-07T16:54:51+00:00","description":"Material em raz\u00e3o do Novembro Negro compila mais de uma dezena de iniciativas da bancada para combater o racismo no Brasil.","breadcrumb":{"@id":"https:\/\/psol50.org.br\/bancada-do-psol-na-camara-lanca-cartilha-de-negritude-com-projetos-e-artigos-dos-deputados\/#breadcrumb"},"inLanguage":"pt-BR","potentialAction":[{"@type":"ReadAction","target":["https:\/\/psol50.org.br\/bancada-do-psol-na-camara-lanca-cartilha-de-negritude-com-projetos-e-artigos-dos-deputados\/"]}]},{"@type":"ImageObject","inLanguage":"pt-BR","@id":"https:\/\/psol50.org.br\/bancada-do-psol-na-camara-lanca-cartilha-de-negritude-com-projetos-e-artigos-dos-deputados\/#primaryimage","url":"https:\/\/psol50.org.br\/inc\/uploads\/2021\/12\/consciencia-negra.png","contentUrl":"https:\/\/psol50.org.br\/inc\/uploads\/2021\/12\/consciencia-negra.png","width":660,"height":380},{"@type":"BreadcrumbList","@id":"https:\/\/psol50.org.br\/bancada-do-psol-na-camara-lanca-cartilha-de-negritude-com-projetos-e-artigos-dos-deputados\/#breadcrumb","itemListElement":[{"@type":"ListItem","position":1,"name":"In\u00edcio","item":"https:\/\/psol50.org.br\/"},{"@type":"ListItem","position":2,"name":"Bancada do PSOL na C\u00e2mara lan\u00e7a Cartilha de Negritude com projetos e artigos dos deputados"}]},{"@type":"WebSite","@id":"https:\/\/psol50.org.br\/#website","url":"https:\/\/psol50.org.br\/","name":"PSOL 50","description":"Site oficial do Partido Socialismo e Liberdade","publisher":{"@id":"https:\/\/psol50.org.br\/#organization"},"alternateName":"PSOL50","potentialAction":[{"@type":"SearchAction","target":{"@type":"EntryPoint","urlTemplate":"https:\/\/psol50.org.br\/?s={search_term_string}"},"query-input":{"@type":"PropertyValueSpecification","valueRequired":true,"valueName":"search_term_string"}}],"inLanguage":"pt-BR"},{"@type":"Organization","@id":"https:\/\/psol50.org.br\/#organization","name":"PSOL 50","alternateName":"PSOL 50","url":"https:\/\/psol50.org.br\/","logo":{"@type":"ImageObject","inLanguage":"pt-BR","@id":"https:\/\/psol50.org.br\/#\/schema\/logo\/image\/","url":"https:\/\/psol50.org.br\/inc\/uploads\/2018\/07\/capa.png","contentUrl":"https:\/\/psol50.org.br\/inc\/uploads\/2018\/07\/capa.png","width":1350,"height":900,"caption":"PSOL 50"},"image":{"@id":"https:\/\/psol50.org.br\/#\/schema\/logo\/image\/"},"sameAs":["https:\/\/www.facebook.com\/psol50","https:\/\/x.com\/psol50","https:\/\/www.instagram.com\/psol50\/","https:\/\/www.youtube.com\/channel\/UC7SnJS5o1os7a6CaiNabzcg"]},{"@type":"Person","@id":"https:\/\/psol50.org.br\/#\/schema\/person\/475dfa57d0b815993c714c2e96491fcd","name":"Comunica\u00e7\u00e3o PSOL","image":{"@type":"ImageObject","inLanguage":"pt-BR","@id":"https:\/\/psol50.org.br\/#\/schema\/person\/image\/","url":"https:\/\/secure.gravatar.com\/avatar\/b34fc4f4e468a4e51785917065a3db57b841f5c95dba6ad8c73aaf8f66f8f9bf?s=96&d=mm&r=g","contentUrl":"https:\/\/secure.gravatar.com\/avatar\/b34fc4f4e468a4e51785917065a3db57b841f5c95dba6ad8c73aaf8f66f8f9bf?s=96&d=mm&r=g","caption":"Comunica\u00e7\u00e3o PSOL"}}]}},"_links":{"self":[{"href":"https:\/\/psol50.org.br\/rest\/wp\/v2\/posts\/34851","targetHints":{"allow":["GET"]}}],"collection":[{"href":"https:\/\/psol50.org.br\/rest\/wp\/v2\/posts"}],"about":[{"href":"https:\/\/psol50.org.br\/rest\/wp\/v2\/types\/post"}],"author":[{"embeddable":true,"href":"https:\/\/psol50.org.br\/rest\/wp\/v2\/users\/2"}],"replies":[{"embeddable":true,"href":"https:\/\/psol50.org.br\/rest\/wp\/v2\/comments?post=34851"}],"version-history":[{"count":4,"href":"https:\/\/psol50.org.br\/rest\/wp\/v2\/posts\/34851\/revisions"}],"predecessor-version":[{"id":34865,"href":"https:\/\/psol50.org.br\/rest\/wp\/v2\/posts\/34851\/revisions\/34865"}],"wp:featuredmedia":[{"embeddable":true,"href":"https:\/\/psol50.org.br\/rest\/wp\/v2\/media\/34866"}],"wp:attachment":[{"href":"https:\/\/psol50.org.br\/rest\/wp\/v2\/media?parent=34851"}],"wp:term":[{"taxonomy":"category","embeddable":true,"href":"https:\/\/psol50.org.br\/rest\/wp\/v2\/categories?post=34851"},{"taxonomy":"post_tag","embeddable":true,"href":"https:\/\/psol50.org.br\/rest\/wp\/v2\/tags?post=34851"}],"curies":[{"name":"wp","href":"https:\/\/api.w.org\/{rel}","templated":true}]}}