{"id":35016,"date":"2022-01-19T15:42:42","date_gmt":"2022-01-19T18:42:42","guid":{"rendered":"https:\/\/psol50.org.br\/?p=35016"},"modified":"2022-01-19T15:43:48","modified_gmt":"2022-01-19T18:43:48","slug":"psol-pede-abertura-de-inquerito-sobre-vazamento-de-informacoes-a-bolsonaro-de-investigacao-da-pf-contra-o-filho","status":"publish","type":"post","link":"https:\/\/psol50.org.br\/psol-pede-abertura-de-inquerito-sobre-vazamento-de-informacoes-a-bolsonaro-de-investigacao-da-pf-contra-o-filho\/","title":{"rendered":"PSOL pede abertura de inqu\u00e9rito sobre vazamento de informa\u00e7\u00f5es a Bolsonaro de investiga\u00e7\u00e3o da PF contra o filho"},"content":{"rendered":"<p>O deputado federal Ivan Valente (PSOL) enviou um requerimento na \u00faltima ter\u00e7a-feira (18) ao Minist\u00e9rio da Justi\u00e7a e Seguran\u00e7a P\u00fablica para a instaura\u00e7\u00e3o de uma investiga\u00e7\u00e3o para apurar o vazamento de informa\u00e7\u00f5es sigilosas sobre opera\u00e7\u00f5es em andamento da Pol\u00edcia Federal ap\u00f3s o ex-ministro Abraham Weintraub assumir em entrevista que Jair Bolsonaro sabia previamente da Opera\u00e7\u00e3o Furna da On\u00e7a, que tinha como um dos alvos seu filho e senador da Rep\u00fablica Fl\u00e1vio Bolsonaro.<\/p>\n<p>Segundo o ex-ministro, em novembro de 2018, no governo de transi\u00e7\u00e3o, o ent\u00e3o presidente eleito realizou uma reuni\u00e3o para alertar alguns de seus futuros ministros sobre o caso. &#8220;est\u00e1 para aparecer uma acusa\u00e7\u00e3o, est\u00e1 pegando esse cara aqui\u2019. Apontou para o Fl\u00e1vio\u201d, afirmou Weintraub.ao podcast Intelig\u00eancia Ltda.<\/p>\n<p>O relato condiz com a den\u00fancia feita pelo empres\u00e1rio Paulo Marinho, que afirmou em 2020 que um delegado da Pol\u00edcia Federal \u201csimpatizante ao presidente\u201d avisou sobre a referida opera\u00e7\u00e3o contra o filho do Presidente e segurou sua deflagra\u00e7\u00e3o para depois do segundo turno das elei\u00e7\u00f5es de 2018.<\/p>\n<blockquote class=\"twitter-tweet\" data-width=\"550\" data-dnt=\"true\">\n<p lang=\"pt\" dir=\"ltr\">URGENTE! A partir da declara\u00e7\u00e3o do Weintraub de que Bolsonaro SABIA com anteced\u00eancia da opera\u00e7\u00e3o das rachadinhas, enviamos of\u00edcio ao Minist\u00e9rio da Justi\u00e7a cobrando instaura\u00e7\u00e3o de inqu\u00e9rito para apurar vazamento na Pol\u00edcia Federal. Protegeram Flavio para eleger o pai em 2018!<\/p>\n<p>&mdash; Ivan Valente (@IvanValente) <a href=\"https:\/\/twitter.com\/IvanValente\/status\/1483513770106363904?ref_src=twsrc%5Etfw\">January 18, 2022<\/a><\/p><\/blockquote>\n<p><script async src=\"https:\/\/platform.twitter.com\/widgets.js\" charset=\"utf-8\"><\/script><\/p>\n<p>&#8220;As declara\u00e7\u00f5es do ex-ministro da Educa\u00e7\u00e3o Abraham Weintraub e do empres\u00e1rio Paulo Marinho evidenciam grave ind\u00edcio de vazamento de informa\u00e7\u00f5es sigilosas sobre opera\u00e7\u00e3o em andamento no Departamento de Pol\u00edcia Federal, o que fere gravemente a legisla\u00e7\u00e3o e o pr\u00f3prio Estado Democr\u00e1tico de Direito, tendo em vista o uso pol\u00edtico dado \u00e0s referidas informa\u00e7\u00f5es&#8221;, diz trecho da a\u00e7\u00e3o.<\/p>\n<p>&#8220;\u00c9 imprescind\u00edvel que o Ministro de Estado da Justi\u00e7a e Seguran\u00e7a P\u00fablica, no uso de suas compet\u00eancias legais, imperiosamente, solicite ao Departamento de Pol\u00edcia Federal a instaura\u00e7\u00e3o de inqu\u00e9rito e de procedimento disciplinar para apurar a responsabilidade pelos vazamentos anunciados na entrevista mencionada&#8221;, conclui Ivan Valente no requerimento.<\/p>\n","protected":false},"excerpt":{"rendered":"<p>O deputado federal Ivan Valente (PSOL) enviou um requerimento na \u00faltima ter\u00e7a-feira (18) ao Minist\u00e9rio da Justi\u00e7a e Seguran\u00e7a P\u00fablica para a instaura\u00e7\u00e3o de uma investiga\u00e7\u00e3o para apurar o vazamento de informa\u00e7\u00f5es sigilosas sobre opera\u00e7\u00f5es em andamento da Pol\u00edcia Federal ap\u00f3s o ex-ministro Abraham Weintraub assumir em entrevista que Jair Bolsonaro sabia previamente da Opera\u00e7\u00e3o [&hellip;]<\/p>\n","protected":false},"author":2,"featured_media":35020,"comment_status":"open","ping_status":"open","sticky":false,"template":"","format":"standard","meta":{"_acf_changed":false,"footnotes":""},"categories":[10],"tags":[4825],"class_list":{"0":"post-35016","1":"post","2":"type-post","3":"status-publish","4":"format-standard","5":"has-post-thumbnail","7":"category-acao-parlamentares","8":"tag-noticias"},"acf":[],"yoast_head":"<!-- This site is optimized with the Yoast SEO plugin v26.5 - https:\/\/yoast.com\/wordpress\/plugins\/seo\/ -->\n<title>PSOL pede abertura de inqu\u00e9rito sobre vazamento de informa\u00e7\u00f5es a Bolsonaro de investiga\u00e7\u00e3o da PF contra o filho<\/title>\n<meta name=\"description\" content=\"Ivan Valente enviou requerimento ao Minist\u00e9rio da Justi\u00e7a ap\u00f3s Abraham Weintraub relatar que Bolsonaro sabia antecipadamente de opera\u00e7\u00e3o contra o filho Fl\u00e1vio Bolsonaro.\" \/>\n<meta name=\"robots\" content=\"index, follow, max-snippet:-1, max-image-preview:large, max-video-preview:-1\" \/>\n<link rel=\"canonical\" href=\"https:\/\/psol50.org.br\/psol-pede-abertura-de-inquerito-sobre-vazamento-de-informacoes-a-bolsonaro-de-investigacao-da-pf-contra-o-filho\/\" \/>\n<meta property=\"og:locale\" content=\"pt_BR\" \/>\n<meta property=\"og:type\" content=\"article\" \/>\n<meta property=\"og:title\" content=\"PSOL pede abertura de inqu\u00e9rito sobre vazamento de informa\u00e7\u00f5es a Bolsonaro de investiga\u00e7\u00e3o da PF contra o filho\" \/>\n<meta property=\"og:description\" content=\"Ivan Valente enviou requerimento ao Minist\u00e9rio da Justi\u00e7a ap\u00f3s Abraham Weintraub relatar que Bolsonaro sabia antecipadamente de opera\u00e7\u00e3o contra o filho Fl\u00e1vio Bolsonaro.\" \/>\n<meta property=\"og:url\" content=\"https:\/\/psol50.org.br\/psol-pede-abertura-de-inquerito-sobre-vazamento-de-informacoes-a-bolsonaro-de-investigacao-da-pf-contra-o-filho\/\" \/>\n<meta property=\"og:site_name\" content=\"PSOL 50\" \/>\n<meta property=\"article:publisher\" content=\"https:\/\/www.facebook.com\/psol50\" \/>\n<meta property=\"article:published_time\" content=\"2022-01-19T18:42:42+00:00\" \/>\n<meta property=\"article:modified_time\" content=\"2022-01-19T18:43:48+00:00\" \/>\n<meta property=\"og:image\" content=\"https:\/\/psol50.org.br\/inc\/uploads\/2022\/01\/80075893_bsb_-_brasilia_-_brasil_-_28-11-2018_-_pa_-_o_presidente_eleito_jair_bolsonaro_chega_para_1.jpg\" \/>\n\t<meta property=\"og:image:width\" content=\"645\" \/>\n\t<meta property=\"og:image:height\" content=\"388\" \/>\n\t<meta property=\"og:image:type\" content=\"image\/jpeg\" \/>\n<meta name=\"author\" content=\"Comunica\u00e7\u00e3o PSOL\" \/>\n<meta name=\"twitter:card\" content=\"summary_large_image\" \/>\n<meta name=\"twitter:creator\" content=\"@psol50\" \/>\n<meta name=\"twitter:site\" content=\"@psol50\" \/>\n<meta name=\"twitter:label1\" content=\"Escrito por\" \/>\n\t<meta name=\"twitter:data1\" content=\"Comunica\u00e7\u00e3o PSOL\" \/>\n\t<meta name=\"twitter:label2\" content=\"Est. tempo de leitura\" \/>\n\t<meta name=\"twitter:data2\" content=\"2 minutos\" \/>\n<script type=\"application\/ld+json\" class=\"yoast-schema-graph\">{\"@context\":\"https:\/\/schema.org\",\"@graph\":[{\"@type\":\"Article\",\"@id\":\"https:\/\/psol50.org.br\/psol-pede-abertura-de-inquerito-sobre-vazamento-de-informacoes-a-bolsonaro-de-investigacao-da-pf-contra-o-filho\/#article\",\"isPartOf\":{\"@id\":\"https:\/\/psol50.org.br\/psol-pede-abertura-de-inquerito-sobre-vazamento-de-informacoes-a-bolsonaro-de-investigacao-da-pf-contra-o-filho\/\"},\"author\":{\"name\":\"Comunica\u00e7\u00e3o PSOL\",\"@id\":\"https:\/\/psol50.org.br\/#\/schema\/person\/475dfa57d0b815993c714c2e96491fcd\"},\"headline\":\"PSOL pede abertura de inqu\u00e9rito sobre vazamento de informa\u00e7\u00f5es a Bolsonaro de investiga\u00e7\u00e3o da PF contra o filho\",\"datePublished\":\"2022-01-19T18:42:42+00:00\",\"dateModified\":\"2022-01-19T18:43:48+00:00\",\"mainEntityOfPage\":{\"@id\":\"https:\/\/psol50.org.br\/psol-pede-abertura-de-inquerito-sobre-vazamento-de-informacoes-a-bolsonaro-de-investigacao-da-pf-contra-o-filho\/\"},\"wordCount\":341,\"commentCount\":0,\"publisher\":{\"@id\":\"https:\/\/psol50.org.br\/#organization\"},\"image\":{\"@id\":\"https:\/\/psol50.org.br\/psol-pede-abertura-de-inquerito-sobre-vazamento-de-informacoes-a-bolsonaro-de-investigacao-da-pf-contra-o-filho\/#primaryimage\"},\"thumbnailUrl\":\"https:\/\/psol50.org.br\/inc\/uploads\/2022\/01\/80075893_bsb_-_brasilia_-_brasil_-_28-11-2018_-_pa_-_o_presidente_eleito_jair_bolsonaro_chega_para_1.jpg\",\"keywords\":[\"Not\u00edcias\"],\"articleSection\":[\"A\u00e7\u00e3o Parlamentar\"],\"inLanguage\":\"pt-BR\",\"potentialAction\":[{\"@type\":\"CommentAction\",\"name\":\"Comment\",\"target\":[\"https:\/\/psol50.org.br\/psol-pede-abertura-de-inquerito-sobre-vazamento-de-informacoes-a-bolsonaro-de-investigacao-da-pf-contra-o-filho\/#respond\"]}]},{\"@type\":\"WebPage\",\"@id\":\"https:\/\/psol50.org.br\/psol-pede-abertura-de-inquerito-sobre-vazamento-de-informacoes-a-bolsonaro-de-investigacao-da-pf-contra-o-filho\/\",\"url\":\"https:\/\/psol50.org.br\/psol-pede-abertura-de-inquerito-sobre-vazamento-de-informacoes-a-bolsonaro-de-investigacao-da-pf-contra-o-filho\/\",\"name\":\"PSOL pede abertura de inqu\u00e9rito sobre vazamento de informa\u00e7\u00f5es a Bolsonaro de investiga\u00e7\u00e3o da PF contra o filho\",\"isPartOf\":{\"@id\":\"https:\/\/psol50.org.br\/#website\"},\"primaryImageOfPage\":{\"@id\":\"https:\/\/psol50.org.br\/psol-pede-abertura-de-inquerito-sobre-vazamento-de-informacoes-a-bolsonaro-de-investigacao-da-pf-contra-o-filho\/#primaryimage\"},\"image\":{\"@id\":\"https:\/\/psol50.org.br\/psol-pede-abertura-de-inquerito-sobre-vazamento-de-informacoes-a-bolsonaro-de-investigacao-da-pf-contra-o-filho\/#primaryimage\"},\"thumbnailUrl\":\"https:\/\/psol50.org.br\/inc\/uploads\/2022\/01\/80075893_bsb_-_brasilia_-_brasil_-_28-11-2018_-_pa_-_o_presidente_eleito_jair_bolsonaro_chega_para_1.jpg\",\"datePublished\":\"2022-01-19T18:42:42+00:00\",\"dateModified\":\"2022-01-19T18:43:48+00:00\",\"description\":\"Ivan Valente enviou requerimento ao Minist\u00e9rio da Justi\u00e7a ap\u00f3s Abraham Weintraub relatar que Bolsonaro sabia antecipadamente de opera\u00e7\u00e3o contra o filho Fl\u00e1vio Bolsonaro.\",\"breadcrumb\":{\"@id\":\"https:\/\/psol50.org.br\/psol-pede-abertura-de-inquerito-sobre-vazamento-de-informacoes-a-bolsonaro-de-investigacao-da-pf-contra-o-filho\/#breadcrumb\"},\"inLanguage\":\"pt-BR\",\"potentialAction\":[{\"@type\":\"ReadAction\",\"target\":[\"https:\/\/psol50.org.br\/psol-pede-abertura-de-inquerito-sobre-vazamento-de-informacoes-a-bolsonaro-de-investigacao-da-pf-contra-o-filho\/\"]}]},{\"@type\":\"ImageObject\",\"inLanguage\":\"pt-BR\",\"@id\":\"https:\/\/psol50.org.br\/psol-pede-abertura-de-inquerito-sobre-vazamento-de-informacoes-a-bolsonaro-de-investigacao-da-pf-contra-o-filho\/#primaryimage\",\"url\":\"https:\/\/psol50.org.br\/inc\/uploads\/2022\/01\/80075893_bsb_-_brasilia_-_brasil_-_28-11-2018_-_pa_-_o_presidente_eleito_jair_bolsonaro_chega_para_1.jpg\",\"contentUrl\":\"https:\/\/psol50.org.br\/inc\/uploads\/2022\/01\/80075893_bsb_-_brasilia_-_brasil_-_28-11-2018_-_pa_-_o_presidente_eleito_jair_bolsonaro_chega_para_1.jpg\",\"width\":645,\"height\":388},{\"@type\":\"BreadcrumbList\",\"@id\":\"https:\/\/psol50.org.br\/psol-pede-abertura-de-inquerito-sobre-vazamento-de-informacoes-a-bolsonaro-de-investigacao-da-pf-contra-o-filho\/#breadcrumb\",\"itemListElement\":[{\"@type\":\"ListItem\",\"position\":1,\"name\":\"In\u00edcio\",\"item\":\"https:\/\/psol50.org.br\/\"},{\"@type\":\"ListItem\",\"position\":2,\"name\":\"PSOL pede abertura de inqu\u00e9rito sobre vazamento de informa\u00e7\u00f5es a Bolsonaro de investiga\u00e7\u00e3o da PF contra o filho\"}]},{\"@type\":\"WebSite\",\"@id\":\"https:\/\/psol50.org.br\/#website\",\"url\":\"https:\/\/psol50.org.br\/\",\"name\":\"PSOL 50\",\"description\":\"Site oficial do Partido Socialismo e Liberdade\",\"publisher\":{\"@id\":\"https:\/\/psol50.org.br\/#organization\"},\"alternateName\":\"PSOL50\",\"potentialAction\":[{\"@type\":\"SearchAction\",\"target\":{\"@type\":\"EntryPoint\",\"urlTemplate\":\"https:\/\/psol50.org.br\/?s={search_term_string}\"},\"query-input\":{\"@type\":\"PropertyValueSpecification\",\"valueRequired\":true,\"valueName\":\"search_term_string\"}}],\"inLanguage\":\"pt-BR\"},{\"@type\":\"Organization\",\"@id\":\"https:\/\/psol50.org.br\/#organization\",\"name\":\"PSOL 50\",\"alternateName\":\"PSOL 50\",\"url\":\"https:\/\/psol50.org.br\/\",\"logo\":{\"@type\":\"ImageObject\",\"inLanguage\":\"pt-BR\",\"@id\":\"https:\/\/psol50.org.br\/#\/schema\/logo\/image\/\",\"url\":\"https:\/\/psol50.org.br\/inc\/uploads\/2018\/07\/capa.png\",\"contentUrl\":\"https:\/\/psol50.org.br\/inc\/uploads\/2018\/07\/capa.png\",\"width\":1350,\"height\":900,\"caption\":\"PSOL 50\"},\"image\":{\"@id\":\"https:\/\/psol50.org.br\/#\/schema\/logo\/image\/\"},\"sameAs\":[\"https:\/\/www.facebook.com\/psol50\",\"https:\/\/x.com\/psol50\",\"https:\/\/www.instagram.com\/psol50\/\",\"https:\/\/www.youtube.com\/channel\/UC7SnJS5o1os7a6CaiNabzcg\"]},{\"@type\":\"Person\",\"@id\":\"https:\/\/psol50.org.br\/#\/schema\/person\/475dfa57d0b815993c714c2e96491fcd\",\"name\":\"Comunica\u00e7\u00e3o PSOL\",\"image\":{\"@type\":\"ImageObject\",\"inLanguage\":\"pt-BR\",\"@id\":\"https:\/\/psol50.org.br\/#\/schema\/person\/image\/\",\"url\":\"https:\/\/secure.gravatar.com\/avatar\/b34fc4f4e468a4e51785917065a3db57b841f5c95dba6ad8c73aaf8f66f8f9bf?s=96&d=mm&r=g\",\"contentUrl\":\"https:\/\/secure.gravatar.com\/avatar\/b34fc4f4e468a4e51785917065a3db57b841f5c95dba6ad8c73aaf8f66f8f9bf?s=96&d=mm&r=g\",\"caption\":\"Comunica\u00e7\u00e3o PSOL\"}}]}<\/script>\n<!-- \/ Yoast SEO plugin. -->","yoast_head_json":{"title":"PSOL pede abertura de inqu\u00e9rito sobre vazamento de informa\u00e7\u00f5es a Bolsonaro de investiga\u00e7\u00e3o da PF contra o filho","description":"Ivan Valente enviou requerimento ao Minist\u00e9rio da Justi\u00e7a ap\u00f3s Abraham Weintraub relatar que Bolsonaro sabia antecipadamente de opera\u00e7\u00e3o contra o filho Fl\u00e1vio Bolsonaro.","robots":{"index":"index","follow":"follow","max-snippet":"max-snippet:-1","max-image-preview":"max-image-preview:large","max-video-preview":"max-video-preview:-1"},"canonical":"https:\/\/psol50.org.br\/psol-pede-abertura-de-inquerito-sobre-vazamento-de-informacoes-a-bolsonaro-de-investigacao-da-pf-contra-o-filho\/","og_locale":"pt_BR","og_type":"article","og_title":"PSOL pede abertura de inqu\u00e9rito sobre vazamento de informa\u00e7\u00f5es a Bolsonaro de investiga\u00e7\u00e3o da PF contra o filho","og_description":"Ivan Valente enviou requerimento ao Minist\u00e9rio da Justi\u00e7a ap\u00f3s Abraham Weintraub relatar que Bolsonaro sabia antecipadamente de opera\u00e7\u00e3o contra o filho Fl\u00e1vio Bolsonaro.","og_url":"https:\/\/psol50.org.br\/psol-pede-abertura-de-inquerito-sobre-vazamento-de-informacoes-a-bolsonaro-de-investigacao-da-pf-contra-o-filho\/","og_site_name":"PSOL 50","article_publisher":"https:\/\/www.facebook.com\/psol50","article_published_time":"2022-01-19T18:42:42+00:00","article_modified_time":"2022-01-19T18:43:48+00:00","og_image":[{"width":645,"height":388,"url":"https:\/\/psol50.org.br\/inc\/uploads\/2022\/01\/80075893_bsb_-_brasilia_-_brasil_-_28-11-2018_-_pa_-_o_presidente_eleito_jair_bolsonaro_chega_para_1.jpg","type":"image\/jpeg"}],"author":"Comunica\u00e7\u00e3o PSOL","twitter_card":"summary_large_image","twitter_creator":"@psol50","twitter_site":"@psol50","twitter_misc":{"Escrito por":"Comunica\u00e7\u00e3o PSOL","Est. tempo de leitura":"2 minutos"},"schema":{"@context":"https:\/\/schema.org","@graph":[{"@type":"Article","@id":"https:\/\/psol50.org.br\/psol-pede-abertura-de-inquerito-sobre-vazamento-de-informacoes-a-bolsonaro-de-investigacao-da-pf-contra-o-filho\/#article","isPartOf":{"@id":"https:\/\/psol50.org.br\/psol-pede-abertura-de-inquerito-sobre-vazamento-de-informacoes-a-bolsonaro-de-investigacao-da-pf-contra-o-filho\/"},"author":{"name":"Comunica\u00e7\u00e3o PSOL","@id":"https:\/\/psol50.org.br\/#\/schema\/person\/475dfa57d0b815993c714c2e96491fcd"},"headline":"PSOL pede abertura de inqu\u00e9rito sobre vazamento de informa\u00e7\u00f5es a Bolsonaro de investiga\u00e7\u00e3o da PF contra o filho","datePublished":"2022-01-19T18:42:42+00:00","dateModified":"2022-01-19T18:43:48+00:00","mainEntityOfPage":{"@id":"https:\/\/psol50.org.br\/psol-pede-abertura-de-inquerito-sobre-vazamento-de-informacoes-a-bolsonaro-de-investigacao-da-pf-contra-o-filho\/"},"wordCount":341,"commentCount":0,"publisher":{"@id":"https:\/\/psol50.org.br\/#organization"},"image":{"@id":"https:\/\/psol50.org.br\/psol-pede-abertura-de-inquerito-sobre-vazamento-de-informacoes-a-bolsonaro-de-investigacao-da-pf-contra-o-filho\/#primaryimage"},"thumbnailUrl":"https:\/\/psol50.org.br\/inc\/uploads\/2022\/01\/80075893_bsb_-_brasilia_-_brasil_-_28-11-2018_-_pa_-_o_presidente_eleito_jair_bolsonaro_chega_para_1.jpg","keywords":["Not\u00edcias"],"articleSection":["A\u00e7\u00e3o Parlamentar"],"inLanguage":"pt-BR","potentialAction":[{"@type":"CommentAction","name":"Comment","target":["https:\/\/psol50.org.br\/psol-pede-abertura-de-inquerito-sobre-vazamento-de-informacoes-a-bolsonaro-de-investigacao-da-pf-contra-o-filho\/#respond"]}]},{"@type":"WebPage","@id":"https:\/\/psol50.org.br\/psol-pede-abertura-de-inquerito-sobre-vazamento-de-informacoes-a-bolsonaro-de-investigacao-da-pf-contra-o-filho\/","url":"https:\/\/psol50.org.br\/psol-pede-abertura-de-inquerito-sobre-vazamento-de-informacoes-a-bolsonaro-de-investigacao-da-pf-contra-o-filho\/","name":"PSOL pede abertura de inqu\u00e9rito sobre vazamento de informa\u00e7\u00f5es a Bolsonaro de investiga\u00e7\u00e3o da PF contra o filho","isPartOf":{"@id":"https:\/\/psol50.org.br\/#website"},"primaryImageOfPage":{"@id":"https:\/\/psol50.org.br\/psol-pede-abertura-de-inquerito-sobre-vazamento-de-informacoes-a-bolsonaro-de-investigacao-da-pf-contra-o-filho\/#primaryimage"},"image":{"@id":"https:\/\/psol50.org.br\/psol-pede-abertura-de-inquerito-sobre-vazamento-de-informacoes-a-bolsonaro-de-investigacao-da-pf-contra-o-filho\/#primaryimage"},"thumbnailUrl":"https:\/\/psol50.org.br\/inc\/uploads\/2022\/01\/80075893_bsb_-_brasilia_-_brasil_-_28-11-2018_-_pa_-_o_presidente_eleito_jair_bolsonaro_chega_para_1.jpg","datePublished":"2022-01-19T18:42:42+00:00","dateModified":"2022-01-19T18:43:48+00:00","description":"Ivan Valente enviou requerimento ao Minist\u00e9rio da Justi\u00e7a ap\u00f3s Abraham Weintraub relatar que Bolsonaro sabia antecipadamente de opera\u00e7\u00e3o contra o filho Fl\u00e1vio Bolsonaro.","breadcrumb":{"@id":"https:\/\/psol50.org.br\/psol-pede-abertura-de-inquerito-sobre-vazamento-de-informacoes-a-bolsonaro-de-investigacao-da-pf-contra-o-filho\/#breadcrumb"},"inLanguage":"pt-BR","potentialAction":[{"@type":"ReadAction","target":["https:\/\/psol50.org.br\/psol-pede-abertura-de-inquerito-sobre-vazamento-de-informacoes-a-bolsonaro-de-investigacao-da-pf-contra-o-filho\/"]}]},{"@type":"ImageObject","inLanguage":"pt-BR","@id":"https:\/\/psol50.org.br\/psol-pede-abertura-de-inquerito-sobre-vazamento-de-informacoes-a-bolsonaro-de-investigacao-da-pf-contra-o-filho\/#primaryimage","url":"https:\/\/psol50.org.br\/inc\/uploads\/2022\/01\/80075893_bsb_-_brasilia_-_brasil_-_28-11-2018_-_pa_-_o_presidente_eleito_jair_bolsonaro_chega_para_1.jpg","contentUrl":"https:\/\/psol50.org.br\/inc\/uploads\/2022\/01\/80075893_bsb_-_brasilia_-_brasil_-_28-11-2018_-_pa_-_o_presidente_eleito_jair_bolsonaro_chega_para_1.jpg","width":645,"height":388},{"@type":"BreadcrumbList","@id":"https:\/\/psol50.org.br\/psol-pede-abertura-de-inquerito-sobre-vazamento-de-informacoes-a-bolsonaro-de-investigacao-da-pf-contra-o-filho\/#breadcrumb","itemListElement":[{"@type":"ListItem","position":1,"name":"In\u00edcio","item":"https:\/\/psol50.org.br\/"},{"@type":"ListItem","position":2,"name":"PSOL pede abertura de inqu\u00e9rito sobre vazamento de informa\u00e7\u00f5es a Bolsonaro de investiga\u00e7\u00e3o da PF contra o filho"}]},{"@type":"WebSite","@id":"https:\/\/psol50.org.br\/#website","url":"https:\/\/psol50.org.br\/","name":"PSOL 50","description":"Site oficial do Partido Socialismo e Liberdade","publisher":{"@id":"https:\/\/psol50.org.br\/#organization"},"alternateName":"PSOL50","potentialAction":[{"@type":"SearchAction","target":{"@type":"EntryPoint","urlTemplate":"https:\/\/psol50.org.br\/?s={search_term_string}"},"query-input":{"@type":"PropertyValueSpecification","valueRequired":true,"valueName":"search_term_string"}}],"inLanguage":"pt-BR"},{"@type":"Organization","@id":"https:\/\/psol50.org.br\/#organization","name":"PSOL 50","alternateName":"PSOL 50","url":"https:\/\/psol50.org.br\/","logo":{"@type":"ImageObject","inLanguage":"pt-BR","@id":"https:\/\/psol50.org.br\/#\/schema\/logo\/image\/","url":"https:\/\/psol50.org.br\/inc\/uploads\/2018\/07\/capa.png","contentUrl":"https:\/\/psol50.org.br\/inc\/uploads\/2018\/07\/capa.png","width":1350,"height":900,"caption":"PSOL 50"},"image":{"@id":"https:\/\/psol50.org.br\/#\/schema\/logo\/image\/"},"sameAs":["https:\/\/www.facebook.com\/psol50","https:\/\/x.com\/psol50","https:\/\/www.instagram.com\/psol50\/","https:\/\/www.youtube.com\/channel\/UC7SnJS5o1os7a6CaiNabzcg"]},{"@type":"Person","@id":"https:\/\/psol50.org.br\/#\/schema\/person\/475dfa57d0b815993c714c2e96491fcd","name":"Comunica\u00e7\u00e3o PSOL","image":{"@type":"ImageObject","inLanguage":"pt-BR","@id":"https:\/\/psol50.org.br\/#\/schema\/person\/image\/","url":"https:\/\/secure.gravatar.com\/avatar\/b34fc4f4e468a4e51785917065a3db57b841f5c95dba6ad8c73aaf8f66f8f9bf?s=96&d=mm&r=g","contentUrl":"https:\/\/secure.gravatar.com\/avatar\/b34fc4f4e468a4e51785917065a3db57b841f5c95dba6ad8c73aaf8f66f8f9bf?s=96&d=mm&r=g","caption":"Comunica\u00e7\u00e3o PSOL"}}]}},"_links":{"self":[{"href":"https:\/\/psol50.org.br\/rest\/wp\/v2\/posts\/35016","targetHints":{"allow":["GET"]}}],"collection":[{"href":"https:\/\/psol50.org.br\/rest\/wp\/v2\/posts"}],"about":[{"href":"https:\/\/psol50.org.br\/rest\/wp\/v2\/types\/post"}],"author":[{"embeddable":true,"href":"https:\/\/psol50.org.br\/rest\/wp\/v2\/users\/2"}],"replies":[{"embeddable":true,"href":"https:\/\/psol50.org.br\/rest\/wp\/v2\/comments?post=35016"}],"version-history":[{"count":3,"href":"https:\/\/psol50.org.br\/rest\/wp\/v2\/posts\/35016\/revisions"}],"predecessor-version":[{"id":35022,"href":"https:\/\/psol50.org.br\/rest\/wp\/v2\/posts\/35016\/revisions\/35022"}],"wp:featuredmedia":[{"embeddable":true,"href":"https:\/\/psol50.org.br\/rest\/wp\/v2\/media\/35020"}],"wp:attachment":[{"href":"https:\/\/psol50.org.br\/rest\/wp\/v2\/media?parent=35016"}],"wp:term":[{"taxonomy":"category","embeddable":true,"href":"https:\/\/psol50.org.br\/rest\/wp\/v2\/categories?post=35016"},{"taxonomy":"post_tag","embeddable":true,"href":"https:\/\/psol50.org.br\/rest\/wp\/v2\/tags?post=35016"}],"curies":[{"name":"wp","href":"https:\/\/api.w.org\/{rel}","templated":true}]}}