{"id":35028,"date":"2022-01-21T14:53:31","date_gmt":"2022-01-21T17:53:31","guid":{"rendered":"https:\/\/psol50.org.br\/?p=35028"},"modified":"2022-01-26T11:57:47","modified_gmt":"2022-01-26T14:57:47","slug":"o-desmonte-das-politicas-ambientais-agrava-o-racismo-no-brasil-alertam-aurea-carolina-e-monica-francisco","status":"publish","type":"post","link":"https:\/\/psol50.org.br\/o-desmonte-das-politicas-ambientais-agrava-o-racismo-no-brasil-alertam-aurea-carolina-e-monica-francisco\/","title":{"rendered":"&#8220;O desmonte das pol\u00edticas ambientais agrava o racismo no Brasil&#8221;, alertam \u00c1urea Carolina e M\u00f4nica Francisco"},"content":{"rendered":"<p>Em artigo publicado na revista F\u00f3rum nesta semana, a deputada federal \u00c1urea Carolina e a deputada estadual pelo Rio de Janeiro M\u00f4nica Francisco, ambas do PSOL, discutem como o desmonte das pol\u00edticas ambientais brasileiras fortalece o chamado &#8220;racismo ambiental&#8221;.<\/p>\n<p>Os efeitos das atividades predat\u00f3rias, como a minera\u00e7\u00e3o e o garimpo ilegal, s\u00e3o sentidos diretamente nos desastres ambientais que presenciamos com frequ\u00eancia na virada do ano e s\u00e3o analisados pelas parlamentares.<\/p>\n<p>&#8220;Para quem enfrenta cotidianamente os impactos sociais e ambientais provocados por atividades predat\u00f3rias, como a minera\u00e7\u00e3o, o agroneg\u00f3cio e o garimpo ilegal, n\u00e3o restam d\u00favidas de que a explora\u00e7\u00e3o do meio ambiente est\u00e1 diretamente ligada aos desastres ambientais que acompanhamos na virada deste ano em todo pa\u00eds&#8221;, alertam.<\/p>\n<p>&#8220;As propor\u00e7\u00f5es que tais eventos v\u00eam tomando tornam ainda mais evidente o estado de absoluta emerg\u00eancia clim\u00e1tica e ambiental que atinge, sobretudo, as popula\u00e7\u00f5es em situa\u00e7\u00e3o de maior vulnerabilidade do mundo&#8221;, continuam.<\/p>\n<p>Os principais atingidos por esses eventos clim\u00e1ticos s\u00e3o as popula\u00e7\u00f5es mais vulner\u00e1veis, notadamente os negros e negras e os povos origin\u00e1rios no Brasil.<\/p>\n<p>&#8220;No Brasil, sabemos que os principais atingidos t\u00eam cor. S\u00e3o os povos pretos, maioria nas favelas e periferias; s\u00e3o povos e comunidades tradicionais, que lutam contra o avan\u00e7o de atividades industriais e extrativistas em territ\u00f3rios quilombolas, ribeirinhos e ind\u00edgenas, e contra o desmonte de pol\u00edticas de prote\u00e7\u00e3o aos seus direitos. Precisamos agir agora para enfrentar essas viola\u00e7\u00f5es e impedir que trag\u00e9dias anunciadas virem manchete ano ap\u00f3s ano&#8221;, avaliam.<\/p>\n<p>As pol\u00edticas de desmonte da legisla\u00e7\u00e3o ambiental atuam diretamente para, n\u00e3o s\u00f3 a manuten\u00e7\u00e3o, mas como o aprofundamento destes eventos clim\u00e1ticos que nada t\u00eam de &#8220;naturais&#8221;.<\/p>\n<p>&#8220;Chamados de &#8216;naturais&#8217;, como se esses eventos fossem frutos do acaso, seguimos sem pol\u00edticas efetivas para evitar e prevenir esses desastres. Mais do que nunca, eventos extremos como os que vemos agora ser\u00e3o recorrentes. Precisamos reafirmar a responsabilidade da a\u00e7\u00e3o humana nesta devasta\u00e7\u00e3o e agir para propor medidas de prote\u00e7\u00e3o sociais e ambientais. O que vivemos, no entanto, \u00e9 o extremo oposto&#8221;, apontam \u00c1urea e M\u00f4nica.<\/p>\n<p>&#8220;O governo Bolsonaro j\u00e1 deixou \u00f3bvio que n\u00e3o possui compromisso algum com a pol\u00edtica ambiental e acumula retrocessos nessa \u00e1rea. O pr\u00f3prio Ministro do Meio Ambiente, Joaquim \u00c1lvaro Pereira Leite, ex-assessor de ruralistas, \u00e9 ligado \u00e0 disputa de terras ind\u00edgenas. A gest\u00e3o bolsonarista desmantelou \u00f3rg\u00e3os ambientais, reduziu a composi\u00e7\u00e3o do Conselho do Meio Ambiente, atribuiu o pior or\u00e7amento ao Minist\u00e9rio do Meio Ambiente em mais de uma d\u00e9cada e tentou numerosas vezes passar a boiada por cima de \u00e1reas de prote\u00e7\u00e3o ambiental&#8221;, enumeram entre outras iniciativas do governo federal que desmontam a prote\u00e7\u00e3o ambiental no pa\u00eds.<\/p>\n<p>\u00c1urea Carolina e M\u00f4nica Francisco apresentam solu\u00e7\u00f5es para a supera\u00e7\u00e3o de um modelo de desenvolvimento que destr\u00f3i o meio ambiente e atinge, em sua maioria, as popula\u00e7\u00f5es negras, ind\u00edgenas e mais pobres do pa\u00eds.<\/p>\n<p>&#8220;\u00c9 dentro dessa conjuntura que precisamos apresentar solu\u00e7\u00f5es que recuperem \u00e1reas degradadas e efetivem os processos de saneamento com a possibilidade de uma pol\u00edtica de gera\u00e7\u00e3o de emprego com baixo impacto ambiental&#8221;, apontam.<\/p>\n<p>&#8220;Para combater o agroneg\u00f3cio, por exemplo, s\u00f3 h\u00e1 um caminho, que \u00e9 a via agroecol\u00f3gica, enfrentando a monocultura e fortalecendo os pequenos e m\u00e9dios agricultores, numa pol\u00edtica de produ\u00e7\u00e3o sem veneno, voltada para a seguran\u00e7a alimentar. \u00c9 necess\u00e1ria a prote\u00e7\u00e3o das \u00e1reas alagadas para que sirvam como bacias naturais de dispers\u00e3o de enchentes, e ainda colocar em pr\u00e1tica uma rigorosa fiscaliza\u00e7\u00e3o para evitar constru\u00e7\u00f5es em \u00e1reas alag\u00e1veis ou inst\u00e1veis&#8221;, exemplificam.<\/p>\n<p>&#8220;As formas de apropria\u00e7\u00e3o do ambiente s\u00e3o quest\u00f5es fundantes do capitalismo \u2013 e \u00e9 ao capitalismo que mais interessa classificar os desastres ambientais como aleat\u00f3rios e \u201cnaturais\u201d. Esses eventos n\u00e3o existem em um v\u00e1cuo. S\u00e3o, na verdade, constru\u00eddos socialmente atrav\u00e9s de processos que se estruturam na din\u00e2mica do desenvolvimento econ\u00f4mico e social&#8221;, alertam.<\/p>\n<p>&#8220;N\u00e3o discutir junto aos povos origin\u00e1rios, comunidades tradicionais e favelados a quest\u00e3o clim\u00e1tica e n\u00e3o efetivar suas proposi\u00e7\u00f5es em pol\u00edticas p\u00fablicas \u00e9 colocar em curso no Brasil um novo colonialismo, \u00e9 seguir exportando nossas riquezas enquanto a popula\u00e7\u00e3o padece do m\u00ednimo. O que vimos nessas chuvas, que aconteceram de forma ainda mais dr\u00e1stica na Bahia e em Minas Gerais, e que podem atingir tamb\u00e9m o Rio de Janeiro, \u00e9 que o or\u00e7amento para essas pol\u00edticas \u00e9 \u00ednfimo ou nenhum&#8221;, concluem.<\/p>\n<p><strong><a href=\"https:\/\/revistaforum.com.br\/debates\/como-desmonte-politicas-ambientais-agrava-o-racismo-brasil\/\" target=\"_blank\" rel=\"noopener\">Leia o artigo na \u00edntegra clicando aqui.<\/a><\/strong><\/p>\n","protected":false},"excerpt":{"rendered":"<p>Em artigo publicado na revista F\u00f3rum nesta semana, a deputada federal \u00c1urea Carolina e a deputada estadual pelo Rio de Janeiro M\u00f4nica Francisco, ambas do PSOL, discutem como o desmonte das pol\u00edticas ambientais brasileiras fortalece o chamado &#8220;racismo ambiental&#8221;. Os efeitos das atividades predat\u00f3rias, como a minera\u00e7\u00e3o e o garimpo ilegal, s\u00e3o sentidos diretamente nos [&hellip;]<\/p>\n","protected":false},"author":2,"featured_media":35029,"comment_status":"open","ping_status":"open","sticky":false,"template":"","format":"standard","meta":{"_acf_changed":false,"footnotes":""},"categories":[3],"tags":[4825],"class_list":{"0":"post-35028","1":"post","2":"type-post","3":"status-publish","4":"format-standard","5":"has-post-thumbnail","7":"category-artigos-e-entrevistas","8":"tag-noticias"},"acf":[],"yoast_head":"<!-- This site is optimized with the Yoast SEO plugin v26.5 - https:\/\/yoast.com\/wordpress\/plugins\/seo\/ -->\n<title>&quot;O desmonte das pol\u00edticas ambientais agrava o racismo no Brasil&quot;, alertam \u00c1urea Carolina e M\u00f4nica Francisco<\/title>\n<meta name=\"description\" content=\"Parlamentares do PSOL discutem como o desmonte das pol\u00edticas ambientais brasileiras fortalece o chamado &quot;racismo ambiental&quot;.\" \/>\n<meta name=\"robots\" content=\"index, follow, max-snippet:-1, max-image-preview:large, max-video-preview:-1\" \/>\n<link rel=\"canonical\" href=\"https:\/\/psol50.org.br\/o-desmonte-das-politicas-ambientais-agrava-o-racismo-no-brasil-alertam-aurea-carolina-e-monica-francisco\/\" \/>\n<meta property=\"og:locale\" content=\"pt_BR\" \/>\n<meta property=\"og:type\" content=\"article\" \/>\n<meta property=\"og:title\" content=\"&quot;O desmonte das pol\u00edticas ambientais agrava o racismo no Brasil&quot;, alertam \u00c1urea Carolina e M\u00f4nica Francisco\" \/>\n<meta property=\"og:description\" content=\"Parlamentares do PSOL discutem como o desmonte das pol\u00edticas ambientais brasileiras fortalece o chamado &quot;racismo ambiental&quot;.\" \/>\n<meta property=\"og:url\" content=\"https:\/\/psol50.org.br\/o-desmonte-das-politicas-ambientais-agrava-o-racismo-no-brasil-alertam-aurea-carolina-e-monica-francisco\/\" \/>\n<meta property=\"og:site_name\" content=\"PSOL 50\" \/>\n<meta property=\"article:publisher\" content=\"https:\/\/www.facebook.com\/psol50\" \/>\n<meta property=\"article:published_time\" content=\"2022-01-21T17:53:31+00:00\" \/>\n<meta property=\"article:modified_time\" content=\"2022-01-26T14:57:47+00:00\" \/>\n<meta property=\"og:image\" content=\"https:\/\/psol50.org.br\/inc\/uploads\/2022\/01\/301118MZC_Deputadas_009.jpg\" \/>\n\t<meta property=\"og:image:width\" content=\"1600\" \/>\n\t<meta property=\"og:image:height\" content=\"1068\" \/>\n\t<meta property=\"og:image:type\" content=\"image\/jpeg\" \/>\n<meta name=\"author\" content=\"Comunica\u00e7\u00e3o PSOL\" \/>\n<meta name=\"twitter:card\" content=\"summary_large_image\" \/>\n<meta name=\"twitter:creator\" content=\"@psol50\" \/>\n<meta name=\"twitter:site\" content=\"@psol50\" \/>\n<meta name=\"twitter:label1\" content=\"Escrito por\" \/>\n\t<meta name=\"twitter:data1\" content=\"Comunica\u00e7\u00e3o PSOL\" \/>\n\t<meta name=\"twitter:label2\" content=\"Est. tempo de leitura\" \/>\n\t<meta name=\"twitter:data2\" content=\"4 minutos\" \/>\n<script type=\"application\/ld+json\" class=\"yoast-schema-graph\">{\"@context\":\"https:\/\/schema.org\",\"@graph\":[{\"@type\":\"Article\",\"@id\":\"https:\/\/psol50.org.br\/o-desmonte-das-politicas-ambientais-agrava-o-racismo-no-brasil-alertam-aurea-carolina-e-monica-francisco\/#article\",\"isPartOf\":{\"@id\":\"https:\/\/psol50.org.br\/o-desmonte-das-politicas-ambientais-agrava-o-racismo-no-brasil-alertam-aurea-carolina-e-monica-francisco\/\"},\"author\":{\"name\":\"Comunica\u00e7\u00e3o PSOL\",\"@id\":\"https:\/\/psol50.org.br\/#\/schema\/person\/475dfa57d0b815993c714c2e96491fcd\"},\"headline\":\"&#8220;O desmonte das pol\u00edticas ambientais agrava o racismo no Brasil&#8221;, alertam \u00c1urea Carolina e M\u00f4nica Francisco\",\"datePublished\":\"2022-01-21T17:53:31+00:00\",\"dateModified\":\"2022-01-26T14:57:47+00:00\",\"mainEntityOfPage\":{\"@id\":\"https:\/\/psol50.org.br\/o-desmonte-das-politicas-ambientais-agrava-o-racismo-no-brasil-alertam-aurea-carolina-e-monica-francisco\/\"},\"wordCount\":823,\"commentCount\":0,\"publisher\":{\"@id\":\"https:\/\/psol50.org.br\/#organization\"},\"image\":{\"@id\":\"https:\/\/psol50.org.br\/o-desmonte-das-politicas-ambientais-agrava-o-racismo-no-brasil-alertam-aurea-carolina-e-monica-francisco\/#primaryimage\"},\"thumbnailUrl\":\"https:\/\/psol50.org.br\/inc\/uploads\/2022\/01\/301118MZC_Deputadas_009.jpg\",\"keywords\":[\"Not\u00edcias\"],\"articleSection\":[\"Artigos\"],\"inLanguage\":\"pt-BR\",\"potentialAction\":[{\"@type\":\"CommentAction\",\"name\":\"Comment\",\"target\":[\"https:\/\/psol50.org.br\/o-desmonte-das-politicas-ambientais-agrava-o-racismo-no-brasil-alertam-aurea-carolina-e-monica-francisco\/#respond\"]}]},{\"@type\":\"WebPage\",\"@id\":\"https:\/\/psol50.org.br\/o-desmonte-das-politicas-ambientais-agrava-o-racismo-no-brasil-alertam-aurea-carolina-e-monica-francisco\/\",\"url\":\"https:\/\/psol50.org.br\/o-desmonte-das-politicas-ambientais-agrava-o-racismo-no-brasil-alertam-aurea-carolina-e-monica-francisco\/\",\"name\":\"\\\"O desmonte das pol\u00edticas ambientais agrava o racismo no Brasil\\\", alertam \u00c1urea Carolina e M\u00f4nica Francisco\",\"isPartOf\":{\"@id\":\"https:\/\/psol50.org.br\/#website\"},\"primaryImageOfPage\":{\"@id\":\"https:\/\/psol50.org.br\/o-desmonte-das-politicas-ambientais-agrava-o-racismo-no-brasil-alertam-aurea-carolina-e-monica-francisco\/#primaryimage\"},\"image\":{\"@id\":\"https:\/\/psol50.org.br\/o-desmonte-das-politicas-ambientais-agrava-o-racismo-no-brasil-alertam-aurea-carolina-e-monica-francisco\/#primaryimage\"},\"thumbnailUrl\":\"https:\/\/psol50.org.br\/inc\/uploads\/2022\/01\/301118MZC_Deputadas_009.jpg\",\"datePublished\":\"2022-01-21T17:53:31+00:00\",\"dateModified\":\"2022-01-26T14:57:47+00:00\",\"description\":\"Parlamentares do PSOL discutem como o desmonte das pol\u00edticas ambientais brasileiras fortalece o chamado \\\"racismo ambiental\\\".\",\"breadcrumb\":{\"@id\":\"https:\/\/psol50.org.br\/o-desmonte-das-politicas-ambientais-agrava-o-racismo-no-brasil-alertam-aurea-carolina-e-monica-francisco\/#breadcrumb\"},\"inLanguage\":\"pt-BR\",\"potentialAction\":[{\"@type\":\"ReadAction\",\"target\":[\"https:\/\/psol50.org.br\/o-desmonte-das-politicas-ambientais-agrava-o-racismo-no-brasil-alertam-aurea-carolina-e-monica-francisco\/\"]}]},{\"@type\":\"ImageObject\",\"inLanguage\":\"pt-BR\",\"@id\":\"https:\/\/psol50.org.br\/o-desmonte-das-politicas-ambientais-agrava-o-racismo-no-brasil-alertam-aurea-carolina-e-monica-francisco\/#primaryimage\",\"url\":\"https:\/\/psol50.org.br\/inc\/uploads\/2022\/01\/301118MZC_Deputadas_009.jpg\",\"contentUrl\":\"https:\/\/psol50.org.br\/inc\/uploads\/2022\/01\/301118MZC_Deputadas_009.jpg\",\"width\":1600,\"height\":1068,\"caption\":\"Foto: In\u00eas Campelo\"},{\"@type\":\"BreadcrumbList\",\"@id\":\"https:\/\/psol50.org.br\/o-desmonte-das-politicas-ambientais-agrava-o-racismo-no-brasil-alertam-aurea-carolina-e-monica-francisco\/#breadcrumb\",\"itemListElement\":[{\"@type\":\"ListItem\",\"position\":1,\"name\":\"In\u00edcio\",\"item\":\"https:\/\/psol50.org.br\/\"},{\"@type\":\"ListItem\",\"position\":2,\"name\":\"&#8220;O desmonte das pol\u00edticas ambientais agrava o racismo no Brasil&#8221;, alertam \u00c1urea Carolina e M\u00f4nica Francisco\"}]},{\"@type\":\"WebSite\",\"@id\":\"https:\/\/psol50.org.br\/#website\",\"url\":\"https:\/\/psol50.org.br\/\",\"name\":\"PSOL 50\",\"description\":\"Site oficial do Partido Socialismo e Liberdade\",\"publisher\":{\"@id\":\"https:\/\/psol50.org.br\/#organization\"},\"alternateName\":\"PSOL50\",\"potentialAction\":[{\"@type\":\"SearchAction\",\"target\":{\"@type\":\"EntryPoint\",\"urlTemplate\":\"https:\/\/psol50.org.br\/?s={search_term_string}\"},\"query-input\":{\"@type\":\"PropertyValueSpecification\",\"valueRequired\":true,\"valueName\":\"search_term_string\"}}],\"inLanguage\":\"pt-BR\"},{\"@type\":\"Organization\",\"@id\":\"https:\/\/psol50.org.br\/#organization\",\"name\":\"PSOL 50\",\"alternateName\":\"PSOL 50\",\"url\":\"https:\/\/psol50.org.br\/\",\"logo\":{\"@type\":\"ImageObject\",\"inLanguage\":\"pt-BR\",\"@id\":\"https:\/\/psol50.org.br\/#\/schema\/logo\/image\/\",\"url\":\"https:\/\/psol50.org.br\/inc\/uploads\/2018\/07\/capa.png\",\"contentUrl\":\"https:\/\/psol50.org.br\/inc\/uploads\/2018\/07\/capa.png\",\"width\":1350,\"height\":900,\"caption\":\"PSOL 50\"},\"image\":{\"@id\":\"https:\/\/psol50.org.br\/#\/schema\/logo\/image\/\"},\"sameAs\":[\"https:\/\/www.facebook.com\/psol50\",\"https:\/\/x.com\/psol50\",\"https:\/\/www.instagram.com\/psol50\/\",\"https:\/\/www.youtube.com\/channel\/UC7SnJS5o1os7a6CaiNabzcg\"]},{\"@type\":\"Person\",\"@id\":\"https:\/\/psol50.org.br\/#\/schema\/person\/475dfa57d0b815993c714c2e96491fcd\",\"name\":\"Comunica\u00e7\u00e3o PSOL\",\"image\":{\"@type\":\"ImageObject\",\"inLanguage\":\"pt-BR\",\"@id\":\"https:\/\/psol50.org.br\/#\/schema\/person\/image\/\",\"url\":\"https:\/\/secure.gravatar.com\/avatar\/b34fc4f4e468a4e51785917065a3db57b841f5c95dba6ad8c73aaf8f66f8f9bf?s=96&d=mm&r=g\",\"contentUrl\":\"https:\/\/secure.gravatar.com\/avatar\/b34fc4f4e468a4e51785917065a3db57b841f5c95dba6ad8c73aaf8f66f8f9bf?s=96&d=mm&r=g\",\"caption\":\"Comunica\u00e7\u00e3o PSOL\"}}]}<\/script>\n<!-- \/ Yoast SEO plugin. -->","yoast_head_json":{"title":"\"O desmonte das pol\u00edticas ambientais agrava o racismo no Brasil\", alertam \u00c1urea Carolina e M\u00f4nica Francisco","description":"Parlamentares do PSOL discutem como o desmonte das pol\u00edticas ambientais brasileiras fortalece o chamado \"racismo ambiental\".","robots":{"index":"index","follow":"follow","max-snippet":"max-snippet:-1","max-image-preview":"max-image-preview:large","max-video-preview":"max-video-preview:-1"},"canonical":"https:\/\/psol50.org.br\/o-desmonte-das-politicas-ambientais-agrava-o-racismo-no-brasil-alertam-aurea-carolina-e-monica-francisco\/","og_locale":"pt_BR","og_type":"article","og_title":"\"O desmonte das pol\u00edticas ambientais agrava o racismo no Brasil\", alertam \u00c1urea Carolina e M\u00f4nica Francisco","og_description":"Parlamentares do PSOL discutem como o desmonte das pol\u00edticas ambientais brasileiras fortalece o chamado \"racismo ambiental\".","og_url":"https:\/\/psol50.org.br\/o-desmonte-das-politicas-ambientais-agrava-o-racismo-no-brasil-alertam-aurea-carolina-e-monica-francisco\/","og_site_name":"PSOL 50","article_publisher":"https:\/\/www.facebook.com\/psol50","article_published_time":"2022-01-21T17:53:31+00:00","article_modified_time":"2022-01-26T14:57:47+00:00","og_image":[{"width":1600,"height":1068,"url":"https:\/\/psol50.org.br\/inc\/uploads\/2022\/01\/301118MZC_Deputadas_009.jpg","type":"image\/jpeg"}],"author":"Comunica\u00e7\u00e3o PSOL","twitter_card":"summary_large_image","twitter_creator":"@psol50","twitter_site":"@psol50","twitter_misc":{"Escrito por":"Comunica\u00e7\u00e3o PSOL","Est. tempo de leitura":"4 minutos"},"schema":{"@context":"https:\/\/schema.org","@graph":[{"@type":"Article","@id":"https:\/\/psol50.org.br\/o-desmonte-das-politicas-ambientais-agrava-o-racismo-no-brasil-alertam-aurea-carolina-e-monica-francisco\/#article","isPartOf":{"@id":"https:\/\/psol50.org.br\/o-desmonte-das-politicas-ambientais-agrava-o-racismo-no-brasil-alertam-aurea-carolina-e-monica-francisco\/"},"author":{"name":"Comunica\u00e7\u00e3o PSOL","@id":"https:\/\/psol50.org.br\/#\/schema\/person\/475dfa57d0b815993c714c2e96491fcd"},"headline":"&#8220;O desmonte das pol\u00edticas ambientais agrava o racismo no Brasil&#8221;, alertam \u00c1urea Carolina e M\u00f4nica Francisco","datePublished":"2022-01-21T17:53:31+00:00","dateModified":"2022-01-26T14:57:47+00:00","mainEntityOfPage":{"@id":"https:\/\/psol50.org.br\/o-desmonte-das-politicas-ambientais-agrava-o-racismo-no-brasil-alertam-aurea-carolina-e-monica-francisco\/"},"wordCount":823,"commentCount":0,"publisher":{"@id":"https:\/\/psol50.org.br\/#organization"},"image":{"@id":"https:\/\/psol50.org.br\/o-desmonte-das-politicas-ambientais-agrava-o-racismo-no-brasil-alertam-aurea-carolina-e-monica-francisco\/#primaryimage"},"thumbnailUrl":"https:\/\/psol50.org.br\/inc\/uploads\/2022\/01\/301118MZC_Deputadas_009.jpg","keywords":["Not\u00edcias"],"articleSection":["Artigos"],"inLanguage":"pt-BR","potentialAction":[{"@type":"CommentAction","name":"Comment","target":["https:\/\/psol50.org.br\/o-desmonte-das-politicas-ambientais-agrava-o-racismo-no-brasil-alertam-aurea-carolina-e-monica-francisco\/#respond"]}]},{"@type":"WebPage","@id":"https:\/\/psol50.org.br\/o-desmonte-das-politicas-ambientais-agrava-o-racismo-no-brasil-alertam-aurea-carolina-e-monica-francisco\/","url":"https:\/\/psol50.org.br\/o-desmonte-das-politicas-ambientais-agrava-o-racismo-no-brasil-alertam-aurea-carolina-e-monica-francisco\/","name":"\"O desmonte das pol\u00edticas ambientais agrava o racismo no Brasil\", alertam \u00c1urea Carolina e M\u00f4nica Francisco","isPartOf":{"@id":"https:\/\/psol50.org.br\/#website"},"primaryImageOfPage":{"@id":"https:\/\/psol50.org.br\/o-desmonte-das-politicas-ambientais-agrava-o-racismo-no-brasil-alertam-aurea-carolina-e-monica-francisco\/#primaryimage"},"image":{"@id":"https:\/\/psol50.org.br\/o-desmonte-das-politicas-ambientais-agrava-o-racismo-no-brasil-alertam-aurea-carolina-e-monica-francisco\/#primaryimage"},"thumbnailUrl":"https:\/\/psol50.org.br\/inc\/uploads\/2022\/01\/301118MZC_Deputadas_009.jpg","datePublished":"2022-01-21T17:53:31+00:00","dateModified":"2022-01-26T14:57:47+00:00","description":"Parlamentares do PSOL discutem como o desmonte das pol\u00edticas ambientais brasileiras fortalece o chamado \"racismo ambiental\".","breadcrumb":{"@id":"https:\/\/psol50.org.br\/o-desmonte-das-politicas-ambientais-agrava-o-racismo-no-brasil-alertam-aurea-carolina-e-monica-francisco\/#breadcrumb"},"inLanguage":"pt-BR","potentialAction":[{"@type":"ReadAction","target":["https:\/\/psol50.org.br\/o-desmonte-das-politicas-ambientais-agrava-o-racismo-no-brasil-alertam-aurea-carolina-e-monica-francisco\/"]}]},{"@type":"ImageObject","inLanguage":"pt-BR","@id":"https:\/\/psol50.org.br\/o-desmonte-das-politicas-ambientais-agrava-o-racismo-no-brasil-alertam-aurea-carolina-e-monica-francisco\/#primaryimage","url":"https:\/\/psol50.org.br\/inc\/uploads\/2022\/01\/301118MZC_Deputadas_009.jpg","contentUrl":"https:\/\/psol50.org.br\/inc\/uploads\/2022\/01\/301118MZC_Deputadas_009.jpg","width":1600,"height":1068,"caption":"Foto: In\u00eas Campelo"},{"@type":"BreadcrumbList","@id":"https:\/\/psol50.org.br\/o-desmonte-das-politicas-ambientais-agrava-o-racismo-no-brasil-alertam-aurea-carolina-e-monica-francisco\/#breadcrumb","itemListElement":[{"@type":"ListItem","position":1,"name":"In\u00edcio","item":"https:\/\/psol50.org.br\/"},{"@type":"ListItem","position":2,"name":"&#8220;O desmonte das pol\u00edticas ambientais agrava o racismo no Brasil&#8221;, alertam \u00c1urea Carolina e M\u00f4nica Francisco"}]},{"@type":"WebSite","@id":"https:\/\/psol50.org.br\/#website","url":"https:\/\/psol50.org.br\/","name":"PSOL 50","description":"Site oficial do Partido Socialismo e Liberdade","publisher":{"@id":"https:\/\/psol50.org.br\/#organization"},"alternateName":"PSOL50","potentialAction":[{"@type":"SearchAction","target":{"@type":"EntryPoint","urlTemplate":"https:\/\/psol50.org.br\/?s={search_term_string}"},"query-input":{"@type":"PropertyValueSpecification","valueRequired":true,"valueName":"search_term_string"}}],"inLanguage":"pt-BR"},{"@type":"Organization","@id":"https:\/\/psol50.org.br\/#organization","name":"PSOL 50","alternateName":"PSOL 50","url":"https:\/\/psol50.org.br\/","logo":{"@type":"ImageObject","inLanguage":"pt-BR","@id":"https:\/\/psol50.org.br\/#\/schema\/logo\/image\/","url":"https:\/\/psol50.org.br\/inc\/uploads\/2018\/07\/capa.png","contentUrl":"https:\/\/psol50.org.br\/inc\/uploads\/2018\/07\/capa.png","width":1350,"height":900,"caption":"PSOL 50"},"image":{"@id":"https:\/\/psol50.org.br\/#\/schema\/logo\/image\/"},"sameAs":["https:\/\/www.facebook.com\/psol50","https:\/\/x.com\/psol50","https:\/\/www.instagram.com\/psol50\/","https:\/\/www.youtube.com\/channel\/UC7SnJS5o1os7a6CaiNabzcg"]},{"@type":"Person","@id":"https:\/\/psol50.org.br\/#\/schema\/person\/475dfa57d0b815993c714c2e96491fcd","name":"Comunica\u00e7\u00e3o PSOL","image":{"@type":"ImageObject","inLanguage":"pt-BR","@id":"https:\/\/psol50.org.br\/#\/schema\/person\/image\/","url":"https:\/\/secure.gravatar.com\/avatar\/b34fc4f4e468a4e51785917065a3db57b841f5c95dba6ad8c73aaf8f66f8f9bf?s=96&d=mm&r=g","contentUrl":"https:\/\/secure.gravatar.com\/avatar\/b34fc4f4e468a4e51785917065a3db57b841f5c95dba6ad8c73aaf8f66f8f9bf?s=96&d=mm&r=g","caption":"Comunica\u00e7\u00e3o PSOL"}}]}},"_links":{"self":[{"href":"https:\/\/psol50.org.br\/rest\/wp\/v2\/posts\/35028","targetHints":{"allow":["GET"]}}],"collection":[{"href":"https:\/\/psol50.org.br\/rest\/wp\/v2\/posts"}],"about":[{"href":"https:\/\/psol50.org.br\/rest\/wp\/v2\/types\/post"}],"author":[{"embeddable":true,"href":"https:\/\/psol50.org.br\/rest\/wp\/v2\/users\/2"}],"replies":[{"embeddable":true,"href":"https:\/\/psol50.org.br\/rest\/wp\/v2\/comments?post=35028"}],"version-history":[{"count":1,"href":"https:\/\/psol50.org.br\/rest\/wp\/v2\/posts\/35028\/revisions"}],"predecessor-version":[{"id":35030,"href":"https:\/\/psol50.org.br\/rest\/wp\/v2\/posts\/35028\/revisions\/35030"}],"wp:featuredmedia":[{"embeddable":true,"href":"https:\/\/psol50.org.br\/rest\/wp\/v2\/media\/35029"}],"wp:attachment":[{"href":"https:\/\/psol50.org.br\/rest\/wp\/v2\/media?parent=35028"}],"wp:term":[{"taxonomy":"category","embeddable":true,"href":"https:\/\/psol50.org.br\/rest\/wp\/v2\/categories?post=35028"},{"taxonomy":"post_tag","embeddable":true,"href":"https:\/\/psol50.org.br\/rest\/wp\/v2\/tags?post=35028"}],"curies":[{"name":"wp","href":"https:\/\/api.w.org\/{rel}","templated":true}]}}