{"id":35036,"date":"2022-01-24T12:46:49","date_gmt":"2022-01-24T15:46:49","guid":{"rendered":"https:\/\/psol50.org.br\/?p=35036"},"modified":"2022-01-28T16:39:21","modified_gmt":"2022-01-28T19:39:21","slug":"psol-aciona-stf-contra-nota-tecnica-do-ministerio-da-saude-que-defende-cloroquina-e-questiona-vacinas","status":"publish","type":"post","link":"https:\/\/psol50.org.br\/psol-aciona-stf-contra-nota-tecnica-do-ministerio-da-saude-que-defende-cloroquina-e-questiona-vacinas\/","title":{"rendered":"PSOL aciona STF contra nota t\u00e9cnica do Minist\u00e9rio da Sa\u00fade que defende cloroquina e questiona vacinas"},"content":{"rendered":"<p>A bancada do PSOL na C\u00e2mara dos Deputados apresenta nesta segunda-feira (24) uma not\u00edcia-crime no Supremo Tribunal Federal (STF) para responsabilizar os autores da nota t\u00e9cnica do Minist\u00e9rio da Sa\u00fade que contraria a Organiza\u00e7\u00e3o Mundial da Sa\u00fade (OMS) e a comunidade cient\u00edfica e afirma que vacinas n\u00e3o t\u00eam demonstra\u00e7\u00e3o de seguran\u00e7a.<\/p>\n<p>O mesmo documento aponta que a hidroxicloroquina teria demonstrado seguran\u00e7a como uma tecnologia de sa\u00fade para a Covid-19, o que j\u00e1 foi descartado pela OMS desde mar\u00e7o de 2021.<\/p>\n<p>Ao contr\u00e1rio do que diz o documento, as vacinas contra a Covid s\u00e3o internacionalmente reconhecidas como m\u00e9todo mais seguro de preven\u00e7\u00e3o contra a doen\u00e7a.<\/p>\n<p>O secret\u00e1rio de Ci\u00eancia, Tecnologia, Inova\u00e7\u00e3o e Insumos Estrat\u00e9gicos em Sa\u00fade, Helio Angotti Neto, assina o relat\u00f3rio, utilizado como base\u00a0para rejeitar as diretrizes\u00a0da Comiss\u00e3o Nacional de Incorpora\u00e7\u00e3o de Tecnologias ao\u00a0Sistema \u00danico de Sa\u00fade\u00a0(Conitec) de n\u00e3o usar medicamentos do &#8220;kit Covid&#8221; para tratamento em pacientes\u00a0do\u00a0SUS.<\/p>\n<p>&#8220;Segundo as entidades cient\u00edficas, a cloroquina \u00e9 comprovadamente ineficaz contra o v\u00edrus e as vacinas, que vem ajudado a reduzir o n\u00famero de \u00f3bitos contra a Covid, s\u00e3o seguras e salvam vidas. Os envolvidos na produ\u00e7\u00e3o dessa nota t\u00e9cnica precisam ser responsabilizados!&#8221;, disse Tal\u00edria Petrone, l\u00edder da bancada do PSOL, ao anunciar a a\u00e7\u00e3o nas redes sociais.<\/p>\n<blockquote class=\"twitter-tweet\" data-width=\"550\" data-dnt=\"true\">\n<p lang=\"pt\" dir=\"ltr\">Segundo as entidades cient\u00edficas, a cloroquina \u00e9 comprovadamente ineficaz contra o v\u00edrus e as vacinas, que vem ajudado a reduzir o n\u00famero de \u00f3bitos contra a Covid, s\u00e3o seguras e salvam vidas. Os envolvidos na produ\u00e7\u00e3o dessa nota t\u00e9cnica precisam ser responsabilizados!<\/p>\n<p>&mdash; Tal\u00edria Petrone #TemGenteComFome (@taliriapetrone) <a href=\"https:\/\/twitter.com\/taliriapetrone\/status\/1485635136024625156?ref_src=twsrc%5Etfw\">January 24, 2022<\/a><\/p><\/blockquote>\n<p><script async src=\"https:\/\/platform.twitter.com\/widgets.js\" charset=\"utf-8\"><\/script><\/p>\n","protected":false},"excerpt":{"rendered":"<p>A bancada do PSOL na C\u00e2mara dos Deputados apresenta nesta segunda-feira (24) uma not\u00edcia-crime no Supremo Tribunal Federal (STF) para responsabilizar os autores da nota t\u00e9cnica do Minist\u00e9rio da Sa\u00fade que contraria a Organiza\u00e7\u00e3o Mundial da Sa\u00fade (OMS) e a comunidade cient\u00edfica e afirma que vacinas n\u00e3o t\u00eam demonstra\u00e7\u00e3o de seguran\u00e7a. O mesmo documento aponta [&hellip;]<\/p>\n","protected":false},"author":2,"featured_media":30373,"comment_status":"open","ping_status":"open","sticky":false,"template":"","format":"standard","meta":{"_acf_changed":false,"footnotes":""},"categories":[10],"tags":[4825],"class_list":{"0":"post-35036","1":"post","2":"type-post","3":"status-publish","4":"format-standard","5":"has-post-thumbnail","7":"category-acao-parlamentares","8":"tag-noticias"},"acf":[],"yoast_head":"<!-- This site is optimized with the Yoast SEO plugin v26.5 - https:\/\/yoast.com\/wordpress\/plugins\/seo\/ -->\n<title>PSOL aciona STF contra nota t\u00e9cnica do Minist\u00e9rio da Sa\u00fade que defende cloroquina e questiona vacinas<\/title>\n<meta name=\"description\" content=\"Not\u00edcia-crime apresentada pela bancada do PSOL quer responsabilizar autores de nota t\u00e9cnica que contraria recomenda\u00e7\u00f5es da OMS.\" \/>\n<meta name=\"robots\" content=\"index, follow, max-snippet:-1, max-image-preview:large, max-video-preview:-1\" \/>\n<link rel=\"canonical\" href=\"https:\/\/psol50.org.br\/psol-aciona-stf-contra-nota-tecnica-do-ministerio-da-saude-que-defende-cloroquina-e-questiona-vacinas\/\" \/>\n<meta property=\"og:locale\" content=\"pt_BR\" \/>\n<meta property=\"og:type\" content=\"article\" \/>\n<meta property=\"og:title\" content=\"PSOL aciona STF contra nota t\u00e9cnica do Minist\u00e9rio da Sa\u00fade que defende cloroquina e questiona vacinas\" \/>\n<meta property=\"og:description\" content=\"Not\u00edcia-crime apresentada pela bancada do PSOL quer responsabilizar autores de nota t\u00e9cnica que contraria recomenda\u00e7\u00f5es da OMS.\" \/>\n<meta property=\"og:url\" content=\"https:\/\/psol50.org.br\/psol-aciona-stf-contra-nota-tecnica-do-ministerio-da-saude-que-defende-cloroquina-e-questiona-vacinas\/\" \/>\n<meta property=\"og:site_name\" content=\"PSOL 50\" \/>\n<meta property=\"article:publisher\" content=\"https:\/\/www.facebook.com\/psol50\" \/>\n<meta property=\"article:published_time\" content=\"2022-01-24T15:46:49+00:00\" \/>\n<meta property=\"article:modified_time\" content=\"2022-01-28T19:39:21+00:00\" \/>\n<meta property=\"og:image\" content=\"https:\/\/psol50.org.br\/inc\/uploads\/2020\/08\/Bolsonaro-Hidroxicloroquina-Alvorada-Bandeira-Apoiadores5-1-868x644-1.jpg\" \/>\n\t<meta property=\"og:image:width\" content=\"868\" \/>\n\t<meta property=\"og:image:height\" content=\"644\" \/>\n\t<meta property=\"og:image:type\" content=\"image\/jpeg\" \/>\n<meta name=\"author\" content=\"Comunica\u00e7\u00e3o PSOL\" \/>\n<meta name=\"twitter:card\" content=\"summary_large_image\" \/>\n<meta name=\"twitter:creator\" content=\"@psol50\" \/>\n<meta name=\"twitter:site\" content=\"@psol50\" \/>\n<meta name=\"twitter:label1\" content=\"Escrito por\" \/>\n\t<meta name=\"twitter:data1\" content=\"Comunica\u00e7\u00e3o PSOL\" \/>\n\t<meta name=\"twitter:label2\" content=\"Est. tempo de leitura\" \/>\n\t<meta name=\"twitter:data2\" content=\"1 minuto\" \/>\n<script type=\"application\/ld+json\" class=\"yoast-schema-graph\">{\"@context\":\"https:\/\/schema.org\",\"@graph\":[{\"@type\":\"Article\",\"@id\":\"https:\/\/psol50.org.br\/psol-aciona-stf-contra-nota-tecnica-do-ministerio-da-saude-que-defende-cloroquina-e-questiona-vacinas\/#article\",\"isPartOf\":{\"@id\":\"https:\/\/psol50.org.br\/psol-aciona-stf-contra-nota-tecnica-do-ministerio-da-saude-que-defende-cloroquina-e-questiona-vacinas\/\"},\"author\":{\"name\":\"Comunica\u00e7\u00e3o PSOL\",\"@id\":\"https:\/\/psol50.org.br\/#\/schema\/person\/475dfa57d0b815993c714c2e96491fcd\"},\"headline\":\"PSOL aciona STF contra nota t\u00e9cnica do Minist\u00e9rio da Sa\u00fade que defende cloroquina e questiona vacinas\",\"datePublished\":\"2022-01-24T15:46:49+00:00\",\"dateModified\":\"2022-01-28T19:39:21+00:00\",\"mainEntityOfPage\":{\"@id\":\"https:\/\/psol50.org.br\/psol-aciona-stf-contra-nota-tecnica-do-ministerio-da-saude-que-defende-cloroquina-e-questiona-vacinas\/\"},\"wordCount\":271,\"commentCount\":0,\"publisher\":{\"@id\":\"https:\/\/psol50.org.br\/#organization\"},\"image\":{\"@id\":\"https:\/\/psol50.org.br\/psol-aciona-stf-contra-nota-tecnica-do-ministerio-da-saude-que-defende-cloroquina-e-questiona-vacinas\/#primaryimage\"},\"thumbnailUrl\":\"https:\/\/psol50.org.br\/inc\/uploads\/2020\/08\/Bolsonaro-Hidroxicloroquina-Alvorada-Bandeira-Apoiadores5-1-868x644-1.jpg\",\"keywords\":[\"Not\u00edcias\"],\"articleSection\":[\"A\u00e7\u00e3o Parlamentar\"],\"inLanguage\":\"pt-BR\",\"potentialAction\":[{\"@type\":\"CommentAction\",\"name\":\"Comment\",\"target\":[\"https:\/\/psol50.org.br\/psol-aciona-stf-contra-nota-tecnica-do-ministerio-da-saude-que-defende-cloroquina-e-questiona-vacinas\/#respond\"]}]},{\"@type\":\"WebPage\",\"@id\":\"https:\/\/psol50.org.br\/psol-aciona-stf-contra-nota-tecnica-do-ministerio-da-saude-que-defende-cloroquina-e-questiona-vacinas\/\",\"url\":\"https:\/\/psol50.org.br\/psol-aciona-stf-contra-nota-tecnica-do-ministerio-da-saude-que-defende-cloroquina-e-questiona-vacinas\/\",\"name\":\"PSOL aciona STF contra nota t\u00e9cnica do Minist\u00e9rio da Sa\u00fade que defende cloroquina e questiona vacinas\",\"isPartOf\":{\"@id\":\"https:\/\/psol50.org.br\/#website\"},\"primaryImageOfPage\":{\"@id\":\"https:\/\/psol50.org.br\/psol-aciona-stf-contra-nota-tecnica-do-ministerio-da-saude-que-defende-cloroquina-e-questiona-vacinas\/#primaryimage\"},\"image\":{\"@id\":\"https:\/\/psol50.org.br\/psol-aciona-stf-contra-nota-tecnica-do-ministerio-da-saude-que-defende-cloroquina-e-questiona-vacinas\/#primaryimage\"},\"thumbnailUrl\":\"https:\/\/psol50.org.br\/inc\/uploads\/2020\/08\/Bolsonaro-Hidroxicloroquina-Alvorada-Bandeira-Apoiadores5-1-868x644-1.jpg\",\"datePublished\":\"2022-01-24T15:46:49+00:00\",\"dateModified\":\"2022-01-28T19:39:21+00:00\",\"description\":\"Not\u00edcia-crime apresentada pela bancada do PSOL quer responsabilizar autores de nota t\u00e9cnica que contraria recomenda\u00e7\u00f5es da OMS.\",\"breadcrumb\":{\"@id\":\"https:\/\/psol50.org.br\/psol-aciona-stf-contra-nota-tecnica-do-ministerio-da-saude-que-defende-cloroquina-e-questiona-vacinas\/#breadcrumb\"},\"inLanguage\":\"pt-BR\",\"potentialAction\":[{\"@type\":\"ReadAction\",\"target\":[\"https:\/\/psol50.org.br\/psol-aciona-stf-contra-nota-tecnica-do-ministerio-da-saude-que-defende-cloroquina-e-questiona-vacinas\/\"]}]},{\"@type\":\"ImageObject\",\"inLanguage\":\"pt-BR\",\"@id\":\"https:\/\/psol50.org.br\/psol-aciona-stf-contra-nota-tecnica-do-ministerio-da-saude-que-defende-cloroquina-e-questiona-vacinas\/#primaryimage\",\"url\":\"https:\/\/psol50.org.br\/inc\/uploads\/2020\/08\/Bolsonaro-Hidroxicloroquina-Alvorada-Bandeira-Apoiadores5-1-868x644-1.jpg\",\"contentUrl\":\"https:\/\/psol50.org.br\/inc\/uploads\/2020\/08\/Bolsonaro-Hidroxicloroquina-Alvorada-Bandeira-Apoiadores5-1-868x644-1.jpg\",\"width\":868,\"height\":644,\"caption\":\"Foto: Sergio Lima\/Poder360\"},{\"@type\":\"BreadcrumbList\",\"@id\":\"https:\/\/psol50.org.br\/psol-aciona-stf-contra-nota-tecnica-do-ministerio-da-saude-que-defende-cloroquina-e-questiona-vacinas\/#breadcrumb\",\"itemListElement\":[{\"@type\":\"ListItem\",\"position\":1,\"name\":\"In\u00edcio\",\"item\":\"https:\/\/psol50.org.br\/\"},{\"@type\":\"ListItem\",\"position\":2,\"name\":\"PSOL aciona STF contra nota t\u00e9cnica do Minist\u00e9rio da Sa\u00fade que defende cloroquina e questiona vacinas\"}]},{\"@type\":\"WebSite\",\"@id\":\"https:\/\/psol50.org.br\/#website\",\"url\":\"https:\/\/psol50.org.br\/\",\"name\":\"PSOL 50\",\"description\":\"Site oficial do Partido Socialismo e Liberdade\",\"publisher\":{\"@id\":\"https:\/\/psol50.org.br\/#organization\"},\"alternateName\":\"PSOL50\",\"potentialAction\":[{\"@type\":\"SearchAction\",\"target\":{\"@type\":\"EntryPoint\",\"urlTemplate\":\"https:\/\/psol50.org.br\/?s={search_term_string}\"},\"query-input\":{\"@type\":\"PropertyValueSpecification\",\"valueRequired\":true,\"valueName\":\"search_term_string\"}}],\"inLanguage\":\"pt-BR\"},{\"@type\":\"Organization\",\"@id\":\"https:\/\/psol50.org.br\/#organization\",\"name\":\"PSOL 50\",\"alternateName\":\"PSOL 50\",\"url\":\"https:\/\/psol50.org.br\/\",\"logo\":{\"@type\":\"ImageObject\",\"inLanguage\":\"pt-BR\",\"@id\":\"https:\/\/psol50.org.br\/#\/schema\/logo\/image\/\",\"url\":\"https:\/\/psol50.org.br\/inc\/uploads\/2018\/07\/capa.png\",\"contentUrl\":\"https:\/\/psol50.org.br\/inc\/uploads\/2018\/07\/capa.png\",\"width\":1350,\"height\":900,\"caption\":\"PSOL 50\"},\"image\":{\"@id\":\"https:\/\/psol50.org.br\/#\/schema\/logo\/image\/\"},\"sameAs\":[\"https:\/\/www.facebook.com\/psol50\",\"https:\/\/x.com\/psol50\",\"https:\/\/www.instagram.com\/psol50\/\",\"https:\/\/www.youtube.com\/channel\/UC7SnJS5o1os7a6CaiNabzcg\"]},{\"@type\":\"Person\",\"@id\":\"https:\/\/psol50.org.br\/#\/schema\/person\/475dfa57d0b815993c714c2e96491fcd\",\"name\":\"Comunica\u00e7\u00e3o PSOL\",\"image\":{\"@type\":\"ImageObject\",\"inLanguage\":\"pt-BR\",\"@id\":\"https:\/\/psol50.org.br\/#\/schema\/person\/image\/\",\"url\":\"https:\/\/secure.gravatar.com\/avatar\/b34fc4f4e468a4e51785917065a3db57b841f5c95dba6ad8c73aaf8f66f8f9bf?s=96&d=mm&r=g\",\"contentUrl\":\"https:\/\/secure.gravatar.com\/avatar\/b34fc4f4e468a4e51785917065a3db57b841f5c95dba6ad8c73aaf8f66f8f9bf?s=96&d=mm&r=g\",\"caption\":\"Comunica\u00e7\u00e3o PSOL\"}}]}<\/script>\n<!-- \/ Yoast SEO plugin. -->","yoast_head_json":{"title":"PSOL aciona STF contra nota t\u00e9cnica do Minist\u00e9rio da Sa\u00fade que defende cloroquina e questiona vacinas","description":"Not\u00edcia-crime apresentada pela bancada do PSOL quer responsabilizar autores de nota t\u00e9cnica que contraria recomenda\u00e7\u00f5es da OMS.","robots":{"index":"index","follow":"follow","max-snippet":"max-snippet:-1","max-image-preview":"max-image-preview:large","max-video-preview":"max-video-preview:-1"},"canonical":"https:\/\/psol50.org.br\/psol-aciona-stf-contra-nota-tecnica-do-ministerio-da-saude-que-defende-cloroquina-e-questiona-vacinas\/","og_locale":"pt_BR","og_type":"article","og_title":"PSOL aciona STF contra nota t\u00e9cnica do Minist\u00e9rio da Sa\u00fade que defende cloroquina e questiona vacinas","og_description":"Not\u00edcia-crime apresentada pela bancada do PSOL quer responsabilizar autores de nota t\u00e9cnica que contraria recomenda\u00e7\u00f5es da OMS.","og_url":"https:\/\/psol50.org.br\/psol-aciona-stf-contra-nota-tecnica-do-ministerio-da-saude-que-defende-cloroquina-e-questiona-vacinas\/","og_site_name":"PSOL 50","article_publisher":"https:\/\/www.facebook.com\/psol50","article_published_time":"2022-01-24T15:46:49+00:00","article_modified_time":"2022-01-28T19:39:21+00:00","og_image":[{"width":868,"height":644,"url":"https:\/\/psol50.org.br\/inc\/uploads\/2020\/08\/Bolsonaro-Hidroxicloroquina-Alvorada-Bandeira-Apoiadores5-1-868x644-1.jpg","type":"image\/jpeg"}],"author":"Comunica\u00e7\u00e3o PSOL","twitter_card":"summary_large_image","twitter_creator":"@psol50","twitter_site":"@psol50","twitter_misc":{"Escrito por":"Comunica\u00e7\u00e3o PSOL","Est. tempo de leitura":"1 minuto"},"schema":{"@context":"https:\/\/schema.org","@graph":[{"@type":"Article","@id":"https:\/\/psol50.org.br\/psol-aciona-stf-contra-nota-tecnica-do-ministerio-da-saude-que-defende-cloroquina-e-questiona-vacinas\/#article","isPartOf":{"@id":"https:\/\/psol50.org.br\/psol-aciona-stf-contra-nota-tecnica-do-ministerio-da-saude-que-defende-cloroquina-e-questiona-vacinas\/"},"author":{"name":"Comunica\u00e7\u00e3o PSOL","@id":"https:\/\/psol50.org.br\/#\/schema\/person\/475dfa57d0b815993c714c2e96491fcd"},"headline":"PSOL aciona STF contra nota t\u00e9cnica do Minist\u00e9rio da Sa\u00fade que defende cloroquina e questiona vacinas","datePublished":"2022-01-24T15:46:49+00:00","dateModified":"2022-01-28T19:39:21+00:00","mainEntityOfPage":{"@id":"https:\/\/psol50.org.br\/psol-aciona-stf-contra-nota-tecnica-do-ministerio-da-saude-que-defende-cloroquina-e-questiona-vacinas\/"},"wordCount":271,"commentCount":0,"publisher":{"@id":"https:\/\/psol50.org.br\/#organization"},"image":{"@id":"https:\/\/psol50.org.br\/psol-aciona-stf-contra-nota-tecnica-do-ministerio-da-saude-que-defende-cloroquina-e-questiona-vacinas\/#primaryimage"},"thumbnailUrl":"https:\/\/psol50.org.br\/inc\/uploads\/2020\/08\/Bolsonaro-Hidroxicloroquina-Alvorada-Bandeira-Apoiadores5-1-868x644-1.jpg","keywords":["Not\u00edcias"],"articleSection":["A\u00e7\u00e3o Parlamentar"],"inLanguage":"pt-BR","potentialAction":[{"@type":"CommentAction","name":"Comment","target":["https:\/\/psol50.org.br\/psol-aciona-stf-contra-nota-tecnica-do-ministerio-da-saude-que-defende-cloroquina-e-questiona-vacinas\/#respond"]}]},{"@type":"WebPage","@id":"https:\/\/psol50.org.br\/psol-aciona-stf-contra-nota-tecnica-do-ministerio-da-saude-que-defende-cloroquina-e-questiona-vacinas\/","url":"https:\/\/psol50.org.br\/psol-aciona-stf-contra-nota-tecnica-do-ministerio-da-saude-que-defende-cloroquina-e-questiona-vacinas\/","name":"PSOL aciona STF contra nota t\u00e9cnica do Minist\u00e9rio da Sa\u00fade que defende cloroquina e questiona vacinas","isPartOf":{"@id":"https:\/\/psol50.org.br\/#website"},"primaryImageOfPage":{"@id":"https:\/\/psol50.org.br\/psol-aciona-stf-contra-nota-tecnica-do-ministerio-da-saude-que-defende-cloroquina-e-questiona-vacinas\/#primaryimage"},"image":{"@id":"https:\/\/psol50.org.br\/psol-aciona-stf-contra-nota-tecnica-do-ministerio-da-saude-que-defende-cloroquina-e-questiona-vacinas\/#primaryimage"},"thumbnailUrl":"https:\/\/psol50.org.br\/inc\/uploads\/2020\/08\/Bolsonaro-Hidroxicloroquina-Alvorada-Bandeira-Apoiadores5-1-868x644-1.jpg","datePublished":"2022-01-24T15:46:49+00:00","dateModified":"2022-01-28T19:39:21+00:00","description":"Not\u00edcia-crime apresentada pela bancada do PSOL quer responsabilizar autores de nota t\u00e9cnica que contraria recomenda\u00e7\u00f5es da OMS.","breadcrumb":{"@id":"https:\/\/psol50.org.br\/psol-aciona-stf-contra-nota-tecnica-do-ministerio-da-saude-que-defende-cloroquina-e-questiona-vacinas\/#breadcrumb"},"inLanguage":"pt-BR","potentialAction":[{"@type":"ReadAction","target":["https:\/\/psol50.org.br\/psol-aciona-stf-contra-nota-tecnica-do-ministerio-da-saude-que-defende-cloroquina-e-questiona-vacinas\/"]}]},{"@type":"ImageObject","inLanguage":"pt-BR","@id":"https:\/\/psol50.org.br\/psol-aciona-stf-contra-nota-tecnica-do-ministerio-da-saude-que-defende-cloroquina-e-questiona-vacinas\/#primaryimage","url":"https:\/\/psol50.org.br\/inc\/uploads\/2020\/08\/Bolsonaro-Hidroxicloroquina-Alvorada-Bandeira-Apoiadores5-1-868x644-1.jpg","contentUrl":"https:\/\/psol50.org.br\/inc\/uploads\/2020\/08\/Bolsonaro-Hidroxicloroquina-Alvorada-Bandeira-Apoiadores5-1-868x644-1.jpg","width":868,"height":644,"caption":"Foto: Sergio Lima\/Poder360"},{"@type":"BreadcrumbList","@id":"https:\/\/psol50.org.br\/psol-aciona-stf-contra-nota-tecnica-do-ministerio-da-saude-que-defende-cloroquina-e-questiona-vacinas\/#breadcrumb","itemListElement":[{"@type":"ListItem","position":1,"name":"In\u00edcio","item":"https:\/\/psol50.org.br\/"},{"@type":"ListItem","position":2,"name":"PSOL aciona STF contra nota t\u00e9cnica do Minist\u00e9rio da Sa\u00fade que defende cloroquina e questiona vacinas"}]},{"@type":"WebSite","@id":"https:\/\/psol50.org.br\/#website","url":"https:\/\/psol50.org.br\/","name":"PSOL 50","description":"Site oficial do Partido Socialismo e Liberdade","publisher":{"@id":"https:\/\/psol50.org.br\/#organization"},"alternateName":"PSOL50","potentialAction":[{"@type":"SearchAction","target":{"@type":"EntryPoint","urlTemplate":"https:\/\/psol50.org.br\/?s={search_term_string}"},"query-input":{"@type":"PropertyValueSpecification","valueRequired":true,"valueName":"search_term_string"}}],"inLanguage":"pt-BR"},{"@type":"Organization","@id":"https:\/\/psol50.org.br\/#organization","name":"PSOL 50","alternateName":"PSOL 50","url":"https:\/\/psol50.org.br\/","logo":{"@type":"ImageObject","inLanguage":"pt-BR","@id":"https:\/\/psol50.org.br\/#\/schema\/logo\/image\/","url":"https:\/\/psol50.org.br\/inc\/uploads\/2018\/07\/capa.png","contentUrl":"https:\/\/psol50.org.br\/inc\/uploads\/2018\/07\/capa.png","width":1350,"height":900,"caption":"PSOL 50"},"image":{"@id":"https:\/\/psol50.org.br\/#\/schema\/logo\/image\/"},"sameAs":["https:\/\/www.facebook.com\/psol50","https:\/\/x.com\/psol50","https:\/\/www.instagram.com\/psol50\/","https:\/\/www.youtube.com\/channel\/UC7SnJS5o1os7a6CaiNabzcg"]},{"@type":"Person","@id":"https:\/\/psol50.org.br\/#\/schema\/person\/475dfa57d0b815993c714c2e96491fcd","name":"Comunica\u00e7\u00e3o PSOL","image":{"@type":"ImageObject","inLanguage":"pt-BR","@id":"https:\/\/psol50.org.br\/#\/schema\/person\/image\/","url":"https:\/\/secure.gravatar.com\/avatar\/b34fc4f4e468a4e51785917065a3db57b841f5c95dba6ad8c73aaf8f66f8f9bf?s=96&d=mm&r=g","contentUrl":"https:\/\/secure.gravatar.com\/avatar\/b34fc4f4e468a4e51785917065a3db57b841f5c95dba6ad8c73aaf8f66f8f9bf?s=96&d=mm&r=g","caption":"Comunica\u00e7\u00e3o PSOL"}}]}},"_links":{"self":[{"href":"https:\/\/psol50.org.br\/rest\/wp\/v2\/posts\/35036","targetHints":{"allow":["GET"]}}],"collection":[{"href":"https:\/\/psol50.org.br\/rest\/wp\/v2\/posts"}],"about":[{"href":"https:\/\/psol50.org.br\/rest\/wp\/v2\/types\/post"}],"author":[{"embeddable":true,"href":"https:\/\/psol50.org.br\/rest\/wp\/v2\/users\/2"}],"replies":[{"embeddable":true,"href":"https:\/\/psol50.org.br\/rest\/wp\/v2\/comments?post=35036"}],"version-history":[{"count":2,"href":"https:\/\/psol50.org.br\/rest\/wp\/v2\/posts\/35036\/revisions"}],"predecessor-version":[{"id":35038,"href":"https:\/\/psol50.org.br\/rest\/wp\/v2\/posts\/35036\/revisions\/35038"}],"wp:featuredmedia":[{"embeddable":true,"href":"https:\/\/psol50.org.br\/rest\/wp\/v2\/media\/30373"}],"wp:attachment":[{"href":"https:\/\/psol50.org.br\/rest\/wp\/v2\/media?parent=35036"}],"wp:term":[{"taxonomy":"category","embeddable":true,"href":"https:\/\/psol50.org.br\/rest\/wp\/v2\/categories?post=35036"},{"taxonomy":"post_tag","embeddable":true,"href":"https:\/\/psol50.org.br\/rest\/wp\/v2\/tags?post=35036"}],"curies":[{"name":"wp","href":"https:\/\/api.w.org\/{rel}","templated":true}]}}