{"id":35191,"date":"2022-02-17T16:45:26","date_gmt":"2022-02-17T19:45:26","guid":{"rendered":"https:\/\/psol50.org.br\/?p=35191"},"modified":"2022-02-23T18:03:45","modified_gmt":"2022-02-23T21:03:45","slug":"8m-pela-vida-das-mulheres-bolsonaro-nunca-mais-por-um-brasil-sem-machismo-racismo-e-fome","status":"publish","type":"post","link":"https:\/\/psol50.org.br\/8m-pela-vida-das-mulheres-bolsonaro-nunca-mais-por-um-brasil-sem-machismo-racismo-e-fome\/","title":{"rendered":"#8M pela vida das mulheres: Bolsonaro nunca mais! Por um Brasil sem machismo, racismo e fome"},"content":{"rendered":"<p><strong><a href=\"https:\/\/psol50.org.br\/inc\/uploads\/2022\/02\/Manifesto-8deMarc\u0327o-Nacional.pdf\" target=\"_blank\" rel=\"noopener\">Clique aqui e acesse na \u00edntegra e diagramado o manifesto do #8M Pela Vida das Mulheres!<\/a><\/strong><\/p>\n<p>Ao longo da hist\u00f3ria, n\u00f3s, mulheres trabalhadoras, sempre estivemos na linha de frente das lutas populares por direitos e por melhores condi\u00e7\u00f5es de vida. Carregamos o fardo de toda explora\u00e7\u00e3o capitalista, patriarcal e racista que nos oprime enquanto mulheres respons\u00e1veis pelas fam\u00edlias, negras, ind\u00edgenas, quilombolas, LBTs, jovens, idosas e com defici\u00eancia (PcDs), nos campos, nas \u00e1guas, florestas e cidades.<\/p>\n<p>Vivemos em um sistema pol\u00edtico e econ\u00f4mico que utiliza da explora\u00e7\u00e3o da nossa for\u00e7a de trabalho e dos nossos corpos para se sustentar. Produzimos grande parte de toda riqueza do mundo. Somos fundamentais para a reprodu\u00e7\u00e3o social, atrav\u00e9s do trabalho dom\u00e9stico e de cuidados, bem como para aquele considerado produtivo. Ainda assim, somos 70% da popula\u00e7\u00e3o mais pobre do mundo.<\/p>\n<p>Desde a hist\u00f3rica mobiliza\u00e7\u00e3o das mulheres revolucion\u00e1rias russas em 8 de mar\u00e7o de 1917, esta data se consolidou como o dia internacional de luta das mulheres trabalhadoras. Reivindicamos esta tradi\u00e7\u00e3o de mobiliza\u00e7\u00e3o de mulheres contra a explora\u00e7\u00e3o e opress\u00e3o capitalista e, desta maneira, nos colocaremos no enfrentamento a todas as formas de viol\u00eancia que vivemos hoje em nosso pa\u00eds.<\/p>\n<p>O aprofundamento da crise econ\u00f4mica no Brasil e no mundo, somado \u00e0 pol\u00edtica da fome, do desemprego e da morte conduzida pelo governo Bolsonaro, tem tornado a vida do povo ainda mais dif\u00edcil, atingindo, principalmente, as mulheres da classe trabalhadora. A taxa de desemprego entre as mulheres bateu recorde no ano passado chegando a 16,8%, sendo que, para as mulheres negras, essa taxa foi de 19,8%, segundo o Dieese. O n\u00famero de mulheres desempregadas no nosso pa\u00eds j\u00e1 chega a 8,6 milh\u00f5es. Quase 51 milh\u00f5es de pessoas viveram abaixo da linha da pobreza nos \u00faltimos dois anos e mais de 10 milh\u00f5es passam fome.<\/p>\n<p>Antes mesmo de Bolsonaro assumir o poder, n\u00f3s mulheres, j\u00e1 ocup\u00e1vamos as ruas contra a trag\u00e9dia que seu projeto representava para a vida do povo brasileiro. Em 2015, a Marcha das Margaridas j\u00e1 denunciava a amea\u00e7a do golpe burgu\u00eas e mis\u00f3gino que a primeira presidenta mulher eleita no Brasil, Dilma Rousseff, viria a sofrer em 2016. O golpe foi e segue como uma amea\u00e7a \u00e0 democracia e \u00e0 vida das mulheres, contra o qual seguimos em luta. Naquele mesmo ano, a Marcha das Mulheres Negras contra a viol\u00eancia, racismo e pelo bem-viver, foi um momento fundamental do fortalecimento da nossa resist\u00eancia.<\/p>\n<p>Em 2018, o \u201cEle N\u00e3o\u201d foi uma express\u00e3o da nossa for\u00e7a e poder de mobiliza\u00e7\u00e3o. Com manifesta\u00e7\u00f5es em todos os estados brasileiros, impedimos que Bolsonaro fosse eleito no primeiro turno. Apresentamos ao pa\u00eds uma oposi\u00e7\u00e3o de massas e unificada, mobilizada pelas mulheres trabalhadoras e pela luta feminista nas ruas. Desde ent\u00e3o, seguimos enfrentando o pior e mais nefasto governo deste pa\u00eds desde a redemocratiza\u00e7\u00e3o. A indigna\u00e7\u00e3o do \u201cEle N\u00e3o\u201d esteve presente tamb\u00e9m no Tsunami da Educa\u00e7\u00e3o, em todas as lutas contra as reformas neoliberais impostas por esse governo e na revolta antirracista que tomou as ruas do pa\u00eds. N\u00e3o \u00e0 toa que n\u00f3s, mulheres, somos a maioria que bradamos por #ForaBolsonaro.<\/p>\n<p>\u00c9 por atua\u00e7\u00e3o do governo Bolsonaro que a crise econ\u00f4mica se agravou no pa\u00eds. A destrui\u00e7\u00e3o de pol\u00edticas de enfrentamento \u00e0 pobreza aprofundou o quadro de fome entre as fam\u00edlias, em especial nas casas chefiadas por mulheres negras. A nefasta pol\u00edtica neoliberal adotada pelo presidente, seu ministro da economia Paulo Guedes, seus aliados, e apoiada por militares, garante lucros \u00e0 burguesia brasileira enquanto agrava a crise humanit\u00e1ria enfrentada pela maior parte do povo trabalhador. Tais grupos aproveitaram a pandemia para tocar uma agenda de avan\u00e7o do capital em detrimento de condi\u00e7\u00f5es dignas de vida, com as contrarreformas, privatiza\u00e7\u00f5es, perd\u00e3o de d\u00edvidas de grandes empresas e incentivos milion\u00e1rios para bancos privados<\/p>\n<p>A carestia se alastrou pelas casas das fam\u00edlias brasileiras. O pre\u00e7o dos alimentos, do g\u00e1s, da \u00e1gua e da energia n\u00e3o param de subir e passamos a ver cada vez mais pessoas buscando comida no lixo e disputando ossos e carca\u00e7as nos a\u00e7ougues para alimentar suas fam\u00edlias. A paralisa\u00e7\u00e3o dos programas voltados para os povos do campo, das \u00e1guas e das florestas \u00e9 mais uma demonstra\u00e7\u00e3o da parceria de Bolsonaro com o agroneg\u00f3cio, que agrava ainda mais o cen\u00e1rio da inseguran\u00e7a alimentar, destrui\u00e7\u00e3o da natureza e entrega da nossa soberania. Por isso, seguimos defendendo e fortalecendo a agroecologia como estrat\u00e9gia de resist\u00eancia e luta!<\/p>\n<p>Como denunciado na CPI da COVID, Bolsonaro, aliado a setores da burguesia brasileira, agiu intencionalmente para disseminar o Coronav\u00edrus ao negar evid\u00eancias cient\u00edficas, boicotar pol\u00edticas de controle da pandemia, incentivar o uso de rem\u00e9dios ineficazes e atrasar a aquisi\u00e7\u00e3o de vacinas, em uma clara pol\u00edtica de exterm\u00ednio. De forma criminosa, difundiu mentiras para atacar a vacina\u00e7\u00e3o infantil e negligenciou as pol\u00edticas de atendimento \u00e0s popula\u00e7\u00f5es ind\u00edgenas no enfrentamento e combate \u00e0 COVID-19.<\/p>\n<p>Mais de 630 mil brasileiras e brasileiros perderam suas vidas. O Brasil \u00e9 o pa\u00eds com o maior n\u00famero de mortes maternas causadas pela COVID-19. Fomos n\u00f3s, as mulheres trabalhadoras e pobres, em especial mulheres negras, as mais afetadas pelo desemprego, sobrecarregadas por cuidar das crian\u00e7as, das\/os idosas\/os e de quem adoecia. Fomos as primeiras a morrer. Quando morre uma mulher negra, que n\u00e3o teve o direito de se isolar para n\u00e3o perder o emprego, morremos todas n\u00f3s!<\/p>\n<p>A viol\u00eancia contra as mulheres e meninas se amplia a cada dia, pois o discurso de \u00f3dio de Bolsonaro se espalha e nos faz alvo preferencial dos machistas, racistas e LGBTQIA+f\u00f3bicos. Uma mulher \u00e9 assassinada a cada duas horas em nosso pa\u00eds, sendo 66% destas mulheres negras. Tamb\u00e9m somos o pa\u00eds que mais mata mulheres trans e travestis no mundo e 6 mulheres l\u00e9sbicas s\u00e3o estupradas por dia. A viol\u00eancia contra as mulheres com defici\u00eancia cresceu 67,9% durante a pandemia. A viol\u00eancia obst\u00e9trica ou seja, todos os tipos de viol\u00eancias que ocorrem no pr\u00e9-natal, parto, p\u00f3s-parto e aborto \u2013 atinge uma em cada quatro mulheres no nosso pa\u00eds; dessas, 65,9% s\u00e3o negras. Frente a tantas viol\u00eancias, bradamos: n\u00e3o somos n\u00fameros, somos vidas!<\/p>\n<p>Neste cen\u00e1rio de precariza\u00e7\u00e3o das nossas vidas, a ministra Damares Alves \u00e9 uma agente da pol\u00edtica mis\u00f3gina de Bolsonaro e todos os conservadores. Ela e seu Minist\u00e9rio trabalham para desmontar as pol\u00edticas p\u00fablicas para as mulheres, n\u00e3o aplicam o \u00ednfimo or\u00e7amento destinado ao combate \u00e0 viol\u00eancia, perseguem v\u00edtimas de viol\u00eancia sexual que buscam interromper uma gesta\u00e7\u00e3o, propagam discursos machistas e transf\u00f3bicos de revitimiza\u00e7\u00e3o de meninas e mulheres.<\/p>\n<p>Num pa\u00eds com ra\u00edzes t\u00e3o profundamente racistas, o bolsonarismo encontrou terreno f\u00e9rtil para amplificar as pol\u00edticas e o discurso de \u00f3dio. As brutais chacinas nas periferias e favelas das nossas cidades s\u00e3o parte do genoc\u00eddio da popula\u00e7\u00e3o negra no nosso pa\u00eds, onde 75% dos homic\u00eddios s\u00e3o contra pretos e pardos. Por Kathlen Romeu, Mo\u00efse Kabagambe, Durval Filho e tantos outros vitimados por essa pol\u00edtica assassina, as mulheres seguir\u00e3o em luta contra o racismo e esse governo genocida.<\/p>\n<p>O aprofundamento da misoginia, do racismo e da LGBTQIA+fobia em nosso pa\u00eds tamb\u00e9m se demonstra no aumento da viol\u00eancia pol\u00edtica de g\u00eanero, que tem seu maior exemplo na execu\u00e7\u00e3o da vereadora do Rio de Janeiro Marielle Franco em 2018 \u2013 que completar\u00e1 4 anos sem resposta sobre quem mandou mat\u00e1-la. De l\u00e1 para c\u00e1, temos visto parte da popula\u00e7\u00e3o mobilizada para fortalecer a luta das mulheres negras e ampliar sua representa\u00e7\u00e3o na pol\u00edtica institucional, mas tamb\u00e9m assistimos \u00e0 intensifica\u00e7\u00e3o da rea\u00e7\u00e3o criminosa dos machistas, dos racistas e dos fascistas.<\/p>\n<p>Por tudo isso, n\u00f3s, mulheres, convocamos cada uma e cada um que se compromete com a luta contra o machismo, o combate \u00e0 feminiza\u00e7\u00e3o da pobreza, ao racismo, \u00e0 LGBTQIA+fobia e a todas as a\u00e7\u00f5es que agravam a situa\u00e7\u00e3o das mulheres no Brasil, a ocupar as ruas no dia 8 de mar\u00e7o.<\/p>\n<p>A luta pela derrubada de Bolsonaro do poder \u00e9 uma luta necessariamente feminista, anti-imperialista, anticapitalista, democr\u00e1tica, antirracista e antiLGBTQIA+f\u00f3bica. \u00c9 uma luta em defesa da vida das mulheres, contra a fome, a carestia, a viol\u00eancia, pela sa\u00fade, pelos nossos direitos sexuais, direitos reprodutivos e pela justi\u00e7a reprodutiva. \u00c9 uma luta em defesa do SUS e dos servi\u00e7os p\u00fablicos, gratuitos e de qualidade. \u00c9 uma luta com a maioria que tem sofrido com a fome, com a perda de seus entes queridos, com a viol\u00eancia e com o desemprego. Reafirmamos o feminismo como caminho para a autoorganiza\u00e7\u00e3o das mulheres, em alian\u00e7a com os movimentos sociais, na resist\u00eancia e constru\u00e7\u00e3o de uma sociedade justa e igualit\u00e1ria. Somos milh\u00f5es e de todos os cantos deste pa\u00eds! N\u00f3s nunca sa\u00edmos das ruas contra Bolsonaro e nelas continuaremos em defesa das nossas vidas. Por isso gritamos: BOLSONARO NUNCA MAIS!<\/p>\n<h6><strong>Chega de opress\u00e3o e explora\u00e7\u00e3o!<\/strong><\/h6>\n<ul>\n<li>Contra o racismo que explora e o genoc\u00eddio que mata todos dias as mulheres e suas\/seus filhas\/os!<\/li>\n<li>Abaixo a fome, a pobreza e a carestia: por vida digna para todas\/os!<\/li>\n<li>Por soberania e seguran\u00e7a alimentar e nutricional e pela agroecologia no campo e nas cidades!<\/li>\n<li>Chega de Viol\u00eancia no Campo!<\/li>\n<li>Em defesa da Amaz\u00f4nia, do Cerrado e da Caatinga!<\/li>\n<li>Contra a PL do Veneno!<\/li>\n<li>Em defesa das pol\u00edticas p\u00fablicas para as mulheres dos campos, das \u00e1guas, das florestas e das cidades: contra todo retrocesso e perda de direitos!<\/li>\n<li>Por emprego, sal\u00e1rio e direitos iguais para trabalho igual!<\/li>\n<li>Legaliza\u00e7\u00e3o do aborto: educa\u00e7\u00e3o sexual para prevenir, contraceptivo para n\u00e3o engravidar, aborto legal seguro, gratuito e garantido pelo SUS para n\u00e3o morrer!<\/li>\n<li>Romper com a divis\u00e3o sexual e racial do trabalho \u00e9 urgente!<\/li>\n<li>Pela revoga\u00e7\u00e3o de todas as privatiza\u00e7\u00f5es, das Reformas Trabalhistas e da Previd\u00eancia e pelo fim do Teto dos Gastos!<\/li>\n<li>Contra a privatiza\u00e7\u00e3o da sa\u00fade: Por um SUS 100% estatal, p\u00fablico e de qualidade!<\/li>\n<li>N\u00e3o \u00e0 dupla jornada das mulheres: Creches e escolas em tempo integral para nossas\/os filhas\/os; lavanderias e restaurante p\u00fablicos!<\/li>\n<li>Pela quebra das patentes das vacinas!<\/li>\n<li>Chega da pol\u00edtica machista, racista e genocida deste governo. BOLSONARO NUNCA MAIS!<\/li>\n<\/ul>\n<p><em><strong>Brasil, 14 de fevereiro de 2022<\/strong><\/em><br \/>\n<em><strong>Articula\u00e7\u00e3o Nacional de Mulheres Bolsonaro Nunca Mais<\/strong><\/em><\/p>\n<p>Entidades e Organiza\u00e7\u00f5es de Mulheres na Constru\u00e7\u00e3o do 8 de Mar\u00e7o e da Articula\u00e7\u00e3o Nacional de Mulheres Bolsonaro Nunca Mais:<\/p>\n<p>ABENFO &#8211; Associa\u00e7\u00e3o Brasileira de Obstetrizes e Enfermeiros Obstetras<br \/>\nAMB &#8211; Articula\u00e7\u00e3o de Mulheres Brasileiras<br \/>\nANDES Sn &#8211; Sindicato Nacional dos Docentes de Ensino Superior<br \/>\nCFCAM &#8211; Coletivo Feminista Classista Ana Montenegro<br \/>\nCMB &#8211; Confedera\u00e7\u00e3o das Mulheres do Brasil<br \/>\nCMP &#8211; Central dos Movimentos Populares<br \/>\nCoaliz\u00e3o Negra por Direitos<br \/>\nColetivo Juntas!<br \/>\nColetivo Nacional de Mulheres da CUT &#8211; Central \u00danica dos Trabalhadores<br \/>\nComiss\u00e3o Nacional de Mulheres Trabalhadoras Rurais da CONTAG &#8211; Confedera\u00e7\u00e3o Nacional dos Trabalhadores na Agricultura<br \/>\nCONAM &#8211; Confedera\u00e7\u00e3o Nacional das Associa\u00e7\u00f5es de Moradores<br \/>\nCONEM &#8211; Confedera\u00e7\u00e3o Nacional de Entidades Negras<br \/>\nConsulta Popular<br \/>\nConsulta Popular &#8211; Um Passo \u00e0 Frente<br \/>\nDiretoria de Mulheres da UBES &#8211; Uni\u00e3o Brasileira dos Estudantes Secundaristas<br \/>\nDiretoria de Mulheres da UNE &#8211; Uni\u00e3o Nacional dos Estudantes<br \/>\nDiretoria de Mulheres do MORHAN &#8211; Movimento de Reintegra\u00e7\u00e3o das Pessoas Atingidas pela Hansen\u00edase<br \/>\nEIG &#8211; Evang\u00e9licas pela Igualdade de G\u00eanero<br \/>\nFENATRAD &#8211; Federa\u00e7\u00e3o Nacional das Trabalhadoras Dom\u00e9sticas<br \/>\nFIBRA &#8211; Frente Internacional Brasileira<br \/>\nFNA &#8211; Frente Nacional Antirracista<br \/>\nFNMNPT &#8211; F\u00f3rum de Mulheres Negras do PT<br \/>\nGT de Mulheres da ANA &#8211; Articula\u00e7\u00e3o Nacional de Agroecologia<br \/>\nLPJ &#8211; Levante Popular da Juventude<br \/>\nMAB &#8211; Movimento dos Atingidos por Barragens<br \/>\nMMC &#8211; Movimento de Mulheres Camponesas<br \/>\nMMM &#8211; Marcha Mundial de Mulheres<br \/>\nMovimento de Mulheres Olga Ben\u00e1rio<br \/>\nMPA &#8211; Movimento dos Pequenos Agricultores<br \/>\nMST &#8211; Movimento dos Trabalhadores e Trabalhadoras Sem Terra<br \/>\nMDT &#8211; Movimento de Trabalhadoras e Trabalhadores por Direitos<br \/>\nMTST &#8211; Movimento dos Trabalhadores Sem Teto<br \/>\nPROIFES &#8211; Federa\u00e7\u00e3o de Sindicatos de Professores e Professoras de Institui\u00e7\u00f5es Federais de Ensino Superior e de Ensino B\u00e1sico, T\u00e9cnico e Tecnol\u00f3gico<br \/>\nRed Mulher e Habitat da Am\u00e9rica Latina e Caribe<br \/>\nRede Antirracista Quilombola<br \/>\nRede de Mulheres Negras Evang\u00e9licas<br \/>\nRENFA &#8211; Rede Nacional de Feministas Antiproibicoinistas<br \/>\nResist\u00eancia Feminista<br \/>\nRFS &#8211; Rede Feminista de Sa\u00fade, Direitos Sexuais e Direitos Reprodutivos<br \/>\nSecretaria Nacional de Mulheres da CTB &#8211; Central de Trabalhadoras e Trabalhadores do Brasil<br \/>\nSecretaria Nacional de Mulheres do PCB &#8211; Partido Comunista Brasileiro<br \/>\nSecretaria Nacional de Mulheres do PCdoB &#8211; Partido Comunista do Brasil<br \/>\nSecretaria Nacional de Mulheres do PT &#8211; Partido dos Trabalhares<br \/>\nSetorial de Mulheres do PSOL &#8211; Partido Socialismo e Liberdade<br \/>\nStop Bolsonaro Mundial<br \/>\nUBM &#8211; Uni\u00e3o Brasileira de Mulheres<br \/>\nUJS &#8211; Uni\u00e3o da Juventude Socialista<br \/>\nUNALGBT &#8211; Uni\u00e3o Nacional LGBT<br \/>\nUNEGRO &#8211; Uni\u00e3o de Negras e Negros por Igualdade<br \/>\nUNMP &#8211; Uni\u00e3o Nacional por Moradia Popular<br \/>\nUP &#8211; Unidade Popular pelo Socialismo<\/p>\n","protected":false},"excerpt":{"rendered":"<p>Clique aqui e acesse na \u00edntegra e diagramado o manifesto do #8M Pela Vida das Mulheres! Ao longo da hist\u00f3ria, n\u00f3s, mulheres trabalhadoras, sempre estivemos na linha de frente das lutas populares por direitos e por melhores condi\u00e7\u00f5es de vida. Carregamos o fardo de toda explora\u00e7\u00e3o capitalista, patriarcal e racista que nos oprime enquanto mulheres [&hellip;]<\/p>\n","protected":false},"author":2,"featured_media":24543,"comment_status":"open","ping_status":"open","sticky":false,"template":"","format":"standard","meta":{"_acf_changed":false,"footnotes":""},"categories":[49],"tags":[4,4825],"class_list":{"0":"post-35191","1":"post","2":"type-post","3":"status-publish","4":"format-standard","5":"has-post-thumbnail","7":"category-mulheres","8":"tag-mulheres","9":"tag-noticias"},"acf":[],"yoast_head":"<!-- This site is optimized with the Yoast SEO plugin v26.5 - https:\/\/yoast.com\/wordpress\/plugins\/seo\/ -->\n<title>#8M pela vida das mulheres: Bolsonaro nunca mais! Por um Brasil sem machismo, racismo e fome<\/title>\n<meta name=\"description\" content=\"Manifesto da organiza\u00e7\u00e3o dos grandes atos convocados para o pr\u00f3ximo dia 8 de mar\u00e7o, Dia Internacional da Luta das Mulheres, por todo o Brasil.\" \/>\n<meta name=\"robots\" content=\"index, follow, max-snippet:-1, max-image-preview:large, max-video-preview:-1\" \/>\n<link rel=\"canonical\" href=\"https:\/\/psol50.org.br\/8m-pela-vida-das-mulheres-bolsonaro-nunca-mais-por-um-brasil-sem-machismo-racismo-e-fome\/\" \/>\n<meta property=\"og:locale\" content=\"pt_BR\" \/>\n<meta property=\"og:type\" content=\"article\" \/>\n<meta property=\"og:title\" content=\"#8M pela vida das mulheres: Bolsonaro nunca mais! Por um Brasil sem machismo, racismo e fome\" \/>\n<meta property=\"og:description\" content=\"Manifesto da organiza\u00e7\u00e3o dos grandes atos convocados para o pr\u00f3ximo dia 8 de mar\u00e7o, Dia Internacional da Luta das Mulheres, por todo o Brasil.\" \/>\n<meta property=\"og:url\" content=\"https:\/\/psol50.org.br\/8m-pela-vida-das-mulheres-bolsonaro-nunca-mais-por-um-brasil-sem-machismo-racismo-e-fome\/\" \/>\n<meta property=\"og:site_name\" content=\"PSOL 50\" \/>\n<meta property=\"article:publisher\" content=\"https:\/\/www.facebook.com\/psol50\" \/>\n<meta property=\"article:published_time\" content=\"2022-02-17T19:45:26+00:00\" \/>\n<meta property=\"article:modified_time\" content=\"2022-02-23T21:03:45+00:00\" \/>\n<meta property=\"og:image\" content=\"https:\/\/psol50.org.br\/inc\/uploads\/2019\/03\/46617898914_f7a114c9b6_o.jpg\" \/>\n\t<meta property=\"og:image:width\" content=\"1800\" \/>\n\t<meta property=\"og:image:height\" content=\"1200\" \/>\n\t<meta property=\"og:image:type\" content=\"image\/jpeg\" \/>\n<meta name=\"author\" content=\"Comunica\u00e7\u00e3o PSOL\" \/>\n<meta name=\"twitter:card\" content=\"summary_large_image\" \/>\n<meta name=\"twitter:creator\" content=\"@psol50\" \/>\n<meta name=\"twitter:site\" content=\"@psol50\" \/>\n<meta name=\"twitter:label1\" content=\"Escrito por\" \/>\n\t<meta name=\"twitter:data1\" content=\"Comunica\u00e7\u00e3o PSOL\" \/>\n\t<meta name=\"twitter:label2\" content=\"Est. tempo de leitura\" \/>\n\t<meta name=\"twitter:data2\" content=\"11 minutos\" \/>\n<script type=\"application\/ld+json\" class=\"yoast-schema-graph\">{\"@context\":\"https:\/\/schema.org\",\"@graph\":[{\"@type\":\"Article\",\"@id\":\"https:\/\/psol50.org.br\/8m-pela-vida-das-mulheres-bolsonaro-nunca-mais-por-um-brasil-sem-machismo-racismo-e-fome\/#article\",\"isPartOf\":{\"@id\":\"https:\/\/psol50.org.br\/8m-pela-vida-das-mulheres-bolsonaro-nunca-mais-por-um-brasil-sem-machismo-racismo-e-fome\/\"},\"author\":{\"name\":\"Comunica\u00e7\u00e3o PSOL\",\"@id\":\"https:\/\/psol50.org.br\/#\/schema\/person\/475dfa57d0b815993c714c2e96491fcd\"},\"headline\":\"#8M pela vida das mulheres: Bolsonaro nunca mais! Por um Brasil sem machismo, racismo e fome\",\"datePublished\":\"2022-02-17T19:45:26+00:00\",\"dateModified\":\"2022-02-23T21:03:45+00:00\",\"mainEntityOfPage\":{\"@id\":\"https:\/\/psol50.org.br\/8m-pela-vida-das-mulheres-bolsonaro-nunca-mais-por-um-brasil-sem-machismo-racismo-e-fome\/\"},\"wordCount\":2289,\"commentCount\":0,\"publisher\":{\"@id\":\"https:\/\/psol50.org.br\/#organization\"},\"image\":{\"@id\":\"https:\/\/psol50.org.br\/8m-pela-vida-das-mulheres-bolsonaro-nunca-mais-por-um-brasil-sem-machismo-racismo-e-fome\/#primaryimage\"},\"thumbnailUrl\":\"https:\/\/psol50.org.br\/inc\/uploads\/2019\/03\/46617898914_f7a114c9b6_o.jpg\",\"keywords\":[\"mulheres\",\"Not\u00edcias\"],\"articleSection\":[\"Mulheres\"],\"inLanguage\":\"pt-BR\",\"potentialAction\":[{\"@type\":\"CommentAction\",\"name\":\"Comment\",\"target\":[\"https:\/\/psol50.org.br\/8m-pela-vida-das-mulheres-bolsonaro-nunca-mais-por-um-brasil-sem-machismo-racismo-e-fome\/#respond\"]}]},{\"@type\":\"WebPage\",\"@id\":\"https:\/\/psol50.org.br\/8m-pela-vida-das-mulheres-bolsonaro-nunca-mais-por-um-brasil-sem-machismo-racismo-e-fome\/\",\"url\":\"https:\/\/psol50.org.br\/8m-pela-vida-das-mulheres-bolsonaro-nunca-mais-por-um-brasil-sem-machismo-racismo-e-fome\/\",\"name\":\"#8M pela vida das mulheres: Bolsonaro nunca mais! Por um Brasil sem machismo, racismo e fome\",\"isPartOf\":{\"@id\":\"https:\/\/psol50.org.br\/#website\"},\"primaryImageOfPage\":{\"@id\":\"https:\/\/psol50.org.br\/8m-pela-vida-das-mulheres-bolsonaro-nunca-mais-por-um-brasil-sem-machismo-racismo-e-fome\/#primaryimage\"},\"image\":{\"@id\":\"https:\/\/psol50.org.br\/8m-pela-vida-das-mulheres-bolsonaro-nunca-mais-por-um-brasil-sem-machismo-racismo-e-fome\/#primaryimage\"},\"thumbnailUrl\":\"https:\/\/psol50.org.br\/inc\/uploads\/2019\/03\/46617898914_f7a114c9b6_o.jpg\",\"datePublished\":\"2022-02-17T19:45:26+00:00\",\"dateModified\":\"2022-02-23T21:03:45+00:00\",\"description\":\"Manifesto da organiza\u00e7\u00e3o dos grandes atos convocados para o pr\u00f3ximo dia 8 de mar\u00e7o, Dia Internacional da Luta das Mulheres, por todo o Brasil.\",\"breadcrumb\":{\"@id\":\"https:\/\/psol50.org.br\/8m-pela-vida-das-mulheres-bolsonaro-nunca-mais-por-um-brasil-sem-machismo-racismo-e-fome\/#breadcrumb\"},\"inLanguage\":\"pt-BR\",\"potentialAction\":[{\"@type\":\"ReadAction\",\"target\":[\"https:\/\/psol50.org.br\/8m-pela-vida-das-mulheres-bolsonaro-nunca-mais-por-um-brasil-sem-machismo-racismo-e-fome\/\"]}]},{\"@type\":\"ImageObject\",\"inLanguage\":\"pt-BR\",\"@id\":\"https:\/\/psol50.org.br\/8m-pela-vida-das-mulheres-bolsonaro-nunca-mais-por-um-brasil-sem-machismo-racismo-e-fome\/#primaryimage\",\"url\":\"https:\/\/psol50.org.br\/inc\/uploads\/2019\/03\/46617898914_f7a114c9b6_o.jpg\",\"contentUrl\":\"https:\/\/psol50.org.br\/inc\/uploads\/2019\/03\/46617898914_f7a114c9b6_o.jpg\",\"width\":1800,\"height\":1200,\"caption\":\"Foto: Midia NINJA\"},{\"@type\":\"BreadcrumbList\",\"@id\":\"https:\/\/psol50.org.br\/8m-pela-vida-das-mulheres-bolsonaro-nunca-mais-por-um-brasil-sem-machismo-racismo-e-fome\/#breadcrumb\",\"itemListElement\":[{\"@type\":\"ListItem\",\"position\":1,\"name\":\"In\u00edcio\",\"item\":\"https:\/\/psol50.org.br\/\"},{\"@type\":\"ListItem\",\"position\":2,\"name\":\"#8M pela vida das mulheres: Bolsonaro nunca mais! Por um Brasil sem machismo, racismo e fome\"}]},{\"@type\":\"WebSite\",\"@id\":\"https:\/\/psol50.org.br\/#website\",\"url\":\"https:\/\/psol50.org.br\/\",\"name\":\"PSOL 50\",\"description\":\"Site oficial do Partido Socialismo e Liberdade\",\"publisher\":{\"@id\":\"https:\/\/psol50.org.br\/#organization\"},\"alternateName\":\"PSOL50\",\"potentialAction\":[{\"@type\":\"SearchAction\",\"target\":{\"@type\":\"EntryPoint\",\"urlTemplate\":\"https:\/\/psol50.org.br\/?s={search_term_string}\"},\"query-input\":{\"@type\":\"PropertyValueSpecification\",\"valueRequired\":true,\"valueName\":\"search_term_string\"}}],\"inLanguage\":\"pt-BR\"},{\"@type\":\"Organization\",\"@id\":\"https:\/\/psol50.org.br\/#organization\",\"name\":\"PSOL 50\",\"alternateName\":\"PSOL 50\",\"url\":\"https:\/\/psol50.org.br\/\",\"logo\":{\"@type\":\"ImageObject\",\"inLanguage\":\"pt-BR\",\"@id\":\"https:\/\/psol50.org.br\/#\/schema\/logo\/image\/\",\"url\":\"https:\/\/psol50.org.br\/inc\/uploads\/2018\/07\/capa.png\",\"contentUrl\":\"https:\/\/psol50.org.br\/inc\/uploads\/2018\/07\/capa.png\",\"width\":1350,\"height\":900,\"caption\":\"PSOL 50\"},\"image\":{\"@id\":\"https:\/\/psol50.org.br\/#\/schema\/logo\/image\/\"},\"sameAs\":[\"https:\/\/www.facebook.com\/psol50\",\"https:\/\/x.com\/psol50\",\"https:\/\/www.instagram.com\/psol50\/\",\"https:\/\/www.youtube.com\/channel\/UC7SnJS5o1os7a6CaiNabzcg\"]},{\"@type\":\"Person\",\"@id\":\"https:\/\/psol50.org.br\/#\/schema\/person\/475dfa57d0b815993c714c2e96491fcd\",\"name\":\"Comunica\u00e7\u00e3o PSOL\",\"image\":{\"@type\":\"ImageObject\",\"inLanguage\":\"pt-BR\",\"@id\":\"https:\/\/psol50.org.br\/#\/schema\/person\/image\/\",\"url\":\"https:\/\/secure.gravatar.com\/avatar\/b34fc4f4e468a4e51785917065a3db57b841f5c95dba6ad8c73aaf8f66f8f9bf?s=96&d=mm&r=g\",\"contentUrl\":\"https:\/\/secure.gravatar.com\/avatar\/b34fc4f4e468a4e51785917065a3db57b841f5c95dba6ad8c73aaf8f66f8f9bf?s=96&d=mm&r=g\",\"caption\":\"Comunica\u00e7\u00e3o PSOL\"}}]}<\/script>\n<!-- \/ Yoast SEO plugin. -->","yoast_head_json":{"title":"#8M pela vida das mulheres: Bolsonaro nunca mais! Por um Brasil sem machismo, racismo e fome","description":"Manifesto da organiza\u00e7\u00e3o dos grandes atos convocados para o pr\u00f3ximo dia 8 de mar\u00e7o, Dia Internacional da Luta das Mulheres, por todo o Brasil.","robots":{"index":"index","follow":"follow","max-snippet":"max-snippet:-1","max-image-preview":"max-image-preview:large","max-video-preview":"max-video-preview:-1"},"canonical":"https:\/\/psol50.org.br\/8m-pela-vida-das-mulheres-bolsonaro-nunca-mais-por-um-brasil-sem-machismo-racismo-e-fome\/","og_locale":"pt_BR","og_type":"article","og_title":"#8M pela vida das mulheres: Bolsonaro nunca mais! Por um Brasil sem machismo, racismo e fome","og_description":"Manifesto da organiza\u00e7\u00e3o dos grandes atos convocados para o pr\u00f3ximo dia 8 de mar\u00e7o, Dia Internacional da Luta das Mulheres, por todo o Brasil.","og_url":"https:\/\/psol50.org.br\/8m-pela-vida-das-mulheres-bolsonaro-nunca-mais-por-um-brasil-sem-machismo-racismo-e-fome\/","og_site_name":"PSOL 50","article_publisher":"https:\/\/www.facebook.com\/psol50","article_published_time":"2022-02-17T19:45:26+00:00","article_modified_time":"2022-02-23T21:03:45+00:00","og_image":[{"width":1800,"height":1200,"url":"https:\/\/psol50.org.br\/inc\/uploads\/2019\/03\/46617898914_f7a114c9b6_o.jpg","type":"image\/jpeg"}],"author":"Comunica\u00e7\u00e3o PSOL","twitter_card":"summary_large_image","twitter_creator":"@psol50","twitter_site":"@psol50","twitter_misc":{"Escrito por":"Comunica\u00e7\u00e3o PSOL","Est. tempo de leitura":"11 minutos"},"schema":{"@context":"https:\/\/schema.org","@graph":[{"@type":"Article","@id":"https:\/\/psol50.org.br\/8m-pela-vida-das-mulheres-bolsonaro-nunca-mais-por-um-brasil-sem-machismo-racismo-e-fome\/#article","isPartOf":{"@id":"https:\/\/psol50.org.br\/8m-pela-vida-das-mulheres-bolsonaro-nunca-mais-por-um-brasil-sem-machismo-racismo-e-fome\/"},"author":{"name":"Comunica\u00e7\u00e3o PSOL","@id":"https:\/\/psol50.org.br\/#\/schema\/person\/475dfa57d0b815993c714c2e96491fcd"},"headline":"#8M pela vida das mulheres: Bolsonaro nunca mais! Por um Brasil sem machismo, racismo e fome","datePublished":"2022-02-17T19:45:26+00:00","dateModified":"2022-02-23T21:03:45+00:00","mainEntityOfPage":{"@id":"https:\/\/psol50.org.br\/8m-pela-vida-das-mulheres-bolsonaro-nunca-mais-por-um-brasil-sem-machismo-racismo-e-fome\/"},"wordCount":2289,"commentCount":0,"publisher":{"@id":"https:\/\/psol50.org.br\/#organization"},"image":{"@id":"https:\/\/psol50.org.br\/8m-pela-vida-das-mulheres-bolsonaro-nunca-mais-por-um-brasil-sem-machismo-racismo-e-fome\/#primaryimage"},"thumbnailUrl":"https:\/\/psol50.org.br\/inc\/uploads\/2019\/03\/46617898914_f7a114c9b6_o.jpg","keywords":["mulheres","Not\u00edcias"],"articleSection":["Mulheres"],"inLanguage":"pt-BR","potentialAction":[{"@type":"CommentAction","name":"Comment","target":["https:\/\/psol50.org.br\/8m-pela-vida-das-mulheres-bolsonaro-nunca-mais-por-um-brasil-sem-machismo-racismo-e-fome\/#respond"]}]},{"@type":"WebPage","@id":"https:\/\/psol50.org.br\/8m-pela-vida-das-mulheres-bolsonaro-nunca-mais-por-um-brasil-sem-machismo-racismo-e-fome\/","url":"https:\/\/psol50.org.br\/8m-pela-vida-das-mulheres-bolsonaro-nunca-mais-por-um-brasil-sem-machismo-racismo-e-fome\/","name":"#8M pela vida das mulheres: Bolsonaro nunca mais! Por um Brasil sem machismo, racismo e fome","isPartOf":{"@id":"https:\/\/psol50.org.br\/#website"},"primaryImageOfPage":{"@id":"https:\/\/psol50.org.br\/8m-pela-vida-das-mulheres-bolsonaro-nunca-mais-por-um-brasil-sem-machismo-racismo-e-fome\/#primaryimage"},"image":{"@id":"https:\/\/psol50.org.br\/8m-pela-vida-das-mulheres-bolsonaro-nunca-mais-por-um-brasil-sem-machismo-racismo-e-fome\/#primaryimage"},"thumbnailUrl":"https:\/\/psol50.org.br\/inc\/uploads\/2019\/03\/46617898914_f7a114c9b6_o.jpg","datePublished":"2022-02-17T19:45:26+00:00","dateModified":"2022-02-23T21:03:45+00:00","description":"Manifesto da organiza\u00e7\u00e3o dos grandes atos convocados para o pr\u00f3ximo dia 8 de mar\u00e7o, Dia Internacional da Luta das Mulheres, por todo o Brasil.","breadcrumb":{"@id":"https:\/\/psol50.org.br\/8m-pela-vida-das-mulheres-bolsonaro-nunca-mais-por-um-brasil-sem-machismo-racismo-e-fome\/#breadcrumb"},"inLanguage":"pt-BR","potentialAction":[{"@type":"ReadAction","target":["https:\/\/psol50.org.br\/8m-pela-vida-das-mulheres-bolsonaro-nunca-mais-por-um-brasil-sem-machismo-racismo-e-fome\/"]}]},{"@type":"ImageObject","inLanguage":"pt-BR","@id":"https:\/\/psol50.org.br\/8m-pela-vida-das-mulheres-bolsonaro-nunca-mais-por-um-brasil-sem-machismo-racismo-e-fome\/#primaryimage","url":"https:\/\/psol50.org.br\/inc\/uploads\/2019\/03\/46617898914_f7a114c9b6_o.jpg","contentUrl":"https:\/\/psol50.org.br\/inc\/uploads\/2019\/03\/46617898914_f7a114c9b6_o.jpg","width":1800,"height":1200,"caption":"Foto: Midia NINJA"},{"@type":"BreadcrumbList","@id":"https:\/\/psol50.org.br\/8m-pela-vida-das-mulheres-bolsonaro-nunca-mais-por-um-brasil-sem-machismo-racismo-e-fome\/#breadcrumb","itemListElement":[{"@type":"ListItem","position":1,"name":"In\u00edcio","item":"https:\/\/psol50.org.br\/"},{"@type":"ListItem","position":2,"name":"#8M pela vida das mulheres: Bolsonaro nunca mais! Por um Brasil sem machismo, racismo e fome"}]},{"@type":"WebSite","@id":"https:\/\/psol50.org.br\/#website","url":"https:\/\/psol50.org.br\/","name":"PSOL 50","description":"Site oficial do Partido Socialismo e Liberdade","publisher":{"@id":"https:\/\/psol50.org.br\/#organization"},"alternateName":"PSOL50","potentialAction":[{"@type":"SearchAction","target":{"@type":"EntryPoint","urlTemplate":"https:\/\/psol50.org.br\/?s={search_term_string}"},"query-input":{"@type":"PropertyValueSpecification","valueRequired":true,"valueName":"search_term_string"}}],"inLanguage":"pt-BR"},{"@type":"Organization","@id":"https:\/\/psol50.org.br\/#organization","name":"PSOL 50","alternateName":"PSOL 50","url":"https:\/\/psol50.org.br\/","logo":{"@type":"ImageObject","inLanguage":"pt-BR","@id":"https:\/\/psol50.org.br\/#\/schema\/logo\/image\/","url":"https:\/\/psol50.org.br\/inc\/uploads\/2018\/07\/capa.png","contentUrl":"https:\/\/psol50.org.br\/inc\/uploads\/2018\/07\/capa.png","width":1350,"height":900,"caption":"PSOL 50"},"image":{"@id":"https:\/\/psol50.org.br\/#\/schema\/logo\/image\/"},"sameAs":["https:\/\/www.facebook.com\/psol50","https:\/\/x.com\/psol50","https:\/\/www.instagram.com\/psol50\/","https:\/\/www.youtube.com\/channel\/UC7SnJS5o1os7a6CaiNabzcg"]},{"@type":"Person","@id":"https:\/\/psol50.org.br\/#\/schema\/person\/475dfa57d0b815993c714c2e96491fcd","name":"Comunica\u00e7\u00e3o PSOL","image":{"@type":"ImageObject","inLanguage":"pt-BR","@id":"https:\/\/psol50.org.br\/#\/schema\/person\/image\/","url":"https:\/\/secure.gravatar.com\/avatar\/b34fc4f4e468a4e51785917065a3db57b841f5c95dba6ad8c73aaf8f66f8f9bf?s=96&d=mm&r=g","contentUrl":"https:\/\/secure.gravatar.com\/avatar\/b34fc4f4e468a4e51785917065a3db57b841f5c95dba6ad8c73aaf8f66f8f9bf?s=96&d=mm&r=g","caption":"Comunica\u00e7\u00e3o PSOL"}}]}},"_links":{"self":[{"href":"https:\/\/psol50.org.br\/rest\/wp\/v2\/posts\/35191","targetHints":{"allow":["GET"]}}],"collection":[{"href":"https:\/\/psol50.org.br\/rest\/wp\/v2\/posts"}],"about":[{"href":"https:\/\/psol50.org.br\/rest\/wp\/v2\/types\/post"}],"author":[{"embeddable":true,"href":"https:\/\/psol50.org.br\/rest\/wp\/v2\/users\/2"}],"replies":[{"embeddable":true,"href":"https:\/\/psol50.org.br\/rest\/wp\/v2\/comments?post=35191"}],"version-history":[{"count":2,"href":"https:\/\/psol50.org.br\/rest\/wp\/v2\/posts\/35191\/revisions"}],"predecessor-version":[{"id":35243,"href":"https:\/\/psol50.org.br\/rest\/wp\/v2\/posts\/35191\/revisions\/35243"}],"wp:featuredmedia":[{"embeddable":true,"href":"https:\/\/psol50.org.br\/rest\/wp\/v2\/media\/24543"}],"wp:attachment":[{"href":"https:\/\/psol50.org.br\/rest\/wp\/v2\/media?parent=35191"}],"wp:term":[{"taxonomy":"category","embeddable":true,"href":"https:\/\/psol50.org.br\/rest\/wp\/v2\/categories?post=35191"},{"taxonomy":"post_tag","embeddable":true,"href":"https:\/\/psol50.org.br\/rest\/wp\/v2\/tags?post=35191"}],"curies":[{"name":"wp","href":"https:\/\/api.w.org\/{rel}","templated":true}]}}