{"id":35199,"date":"2022-02-21T13:06:06","date_gmt":"2022-02-21T16:06:06","guid":{"rendered":"https:\/\/psol50.org.br\/?p=35199"},"modified":"2022-02-25T11:50:55","modified_gmt":"2022-02-25T14:50:55","slug":"psol-quer-convocar-braga-netto-sobre-possivel-fraude-no-fornecimento-de-insumo-para-cloroquina-do-exercito","status":"publish","type":"post","link":"https:\/\/psol50.org.br\/psol-quer-convocar-braga-netto-sobre-possivel-fraude-no-fornecimento-de-insumo-para-cloroquina-do-exercito\/","title":{"rendered":"PSOL quer convocar Braga Netto ap\u00f3s poss\u00edvel fraude em produ\u00e7\u00e3o de cloroquina pelo Ex\u00e9rcito"},"content":{"rendered":"<p>A bancada do PSOL na C\u00e2mara protocolou na \u00faltima sexta-feira (18) um requerimento de convoca\u00e7\u00e3o do Ministro da Defesa, Walter Braga Netto, para que ele explique os ind\u00edcios de fraude e superfaturamento na produ\u00e7\u00e3o de cloroquina pelo laborat\u00f3rio do Ex\u00e9rcito. A situa\u00e7\u00e3o foi denunciada pelo Tribunal de Contas da Uni\u00e3o (TCU) e divulgada pelo jornal Folha de S. Paulo.<\/p>\n<p>Segundo a auditoria, 900 quilos de sal difosfato resultaram na produ\u00e7\u00e3o de 3,2 milh\u00f5es de comprimidos de cloroquina em 2020. A \u00faltima produ\u00e7\u00e3o de cloroquina 150 mg pelo laborat\u00f3rio do Ex\u00e9rcito havia sido em 2017: 265 mil comprimidos, a partir de 70 quilos de insumos, segundo o relat\u00f3rio do tribunal.<\/p>\n<p>\u201c\u00c9 um cen\u00e1rio desolador, onde o Governo Federal, ao inv\u00e9s de intervir para minorar o sofrimento de milh\u00f5es, ou seja, investindo em vacinas, acaba sendo o agente catalisador do colapso. \u00c9 tr\u00e1gico: o Governo Federal consegue unir corrup\u00e7\u00e3o e neglig\u00eancia \u2013 a popula\u00e7\u00e3o sofre com o rombo nos cofres p\u00fablicos e com a inefici\u00eancia completa da cloroquina no combate ao coronav\u00edrus\u201d, ressaltam os deputados no requerimento.<\/p>\n<p>Para a l\u00edder do PSOL na C\u00e2mara, S\u00e2mia Bomfim, as suspeitas de fraude levantadas pelo TCU no processo de fabrica\u00e7\u00e3o da cloroquina pelo laborat\u00f3rio do Ex\u00e9rcito s\u00e3o inadmiss\u00edveis.<\/p>\n<p>\u201cEsse \u00e9 mais um epis\u00f3dio escandaloso, que evidencia as bases do governo Bolsonaro, apoiado pelos militares: corrupto, negacionista e genocida. O Congresso precisa cumprir com o seu papel de fiscaliza\u00e7\u00e3o e den\u00fancia, convocar o ministro a se explicar, e o PSOL estar\u00e1 na linha de frente para esse combate\u201d, enfatizou a deputada.<\/p>\n","protected":false},"excerpt":{"rendered":"<p>A bancada do PSOL na C\u00e2mara protocolou na \u00faltima sexta-feira (18) um requerimento de convoca\u00e7\u00e3o do Ministro da Defesa, Walter Braga Netto, para que ele explique os ind\u00edcios de fraude e superfaturamento na produ\u00e7\u00e3o de cloroquina pelo laborat\u00f3rio do Ex\u00e9rcito. A situa\u00e7\u00e3o foi denunciada pelo Tribunal de Contas da Uni\u00e3o (TCU) e divulgada pelo jornal [&hellip;]<\/p>\n","protected":false},"author":2,"featured_media":33084,"comment_status":"open","ping_status":"open","sticky":false,"template":"","format":"standard","meta":{"_acf_changed":false,"footnotes":""},"categories":[10],"tags":[4825],"class_list":{"0":"post-35199","1":"post","2":"type-post","3":"status-publish","4":"format-standard","5":"has-post-thumbnail","7":"category-acao-parlamentares","8":"tag-noticias"},"acf":[],"yoast_head":"<!-- This site is optimized with the Yoast SEO plugin v26.5 - https:\/\/yoast.com\/wordpress\/plugins\/seo\/ -->\n<title>PSOL quer convocar Braga Netto ap\u00f3s poss\u00edvel fraude em produ\u00e7\u00e3o de cloroquina pelo Ex\u00e9rcito<\/title>\n<meta name=\"description\" content=\"Situa\u00e7\u00e3o foi denunciada pelo TCU e bancada do PSOL na C\u00e2mara protocolou requerimento de convoca\u00e7\u00e3o do Ministro da Defesa na sexta (18).\" \/>\n<meta name=\"robots\" content=\"index, follow, max-snippet:-1, max-image-preview:large, max-video-preview:-1\" \/>\n<link rel=\"canonical\" href=\"https:\/\/psol50.org.br\/psol-quer-convocar-braga-netto-sobre-possivel-fraude-no-fornecimento-de-insumo-para-cloroquina-do-exercito\/\" \/>\n<meta property=\"og:locale\" content=\"pt_BR\" \/>\n<meta property=\"og:type\" content=\"article\" \/>\n<meta property=\"og:title\" content=\"PSOL quer convocar Braga Netto ap\u00f3s poss\u00edvel fraude em produ\u00e7\u00e3o de cloroquina pelo Ex\u00e9rcito\" \/>\n<meta property=\"og:description\" content=\"Situa\u00e7\u00e3o foi denunciada pelo TCU e bancada do PSOL na C\u00e2mara protocolou requerimento de convoca\u00e7\u00e3o do Ministro da Defesa na sexta (18).\" \/>\n<meta property=\"og:url\" content=\"https:\/\/psol50.org.br\/psol-quer-convocar-braga-netto-sobre-possivel-fraude-no-fornecimento-de-insumo-para-cloroquina-do-exercito\/\" \/>\n<meta property=\"og:site_name\" content=\"PSOL 50\" \/>\n<meta property=\"article:publisher\" content=\"https:\/\/www.facebook.com\/psol50\" \/>\n<meta property=\"article:published_time\" content=\"2022-02-21T16:06:06+00:00\" \/>\n<meta property=\"article:modified_time\" content=\"2022-02-25T14:50:55+00:00\" \/>\n<meta property=\"og:image\" content=\"https:\/\/psol50.org.br\/inc\/uploads\/2021\/07\/GettyImages-1229184044.jpg\" \/>\n\t<meta property=\"og:image:width\" content=\"1024\" \/>\n\t<meta property=\"og:image:height\" content=\"683\" \/>\n\t<meta property=\"og:image:type\" content=\"image\/jpeg\" \/>\n<meta name=\"author\" content=\"Comunica\u00e7\u00e3o PSOL\" \/>\n<meta name=\"twitter:card\" content=\"summary_large_image\" \/>\n<meta name=\"twitter:creator\" content=\"@psol50\" \/>\n<meta name=\"twitter:site\" content=\"@psol50\" \/>\n<meta name=\"twitter:label1\" content=\"Escrito por\" \/>\n\t<meta name=\"twitter:data1\" content=\"Comunica\u00e7\u00e3o PSOL\" \/>\n\t<meta name=\"twitter:label2\" content=\"Est. tempo de leitura\" \/>\n\t<meta name=\"twitter:data2\" content=\"1 minuto\" \/>\n<script type=\"application\/ld+json\" class=\"yoast-schema-graph\">{\"@context\":\"https:\/\/schema.org\",\"@graph\":[{\"@type\":\"Article\",\"@id\":\"https:\/\/psol50.org.br\/psol-quer-convocar-braga-netto-sobre-possivel-fraude-no-fornecimento-de-insumo-para-cloroquina-do-exercito\/#article\",\"isPartOf\":{\"@id\":\"https:\/\/psol50.org.br\/psol-quer-convocar-braga-netto-sobre-possivel-fraude-no-fornecimento-de-insumo-para-cloroquina-do-exercito\/\"},\"author\":{\"name\":\"Comunica\u00e7\u00e3o PSOL\",\"@id\":\"https:\/\/psol50.org.br\/#\/schema\/person\/475dfa57d0b815993c714c2e96491fcd\"},\"headline\":\"PSOL quer convocar Braga Netto ap\u00f3s poss\u00edvel fraude em produ\u00e7\u00e3o de cloroquina pelo Ex\u00e9rcito\",\"datePublished\":\"2022-02-21T16:06:06+00:00\",\"dateModified\":\"2022-02-25T14:50:55+00:00\",\"mainEntityOfPage\":{\"@id\":\"https:\/\/psol50.org.br\/psol-quer-convocar-braga-netto-sobre-possivel-fraude-no-fornecimento-de-insumo-para-cloroquina-do-exercito\/\"},\"wordCount\":296,\"commentCount\":0,\"publisher\":{\"@id\":\"https:\/\/psol50.org.br\/#organization\"},\"image\":{\"@id\":\"https:\/\/psol50.org.br\/psol-quer-convocar-braga-netto-sobre-possivel-fraude-no-fornecimento-de-insumo-para-cloroquina-do-exercito\/#primaryimage\"},\"thumbnailUrl\":\"https:\/\/psol50.org.br\/inc\/uploads\/2021\/07\/GettyImages-1229184044.jpg\",\"keywords\":[\"Not\u00edcias\"],\"articleSection\":[\"A\u00e7\u00e3o Parlamentar\"],\"inLanguage\":\"pt-BR\",\"potentialAction\":[{\"@type\":\"CommentAction\",\"name\":\"Comment\",\"target\":[\"https:\/\/psol50.org.br\/psol-quer-convocar-braga-netto-sobre-possivel-fraude-no-fornecimento-de-insumo-para-cloroquina-do-exercito\/#respond\"]}]},{\"@type\":\"WebPage\",\"@id\":\"https:\/\/psol50.org.br\/psol-quer-convocar-braga-netto-sobre-possivel-fraude-no-fornecimento-de-insumo-para-cloroquina-do-exercito\/\",\"url\":\"https:\/\/psol50.org.br\/psol-quer-convocar-braga-netto-sobre-possivel-fraude-no-fornecimento-de-insumo-para-cloroquina-do-exercito\/\",\"name\":\"PSOL quer convocar Braga Netto ap\u00f3s poss\u00edvel fraude em produ\u00e7\u00e3o de cloroquina pelo Ex\u00e9rcito\",\"isPartOf\":{\"@id\":\"https:\/\/psol50.org.br\/#website\"},\"primaryImageOfPage\":{\"@id\":\"https:\/\/psol50.org.br\/psol-quer-convocar-braga-netto-sobre-possivel-fraude-no-fornecimento-de-insumo-para-cloroquina-do-exercito\/#primaryimage\"},\"image\":{\"@id\":\"https:\/\/psol50.org.br\/psol-quer-convocar-braga-netto-sobre-possivel-fraude-no-fornecimento-de-insumo-para-cloroquina-do-exercito\/#primaryimage\"},\"thumbnailUrl\":\"https:\/\/psol50.org.br\/inc\/uploads\/2021\/07\/GettyImages-1229184044.jpg\",\"datePublished\":\"2022-02-21T16:06:06+00:00\",\"dateModified\":\"2022-02-25T14:50:55+00:00\",\"description\":\"Situa\u00e7\u00e3o foi denunciada pelo TCU e bancada do PSOL na C\u00e2mara protocolou requerimento de convoca\u00e7\u00e3o do Ministro da Defesa na sexta (18).\",\"breadcrumb\":{\"@id\":\"https:\/\/psol50.org.br\/psol-quer-convocar-braga-netto-sobre-possivel-fraude-no-fornecimento-de-insumo-para-cloroquina-do-exercito\/#breadcrumb\"},\"inLanguage\":\"pt-BR\",\"potentialAction\":[{\"@type\":\"ReadAction\",\"target\":[\"https:\/\/psol50.org.br\/psol-quer-convocar-braga-netto-sobre-possivel-fraude-no-fornecimento-de-insumo-para-cloroquina-do-exercito\/\"]}]},{\"@type\":\"ImageObject\",\"inLanguage\":\"pt-BR\",\"@id\":\"https:\/\/psol50.org.br\/psol-quer-convocar-braga-netto-sobre-possivel-fraude-no-fornecimento-de-insumo-para-cloroquina-do-exercito\/#primaryimage\",\"url\":\"https:\/\/psol50.org.br\/inc\/uploads\/2021\/07\/GettyImages-1229184044.jpg\",\"contentUrl\":\"https:\/\/psol50.org.br\/inc\/uploads\/2021\/07\/GettyImages-1229184044.jpg\",\"width\":1024,\"height\":683,\"caption\":\"Foto: Getty Images\"},{\"@type\":\"BreadcrumbList\",\"@id\":\"https:\/\/psol50.org.br\/psol-quer-convocar-braga-netto-sobre-possivel-fraude-no-fornecimento-de-insumo-para-cloroquina-do-exercito\/#breadcrumb\",\"itemListElement\":[{\"@type\":\"ListItem\",\"position\":1,\"name\":\"In\u00edcio\",\"item\":\"https:\/\/psol50.org.br\/\"},{\"@type\":\"ListItem\",\"position\":2,\"name\":\"PSOL quer convocar Braga Netto ap\u00f3s poss\u00edvel fraude em produ\u00e7\u00e3o de cloroquina pelo Ex\u00e9rcito\"}]},{\"@type\":\"WebSite\",\"@id\":\"https:\/\/psol50.org.br\/#website\",\"url\":\"https:\/\/psol50.org.br\/\",\"name\":\"PSOL 50\",\"description\":\"Site oficial do Partido Socialismo e Liberdade\",\"publisher\":{\"@id\":\"https:\/\/psol50.org.br\/#organization\"},\"alternateName\":\"PSOL50\",\"potentialAction\":[{\"@type\":\"SearchAction\",\"target\":{\"@type\":\"EntryPoint\",\"urlTemplate\":\"https:\/\/psol50.org.br\/?s={search_term_string}\"},\"query-input\":{\"@type\":\"PropertyValueSpecification\",\"valueRequired\":true,\"valueName\":\"search_term_string\"}}],\"inLanguage\":\"pt-BR\"},{\"@type\":\"Organization\",\"@id\":\"https:\/\/psol50.org.br\/#organization\",\"name\":\"PSOL 50\",\"alternateName\":\"PSOL 50\",\"url\":\"https:\/\/psol50.org.br\/\",\"logo\":{\"@type\":\"ImageObject\",\"inLanguage\":\"pt-BR\",\"@id\":\"https:\/\/psol50.org.br\/#\/schema\/logo\/image\/\",\"url\":\"https:\/\/psol50.org.br\/inc\/uploads\/2018\/07\/capa.png\",\"contentUrl\":\"https:\/\/psol50.org.br\/inc\/uploads\/2018\/07\/capa.png\",\"width\":1350,\"height\":900,\"caption\":\"PSOL 50\"},\"image\":{\"@id\":\"https:\/\/psol50.org.br\/#\/schema\/logo\/image\/\"},\"sameAs\":[\"https:\/\/www.facebook.com\/psol50\",\"https:\/\/x.com\/psol50\",\"https:\/\/www.instagram.com\/psol50\/\",\"https:\/\/www.youtube.com\/channel\/UC7SnJS5o1os7a6CaiNabzcg\"]},{\"@type\":\"Person\",\"@id\":\"https:\/\/psol50.org.br\/#\/schema\/person\/475dfa57d0b815993c714c2e96491fcd\",\"name\":\"Comunica\u00e7\u00e3o PSOL\",\"image\":{\"@type\":\"ImageObject\",\"inLanguage\":\"pt-BR\",\"@id\":\"https:\/\/psol50.org.br\/#\/schema\/person\/image\/\",\"url\":\"https:\/\/secure.gravatar.com\/avatar\/b34fc4f4e468a4e51785917065a3db57b841f5c95dba6ad8c73aaf8f66f8f9bf?s=96&d=mm&r=g\",\"contentUrl\":\"https:\/\/secure.gravatar.com\/avatar\/b34fc4f4e468a4e51785917065a3db57b841f5c95dba6ad8c73aaf8f66f8f9bf?s=96&d=mm&r=g\",\"caption\":\"Comunica\u00e7\u00e3o PSOL\"}}]}<\/script>\n<!-- \/ Yoast SEO plugin. -->","yoast_head_json":{"title":"PSOL quer convocar Braga Netto ap\u00f3s poss\u00edvel fraude em produ\u00e7\u00e3o de cloroquina pelo Ex\u00e9rcito","description":"Situa\u00e7\u00e3o foi denunciada pelo TCU e bancada do PSOL na C\u00e2mara protocolou requerimento de convoca\u00e7\u00e3o do Ministro da Defesa na sexta (18).","robots":{"index":"index","follow":"follow","max-snippet":"max-snippet:-1","max-image-preview":"max-image-preview:large","max-video-preview":"max-video-preview:-1"},"canonical":"https:\/\/psol50.org.br\/psol-quer-convocar-braga-netto-sobre-possivel-fraude-no-fornecimento-de-insumo-para-cloroquina-do-exercito\/","og_locale":"pt_BR","og_type":"article","og_title":"PSOL quer convocar Braga Netto ap\u00f3s poss\u00edvel fraude em produ\u00e7\u00e3o de cloroquina pelo Ex\u00e9rcito","og_description":"Situa\u00e7\u00e3o foi denunciada pelo TCU e bancada do PSOL na C\u00e2mara protocolou requerimento de convoca\u00e7\u00e3o do Ministro da Defesa na sexta (18).","og_url":"https:\/\/psol50.org.br\/psol-quer-convocar-braga-netto-sobre-possivel-fraude-no-fornecimento-de-insumo-para-cloroquina-do-exercito\/","og_site_name":"PSOL 50","article_publisher":"https:\/\/www.facebook.com\/psol50","article_published_time":"2022-02-21T16:06:06+00:00","article_modified_time":"2022-02-25T14:50:55+00:00","og_image":[{"width":1024,"height":683,"url":"https:\/\/psol50.org.br\/inc\/uploads\/2021\/07\/GettyImages-1229184044.jpg","type":"image\/jpeg"}],"author":"Comunica\u00e7\u00e3o PSOL","twitter_card":"summary_large_image","twitter_creator":"@psol50","twitter_site":"@psol50","twitter_misc":{"Escrito por":"Comunica\u00e7\u00e3o PSOL","Est. tempo de leitura":"1 minuto"},"schema":{"@context":"https:\/\/schema.org","@graph":[{"@type":"Article","@id":"https:\/\/psol50.org.br\/psol-quer-convocar-braga-netto-sobre-possivel-fraude-no-fornecimento-de-insumo-para-cloroquina-do-exercito\/#article","isPartOf":{"@id":"https:\/\/psol50.org.br\/psol-quer-convocar-braga-netto-sobre-possivel-fraude-no-fornecimento-de-insumo-para-cloroquina-do-exercito\/"},"author":{"name":"Comunica\u00e7\u00e3o PSOL","@id":"https:\/\/psol50.org.br\/#\/schema\/person\/475dfa57d0b815993c714c2e96491fcd"},"headline":"PSOL quer convocar Braga Netto ap\u00f3s poss\u00edvel fraude em produ\u00e7\u00e3o de cloroquina pelo Ex\u00e9rcito","datePublished":"2022-02-21T16:06:06+00:00","dateModified":"2022-02-25T14:50:55+00:00","mainEntityOfPage":{"@id":"https:\/\/psol50.org.br\/psol-quer-convocar-braga-netto-sobre-possivel-fraude-no-fornecimento-de-insumo-para-cloroquina-do-exercito\/"},"wordCount":296,"commentCount":0,"publisher":{"@id":"https:\/\/psol50.org.br\/#organization"},"image":{"@id":"https:\/\/psol50.org.br\/psol-quer-convocar-braga-netto-sobre-possivel-fraude-no-fornecimento-de-insumo-para-cloroquina-do-exercito\/#primaryimage"},"thumbnailUrl":"https:\/\/psol50.org.br\/inc\/uploads\/2021\/07\/GettyImages-1229184044.jpg","keywords":["Not\u00edcias"],"articleSection":["A\u00e7\u00e3o Parlamentar"],"inLanguage":"pt-BR","potentialAction":[{"@type":"CommentAction","name":"Comment","target":["https:\/\/psol50.org.br\/psol-quer-convocar-braga-netto-sobre-possivel-fraude-no-fornecimento-de-insumo-para-cloroquina-do-exercito\/#respond"]}]},{"@type":"WebPage","@id":"https:\/\/psol50.org.br\/psol-quer-convocar-braga-netto-sobre-possivel-fraude-no-fornecimento-de-insumo-para-cloroquina-do-exercito\/","url":"https:\/\/psol50.org.br\/psol-quer-convocar-braga-netto-sobre-possivel-fraude-no-fornecimento-de-insumo-para-cloroquina-do-exercito\/","name":"PSOL quer convocar Braga Netto ap\u00f3s poss\u00edvel fraude em produ\u00e7\u00e3o de cloroquina pelo Ex\u00e9rcito","isPartOf":{"@id":"https:\/\/psol50.org.br\/#website"},"primaryImageOfPage":{"@id":"https:\/\/psol50.org.br\/psol-quer-convocar-braga-netto-sobre-possivel-fraude-no-fornecimento-de-insumo-para-cloroquina-do-exercito\/#primaryimage"},"image":{"@id":"https:\/\/psol50.org.br\/psol-quer-convocar-braga-netto-sobre-possivel-fraude-no-fornecimento-de-insumo-para-cloroquina-do-exercito\/#primaryimage"},"thumbnailUrl":"https:\/\/psol50.org.br\/inc\/uploads\/2021\/07\/GettyImages-1229184044.jpg","datePublished":"2022-02-21T16:06:06+00:00","dateModified":"2022-02-25T14:50:55+00:00","description":"Situa\u00e7\u00e3o foi denunciada pelo TCU e bancada do PSOL na C\u00e2mara protocolou requerimento de convoca\u00e7\u00e3o do Ministro da Defesa na sexta (18).","breadcrumb":{"@id":"https:\/\/psol50.org.br\/psol-quer-convocar-braga-netto-sobre-possivel-fraude-no-fornecimento-de-insumo-para-cloroquina-do-exercito\/#breadcrumb"},"inLanguage":"pt-BR","potentialAction":[{"@type":"ReadAction","target":["https:\/\/psol50.org.br\/psol-quer-convocar-braga-netto-sobre-possivel-fraude-no-fornecimento-de-insumo-para-cloroquina-do-exercito\/"]}]},{"@type":"ImageObject","inLanguage":"pt-BR","@id":"https:\/\/psol50.org.br\/psol-quer-convocar-braga-netto-sobre-possivel-fraude-no-fornecimento-de-insumo-para-cloroquina-do-exercito\/#primaryimage","url":"https:\/\/psol50.org.br\/inc\/uploads\/2021\/07\/GettyImages-1229184044.jpg","contentUrl":"https:\/\/psol50.org.br\/inc\/uploads\/2021\/07\/GettyImages-1229184044.jpg","width":1024,"height":683,"caption":"Foto: Getty Images"},{"@type":"BreadcrumbList","@id":"https:\/\/psol50.org.br\/psol-quer-convocar-braga-netto-sobre-possivel-fraude-no-fornecimento-de-insumo-para-cloroquina-do-exercito\/#breadcrumb","itemListElement":[{"@type":"ListItem","position":1,"name":"In\u00edcio","item":"https:\/\/psol50.org.br\/"},{"@type":"ListItem","position":2,"name":"PSOL quer convocar Braga Netto ap\u00f3s poss\u00edvel fraude em produ\u00e7\u00e3o de cloroquina pelo Ex\u00e9rcito"}]},{"@type":"WebSite","@id":"https:\/\/psol50.org.br\/#website","url":"https:\/\/psol50.org.br\/","name":"PSOL 50","description":"Site oficial do Partido Socialismo e Liberdade","publisher":{"@id":"https:\/\/psol50.org.br\/#organization"},"alternateName":"PSOL50","potentialAction":[{"@type":"SearchAction","target":{"@type":"EntryPoint","urlTemplate":"https:\/\/psol50.org.br\/?s={search_term_string}"},"query-input":{"@type":"PropertyValueSpecification","valueRequired":true,"valueName":"search_term_string"}}],"inLanguage":"pt-BR"},{"@type":"Organization","@id":"https:\/\/psol50.org.br\/#organization","name":"PSOL 50","alternateName":"PSOL 50","url":"https:\/\/psol50.org.br\/","logo":{"@type":"ImageObject","inLanguage":"pt-BR","@id":"https:\/\/psol50.org.br\/#\/schema\/logo\/image\/","url":"https:\/\/psol50.org.br\/inc\/uploads\/2018\/07\/capa.png","contentUrl":"https:\/\/psol50.org.br\/inc\/uploads\/2018\/07\/capa.png","width":1350,"height":900,"caption":"PSOL 50"},"image":{"@id":"https:\/\/psol50.org.br\/#\/schema\/logo\/image\/"},"sameAs":["https:\/\/www.facebook.com\/psol50","https:\/\/x.com\/psol50","https:\/\/www.instagram.com\/psol50\/","https:\/\/www.youtube.com\/channel\/UC7SnJS5o1os7a6CaiNabzcg"]},{"@type":"Person","@id":"https:\/\/psol50.org.br\/#\/schema\/person\/475dfa57d0b815993c714c2e96491fcd","name":"Comunica\u00e7\u00e3o PSOL","image":{"@type":"ImageObject","inLanguage":"pt-BR","@id":"https:\/\/psol50.org.br\/#\/schema\/person\/image\/","url":"https:\/\/secure.gravatar.com\/avatar\/b34fc4f4e468a4e51785917065a3db57b841f5c95dba6ad8c73aaf8f66f8f9bf?s=96&d=mm&r=g","contentUrl":"https:\/\/secure.gravatar.com\/avatar\/b34fc4f4e468a4e51785917065a3db57b841f5c95dba6ad8c73aaf8f66f8f9bf?s=96&d=mm&r=g","caption":"Comunica\u00e7\u00e3o PSOL"}}]}},"_links":{"self":[{"href":"https:\/\/psol50.org.br\/rest\/wp\/v2\/posts\/35199","targetHints":{"allow":["GET"]}}],"collection":[{"href":"https:\/\/psol50.org.br\/rest\/wp\/v2\/posts"}],"about":[{"href":"https:\/\/psol50.org.br\/rest\/wp\/v2\/types\/post"}],"author":[{"embeddable":true,"href":"https:\/\/psol50.org.br\/rest\/wp\/v2\/users\/2"}],"replies":[{"embeddable":true,"href":"https:\/\/psol50.org.br\/rest\/wp\/v2\/comments?post=35199"}],"version-history":[{"count":5,"href":"https:\/\/psol50.org.br\/rest\/wp\/v2\/posts\/35199\/revisions"}],"predecessor-version":[{"id":35238,"href":"https:\/\/psol50.org.br\/rest\/wp\/v2\/posts\/35199\/revisions\/35238"}],"wp:featuredmedia":[{"embeddable":true,"href":"https:\/\/psol50.org.br\/rest\/wp\/v2\/media\/33084"}],"wp:attachment":[{"href":"https:\/\/psol50.org.br\/rest\/wp\/v2\/media?parent=35199"}],"wp:term":[{"taxonomy":"category","embeddable":true,"href":"https:\/\/psol50.org.br\/rest\/wp\/v2\/categories?post=35199"},{"taxonomy":"post_tag","embeddable":true,"href":"https:\/\/psol50.org.br\/rest\/wp\/v2\/tags?post=35199"}],"curies":[{"name":"wp","href":"https:\/\/api.w.org\/{rel}","templated":true}]}}